{"id":1002,"date":"2011-02-23T19:02:57","date_gmt":"2011-02-23T21:02:57","guid":{"rendered":"http:\/\/www.encontramoema.com.br\/blog\/?p=1002"},"modified":"2019-04-12T19:05:42","modified_gmt":"2019-04-12T21:05:42","slug":"sharon-jones-vem-a-sao-paulo-para-festival-no-parque-do-ibirapuera","status":"publish","type":"post","link":"https:\/\/www.encontramoema.com.br\/sobre\/sharon-jones-vem-a-sao-paulo-para-festival-no-parque-do-ibirapuera\/","title":{"rendered":"Sharon Jones vem a S\u00e3o Paulo para festival no Parque do Ibirapuera"},"content":{"rendered":"<div class=\"b7f545a958fd6350ffae2d30a84cafb8\" data-index=\"1\" style=\"float: none; margin:0px;\">\n<!-- Anuncio display - global -->\r\n<ins class=\"adsbygoogle\"\r\n     style=\"display:block\"\r\n     data-ad-client=\"ca-pub-8585364105181520\"\r\n     data-ad-slot=\"8789329856\"\r\n     data-ad-format=\"auto\"\r\n     data-full-width-responsive=\"true\"><\/ins>\r\n<script>\r\n     (adsbygoogle = window.adsbygoogle || []).push({});\r\n<\/script>\n<\/div>\n<p>A diva da black music americana Sharon Jones vem ao Brasil para o BMW Jazz Festival no <a href=\"http:\/\/www.encontramoema.com.br\/moema\/auditorio-ibirapuera.shtml\" target=\"_blank\">Audit\u00f3rio do Ibirapuera<\/a>, que acontece de 10 a 12 de junho, em S\u00e3o Paulo.<\/p>\n<p>Descoberta tardiamente, ela chega acompanhada de seu grupo, The Dap Kings, que ganhou reconhecimento mundial ao gravar seis das onze faixas de Back to Black, disco de maior sucesso de Amy Winehouse.<\/p>\n<p>O Festival traz ainda o veterano Wayne Shorter, saxofonista americano que fez parte da banda de Miles Davis e considerado por muitos o maior compositor vivo do jazz, que vem com o seu quarteto, formado por alguns dos melhores m\u00fasicos da atualidade: Danilo Perez, no piano, John Patitucci, no baixo, e Brian Blade, na bateria. O tamb\u00e9m saxofonista tenor Billy Harper, tamb\u00e9m dos Estados Unidos, dez anos mais jovem do que Shorter, apresenta com o seu quinteto um jazz temperado pelas ra\u00edzes blues e gospel, adquiridas em sua inf\u00e2ncia no Texas.<\/p>\n<p>O compositor e baixista norte-americano Marcus Miller promove um tributo a Miles Davis com o celebrado projeto Tutu Revisited, onde faz uma releitura do seminal Tutu, \u00e1lbum do trompetista lan\u00e7ado em 1986.<\/p>\n<p>A Orkestra Rumpilezz \u00e9 a principal representante da m\u00fasica brasileira no line-up do festival. Outra atra\u00e7\u00e3o aguardada \u00e9 a Funk Off Brass Band, banda marcial italiana de sopro e percuss\u00e3o.<\/p>\n<p>Diretamente da Carolina do Sul, o grupo Madison Bumblebees of Winnsboro foge dos padr\u00f5es do gospel (coral, \u00f3rg\u00e3o e bateria), adotando uma forma\u00e7\u00e3o inovadora em que os instrumentos de frente s\u00e3o trombones, aliados ao vocal caracter\u00edstico.<\/p>\n<p>O franc\u00eas de origem catal\u00e3 Renaud Garcia-Fons, um dos maiores contrabaixistas do mundo, tamb\u00e9m se apresenta no Festival.<\/p>\n<p>Al\u00e9m das atra\u00e7\u00f5es no Audit\u00f3rio do Ibirapuera, a programa\u00e7\u00e3o acontece tamb\u00e9m ao ar livre no parque, com shows e uma sess\u00e3o de cinema com filmes relacionados ao estilo musical.<\/p>\n<p><em>Fonte: estad\u00e3o.com.br<\/em><\/p>\n\n<div style=\"font-size: 0px; height: 0px; line-height: 0px; margin: 0; padding: 0; clear: both;\"><\/div>","protected":false},"excerpt":{"rendered":"<p>A diva da black music americana Sharon Jones vem ao Brasil para o BMW Jazz Festival no Audit\u00f3rio do Ibirapuera, que acontece de 10 a 12 de junho, em S\u00e3o Paulo. Descoberta tardiamente, ela chega acompanhada de seu grupo, The Dap Kings, que ganhou reconhecimento mundial ao gravar seis das onze faixas de Back to Black, disco de maior sucesso de Amy Winehouse. O Festival traz ainda o veterano Wayne Shorter, saxofonista americano que fez parte da banda de Miles Davis e considerado por muitos o maior compositor vivo do jazz, que vem com o seu quarteto, formado por alguns <\/p>\n","protected":false},"author":1,"featured_media":0,"comment_status":"open","ping_status":"closed","sticky":false,"template":"","format":"standard","meta":{"footnotes":""},"categories":[10],"tags":[7],"class_list":["post-1002","post","type-post","status-publish","format-standard","hentry","category-shows-em-moema","tag-moema"],"yoast_head":"<!-- This site is optimized with the Yoast SEO plugin v26.3 - https:\/\/yoast.com\/wordpress\/plugins\/seo\/ -->\n<title>Sharon Jones vem a S\u00e3o Paulo para festival no Parque do Ibirapuera - Encontra Moema<\/title>\n<meta name=\"robots\" content=\"index, follow, max-snippet:-1, max-image-preview:large, max-video-preview:-1\" \/>\n<link rel=\"canonical\" href=\"https:\/\/www.encontramoema.com.br\/sobre\/sharon-jones-vem-a-sao-paulo-para-festival-no-parque-do-ibirapuera\/\" \/>\n<meta property=\"og:locale\" content=\"pt_BR\" \/>\n<meta property=\"og:type\" content=\"article\" \/>\n<meta property=\"og:title\" content=\"Sharon Jones vem a S\u00e3o Paulo para festival no Parque do Ibirapuera - Encontra Moema\" \/>\n<meta property=\"og:description\" content=\"A diva da black music americana Sharon Jones vem ao Brasil para o BMW Jazz Festival no Audit\u00f3rio do Ibirapuera, que acontece de 10 a 12 de junho, em S\u00e3o Paulo. Descoberta tardiamente, ela chega acompanhada de seu grupo, The Dap Kings, que ganhou reconhecimento mundial ao gravar seis das onze faixas de Back to Black, disco de maior sucesso de Amy Winehouse. O Festival traz ainda o veterano Wayne Shorter, saxofonista americano que fez parte da banda de Miles Davis e considerado por muitos o maior compositor vivo do jazz, que vem com o seu quarteto, formado por alguns\" \/>\n<meta property=\"og:url\" content=\"https:\/\/www.encontramoema.com.br\/sobre\/sharon-jones-vem-a-sao-paulo-para-festival-no-parque-do-ibirapuera\/\" \/>\n<meta property=\"og:site_name\" content=\"Encontra Moema\" \/>\n<meta property=\"article:published_time\" content=\"2011-02-23T21:02:57+00:00\" \/>\n<meta property=\"article:modified_time\" content=\"2019-04-12T21:05:42+00:00\" \/>\n<meta name=\"author\" content=\"Encontra Moema\" \/>\n<meta name=\"twitter:card\" content=\"summary_large_image\" \/>\n<meta name=\"twitter:label1\" content=\"Escrito por\" \/>\n\t<meta name=\"twitter:data1\" content=\"Encontra Moema\" \/>\n\t<meta name=\"twitter:label2\" content=\"Est. tempo de leitura\" \/>\n\t<meta name=\"twitter:data2\" content=\"2 minutos\" \/>\n<script type=\"application\/ld+json\" class=\"yoast-schema-graph\">{\"@context\":\"https:\/\/schema.org\",\"@graph\":[{\"@type\":\"WebPage\",\"@id\":\"https:\/\/www.encontramoema.com.br\/sobre\/sharon-jones-vem-a-sao-paulo-para-festival-no-parque-do-ibirapuera\/\",\"url\":\"https:\/\/www.encontramoema.com.br\/sobre\/sharon-jones-vem-a-sao-paulo-para-festival-no-parque-do-ibirapuera\/\",\"name\":\"Sharon Jones vem a S\u00e3o Paulo para festival no Parque do Ibirapuera - Encontra Moema\",\"isPartOf\":{\"@id\":\"https:\/\/www.encontramoema.com.br\/sobre\/#website\"},\"datePublished\":\"2011-02-23T21:02:57+00:00\",\"dateModified\":\"2019-04-12T21:05:42+00:00\",\"author\":{\"@id\":\"https:\/\/www.encontramoema.com.br\/sobre\/#\/schema\/person\/3c3656d12b82130d77eba13c4ef23efa\"},\"breadcrumb\":{\"@id\":\"https:\/\/www.encontramoema.com.br\/sobre\/sharon-jones-vem-a-sao-paulo-para-festival-no-parque-do-ibirapuera\/#breadcrumb\"},\"inLanguage\":\"pt-BR\",\"potentialAction\":[{\"@type\":\"ReadAction\",\"target\":[\"https:\/\/www.encontramoema.com.br\/sobre\/sharon-jones-vem-a-sao-paulo-para-festival-no-parque-do-ibirapuera\/\"]}]},{\"@type\":\"BreadcrumbList\",\"@id\":\"https:\/\/www.encontramoema.com.br\/sobre\/sharon-jones-vem-a-sao-paulo-para-festival-no-parque-do-ibirapuera\/#breadcrumb\",\"itemListElement\":[{\"@type\":\"ListItem\",\"position\":1,\"name\":\"In\u00edcio\",\"item\":\"https:\/\/www.encontramoema.com.br\/sobre\/\"},{\"@type\":\"ListItem\",\"position\":2,\"name\":\"Sharon Jones vem a S\u00e3o Paulo para festival no Parque do Ibirapuera\"}]},{\"@type\":\"WebSite\",\"@id\":\"https:\/\/www.encontramoema.com.br\/sobre\/#website\",\"url\":\"https:\/\/www.encontramoema.com.br\/sobre\/\",\"name\":\"Encontra Moema\",\"description\":\"Not\u00edcias, eventos, informa\u00e7\u00f5es e dicas no bairro de Moema e regi\u00e3o.\",\"potentialAction\":[{\"@type\":\"SearchAction\",\"target\":{\"@type\":\"EntryPoint\",\"urlTemplate\":\"https:\/\/www.encontramoema.com.br\/sobre\/?s={search_term_string}\"},\"query-input\":{\"@type\":\"PropertyValueSpecification\",\"valueRequired\":true,\"valueName\":\"search_term_string\"}}],\"inLanguage\":\"pt-BR\"},{\"@type\":\"Person\",\"@id\":\"https:\/\/www.encontramoema.com.br\/sobre\/#\/schema\/person\/3c3656d12b82130d77eba13c4ef23efa\",\"name\":\"Encontra Moema\",\"image\":{\"@type\":\"ImageObject\",\"inLanguage\":\"pt-BR\",\"@id\":\"https:\/\/www.encontramoema.com.br\/sobre\/#\/schema\/person\/image\/\",\"url\":\"https:\/\/secure.gravatar.com\/avatar\/0fbed662e37531ae23e68f85f9517b2454e50c1dfebf80eb9b721449ac95e0b9?s=96&d=mm&r=g\",\"contentUrl\":\"https:\/\/secure.gravatar.com\/avatar\/0fbed662e37531ae23e68f85f9517b2454e50c1dfebf80eb9b721449ac95e0b9?s=96&d=mm&r=g\",\"caption\":\"Encontra Moema\"},\"url\":\"https:\/\/www.encontramoema.com.br\/sobre\/author\/emoema\/\"}]}<\/script>\n<!-- \/ Yoast SEO plugin. -->","yoast_head_json":{"title":"Sharon Jones vem a S\u00e3o Paulo para festival no Parque do Ibirapuera - Encontra Moema","robots":{"index":"index","follow":"follow","max-snippet":"max-snippet:-1","max-image-preview":"max-image-preview:large","max-video-preview":"max-video-preview:-1"},"canonical":"https:\/\/www.encontramoema.com.br\/sobre\/sharon-jones-vem-a-sao-paulo-para-festival-no-parque-do-ibirapuera\/","og_locale":"pt_BR","og_type":"article","og_title":"Sharon Jones vem a S\u00e3o Paulo para festival no Parque do Ibirapuera - Encontra Moema","og_description":"A diva da black music americana Sharon Jones vem ao Brasil para o BMW Jazz Festival no Audit\u00f3rio do Ibirapuera, que acontece de 10 a 12 de junho, em S\u00e3o Paulo. Descoberta tardiamente, ela chega acompanhada de seu grupo, The Dap Kings, que ganhou reconhecimento mundial ao gravar seis das onze faixas de Back to Black, disco de maior sucesso de Amy Winehouse. O Festival traz ainda o veterano Wayne Shorter, saxofonista americano que fez parte da banda de Miles Davis e considerado por muitos o maior compositor vivo do jazz, que vem com o seu quarteto, formado por alguns","og_url":"https:\/\/www.encontramoema.com.br\/sobre\/sharon-jones-vem-a-sao-paulo-para-festival-no-parque-do-ibirapuera\/","og_site_name":"Encontra Moema","article_published_time":"2011-02-23T21:02:57+00:00","article_modified_time":"2019-04-12T21:05:42+00:00","author":"Encontra Moema","twitter_card":"summary_large_image","twitter_misc":{"Escrito por":"Encontra Moema","Est. tempo de leitura":"2 minutos"},"schema":{"@context":"https:\/\/schema.org","@graph":[{"@type":"WebPage","@id":"https:\/\/www.encontramoema.com.br\/sobre\/sharon-jones-vem-a-sao-paulo-para-festival-no-parque-do-ibirapuera\/","url":"https:\/\/www.encontramoema.com.br\/sobre\/sharon-jones-vem-a-sao-paulo-para-festival-no-parque-do-ibirapuera\/","name":"Sharon Jones vem a S\u00e3o Paulo para festival no Parque do Ibirapuera - Encontra Moema","isPartOf":{"@id":"https:\/\/www.encontramoema.com.br\/sobre\/#website"},"datePublished":"2011-02-23T21:02:57+00:00","dateModified":"2019-04-12T21:05:42+00:00","author":{"@id":"https:\/\/www.encontramoema.com.br\/sobre\/#\/schema\/person\/3c3656d12b82130d77eba13c4ef23efa"},"breadcrumb":{"@id":"https:\/\/www.encontramoema.com.br\/sobre\/sharon-jones-vem-a-sao-paulo-para-festival-no-parque-do-ibirapuera\/#breadcrumb"},"inLanguage":"pt-BR","potentialAction":[{"@type":"ReadAction","target":["https:\/\/www.encontramoema.com.br\/sobre\/sharon-jones-vem-a-sao-paulo-para-festival-no-parque-do-ibirapuera\/"]}]},{"@type":"BreadcrumbList","@id":"https:\/\/www.encontramoema.com.br\/sobre\/sharon-jones-vem-a-sao-paulo-para-festival-no-parque-do-ibirapuera\/#breadcrumb","itemListElement":[{"@type":"ListItem","position":1,"name":"In\u00edcio","item":"https:\/\/www.encontramoema.com.br\/sobre\/"},{"@type":"ListItem","position":2,"name":"Sharon Jones vem a S\u00e3o Paulo para festival no Parque do Ibirapuera"}]},{"@type":"WebSite","@id":"https:\/\/www.encontramoema.com.br\/sobre\/#website","url":"https:\/\/www.encontramoema.com.br\/sobre\/","name":"Encontra Moema","description":"Not\u00edcias, eventos, informa\u00e7\u00f5es e dicas no bairro de Moema e regi\u00e3o.","potentialAction":[{"@type":"SearchAction","target":{"@type":"EntryPoint","urlTemplate":"https:\/\/www.encontramoema.com.br\/sobre\/?s={search_term_string}"},"query-input":{"@type":"PropertyValueSpecification","valueRequired":true,"valueName":"search_term_string"}}],"inLanguage":"pt-BR"},{"@type":"Person","@id":"https:\/\/www.encontramoema.com.br\/sobre\/#\/schema\/person\/3c3656d12b82130d77eba13c4ef23efa","name":"Encontra Moema","image":{"@type":"ImageObject","inLanguage":"pt-BR","@id":"https:\/\/www.encontramoema.com.br\/sobre\/#\/schema\/person\/image\/","url":"https:\/\/secure.gravatar.com\/avatar\/0fbed662e37531ae23e68f85f9517b2454e50c1dfebf80eb9b721449ac95e0b9?s=96&d=mm&r=g","contentUrl":"https:\/\/secure.gravatar.com\/avatar\/0fbed662e37531ae23e68f85f9517b2454e50c1dfebf80eb9b721449ac95e0b9?s=96&d=mm&r=g","caption":"Encontra Moema"},"url":"https:\/\/www.encontramoema.com.br\/sobre\/author\/emoema\/"}]}},"_links":{"self":[{"href":"https:\/\/www.encontramoema.com.br\/sobre\/wp-json\/wp\/v2\/posts\/1002","targetHints":{"allow":["GET"]}}],"collection":[{"href":"https:\/\/www.encontramoema.com.br\/sobre\/wp-json\/wp\/v2\/posts"}],"about":[{"href":"https:\/\/www.encontramoema.com.br\/sobre\/wp-json\/wp\/v2\/types\/post"}],"author":[{"embeddable":true,"href":"https:\/\/www.encontramoema.com.br\/sobre\/wp-json\/wp\/v2\/users\/1"}],"replies":[{"embeddable":true,"href":"https:\/\/www.encontramoema.com.br\/sobre\/wp-json\/wp\/v2\/comments?post=1002"}],"version-history":[{"count":0,"href":"https:\/\/www.encontramoema.com.br\/sobre\/wp-json\/wp\/v2\/posts\/1002\/revisions"}],"wp:attachment":[{"href":"https:\/\/www.encontramoema.com.br\/sobre\/wp-json\/wp\/v2\/media?parent=1002"}],"wp:term":[{"taxonomy":"category","embeddable":true,"href":"https:\/\/www.encontramoema.com.br\/sobre\/wp-json\/wp\/v2\/categories?post=1002"},{"taxonomy":"post_tag","embeddable":true,"href":"https:\/\/www.encontramoema.com.br\/sobre\/wp-json\/wp\/v2\/tags?post=1002"}],"curies":[{"name":"wp","href":"https:\/\/api.w.org\/{rel}","templated":true}]}}