{"id":1015,"date":"2011-03-04T17:35:50","date_gmt":"2011-03-04T19:35:50","guid":{"rendered":"http:\/\/www.encontramoema.com.br\/blog\/?p=1015"},"modified":"2019-04-12T19:05:41","modified_gmt":"2019-04-12T21:05:41","slug":"incendio-atinge-predio-em-moema","status":"publish","type":"post","link":"https:\/\/www.encontramoema.com.br\/sobre\/incendio-atinge-predio-em-moema\/","title":{"rendered":"Inc\u00eandio atinge pr\u00e9dio em Moema"},"content":{"rendered":"<div class=\"b7f545a958fd6350ffae2d30a84cafb8\" data-index=\"1\" style=\"float: none; margin:0px;\">\n<!-- Anuncio display - global -->\r\n<ins class=\"adsbygoogle\"\r\n     style=\"display:block\"\r\n     data-ad-client=\"ca-pub-8585364105181520\"\r\n     data-ad-slot=\"8789329856\"\r\n     data-ad-format=\"auto\"\r\n     data-full-width-responsive=\"true\"><\/ins>\r\n<script>\r\n     (adsbygoogle = window.adsbygoogle || []).push({});\r\n<\/script>\n<\/div>\n<p>Um apartamento foi atingido por um inc\u00eandio na tarde da \u00faltima quarta-feira (2) na Rua Can\u00e1rio, em Moema, Zona Sul de S\u00e3o Paulo. Segundo o Corpo de Bombeiros, o chamado foi registrado pouco antes das 17h. Tr\u00eas carros da corpora\u00e7\u00e3o foram enviados ao local.<\/p>\n<p>Segundo os bombeiros, havia muita fuma\u00e7a no pr\u00e9dio atingido e, por isso, at\u00e9 as 18h, eles n\u00e3o haviam conseguido chegar at\u00e9 o apartamento. A Pol\u00edcia Militar tamb\u00e9m foi acionada. N\u00e3o foram registradas v\u00edtimas, de acordo com o Corpo de Bombeiros.<\/p>\n<p><em>Fonte: G1<\/em><\/p>\n\n<div style=\"font-size: 0px; height: 0px; line-height: 0px; margin: 0; padding: 0; clear: both;\"><\/div>","protected":false},"excerpt":{"rendered":"<p>Um apartamento foi atingido por um inc\u00eandio na tarde da \u00faltima quarta-feira (2) na Rua Can\u00e1rio, em Moema, Zona Sul de S\u00e3o Paulo. Segundo o Corpo de Bombeiros, o chamado foi registrado pouco antes das 17h. Tr\u00eas carros da corpora\u00e7\u00e3o foram enviados ao local. Segundo os bombeiros, havia muita fuma\u00e7a no pr\u00e9dio atingido e, por isso, at\u00e9 as 18h, eles n\u00e3o haviam conseguido chegar at\u00e9 o apartamento. A Pol\u00edcia Militar tamb\u00e9m foi acionada. N\u00e3o foram registradas v\u00edtimas, de acordo com o Corpo de Bombeiros. Fonte: G1<\/p>\n","protected":false},"author":1,"featured_media":0,"comment_status":"open","ping_status":"closed","sticky":false,"template":"","format":"standard","meta":{"footnotes":""},"categories":[1],"tags":[7],"class_list":["post-1015","post","type-post","status-publish","format-standard","hentry","category-noticias-em-moema","tag-moema"],"yoast_head":"<!-- This site is optimized with the Yoast SEO plugin v26.3 - https:\/\/yoast.com\/wordpress\/plugins\/seo\/ -->\n<title>Inc\u00eandio atinge pr\u00e9dio em Moema - Encontra Moema<\/title>\n<meta name=\"robots\" content=\"index, follow, max-snippet:-1, max-image-preview:large, max-video-preview:-1\" \/>\n<link rel=\"canonical\" href=\"https:\/\/www.encontramoema.com.br\/sobre\/incendio-atinge-predio-em-moema\/\" \/>\n<meta property=\"og:locale\" content=\"pt_BR\" \/>\n<meta property=\"og:type\" content=\"article\" \/>\n<meta property=\"og:title\" content=\"Inc\u00eandio atinge pr\u00e9dio em Moema - Encontra Moema\" \/>\n<meta property=\"og:description\" content=\"Um apartamento foi atingido por um inc\u00eandio na tarde da \u00faltima quarta-feira (2) na Rua Can\u00e1rio, em Moema, Zona Sul de S\u00e3o Paulo. Segundo o Corpo de Bombeiros, o chamado foi registrado pouco antes das 17h. Tr\u00eas carros da corpora\u00e7\u00e3o foram enviados ao local. Segundo os bombeiros, havia muita fuma\u00e7a no pr\u00e9dio atingido e, por isso, at\u00e9 as 18h, eles n\u00e3o haviam conseguido chegar at\u00e9 o apartamento. A Pol\u00edcia Militar tamb\u00e9m foi acionada. N\u00e3o foram registradas v\u00edtimas, de acordo com o Corpo de Bombeiros. Fonte: G1\" \/>\n<meta property=\"og:url\" content=\"https:\/\/www.encontramoema.com.br\/sobre\/incendio-atinge-predio-em-moema\/\" \/>\n<meta property=\"og:site_name\" content=\"Encontra Moema\" \/>\n<meta property=\"article:published_time\" content=\"2011-03-04T19:35:50+00:00\" \/>\n<meta property=\"article:modified_time\" content=\"2019-04-12T21:05:41+00:00\" \/>\n<meta name=\"author\" content=\"Encontra Moema\" \/>\n<meta name=\"twitter:card\" content=\"summary_large_image\" \/>\n<meta name=\"twitter:label1\" content=\"Escrito por\" \/>\n\t<meta name=\"twitter:data1\" content=\"Encontra Moema\" \/>\n<script type=\"application\/ld+json\" class=\"yoast-schema-graph\">{\"@context\":\"https:\/\/schema.org\",\"@graph\":[{\"@type\":\"WebPage\",\"@id\":\"https:\/\/www.encontramoema.com.br\/sobre\/incendio-atinge-predio-em-moema\/\",\"url\":\"https:\/\/www.encontramoema.com.br\/sobre\/incendio-atinge-predio-em-moema\/\",\"name\":\"Inc\u00eandio atinge pr\u00e9dio em Moema - Encontra Moema\",\"isPartOf\":{\"@id\":\"https:\/\/www.encontramoema.com.br\/sobre\/#website\"},\"datePublished\":\"2011-03-04T19:35:50+00:00\",\"dateModified\":\"2019-04-12T21:05:41+00:00\",\"author\":{\"@id\":\"https:\/\/www.encontramoema.com.br\/sobre\/#\/schema\/person\/3c3656d12b82130d77eba13c4ef23efa\"},\"breadcrumb\":{\"@id\":\"https:\/\/www.encontramoema.com.br\/sobre\/incendio-atinge-predio-em-moema\/#breadcrumb\"},\"inLanguage\":\"pt-BR\",\"potentialAction\":[{\"@type\":\"ReadAction\",\"target\":[\"https:\/\/www.encontramoema.com.br\/sobre\/incendio-atinge-predio-em-moema\/\"]}]},{\"@type\":\"BreadcrumbList\",\"@id\":\"https:\/\/www.encontramoema.com.br\/sobre\/incendio-atinge-predio-em-moema\/#breadcrumb\",\"itemListElement\":[{\"@type\":\"ListItem\",\"position\":1,\"name\":\"In\u00edcio\",\"item\":\"https:\/\/www.encontramoema.com.br\/sobre\/\"},{\"@type\":\"ListItem\",\"position\":2,\"name\":\"Inc\u00eandio atinge pr\u00e9dio em Moema\"}]},{\"@type\":\"WebSite\",\"@id\":\"https:\/\/www.encontramoema.com.br\/sobre\/#website\",\"url\":\"https:\/\/www.encontramoema.com.br\/sobre\/\",\"name\":\"Encontra Moema\",\"description\":\"Not\u00edcias, eventos, informa\u00e7\u00f5es e dicas no bairro de Moema e regi\u00e3o.\",\"potentialAction\":[{\"@type\":\"SearchAction\",\"target\":{\"@type\":\"EntryPoint\",\"urlTemplate\":\"https:\/\/www.encontramoema.com.br\/sobre\/?s={search_term_string}\"},\"query-input\":{\"@type\":\"PropertyValueSpecification\",\"valueRequired\":true,\"valueName\":\"search_term_string\"}}],\"inLanguage\":\"pt-BR\"},{\"@type\":\"Person\",\"@id\":\"https:\/\/www.encontramoema.com.br\/sobre\/#\/schema\/person\/3c3656d12b82130d77eba13c4ef23efa\",\"name\":\"Encontra Moema\",\"image\":{\"@type\":\"ImageObject\",\"inLanguage\":\"pt-BR\",\"@id\":\"https:\/\/www.encontramoema.com.br\/sobre\/#\/schema\/person\/image\/\",\"url\":\"https:\/\/secure.gravatar.com\/avatar\/0fbed662e37531ae23e68f85f9517b2454e50c1dfebf80eb9b721449ac95e0b9?s=96&d=mm&r=g\",\"contentUrl\":\"https:\/\/secure.gravatar.com\/avatar\/0fbed662e37531ae23e68f85f9517b2454e50c1dfebf80eb9b721449ac95e0b9?s=96&d=mm&r=g\",\"caption\":\"Encontra Moema\"},\"url\":\"https:\/\/www.encontramoema.com.br\/sobre\/author\/emoema\/\"}]}<\/script>\n<!-- \/ Yoast SEO plugin. -->","yoast_head_json":{"title":"Inc\u00eandio atinge pr\u00e9dio em Moema - Encontra Moema","robots":{"index":"index","follow":"follow","max-snippet":"max-snippet:-1","max-image-preview":"max-image-preview:large","max-video-preview":"max-video-preview:-1"},"canonical":"https:\/\/www.encontramoema.com.br\/sobre\/incendio-atinge-predio-em-moema\/","og_locale":"pt_BR","og_type":"article","og_title":"Inc\u00eandio atinge pr\u00e9dio em Moema - Encontra Moema","og_description":"Um apartamento foi atingido por um inc\u00eandio na tarde da \u00faltima quarta-feira (2) na Rua Can\u00e1rio, em Moema, Zona Sul de S\u00e3o Paulo. Segundo o Corpo de Bombeiros, o chamado foi registrado pouco antes das 17h. Tr\u00eas carros da corpora\u00e7\u00e3o foram enviados ao local. Segundo os bombeiros, havia muita fuma\u00e7a no pr\u00e9dio atingido e, por isso, at\u00e9 as 18h, eles n\u00e3o haviam conseguido chegar at\u00e9 o apartamento. A Pol\u00edcia Militar tamb\u00e9m foi acionada. N\u00e3o foram registradas v\u00edtimas, de acordo com o Corpo de Bombeiros. Fonte: G1","og_url":"https:\/\/www.encontramoema.com.br\/sobre\/incendio-atinge-predio-em-moema\/","og_site_name":"Encontra Moema","article_published_time":"2011-03-04T19:35:50+00:00","article_modified_time":"2019-04-12T21:05:41+00:00","author":"Encontra Moema","twitter_card":"summary_large_image","twitter_misc":{"Escrito por":"Encontra Moema"},"schema":{"@context":"https:\/\/schema.org","@graph":[{"@type":"WebPage","@id":"https:\/\/www.encontramoema.com.br\/sobre\/incendio-atinge-predio-em-moema\/","url":"https:\/\/www.encontramoema.com.br\/sobre\/incendio-atinge-predio-em-moema\/","name":"Inc\u00eandio atinge pr\u00e9dio em Moema - Encontra Moema","isPartOf":{"@id":"https:\/\/www.encontramoema.com.br\/sobre\/#website"},"datePublished":"2011-03-04T19:35:50+00:00","dateModified":"2019-04-12T21:05:41+00:00","author":{"@id":"https:\/\/www.encontramoema.com.br\/sobre\/#\/schema\/person\/3c3656d12b82130d77eba13c4ef23efa"},"breadcrumb":{"@id":"https:\/\/www.encontramoema.com.br\/sobre\/incendio-atinge-predio-em-moema\/#breadcrumb"},"inLanguage":"pt-BR","potentialAction":[{"@type":"ReadAction","target":["https:\/\/www.encontramoema.com.br\/sobre\/incendio-atinge-predio-em-moema\/"]}]},{"@type":"BreadcrumbList","@id":"https:\/\/www.encontramoema.com.br\/sobre\/incendio-atinge-predio-em-moema\/#breadcrumb","itemListElement":[{"@type":"ListItem","position":1,"name":"In\u00edcio","item":"https:\/\/www.encontramoema.com.br\/sobre\/"},{"@type":"ListItem","position":2,"name":"Inc\u00eandio atinge pr\u00e9dio em Moema"}]},{"@type":"WebSite","@id":"https:\/\/www.encontramoema.com.br\/sobre\/#website","url":"https:\/\/www.encontramoema.com.br\/sobre\/","name":"Encontra Moema","description":"Not\u00edcias, eventos, informa\u00e7\u00f5es e dicas no bairro de Moema e regi\u00e3o.","potentialAction":[{"@type":"SearchAction","target":{"@type":"EntryPoint","urlTemplate":"https:\/\/www.encontramoema.com.br\/sobre\/?s={search_term_string}"},"query-input":{"@type":"PropertyValueSpecification","valueRequired":true,"valueName":"search_term_string"}}],"inLanguage":"pt-BR"},{"@type":"Person","@id":"https:\/\/www.encontramoema.com.br\/sobre\/#\/schema\/person\/3c3656d12b82130d77eba13c4ef23efa","name":"Encontra Moema","image":{"@type":"ImageObject","inLanguage":"pt-BR","@id":"https:\/\/www.encontramoema.com.br\/sobre\/#\/schema\/person\/image\/","url":"https:\/\/secure.gravatar.com\/avatar\/0fbed662e37531ae23e68f85f9517b2454e50c1dfebf80eb9b721449ac95e0b9?s=96&d=mm&r=g","contentUrl":"https:\/\/secure.gravatar.com\/avatar\/0fbed662e37531ae23e68f85f9517b2454e50c1dfebf80eb9b721449ac95e0b9?s=96&d=mm&r=g","caption":"Encontra Moema"},"url":"https:\/\/www.encontramoema.com.br\/sobre\/author\/emoema\/"}]}},"_links":{"self":[{"href":"https:\/\/www.encontramoema.com.br\/sobre\/wp-json\/wp\/v2\/posts\/1015","targetHints":{"allow":["GET"]}}],"collection":[{"href":"https:\/\/www.encontramoema.com.br\/sobre\/wp-json\/wp\/v2\/posts"}],"about":[{"href":"https:\/\/www.encontramoema.com.br\/sobre\/wp-json\/wp\/v2\/types\/post"}],"author":[{"embeddable":true,"href":"https:\/\/www.encontramoema.com.br\/sobre\/wp-json\/wp\/v2\/users\/1"}],"replies":[{"embeddable":true,"href":"https:\/\/www.encontramoema.com.br\/sobre\/wp-json\/wp\/v2\/comments?post=1015"}],"version-history":[{"count":0,"href":"https:\/\/www.encontramoema.com.br\/sobre\/wp-json\/wp\/v2\/posts\/1015\/revisions"}],"wp:attachment":[{"href":"https:\/\/www.encontramoema.com.br\/sobre\/wp-json\/wp\/v2\/media?parent=1015"}],"wp:term":[{"taxonomy":"category","embeddable":true,"href":"https:\/\/www.encontramoema.com.br\/sobre\/wp-json\/wp\/v2\/categories?post=1015"},{"taxonomy":"post_tag","embeddable":true,"href":"https:\/\/www.encontramoema.com.br\/sobre\/wp-json\/wp\/v2\/tags?post=1015"}],"curies":[{"name":"wp","href":"https:\/\/api.w.org\/{rel}","templated":true}]}}