{"id":1025,"date":"2011-03-11T18:22:58","date_gmt":"2011-03-11T20:22:58","guid":{"rendered":"http:\/\/www.encontramoema.com.br\/blog\/?p=1025"},"modified":"2019-04-12T19:05:41","modified_gmt":"2019-04-12T21:05:41","slug":"tie-lanca-a-coruja-e-o-coracao-em-show-no-parque-do-ibirapuera","status":"publish","type":"post","link":"https:\/\/www.encontramoema.com.br\/sobre\/tie-lanca-a-coruja-e-o-coracao-em-show-no-parque-do-ibirapuera\/","title":{"rendered":"Ti\u00ea lan\u00e7a &#8216;A Coruja e o Cora\u00e7\u00e3o&#8217; em show no Parque do Ibirapuera"},"content":{"rendered":"<div class=\"b7f545a958fd6350ffae2d30a84cafb8\" data-index=\"1\" style=\"float: none; margin:0px;\">\n<!-- Anuncio display - global -->\r\n<ins class=\"adsbygoogle\"\r\n     style=\"display:block\"\r\n     data-ad-client=\"ca-pub-8585364105181520\"\r\n     data-ad-slot=\"8789329856\"\r\n     data-ad-format=\"auto\"\r\n     data-full-width-responsive=\"true\"><\/ins>\r\n<script>\r\n     (adsbygoogle = window.adsbygoogle || []).push({});\r\n<\/script>\n<\/div>\n<p>A cantora Ti\u00ea lan\u00e7a seu segundo disco com show no <a href=\"http:\/\/www.encontramoema.com.br\/moema\/auditorio-ibirapuera.shtml\" target=\"_blank\">Audit\u00f3rio Ibirapuera<\/a> nesta sexta-feira, 8.\u00a0<em>A Coruja e o Cora\u00e7\u00e3o<\/em>, sucessor de\u00a0<em>Sweet Jardim<\/em>, de 2009, re\u00fane a gera\u00e7\u00e3o de novos compositores da MPB. O disco traz participa\u00e7\u00f5es de Jorge Drexler, Marcelo Jeneci, Karina Zeviani e H\u00e9lio Flanders em composi\u00e7\u00f5es pr\u00f3prias ou vers\u00f5es de m\u00fasicas de Thiago Pethit, Dorgival Dantas e Tulipa Ruiz.<\/p>\n<p>No show, Ti\u00ea assume viol\u00e3o e piano e conta com o produtor do disco e multi-instrumentista Pl\u00ednio Profeta (guitarra, baixo, banjo), Nan\u00e1 Rizini (bateria, percuss\u00e3o e escaleta) e Gianni Dias (baixo, guitarra e viol\u00e3o) e m\u00fasicos convidados.<\/p>\n<p>A turn\u00ea\u00a0<em>A Coruja e o Cora\u00e7\u00e3o<\/em> j\u00e1 tem shows confirmados no Rock in Rio 2011, no festival SXSW, no Texas, e em casas\u00a0de show em Nova York.<\/p>\n<p><strong><em>A Coruja e o Cora\u00e7\u00e3o<\/em><\/strong> &#8211; Sexta-feira, 8, \u00e0s 19h no\u00a0Audit\u00f3rio Ibirapuera (Av. Pedro \u00c1lvares Cabral, s\/n\u00ba &#8211; Port\u00e3o 2 do Parque do Ibirapuera). R$ 30 e R$ 15 (meia) \u00e0 venda na bilheteria, pelo site\u00a0ticketmaster.com.br e pelo telefone (11) 2846-6000<\/p>\n<p><em>Fonte: Estad\u00e3o.com.br<\/em><\/p>\n\n<div style=\"font-size: 0px; height: 0px; line-height: 0px; margin: 0; padding: 0; clear: both;\"><\/div>","protected":false},"excerpt":{"rendered":"<p>A cantora Ti\u00ea lan\u00e7a seu segundo disco com show no Audit\u00f3rio Ibirapuera nesta sexta-feira, 8.\u00a0A Coruja e o Cora\u00e7\u00e3o, sucessor de\u00a0Sweet Jardim, de 2009, re\u00fane a gera\u00e7\u00e3o de novos compositores da MPB. O disco traz participa\u00e7\u00f5es de Jorge Drexler, Marcelo Jeneci, Karina Zeviani e H\u00e9lio Flanders em composi\u00e7\u00f5es pr\u00f3prias ou vers\u00f5es de m\u00fasicas de Thiago Pethit, Dorgival Dantas e Tulipa Ruiz. No show, Ti\u00ea assume viol\u00e3o e piano e conta com o produtor do disco e multi-instrumentista Pl\u00ednio Profeta (guitarra, baixo, banjo), Nan\u00e1 Rizini (bateria, percuss\u00e3o e escaleta) e Gianni Dias (baixo, guitarra e viol\u00e3o) e m\u00fasicos convidados. A turn\u00ea\u00a0A <\/p>\n","protected":false},"author":1,"featured_media":0,"comment_status":"open","ping_status":"closed","sticky":false,"template":"","format":"standard","meta":{"footnotes":""},"categories":[10],"tags":[7],"class_list":["post-1025","post","type-post","status-publish","format-standard","hentry","category-shows-em-moema","tag-moema"],"yoast_head":"<!-- This site is optimized with the Yoast SEO plugin v26.3 - https:\/\/yoast.com\/wordpress\/plugins\/seo\/ -->\n<title>Ti\u00ea lan\u00e7a &#039;A Coruja e o Cora\u00e7\u00e3o&#039; em show no Parque do Ibirapuera - Encontra Moema<\/title>\n<meta name=\"robots\" content=\"index, follow, max-snippet:-1, max-image-preview:large, max-video-preview:-1\" \/>\n<link rel=\"canonical\" href=\"https:\/\/www.encontramoema.com.br\/sobre\/tie-lanca-a-coruja-e-o-coracao-em-show-no-parque-do-ibirapuera\/\" \/>\n<meta property=\"og:locale\" content=\"pt_BR\" \/>\n<meta property=\"og:type\" content=\"article\" \/>\n<meta property=\"og:title\" content=\"Ti\u00ea lan\u00e7a &#039;A Coruja e o Cora\u00e7\u00e3o&#039; em show no Parque do Ibirapuera - Encontra Moema\" \/>\n<meta property=\"og:description\" content=\"A cantora Ti\u00ea lan\u00e7a seu segundo disco com show no Audit\u00f3rio Ibirapuera nesta sexta-feira, 8.\u00a0A Coruja e o Cora\u00e7\u00e3o, sucessor de\u00a0Sweet Jardim, de 2009, re\u00fane a gera\u00e7\u00e3o de novos compositores da MPB. O disco traz participa\u00e7\u00f5es de Jorge Drexler, Marcelo Jeneci, Karina Zeviani e H\u00e9lio Flanders em composi\u00e7\u00f5es pr\u00f3prias ou vers\u00f5es de m\u00fasicas de Thiago Pethit, Dorgival Dantas e Tulipa Ruiz. No show, Ti\u00ea assume viol\u00e3o e piano e conta com o produtor do disco e multi-instrumentista Pl\u00ednio Profeta (guitarra, baixo, banjo), Nan\u00e1 Rizini (bateria, percuss\u00e3o e escaleta) e Gianni Dias (baixo, guitarra e viol\u00e3o) e m\u00fasicos convidados. A turn\u00ea\u00a0A\" \/>\n<meta property=\"og:url\" content=\"https:\/\/www.encontramoema.com.br\/sobre\/tie-lanca-a-coruja-e-o-coracao-em-show-no-parque-do-ibirapuera\/\" \/>\n<meta property=\"og:site_name\" content=\"Encontra Moema\" \/>\n<meta property=\"article:published_time\" content=\"2011-03-11T20:22:58+00:00\" \/>\n<meta property=\"article:modified_time\" content=\"2019-04-12T21:05:41+00:00\" \/>\n<meta name=\"author\" content=\"Encontra Moema\" \/>\n<meta name=\"twitter:card\" content=\"summary_large_image\" \/>\n<meta name=\"twitter:label1\" content=\"Escrito por\" \/>\n\t<meta name=\"twitter:data1\" content=\"Encontra Moema\" \/>\n\t<meta name=\"twitter:label2\" content=\"Est. tempo de leitura\" \/>\n\t<meta name=\"twitter:data2\" content=\"1 minuto\" \/>\n<script type=\"application\/ld+json\" class=\"yoast-schema-graph\">{\"@context\":\"https:\/\/schema.org\",\"@graph\":[{\"@type\":\"WebPage\",\"@id\":\"https:\/\/www.encontramoema.com.br\/sobre\/tie-lanca-a-coruja-e-o-coracao-em-show-no-parque-do-ibirapuera\/\",\"url\":\"https:\/\/www.encontramoema.com.br\/sobre\/tie-lanca-a-coruja-e-o-coracao-em-show-no-parque-do-ibirapuera\/\",\"name\":\"Ti\u00ea lan\u00e7a 'A Coruja e o Cora\u00e7\u00e3o' em show no Parque do Ibirapuera - Encontra Moema\",\"isPartOf\":{\"@id\":\"https:\/\/www.encontramoema.com.br\/sobre\/#website\"},\"datePublished\":\"2011-03-11T20:22:58+00:00\",\"dateModified\":\"2019-04-12T21:05:41+00:00\",\"author\":{\"@id\":\"https:\/\/www.encontramoema.com.br\/sobre\/#\/schema\/person\/3c3656d12b82130d77eba13c4ef23efa\"},\"breadcrumb\":{\"@id\":\"https:\/\/www.encontramoema.com.br\/sobre\/tie-lanca-a-coruja-e-o-coracao-em-show-no-parque-do-ibirapuera\/#breadcrumb\"},\"inLanguage\":\"pt-BR\",\"potentialAction\":[{\"@type\":\"ReadAction\",\"target\":[\"https:\/\/www.encontramoema.com.br\/sobre\/tie-lanca-a-coruja-e-o-coracao-em-show-no-parque-do-ibirapuera\/\"]}]},{\"@type\":\"BreadcrumbList\",\"@id\":\"https:\/\/www.encontramoema.com.br\/sobre\/tie-lanca-a-coruja-e-o-coracao-em-show-no-parque-do-ibirapuera\/#breadcrumb\",\"itemListElement\":[{\"@type\":\"ListItem\",\"position\":1,\"name\":\"In\u00edcio\",\"item\":\"https:\/\/www.encontramoema.com.br\/sobre\/\"},{\"@type\":\"ListItem\",\"position\":2,\"name\":\"Ti\u00ea lan\u00e7a &#8216;A Coruja e o Cora\u00e7\u00e3o&#8217; em show no Parque do Ibirapuera\"}]},{\"@type\":\"WebSite\",\"@id\":\"https:\/\/www.encontramoema.com.br\/sobre\/#website\",\"url\":\"https:\/\/www.encontramoema.com.br\/sobre\/\",\"name\":\"Encontra Moema\",\"description\":\"Not\u00edcias, eventos, informa\u00e7\u00f5es e dicas no bairro de Moema e regi\u00e3o.\",\"potentialAction\":[{\"@type\":\"SearchAction\",\"target\":{\"@type\":\"EntryPoint\",\"urlTemplate\":\"https:\/\/www.encontramoema.com.br\/sobre\/?s={search_term_string}\"},\"query-input\":{\"@type\":\"PropertyValueSpecification\",\"valueRequired\":true,\"valueName\":\"search_term_string\"}}],\"inLanguage\":\"pt-BR\"},{\"@type\":\"Person\",\"@id\":\"https:\/\/www.encontramoema.com.br\/sobre\/#\/schema\/person\/3c3656d12b82130d77eba13c4ef23efa\",\"name\":\"Encontra Moema\",\"image\":{\"@type\":\"ImageObject\",\"inLanguage\":\"pt-BR\",\"@id\":\"https:\/\/www.encontramoema.com.br\/sobre\/#\/schema\/person\/image\/\",\"url\":\"https:\/\/secure.gravatar.com\/avatar\/0fbed662e37531ae23e68f85f9517b2454e50c1dfebf80eb9b721449ac95e0b9?s=96&d=mm&r=g\",\"contentUrl\":\"https:\/\/secure.gravatar.com\/avatar\/0fbed662e37531ae23e68f85f9517b2454e50c1dfebf80eb9b721449ac95e0b9?s=96&d=mm&r=g\",\"caption\":\"Encontra Moema\"},\"url\":\"https:\/\/www.encontramoema.com.br\/sobre\/author\/emoema\/\"}]}<\/script>\n<!-- \/ Yoast SEO plugin. -->","yoast_head_json":{"title":"Ti\u00ea lan\u00e7a 'A Coruja e o Cora\u00e7\u00e3o' em show no Parque do Ibirapuera - Encontra Moema","robots":{"index":"index","follow":"follow","max-snippet":"max-snippet:-1","max-image-preview":"max-image-preview:large","max-video-preview":"max-video-preview:-1"},"canonical":"https:\/\/www.encontramoema.com.br\/sobre\/tie-lanca-a-coruja-e-o-coracao-em-show-no-parque-do-ibirapuera\/","og_locale":"pt_BR","og_type":"article","og_title":"Ti\u00ea lan\u00e7a 'A Coruja e o Cora\u00e7\u00e3o' em show no Parque do Ibirapuera - Encontra Moema","og_description":"A cantora Ti\u00ea lan\u00e7a seu segundo disco com show no Audit\u00f3rio Ibirapuera nesta sexta-feira, 8.\u00a0A Coruja e o Cora\u00e7\u00e3o, sucessor de\u00a0Sweet Jardim, de 2009, re\u00fane a gera\u00e7\u00e3o de novos compositores da MPB. O disco traz participa\u00e7\u00f5es de Jorge Drexler, Marcelo Jeneci, Karina Zeviani e H\u00e9lio Flanders em composi\u00e7\u00f5es pr\u00f3prias ou vers\u00f5es de m\u00fasicas de Thiago Pethit, Dorgival Dantas e Tulipa Ruiz. No show, Ti\u00ea assume viol\u00e3o e piano e conta com o produtor do disco e multi-instrumentista Pl\u00ednio Profeta (guitarra, baixo, banjo), Nan\u00e1 Rizini (bateria, percuss\u00e3o e escaleta) e Gianni Dias (baixo, guitarra e viol\u00e3o) e m\u00fasicos convidados. A turn\u00ea\u00a0A","og_url":"https:\/\/www.encontramoema.com.br\/sobre\/tie-lanca-a-coruja-e-o-coracao-em-show-no-parque-do-ibirapuera\/","og_site_name":"Encontra Moema","article_published_time":"2011-03-11T20:22:58+00:00","article_modified_time":"2019-04-12T21:05:41+00:00","author":"Encontra Moema","twitter_card":"summary_large_image","twitter_misc":{"Escrito por":"Encontra Moema","Est. tempo de leitura":"1 minuto"},"schema":{"@context":"https:\/\/schema.org","@graph":[{"@type":"WebPage","@id":"https:\/\/www.encontramoema.com.br\/sobre\/tie-lanca-a-coruja-e-o-coracao-em-show-no-parque-do-ibirapuera\/","url":"https:\/\/www.encontramoema.com.br\/sobre\/tie-lanca-a-coruja-e-o-coracao-em-show-no-parque-do-ibirapuera\/","name":"Ti\u00ea lan\u00e7a 'A Coruja e o Cora\u00e7\u00e3o' em show no Parque do Ibirapuera - Encontra Moema","isPartOf":{"@id":"https:\/\/www.encontramoema.com.br\/sobre\/#website"},"datePublished":"2011-03-11T20:22:58+00:00","dateModified":"2019-04-12T21:05:41+00:00","author":{"@id":"https:\/\/www.encontramoema.com.br\/sobre\/#\/schema\/person\/3c3656d12b82130d77eba13c4ef23efa"},"breadcrumb":{"@id":"https:\/\/www.encontramoema.com.br\/sobre\/tie-lanca-a-coruja-e-o-coracao-em-show-no-parque-do-ibirapuera\/#breadcrumb"},"inLanguage":"pt-BR","potentialAction":[{"@type":"ReadAction","target":["https:\/\/www.encontramoema.com.br\/sobre\/tie-lanca-a-coruja-e-o-coracao-em-show-no-parque-do-ibirapuera\/"]}]},{"@type":"BreadcrumbList","@id":"https:\/\/www.encontramoema.com.br\/sobre\/tie-lanca-a-coruja-e-o-coracao-em-show-no-parque-do-ibirapuera\/#breadcrumb","itemListElement":[{"@type":"ListItem","position":1,"name":"In\u00edcio","item":"https:\/\/www.encontramoema.com.br\/sobre\/"},{"@type":"ListItem","position":2,"name":"Ti\u00ea lan\u00e7a &#8216;A Coruja e o Cora\u00e7\u00e3o&#8217; em show no Parque do Ibirapuera"}]},{"@type":"WebSite","@id":"https:\/\/www.encontramoema.com.br\/sobre\/#website","url":"https:\/\/www.encontramoema.com.br\/sobre\/","name":"Encontra Moema","description":"Not\u00edcias, eventos, informa\u00e7\u00f5es e dicas no bairro de Moema e regi\u00e3o.","potentialAction":[{"@type":"SearchAction","target":{"@type":"EntryPoint","urlTemplate":"https:\/\/www.encontramoema.com.br\/sobre\/?s={search_term_string}"},"query-input":{"@type":"PropertyValueSpecification","valueRequired":true,"valueName":"search_term_string"}}],"inLanguage":"pt-BR"},{"@type":"Person","@id":"https:\/\/www.encontramoema.com.br\/sobre\/#\/schema\/person\/3c3656d12b82130d77eba13c4ef23efa","name":"Encontra Moema","image":{"@type":"ImageObject","inLanguage":"pt-BR","@id":"https:\/\/www.encontramoema.com.br\/sobre\/#\/schema\/person\/image\/","url":"https:\/\/secure.gravatar.com\/avatar\/0fbed662e37531ae23e68f85f9517b2454e50c1dfebf80eb9b721449ac95e0b9?s=96&d=mm&r=g","contentUrl":"https:\/\/secure.gravatar.com\/avatar\/0fbed662e37531ae23e68f85f9517b2454e50c1dfebf80eb9b721449ac95e0b9?s=96&d=mm&r=g","caption":"Encontra Moema"},"url":"https:\/\/www.encontramoema.com.br\/sobre\/author\/emoema\/"}]}},"_links":{"self":[{"href":"https:\/\/www.encontramoema.com.br\/sobre\/wp-json\/wp\/v2\/posts\/1025","targetHints":{"allow":["GET"]}}],"collection":[{"href":"https:\/\/www.encontramoema.com.br\/sobre\/wp-json\/wp\/v2\/posts"}],"about":[{"href":"https:\/\/www.encontramoema.com.br\/sobre\/wp-json\/wp\/v2\/types\/post"}],"author":[{"embeddable":true,"href":"https:\/\/www.encontramoema.com.br\/sobre\/wp-json\/wp\/v2\/users\/1"}],"replies":[{"embeddable":true,"href":"https:\/\/www.encontramoema.com.br\/sobre\/wp-json\/wp\/v2\/comments?post=1025"}],"version-history":[{"count":0,"href":"https:\/\/www.encontramoema.com.br\/sobre\/wp-json\/wp\/v2\/posts\/1025\/revisions"}],"wp:attachment":[{"href":"https:\/\/www.encontramoema.com.br\/sobre\/wp-json\/wp\/v2\/media?parent=1025"}],"wp:term":[{"taxonomy":"category","embeddable":true,"href":"https:\/\/www.encontramoema.com.br\/sobre\/wp-json\/wp\/v2\/categories?post=1025"},{"taxonomy":"post_tag","embeddable":true,"href":"https:\/\/www.encontramoema.com.br\/sobre\/wp-json\/wp\/v2\/tags?post=1025"}],"curies":[{"name":"wp","href":"https:\/\/api.w.org\/{rel}","templated":true}]}}