{"id":10460,"date":"2012-07-16T18:34:12","date_gmt":"2012-07-16T20:34:12","guid":{"rendered":"http:\/\/www.encontramoema.com.br\/blog\/?p=10460"},"modified":"2019-04-12T19:02:21","modified_gmt":"2019-04-12T21:02:21","slug":"um-morre-e-tres-sao-presos-apos-assalto-em-moema","status":"publish","type":"post","link":"https:\/\/www.encontramoema.com.br\/sobre\/um-morre-e-tres-sao-presos-apos-assalto-em-moema\/","title":{"rendered":"Um morre e tr\u00eas s\u00e3o presos ap\u00f3s assalto em Moema"},"content":{"rendered":"<div class=\"b7f545a958fd6350ffae2d30a84cafb8\" data-index=\"1\" style=\"float: none; margin:0px;\">\n<!-- Anuncio display - global -->\r\n<ins class=\"adsbygoogle\"\r\n     style=\"display:block\"\r\n     data-ad-client=\"ca-pub-8585364105181520\"\r\n     data-ad-slot=\"8789329856\"\r\n     data-ad-format=\"auto\"\r\n     data-full-width-responsive=\"true\"><\/ins>\r\n<script>\r\n     (adsbygoogle = window.adsbygoogle || []).push({});\r\n<\/script>\n<\/div>\n<p>Um assaltante morreu e outros tr\u00eas foram presos, por volta das 22 horas de domingo em um confronto com policiais militares ap\u00f3s assaltarem um supermercado em Moema, na zona sul de S\u00e3o Paulo, e levarem um dos funcion\u00e1rios ref\u00e9m.\u00a0Em um Chevrolet Celta, sem queixa de roubo ou furto, o quarteto chegou ao estabelecimento, localizado na Avenida Santo Amaro, pr\u00f3ximo \u00e0 Avenida Rouxinol, e anunciou o assalto. Ap\u00f3s roubarem o dinheiro dos caixas, os criminosos, armados com um rev\u00f3lver calibre 38, obrigaram um dos funcion\u00e1rios a entrar no carro e fugiram.<\/p>\n<p>Policiais da For\u00e7a T\u00e1tica do 12\u00ba Batalh\u00e3o, cientes do assalto, localizaram o Celta e iniciaram uma persegui\u00e7\u00e3o, que s\u00f3 terminou na altura do n\u00ba 650 da Avenida Engenheiro Lu\u00eds Carlos Berrini, no Brooklin. Segundo a PM, um dos bandidos, um homem de 25 anos, desceu do ve\u00edculo e atirou contra a viatura. No revide, o assaltante foi baleado e morreu no pronto-socorro municipal do Jabaquara, para onde foi levado pelos policiais.<\/p>\n<p>Os outros tr\u00eas bandidos foram detidos sem ferimentos. O funcion\u00e1rio do supermercado, que era mantido ref\u00e9m, saiu ileso. Os dados da ocorr\u00eancia foram informados ao delegado plantonista do 27\u00ba Distrito Policial, do Campo Belo, e a resist\u00eancia seguida de morte ser\u00e1 investigada pelo Departamento de Homic\u00eddios e Prote\u00e7\u00e3o \u00e0 Pessoa (DHPP).<\/p>\n<p><em>Fonte: Ag\u00eancia Estado<\/em><\/p>\n\n<div style=\"font-size: 0px; height: 0px; line-height: 0px; margin: 0; padding: 0; clear: both;\"><\/div>","protected":false},"excerpt":{"rendered":"<p>Um assaltante morreu e outros tr\u00eas foram presos, por volta das 22 horas de domingo em um confronto com policiais militares ap\u00f3s assaltarem um supermercado em Moema, na zona sul de S\u00e3o Paulo, e levarem um dos funcion\u00e1rios ref\u00e9m.\u00a0Em um Chevrolet Celta, sem queixa de roubo ou furto, o quarteto chegou ao estabelecimento, localizado na Avenida Santo Amaro, pr\u00f3ximo \u00e0 Avenida Rouxinol, e anunciou o assalto. Ap\u00f3s roubarem o dinheiro dos caixas, os criminosos, armados com um rev\u00f3lver calibre 38, obrigaram um dos funcion\u00e1rios a entrar no carro e fugiram. Policiais da For\u00e7a T\u00e1tica do 12\u00ba Batalh\u00e3o, cientes do assalto, <\/p>\n","protected":false},"author":1,"featured_media":0,"comment_status":"open","ping_status":"closed","sticky":false,"template":"","format":"standard","meta":{"footnotes":""},"categories":[1],"tags":[7],"class_list":["post-10460","post","type-post","status-publish","format-standard","hentry","category-noticias-em-moema","tag-moema"],"yoast_head":"<!-- This site is optimized with the Yoast SEO plugin v26.3 - https:\/\/yoast.com\/wordpress\/plugins\/seo\/ -->\n<title>Um morre e tr\u00eas s\u00e3o presos ap\u00f3s assalto em Moema - Encontra Moema<\/title>\n<meta name=\"robots\" content=\"index, follow, max-snippet:-1, max-image-preview:large, max-video-preview:-1\" \/>\n<link rel=\"canonical\" href=\"https:\/\/www.encontramoema.com.br\/sobre\/um-morre-e-tres-sao-presos-apos-assalto-em-moema\/\" \/>\n<meta property=\"og:locale\" content=\"pt_BR\" \/>\n<meta property=\"og:type\" content=\"article\" \/>\n<meta property=\"og:title\" content=\"Um morre e tr\u00eas s\u00e3o presos ap\u00f3s assalto em Moema - Encontra Moema\" \/>\n<meta property=\"og:description\" content=\"Um assaltante morreu e outros tr\u00eas foram presos, por volta das 22 horas de domingo em um confronto com policiais militares ap\u00f3s assaltarem um supermercado em Moema, na zona sul de S\u00e3o Paulo, e levarem um dos funcion\u00e1rios ref\u00e9m.\u00a0Em um Chevrolet Celta, sem queixa de roubo ou furto, o quarteto chegou ao estabelecimento, localizado na Avenida Santo Amaro, pr\u00f3ximo \u00e0 Avenida Rouxinol, e anunciou o assalto. Ap\u00f3s roubarem o dinheiro dos caixas, os criminosos, armados com um rev\u00f3lver calibre 38, obrigaram um dos funcion\u00e1rios a entrar no carro e fugiram. Policiais da For\u00e7a T\u00e1tica do 12\u00ba Batalh\u00e3o, cientes do assalto,\" \/>\n<meta property=\"og:url\" content=\"https:\/\/www.encontramoema.com.br\/sobre\/um-morre-e-tres-sao-presos-apos-assalto-em-moema\/\" \/>\n<meta property=\"og:site_name\" content=\"Encontra Moema\" \/>\n<meta property=\"article:published_time\" content=\"2012-07-16T20:34:12+00:00\" \/>\n<meta property=\"article:modified_time\" content=\"2019-04-12T21:02:21+00:00\" \/>\n<meta name=\"author\" content=\"Encontra Moema\" \/>\n<meta name=\"twitter:card\" content=\"summary_large_image\" \/>\n<meta name=\"twitter:label1\" content=\"Escrito por\" \/>\n\t<meta name=\"twitter:data1\" content=\"Encontra Moema\" \/>\n\t<meta name=\"twitter:label2\" content=\"Est. tempo de leitura\" \/>\n\t<meta name=\"twitter:data2\" content=\"1 minuto\" \/>\n<script type=\"application\/ld+json\" class=\"yoast-schema-graph\">{\"@context\":\"https:\/\/schema.org\",\"@graph\":[{\"@type\":\"WebPage\",\"@id\":\"https:\/\/www.encontramoema.com.br\/sobre\/um-morre-e-tres-sao-presos-apos-assalto-em-moema\/\",\"url\":\"https:\/\/www.encontramoema.com.br\/sobre\/um-morre-e-tres-sao-presos-apos-assalto-em-moema\/\",\"name\":\"Um morre e tr\u00eas s\u00e3o presos ap\u00f3s assalto em Moema - Encontra Moema\",\"isPartOf\":{\"@id\":\"https:\/\/www.encontramoema.com.br\/sobre\/#website\"},\"datePublished\":\"2012-07-16T20:34:12+00:00\",\"dateModified\":\"2019-04-12T21:02:21+00:00\",\"author\":{\"@id\":\"https:\/\/www.encontramoema.com.br\/sobre\/#\/schema\/person\/3c3656d12b82130d77eba13c4ef23efa\"},\"breadcrumb\":{\"@id\":\"https:\/\/www.encontramoema.com.br\/sobre\/um-morre-e-tres-sao-presos-apos-assalto-em-moema\/#breadcrumb\"},\"inLanguage\":\"pt-BR\",\"potentialAction\":[{\"@type\":\"ReadAction\",\"target\":[\"https:\/\/www.encontramoema.com.br\/sobre\/um-morre-e-tres-sao-presos-apos-assalto-em-moema\/\"]}]},{\"@type\":\"BreadcrumbList\",\"@id\":\"https:\/\/www.encontramoema.com.br\/sobre\/um-morre-e-tres-sao-presos-apos-assalto-em-moema\/#breadcrumb\",\"itemListElement\":[{\"@type\":\"ListItem\",\"position\":1,\"name\":\"In\u00edcio\",\"item\":\"https:\/\/www.encontramoema.com.br\/sobre\/\"},{\"@type\":\"ListItem\",\"position\":2,\"name\":\"Um morre e tr\u00eas s\u00e3o presos ap\u00f3s assalto em Moema\"}]},{\"@type\":\"WebSite\",\"@id\":\"https:\/\/www.encontramoema.com.br\/sobre\/#website\",\"url\":\"https:\/\/www.encontramoema.com.br\/sobre\/\",\"name\":\"Encontra Moema\",\"description\":\"Not\u00edcias, eventos, informa\u00e7\u00f5es e dicas no bairro de Moema e regi\u00e3o.\",\"potentialAction\":[{\"@type\":\"SearchAction\",\"target\":{\"@type\":\"EntryPoint\",\"urlTemplate\":\"https:\/\/www.encontramoema.com.br\/sobre\/?s={search_term_string}\"},\"query-input\":{\"@type\":\"PropertyValueSpecification\",\"valueRequired\":true,\"valueName\":\"search_term_string\"}}],\"inLanguage\":\"pt-BR\"},{\"@type\":\"Person\",\"@id\":\"https:\/\/www.encontramoema.com.br\/sobre\/#\/schema\/person\/3c3656d12b82130d77eba13c4ef23efa\",\"name\":\"Encontra Moema\",\"image\":{\"@type\":\"ImageObject\",\"inLanguage\":\"pt-BR\",\"@id\":\"https:\/\/www.encontramoema.com.br\/sobre\/#\/schema\/person\/image\/\",\"url\":\"https:\/\/secure.gravatar.com\/avatar\/0fbed662e37531ae23e68f85f9517b2454e50c1dfebf80eb9b721449ac95e0b9?s=96&d=mm&r=g\",\"contentUrl\":\"https:\/\/secure.gravatar.com\/avatar\/0fbed662e37531ae23e68f85f9517b2454e50c1dfebf80eb9b721449ac95e0b9?s=96&d=mm&r=g\",\"caption\":\"Encontra Moema\"},\"url\":\"https:\/\/www.encontramoema.com.br\/sobre\/author\/emoema\/\"}]}<\/script>\n<!-- \/ Yoast SEO plugin. -->","yoast_head_json":{"title":"Um morre e tr\u00eas s\u00e3o presos ap\u00f3s assalto em Moema - Encontra Moema","robots":{"index":"index","follow":"follow","max-snippet":"max-snippet:-1","max-image-preview":"max-image-preview:large","max-video-preview":"max-video-preview:-1"},"canonical":"https:\/\/www.encontramoema.com.br\/sobre\/um-morre-e-tres-sao-presos-apos-assalto-em-moema\/","og_locale":"pt_BR","og_type":"article","og_title":"Um morre e tr\u00eas s\u00e3o presos ap\u00f3s assalto em Moema - Encontra Moema","og_description":"Um assaltante morreu e outros tr\u00eas foram presos, por volta das 22 horas de domingo em um confronto com policiais militares ap\u00f3s assaltarem um supermercado em Moema, na zona sul de S\u00e3o Paulo, e levarem um dos funcion\u00e1rios ref\u00e9m.\u00a0Em um Chevrolet Celta, sem queixa de roubo ou furto, o quarteto chegou ao estabelecimento, localizado na Avenida Santo Amaro, pr\u00f3ximo \u00e0 Avenida Rouxinol, e anunciou o assalto. Ap\u00f3s roubarem o dinheiro dos caixas, os criminosos, armados com um rev\u00f3lver calibre 38, obrigaram um dos funcion\u00e1rios a entrar no carro e fugiram. Policiais da For\u00e7a T\u00e1tica do 12\u00ba Batalh\u00e3o, cientes do assalto,","og_url":"https:\/\/www.encontramoema.com.br\/sobre\/um-morre-e-tres-sao-presos-apos-assalto-em-moema\/","og_site_name":"Encontra Moema","article_published_time":"2012-07-16T20:34:12+00:00","article_modified_time":"2019-04-12T21:02:21+00:00","author":"Encontra Moema","twitter_card":"summary_large_image","twitter_misc":{"Escrito por":"Encontra Moema","Est. tempo de leitura":"1 minuto"},"schema":{"@context":"https:\/\/schema.org","@graph":[{"@type":"WebPage","@id":"https:\/\/www.encontramoema.com.br\/sobre\/um-morre-e-tres-sao-presos-apos-assalto-em-moema\/","url":"https:\/\/www.encontramoema.com.br\/sobre\/um-morre-e-tres-sao-presos-apos-assalto-em-moema\/","name":"Um morre e tr\u00eas s\u00e3o presos ap\u00f3s assalto em Moema - Encontra Moema","isPartOf":{"@id":"https:\/\/www.encontramoema.com.br\/sobre\/#website"},"datePublished":"2012-07-16T20:34:12+00:00","dateModified":"2019-04-12T21:02:21+00:00","author":{"@id":"https:\/\/www.encontramoema.com.br\/sobre\/#\/schema\/person\/3c3656d12b82130d77eba13c4ef23efa"},"breadcrumb":{"@id":"https:\/\/www.encontramoema.com.br\/sobre\/um-morre-e-tres-sao-presos-apos-assalto-em-moema\/#breadcrumb"},"inLanguage":"pt-BR","potentialAction":[{"@type":"ReadAction","target":["https:\/\/www.encontramoema.com.br\/sobre\/um-morre-e-tres-sao-presos-apos-assalto-em-moema\/"]}]},{"@type":"BreadcrumbList","@id":"https:\/\/www.encontramoema.com.br\/sobre\/um-morre-e-tres-sao-presos-apos-assalto-em-moema\/#breadcrumb","itemListElement":[{"@type":"ListItem","position":1,"name":"In\u00edcio","item":"https:\/\/www.encontramoema.com.br\/sobre\/"},{"@type":"ListItem","position":2,"name":"Um morre e tr\u00eas s\u00e3o presos ap\u00f3s assalto em Moema"}]},{"@type":"WebSite","@id":"https:\/\/www.encontramoema.com.br\/sobre\/#website","url":"https:\/\/www.encontramoema.com.br\/sobre\/","name":"Encontra Moema","description":"Not\u00edcias, eventos, informa\u00e7\u00f5es e dicas no bairro de Moema e regi\u00e3o.","potentialAction":[{"@type":"SearchAction","target":{"@type":"EntryPoint","urlTemplate":"https:\/\/www.encontramoema.com.br\/sobre\/?s={search_term_string}"},"query-input":{"@type":"PropertyValueSpecification","valueRequired":true,"valueName":"search_term_string"}}],"inLanguage":"pt-BR"},{"@type":"Person","@id":"https:\/\/www.encontramoema.com.br\/sobre\/#\/schema\/person\/3c3656d12b82130d77eba13c4ef23efa","name":"Encontra Moema","image":{"@type":"ImageObject","inLanguage":"pt-BR","@id":"https:\/\/www.encontramoema.com.br\/sobre\/#\/schema\/person\/image\/","url":"https:\/\/secure.gravatar.com\/avatar\/0fbed662e37531ae23e68f85f9517b2454e50c1dfebf80eb9b721449ac95e0b9?s=96&d=mm&r=g","contentUrl":"https:\/\/secure.gravatar.com\/avatar\/0fbed662e37531ae23e68f85f9517b2454e50c1dfebf80eb9b721449ac95e0b9?s=96&d=mm&r=g","caption":"Encontra Moema"},"url":"https:\/\/www.encontramoema.com.br\/sobre\/author\/emoema\/"}]}},"_links":{"self":[{"href":"https:\/\/www.encontramoema.com.br\/sobre\/wp-json\/wp\/v2\/posts\/10460","targetHints":{"allow":["GET"]}}],"collection":[{"href":"https:\/\/www.encontramoema.com.br\/sobre\/wp-json\/wp\/v2\/posts"}],"about":[{"href":"https:\/\/www.encontramoema.com.br\/sobre\/wp-json\/wp\/v2\/types\/post"}],"author":[{"embeddable":true,"href":"https:\/\/www.encontramoema.com.br\/sobre\/wp-json\/wp\/v2\/users\/1"}],"replies":[{"embeddable":true,"href":"https:\/\/www.encontramoema.com.br\/sobre\/wp-json\/wp\/v2\/comments?post=10460"}],"version-history":[{"count":0,"href":"https:\/\/www.encontramoema.com.br\/sobre\/wp-json\/wp\/v2\/posts\/10460\/revisions"}],"wp:attachment":[{"href":"https:\/\/www.encontramoema.com.br\/sobre\/wp-json\/wp\/v2\/media?parent=10460"}],"wp:term":[{"taxonomy":"category","embeddable":true,"href":"https:\/\/www.encontramoema.com.br\/sobre\/wp-json\/wp\/v2\/categories?post=10460"},{"taxonomy":"post_tag","embeddable":true,"href":"https:\/\/www.encontramoema.com.br\/sobre\/wp-json\/wp\/v2\/tags?post=10460"}],"curies":[{"name":"wp","href":"https:\/\/api.w.org\/{rel}","templated":true}]}}