{"id":10711,"date":"2012-07-25T18:33:19","date_gmt":"2012-07-25T20:33:19","guid":{"rendered":"http:\/\/www.encontramoema.com.br\/blog\/?p=10711"},"modified":"2019-04-12T19:02:20","modified_gmt":"2019-04-12T21:02:20","slug":"monotrilho-do-abc-tera-ligacao-com-a-futura-linha-entre-lapa-e-moema","status":"publish","type":"post","link":"https:\/\/www.encontramoema.com.br\/sobre\/monotrilho-do-abc-tera-ligacao-com-a-futura-linha-entre-lapa-e-moema\/","title":{"rendered":"Monotrilho do ABC ter\u00e1 liga\u00e7\u00e3o com a futura linha entre Lapa e Moema"},"content":{"rendered":"<div class=\"b7f545a958fd6350ffae2d30a84cafb8\" data-index=\"1\" style=\"float: none; margin:0px;\">\n<!-- Anuncio display - global -->\r\n<ins class=\"adsbygoogle\"\r\n     style=\"display:block\"\r\n     data-ad-client=\"ca-pub-8585364105181520\"\r\n     data-ad-slot=\"8789329856\"\r\n     data-ad-format=\"auto\"\r\n     data-full-width-responsive=\"true\"><\/ins>\r\n<script>\r\n     (adsbygoogle = window.adsbygoogle || []).push({});\r\n<\/script>\n<\/div>\n<p>Previsto para funcionar em 2015, o monotrilho que ligar\u00e1 S\u00e3o Bernardo \u00e0 esta\u00e7\u00e3o Tamanduate\u00ed da linha Verde do metr\u00f4, passando por Santo Andr\u00e9 e S\u00e3o Caetano, ter\u00e1 conex\u00e3o tamb\u00e9m com outro ramal: a futura linha 20-Rosa, entre a\u00a0Lapa\u00a0eo bairro de\u00a0Moema.<\/p>\n<p>O Estado deu semana passada, com o lan\u00e7amento da licita\u00e7\u00e3o para contrata\u00e7\u00e3o do projeto funcional, o primeiro passo para tirar o projeto do papel.<\/p>\n<p>Na defini\u00e7\u00e3o do metr\u00f4, a linha ter\u00e1 \u201ca fun\u00e7\u00e3o de interligar os subcentros Lapa, Pinheiros, Faria Lima, Itaim Bibi, Vila Ol\u00edmpia e Moema com a regi\u00e3o de S\u00e3o Judas\u2013Jabaquara e a regi\u00e3o industrial do ABC\u201d.<\/p>\n<p>O estudo preliminar custar\u00e1 R$ 3,1 milh\u00f5es e apresentar\u00e1 alternativas de trajeto e poss\u00edveis desapropria\u00e7\u00f5es no trecho entre Lapa e Moema \u2013 com 12,3 quil\u00f4metros e 14 esta\u00e7\u00f5es.<\/p>\n<p>A partir de Moema, a ideia \u00e9 estender o tra\u00e7ado para a linha Azul do metr\u00f4 e seguir at\u00e9 S\u00e3o Bernardo, que ter\u00e1 dois pontos de parada: Tabo\u00e3o-Anchieta e Rudge Ramos.<\/p>\n<p>A conex\u00e3o com monotrilho ser\u00e1 na esta\u00e7\u00e3o Afonsina, na divisa com Santo Andr\u00e9. Ser\u00e3o mais 12 esta\u00e7\u00f5es, mas o tamanho do percurso n\u00e3o foi estimado.<\/p>\n<p>Segundo o metr\u00f4, ainda n\u00e3o h\u00e1, por\u00e9m, previs\u00e3o de quando a licita\u00e7\u00e3o do projeto funcional do segmento at\u00e9 S\u00e3o Bernardo ser\u00e1 lan\u00e7ada \u2013 o que n\u00e3o permite prever custos e prazos.<\/p>\n<p><strong>Novo tra\u00e7ado<\/strong><\/p>\n<p>O mapa divulgado com a licita\u00e7\u00e3o mostra trajeto diferente do previsto pelo metr\u00f4 anteriormente. Antes, a linha Rosa faria integra\u00e7\u00e3o com a linha Azul na Pra\u00e7a da \u00c1rvore. Agora se conecta a S\u00e3o Judas.<\/p>\n<p>Atualmente com 12 esta\u00e7\u00f5es, o trecho entre Moema e Rudge Ramos previa oito pontos de parada, sendo s\u00f3 a \u00faltima no ABC. O mapa atualizado prev\u00ea que ser\u00e3o duas as paradas na regi\u00e3o, al\u00e9m da conex\u00e3o com o monotrilho.<\/p>\n<p><em>Fonte: Metro<\/em><\/p>\n\n<div style=\"font-size: 0px; height: 0px; line-height: 0px; margin: 0; padding: 0; clear: both;\"><\/div>","protected":false},"excerpt":{"rendered":"<p>Previsto para funcionar em 2015, o monotrilho que ligar\u00e1 S\u00e3o Bernardo \u00e0 esta\u00e7\u00e3o Tamanduate\u00ed da linha Verde do metr\u00f4, passando por Santo Andr\u00e9 e S\u00e3o Caetano, ter\u00e1 conex\u00e3o tamb\u00e9m com outro ramal: a futura linha 20-Rosa, entre a\u00a0Lapa\u00a0eo bairro de\u00a0Moema. O Estado deu semana passada, com o lan\u00e7amento da licita\u00e7\u00e3o para contrata\u00e7\u00e3o do projeto funcional, o primeiro passo para tirar o projeto do papel. Na defini\u00e7\u00e3o do metr\u00f4, a linha ter\u00e1 \u201ca fun\u00e7\u00e3o de interligar os subcentros Lapa, Pinheiros, Faria Lima, Itaim Bibi, Vila Ol\u00edmpia e Moema com a regi\u00e3o de S\u00e3o Judas\u2013Jabaquara e a regi\u00e3o industrial do ABC\u201d. O <\/p>\n","protected":false},"author":1,"featured_media":0,"comment_status":"open","ping_status":"closed","sticky":false,"template":"","format":"standard","meta":{"footnotes":""},"categories":[1],"tags":[7],"class_list":["post-10711","post","type-post","status-publish","format-standard","hentry","category-noticias-em-moema","tag-moema"],"yoast_head":"<!-- This site is optimized with the Yoast SEO plugin v26.3 - https:\/\/yoast.com\/wordpress\/plugins\/seo\/ -->\n<title>Monotrilho do ABC ter\u00e1 liga\u00e7\u00e3o com a futura linha entre Lapa e Moema - Encontra Moema<\/title>\n<meta name=\"robots\" content=\"index, follow, max-snippet:-1, max-image-preview:large, max-video-preview:-1\" \/>\n<link rel=\"canonical\" href=\"https:\/\/www.encontramoema.com.br\/sobre\/monotrilho-do-abc-tera-ligacao-com-a-futura-linha-entre-lapa-e-moema\/\" \/>\n<meta property=\"og:locale\" content=\"pt_BR\" \/>\n<meta property=\"og:type\" content=\"article\" \/>\n<meta property=\"og:title\" content=\"Monotrilho do ABC ter\u00e1 liga\u00e7\u00e3o com a futura linha entre Lapa e Moema - Encontra Moema\" \/>\n<meta property=\"og:description\" content=\"Previsto para funcionar em 2015, o monotrilho que ligar\u00e1 S\u00e3o Bernardo \u00e0 esta\u00e7\u00e3o Tamanduate\u00ed da linha Verde do metr\u00f4, passando por Santo Andr\u00e9 e S\u00e3o Caetano, ter\u00e1 conex\u00e3o tamb\u00e9m com outro ramal: a futura linha 20-Rosa, entre a\u00a0Lapa\u00a0eo bairro de\u00a0Moema. O Estado deu semana passada, com o lan\u00e7amento da licita\u00e7\u00e3o para contrata\u00e7\u00e3o do projeto funcional, o primeiro passo para tirar o projeto do papel. Na defini\u00e7\u00e3o do metr\u00f4, a linha ter\u00e1 \u201ca fun\u00e7\u00e3o de interligar os subcentros Lapa, Pinheiros, Faria Lima, Itaim Bibi, Vila Ol\u00edmpia e Moema com a regi\u00e3o de S\u00e3o Judas\u2013Jabaquara e a regi\u00e3o industrial do ABC\u201d. O\" \/>\n<meta property=\"og:url\" content=\"https:\/\/www.encontramoema.com.br\/sobre\/monotrilho-do-abc-tera-ligacao-com-a-futura-linha-entre-lapa-e-moema\/\" \/>\n<meta property=\"og:site_name\" content=\"Encontra Moema\" \/>\n<meta property=\"article:published_time\" content=\"2012-07-25T20:33:19+00:00\" \/>\n<meta property=\"article:modified_time\" content=\"2019-04-12T21:02:20+00:00\" \/>\n<meta name=\"author\" content=\"Encontra Moema\" \/>\n<meta name=\"twitter:card\" content=\"summary_large_image\" \/>\n<meta name=\"twitter:label1\" content=\"Escrito por\" \/>\n\t<meta name=\"twitter:data1\" content=\"Encontra Moema\" \/>\n\t<meta name=\"twitter:label2\" content=\"Est. tempo de leitura\" \/>\n\t<meta name=\"twitter:data2\" content=\"2 minutos\" \/>\n<script type=\"application\/ld+json\" class=\"yoast-schema-graph\">{\"@context\":\"https:\/\/schema.org\",\"@graph\":[{\"@type\":\"WebPage\",\"@id\":\"https:\/\/www.encontramoema.com.br\/sobre\/monotrilho-do-abc-tera-ligacao-com-a-futura-linha-entre-lapa-e-moema\/\",\"url\":\"https:\/\/www.encontramoema.com.br\/sobre\/monotrilho-do-abc-tera-ligacao-com-a-futura-linha-entre-lapa-e-moema\/\",\"name\":\"Monotrilho do ABC ter\u00e1 liga\u00e7\u00e3o com a futura linha entre Lapa e Moema - Encontra Moema\",\"isPartOf\":{\"@id\":\"https:\/\/www.encontramoema.com.br\/sobre\/#website\"},\"datePublished\":\"2012-07-25T20:33:19+00:00\",\"dateModified\":\"2019-04-12T21:02:20+00:00\",\"author\":{\"@id\":\"https:\/\/www.encontramoema.com.br\/sobre\/#\/schema\/person\/3c3656d12b82130d77eba13c4ef23efa\"},\"breadcrumb\":{\"@id\":\"https:\/\/www.encontramoema.com.br\/sobre\/monotrilho-do-abc-tera-ligacao-com-a-futura-linha-entre-lapa-e-moema\/#breadcrumb\"},\"inLanguage\":\"pt-BR\",\"potentialAction\":[{\"@type\":\"ReadAction\",\"target\":[\"https:\/\/www.encontramoema.com.br\/sobre\/monotrilho-do-abc-tera-ligacao-com-a-futura-linha-entre-lapa-e-moema\/\"]}]},{\"@type\":\"BreadcrumbList\",\"@id\":\"https:\/\/www.encontramoema.com.br\/sobre\/monotrilho-do-abc-tera-ligacao-com-a-futura-linha-entre-lapa-e-moema\/#breadcrumb\",\"itemListElement\":[{\"@type\":\"ListItem\",\"position\":1,\"name\":\"In\u00edcio\",\"item\":\"https:\/\/www.encontramoema.com.br\/sobre\/\"},{\"@type\":\"ListItem\",\"position\":2,\"name\":\"Monotrilho do ABC ter\u00e1 liga\u00e7\u00e3o com a futura linha entre Lapa e Moema\"}]},{\"@type\":\"WebSite\",\"@id\":\"https:\/\/www.encontramoema.com.br\/sobre\/#website\",\"url\":\"https:\/\/www.encontramoema.com.br\/sobre\/\",\"name\":\"Encontra Moema\",\"description\":\"Not\u00edcias, eventos, informa\u00e7\u00f5es e dicas no bairro de Moema e regi\u00e3o.\",\"potentialAction\":[{\"@type\":\"SearchAction\",\"target\":{\"@type\":\"EntryPoint\",\"urlTemplate\":\"https:\/\/www.encontramoema.com.br\/sobre\/?s={search_term_string}\"},\"query-input\":{\"@type\":\"PropertyValueSpecification\",\"valueRequired\":true,\"valueName\":\"search_term_string\"}}],\"inLanguage\":\"pt-BR\"},{\"@type\":\"Person\",\"@id\":\"https:\/\/www.encontramoema.com.br\/sobre\/#\/schema\/person\/3c3656d12b82130d77eba13c4ef23efa\",\"name\":\"Encontra Moema\",\"image\":{\"@type\":\"ImageObject\",\"inLanguage\":\"pt-BR\",\"@id\":\"https:\/\/www.encontramoema.com.br\/sobre\/#\/schema\/person\/image\/\",\"url\":\"https:\/\/secure.gravatar.com\/avatar\/0fbed662e37531ae23e68f85f9517b2454e50c1dfebf80eb9b721449ac95e0b9?s=96&d=mm&r=g\",\"contentUrl\":\"https:\/\/secure.gravatar.com\/avatar\/0fbed662e37531ae23e68f85f9517b2454e50c1dfebf80eb9b721449ac95e0b9?s=96&d=mm&r=g\",\"caption\":\"Encontra Moema\"},\"url\":\"https:\/\/www.encontramoema.com.br\/sobre\/author\/emoema\/\"}]}<\/script>\n<!-- \/ Yoast SEO plugin. -->","yoast_head_json":{"title":"Monotrilho do ABC ter\u00e1 liga\u00e7\u00e3o com a futura linha entre Lapa e Moema - Encontra Moema","robots":{"index":"index","follow":"follow","max-snippet":"max-snippet:-1","max-image-preview":"max-image-preview:large","max-video-preview":"max-video-preview:-1"},"canonical":"https:\/\/www.encontramoema.com.br\/sobre\/monotrilho-do-abc-tera-ligacao-com-a-futura-linha-entre-lapa-e-moema\/","og_locale":"pt_BR","og_type":"article","og_title":"Monotrilho do ABC ter\u00e1 liga\u00e7\u00e3o com a futura linha entre Lapa e Moema - Encontra Moema","og_description":"Previsto para funcionar em 2015, o monotrilho que ligar\u00e1 S\u00e3o Bernardo \u00e0 esta\u00e7\u00e3o Tamanduate\u00ed da linha Verde do metr\u00f4, passando por Santo Andr\u00e9 e S\u00e3o Caetano, ter\u00e1 conex\u00e3o tamb\u00e9m com outro ramal: a futura linha 20-Rosa, entre a\u00a0Lapa\u00a0eo bairro de\u00a0Moema. O Estado deu semana passada, com o lan\u00e7amento da licita\u00e7\u00e3o para contrata\u00e7\u00e3o do projeto funcional, o primeiro passo para tirar o projeto do papel. Na defini\u00e7\u00e3o do metr\u00f4, a linha ter\u00e1 \u201ca fun\u00e7\u00e3o de interligar os subcentros Lapa, Pinheiros, Faria Lima, Itaim Bibi, Vila Ol\u00edmpia e Moema com a regi\u00e3o de S\u00e3o Judas\u2013Jabaquara e a regi\u00e3o industrial do ABC\u201d. O","og_url":"https:\/\/www.encontramoema.com.br\/sobre\/monotrilho-do-abc-tera-ligacao-com-a-futura-linha-entre-lapa-e-moema\/","og_site_name":"Encontra Moema","article_published_time":"2012-07-25T20:33:19+00:00","article_modified_time":"2019-04-12T21:02:20+00:00","author":"Encontra Moema","twitter_card":"summary_large_image","twitter_misc":{"Escrito por":"Encontra Moema","Est. tempo de leitura":"2 minutos"},"schema":{"@context":"https:\/\/schema.org","@graph":[{"@type":"WebPage","@id":"https:\/\/www.encontramoema.com.br\/sobre\/monotrilho-do-abc-tera-ligacao-com-a-futura-linha-entre-lapa-e-moema\/","url":"https:\/\/www.encontramoema.com.br\/sobre\/monotrilho-do-abc-tera-ligacao-com-a-futura-linha-entre-lapa-e-moema\/","name":"Monotrilho do ABC ter\u00e1 liga\u00e7\u00e3o com a futura linha entre Lapa e Moema - Encontra Moema","isPartOf":{"@id":"https:\/\/www.encontramoema.com.br\/sobre\/#website"},"datePublished":"2012-07-25T20:33:19+00:00","dateModified":"2019-04-12T21:02:20+00:00","author":{"@id":"https:\/\/www.encontramoema.com.br\/sobre\/#\/schema\/person\/3c3656d12b82130d77eba13c4ef23efa"},"breadcrumb":{"@id":"https:\/\/www.encontramoema.com.br\/sobre\/monotrilho-do-abc-tera-ligacao-com-a-futura-linha-entre-lapa-e-moema\/#breadcrumb"},"inLanguage":"pt-BR","potentialAction":[{"@type":"ReadAction","target":["https:\/\/www.encontramoema.com.br\/sobre\/monotrilho-do-abc-tera-ligacao-com-a-futura-linha-entre-lapa-e-moema\/"]}]},{"@type":"BreadcrumbList","@id":"https:\/\/www.encontramoema.com.br\/sobre\/monotrilho-do-abc-tera-ligacao-com-a-futura-linha-entre-lapa-e-moema\/#breadcrumb","itemListElement":[{"@type":"ListItem","position":1,"name":"In\u00edcio","item":"https:\/\/www.encontramoema.com.br\/sobre\/"},{"@type":"ListItem","position":2,"name":"Monotrilho do ABC ter\u00e1 liga\u00e7\u00e3o com a futura linha entre Lapa e Moema"}]},{"@type":"WebSite","@id":"https:\/\/www.encontramoema.com.br\/sobre\/#website","url":"https:\/\/www.encontramoema.com.br\/sobre\/","name":"Encontra Moema","description":"Not\u00edcias, eventos, informa\u00e7\u00f5es e dicas no bairro de Moema e regi\u00e3o.","potentialAction":[{"@type":"SearchAction","target":{"@type":"EntryPoint","urlTemplate":"https:\/\/www.encontramoema.com.br\/sobre\/?s={search_term_string}"},"query-input":{"@type":"PropertyValueSpecification","valueRequired":true,"valueName":"search_term_string"}}],"inLanguage":"pt-BR"},{"@type":"Person","@id":"https:\/\/www.encontramoema.com.br\/sobre\/#\/schema\/person\/3c3656d12b82130d77eba13c4ef23efa","name":"Encontra Moema","image":{"@type":"ImageObject","inLanguage":"pt-BR","@id":"https:\/\/www.encontramoema.com.br\/sobre\/#\/schema\/person\/image\/","url":"https:\/\/secure.gravatar.com\/avatar\/0fbed662e37531ae23e68f85f9517b2454e50c1dfebf80eb9b721449ac95e0b9?s=96&d=mm&r=g","contentUrl":"https:\/\/secure.gravatar.com\/avatar\/0fbed662e37531ae23e68f85f9517b2454e50c1dfebf80eb9b721449ac95e0b9?s=96&d=mm&r=g","caption":"Encontra Moema"},"url":"https:\/\/www.encontramoema.com.br\/sobre\/author\/emoema\/"}]}},"_links":{"self":[{"href":"https:\/\/www.encontramoema.com.br\/sobre\/wp-json\/wp\/v2\/posts\/10711","targetHints":{"allow":["GET"]}}],"collection":[{"href":"https:\/\/www.encontramoema.com.br\/sobre\/wp-json\/wp\/v2\/posts"}],"about":[{"href":"https:\/\/www.encontramoema.com.br\/sobre\/wp-json\/wp\/v2\/types\/post"}],"author":[{"embeddable":true,"href":"https:\/\/www.encontramoema.com.br\/sobre\/wp-json\/wp\/v2\/users\/1"}],"replies":[{"embeddable":true,"href":"https:\/\/www.encontramoema.com.br\/sobre\/wp-json\/wp\/v2\/comments?post=10711"}],"version-history":[{"count":0,"href":"https:\/\/www.encontramoema.com.br\/sobre\/wp-json\/wp\/v2\/posts\/10711\/revisions"}],"wp:attachment":[{"href":"https:\/\/www.encontramoema.com.br\/sobre\/wp-json\/wp\/v2\/media?parent=10711"}],"wp:term":[{"taxonomy":"category","embeddable":true,"href":"https:\/\/www.encontramoema.com.br\/sobre\/wp-json\/wp\/v2\/categories?post=10711"},{"taxonomy":"post_tag","embeddable":true,"href":"https:\/\/www.encontramoema.com.br\/sobre\/wp-json\/wp\/v2\/tags?post=10711"}],"curies":[{"name":"wp","href":"https:\/\/api.w.org\/{rel}","templated":true}]}}