{"id":11277,"date":"2012-08-30T18:45:26","date_gmt":"2012-08-30T20:45:26","guid":{"rendered":"http:\/\/www.encontramoema.com.br\/blog\/?p=11277"},"modified":"2019-04-12T19:02:19","modified_gmt":"2019-04-12T21:02:19","slug":"auditorio-ibirapuera-recebe-o-show-creme-na-pele-do-samba","status":"publish","type":"post","link":"https:\/\/www.encontramoema.com.br\/sobre\/auditorio-ibirapuera-recebe-o-show-creme-na-pele-do-samba\/","title":{"rendered":"Audit\u00f3rio Ibirapuera recebe o show Creme na Pele do Samba"},"content":{"rendered":"<div class=\"b7f545a958fd6350ffae2d30a84cafb8\" data-index=\"1\" style=\"float: none; margin:0px;\">\n<!-- Anuncio display - global -->\r\n<ins class=\"adsbygoogle\"\r\n     style=\"display:block\"\r\n     data-ad-client=\"ca-pub-8585364105181520\"\r\n     data-ad-slot=\"8789329856\"\r\n     data-ad-format=\"auto\"\r\n     data-full-width-responsive=\"true\"><\/ins>\r\n<script>\r\n     (adsbygoogle = window.adsbygoogle || []).push({});\r\n<\/script>\n<\/div>\n<p>Fernando Salem, Patr\u00edcia Ribeiro e Andr\u00e9 Abujamra apresentam o espet\u00e1culo &#8220;Creme na Pele do Samba&#8221; nesta sexta (31), no <a href=\"http:\/\/www.encontramoema.com.br\/moema\/auditorio-ibirapuera.shtml\" target=\"_blank\">Audit\u00f3rio Ibirapuera<\/a>.<\/p>\n<p>O conceito nasce do encadeamento de um repert\u00f3rio variado, onde a novidade se aproxima da tradi\u00e7\u00e3o. O samba n\u00e3o aparece como ritmo, mas como o ponto de partida conceitual na g\u00eanese de can\u00e7\u00f5es e arranjos m\u00faltiplos, para m\u00fasicas de \u00e9pocas e g\u00eaneros diversos.<\/p>\n<p>A inven\u00e7\u00e3o do novo e a reinven\u00e7\u00e3o do antigo aproximam m\u00fasicas que, lado a lado, formam uma costura \u00fanica. As can\u00e7\u00f5es conversam entre si, num divertido liga-pontos no tempo e no espa\u00e7o.<\/p>\n<p>No palco, o compositor e violonista Fernando Salem e a violoncelista Patr\u00edcia Ribeiro, com dire\u00e7\u00e3o e participa\u00e7\u00e3o especial de Andr\u00e9 Abujamra, fazem essa experi\u00eancia sonora, com cl\u00e1ssicos da can\u00e7\u00e3o brasileira e composi\u00e7\u00f5es in\u00e9ditas, criando uma narrativa onde letras e melodias travam di\u00e1logos.<\/p>\n<p><strong>Coro Luther King<\/strong><\/p>\n<p><strong>Data:\u00a0<\/strong>31 de agosto de 2012<br \/>\n<strong>Hor\u00e1rio:<\/strong>\u00a0Sexta, 21h;<br \/>\n<strong>Local:<\/strong>\u00a0Audit\u00f3rio Ibirapuera\u00a0\u2013\u00a0<a href=\"http:\/\/www.encontramoema.com.br\/moema\/parque-do-ibirapuera.shtml\" target=\"_blank\">Parque do Ibirapuera<\/a>\u00a0&#8211;\u00a0Moema<br \/>\n<strong>Endere\u00e7o:<\/strong>\u00a0Rua Pedro \u00c1lvares Cabral, s\/ n\u00ba,\u00a0Moema<br \/>\n<strong>Ingressos:<\/strong>\u00a0R$ 20,00 e R$ 10,00 (meia-entrada)<br \/>\n<strong>Telefone:<\/strong>\u00a0(11) 3629-1075<\/p>\n<p><em>Fonte: Audit\u00f3rio Ibirapuera<\/em><\/p>\n\n<div style=\"font-size: 0px; height: 0px; line-height: 0px; margin: 0; padding: 0; clear: both;\"><\/div>","protected":false},"excerpt":{"rendered":"<p>Fernando Salem, Patr\u00edcia Ribeiro e Andr\u00e9 Abujamra apresentam o espet\u00e1culo &#8220;Creme na Pele do Samba&#8221; nesta sexta (31), no Audit\u00f3rio Ibirapuera. O conceito nasce do encadeamento de um repert\u00f3rio variado, onde a novidade se aproxima da tradi\u00e7\u00e3o. O samba n\u00e3o aparece como ritmo, mas como o ponto de partida conceitual na g\u00eanese de can\u00e7\u00f5es e arranjos m\u00faltiplos, para m\u00fasicas de \u00e9pocas e g\u00eaneros diversos. A inven\u00e7\u00e3o do novo e a reinven\u00e7\u00e3o do antigo aproximam m\u00fasicas que, lado a lado, formam uma costura \u00fanica. As can\u00e7\u00f5es conversam entre si, num divertido liga-pontos no tempo e no espa\u00e7o. No palco, o compositor <\/p>\n","protected":false},"author":1,"featured_media":0,"comment_status":"open","ping_status":"closed","sticky":false,"template":"","format":"standard","meta":{"footnotes":""},"categories":[10],"tags":[7],"class_list":["post-11277","post","type-post","status-publish","format-standard","hentry","category-shows-em-moema","tag-moema"],"yoast_head":"<!-- This site is optimized with the Yoast SEO plugin v26.3 - https:\/\/yoast.com\/wordpress\/plugins\/seo\/ -->\n<title>Audit\u00f3rio Ibirapuera recebe o show Creme na Pele do Samba - Encontra Moema<\/title>\n<meta name=\"robots\" content=\"index, follow, max-snippet:-1, max-image-preview:large, max-video-preview:-1\" \/>\n<link rel=\"canonical\" href=\"https:\/\/www.encontramoema.com.br\/sobre\/auditorio-ibirapuera-recebe-o-show-creme-na-pele-do-samba\/\" \/>\n<meta property=\"og:locale\" content=\"pt_BR\" \/>\n<meta property=\"og:type\" content=\"article\" \/>\n<meta property=\"og:title\" content=\"Audit\u00f3rio Ibirapuera recebe o show Creme na Pele do Samba - Encontra Moema\" \/>\n<meta property=\"og:description\" content=\"Fernando Salem, Patr\u00edcia Ribeiro e Andr\u00e9 Abujamra apresentam o espet\u00e1culo &#8220;Creme na Pele do Samba&#8221; nesta sexta (31), no Audit\u00f3rio Ibirapuera. O conceito nasce do encadeamento de um repert\u00f3rio variado, onde a novidade se aproxima da tradi\u00e7\u00e3o. O samba n\u00e3o aparece como ritmo, mas como o ponto de partida conceitual na g\u00eanese de can\u00e7\u00f5es e arranjos m\u00faltiplos, para m\u00fasicas de \u00e9pocas e g\u00eaneros diversos. A inven\u00e7\u00e3o do novo e a reinven\u00e7\u00e3o do antigo aproximam m\u00fasicas que, lado a lado, formam uma costura \u00fanica. As can\u00e7\u00f5es conversam entre si, num divertido liga-pontos no tempo e no espa\u00e7o. No palco, o compositor\" \/>\n<meta property=\"og:url\" content=\"https:\/\/www.encontramoema.com.br\/sobre\/auditorio-ibirapuera-recebe-o-show-creme-na-pele-do-samba\/\" \/>\n<meta property=\"og:site_name\" content=\"Encontra Moema\" \/>\n<meta property=\"article:published_time\" content=\"2012-08-30T20:45:26+00:00\" \/>\n<meta property=\"article:modified_time\" content=\"2019-04-12T21:02:19+00:00\" \/>\n<meta name=\"author\" content=\"Encontra Moema\" \/>\n<meta name=\"twitter:card\" content=\"summary_large_image\" \/>\n<meta name=\"twitter:label1\" content=\"Escrito por\" \/>\n\t<meta name=\"twitter:data1\" content=\"Encontra Moema\" \/>\n\t<meta name=\"twitter:label2\" content=\"Est. tempo de leitura\" \/>\n\t<meta name=\"twitter:data2\" content=\"1 minuto\" \/>\n<script type=\"application\/ld+json\" class=\"yoast-schema-graph\">{\"@context\":\"https:\/\/schema.org\",\"@graph\":[{\"@type\":\"WebPage\",\"@id\":\"https:\/\/www.encontramoema.com.br\/sobre\/auditorio-ibirapuera-recebe-o-show-creme-na-pele-do-samba\/\",\"url\":\"https:\/\/www.encontramoema.com.br\/sobre\/auditorio-ibirapuera-recebe-o-show-creme-na-pele-do-samba\/\",\"name\":\"Audit\u00f3rio Ibirapuera recebe o show Creme na Pele do Samba - Encontra Moema\",\"isPartOf\":{\"@id\":\"https:\/\/www.encontramoema.com.br\/sobre\/#website\"},\"datePublished\":\"2012-08-30T20:45:26+00:00\",\"dateModified\":\"2019-04-12T21:02:19+00:00\",\"author\":{\"@id\":\"https:\/\/www.encontramoema.com.br\/sobre\/#\/schema\/person\/3c3656d12b82130d77eba13c4ef23efa\"},\"breadcrumb\":{\"@id\":\"https:\/\/www.encontramoema.com.br\/sobre\/auditorio-ibirapuera-recebe-o-show-creme-na-pele-do-samba\/#breadcrumb\"},\"inLanguage\":\"pt-BR\",\"potentialAction\":[{\"@type\":\"ReadAction\",\"target\":[\"https:\/\/www.encontramoema.com.br\/sobre\/auditorio-ibirapuera-recebe-o-show-creme-na-pele-do-samba\/\"]}]},{\"@type\":\"BreadcrumbList\",\"@id\":\"https:\/\/www.encontramoema.com.br\/sobre\/auditorio-ibirapuera-recebe-o-show-creme-na-pele-do-samba\/#breadcrumb\",\"itemListElement\":[{\"@type\":\"ListItem\",\"position\":1,\"name\":\"In\u00edcio\",\"item\":\"https:\/\/www.encontramoema.com.br\/sobre\/\"},{\"@type\":\"ListItem\",\"position\":2,\"name\":\"Audit\u00f3rio Ibirapuera recebe o show Creme na Pele do Samba\"}]},{\"@type\":\"WebSite\",\"@id\":\"https:\/\/www.encontramoema.com.br\/sobre\/#website\",\"url\":\"https:\/\/www.encontramoema.com.br\/sobre\/\",\"name\":\"Encontra Moema\",\"description\":\"Not\u00edcias, eventos, informa\u00e7\u00f5es e dicas no bairro de Moema e regi\u00e3o.\",\"potentialAction\":[{\"@type\":\"SearchAction\",\"target\":{\"@type\":\"EntryPoint\",\"urlTemplate\":\"https:\/\/www.encontramoema.com.br\/sobre\/?s={search_term_string}\"},\"query-input\":{\"@type\":\"PropertyValueSpecification\",\"valueRequired\":true,\"valueName\":\"search_term_string\"}}],\"inLanguage\":\"pt-BR\"},{\"@type\":\"Person\",\"@id\":\"https:\/\/www.encontramoema.com.br\/sobre\/#\/schema\/person\/3c3656d12b82130d77eba13c4ef23efa\",\"name\":\"Encontra Moema\",\"image\":{\"@type\":\"ImageObject\",\"inLanguage\":\"pt-BR\",\"@id\":\"https:\/\/www.encontramoema.com.br\/sobre\/#\/schema\/person\/image\/\",\"url\":\"https:\/\/secure.gravatar.com\/avatar\/0fbed662e37531ae23e68f85f9517b2454e50c1dfebf80eb9b721449ac95e0b9?s=96&d=mm&r=g\",\"contentUrl\":\"https:\/\/secure.gravatar.com\/avatar\/0fbed662e37531ae23e68f85f9517b2454e50c1dfebf80eb9b721449ac95e0b9?s=96&d=mm&r=g\",\"caption\":\"Encontra Moema\"},\"url\":\"https:\/\/www.encontramoema.com.br\/sobre\/author\/emoema\/\"}]}<\/script>\n<!-- \/ Yoast SEO plugin. -->","yoast_head_json":{"title":"Audit\u00f3rio Ibirapuera recebe o show Creme na Pele do Samba - Encontra Moema","robots":{"index":"index","follow":"follow","max-snippet":"max-snippet:-1","max-image-preview":"max-image-preview:large","max-video-preview":"max-video-preview:-1"},"canonical":"https:\/\/www.encontramoema.com.br\/sobre\/auditorio-ibirapuera-recebe-o-show-creme-na-pele-do-samba\/","og_locale":"pt_BR","og_type":"article","og_title":"Audit\u00f3rio Ibirapuera recebe o show Creme na Pele do Samba - Encontra Moema","og_description":"Fernando Salem, Patr\u00edcia Ribeiro e Andr\u00e9 Abujamra apresentam o espet\u00e1culo &#8220;Creme na Pele do Samba&#8221; nesta sexta (31), no Audit\u00f3rio Ibirapuera. O conceito nasce do encadeamento de um repert\u00f3rio variado, onde a novidade se aproxima da tradi\u00e7\u00e3o. O samba n\u00e3o aparece como ritmo, mas como o ponto de partida conceitual na g\u00eanese de can\u00e7\u00f5es e arranjos m\u00faltiplos, para m\u00fasicas de \u00e9pocas e g\u00eaneros diversos. A inven\u00e7\u00e3o do novo e a reinven\u00e7\u00e3o do antigo aproximam m\u00fasicas que, lado a lado, formam uma costura \u00fanica. As can\u00e7\u00f5es conversam entre si, num divertido liga-pontos no tempo e no espa\u00e7o. No palco, o compositor","og_url":"https:\/\/www.encontramoema.com.br\/sobre\/auditorio-ibirapuera-recebe-o-show-creme-na-pele-do-samba\/","og_site_name":"Encontra Moema","article_published_time":"2012-08-30T20:45:26+00:00","article_modified_time":"2019-04-12T21:02:19+00:00","author":"Encontra Moema","twitter_card":"summary_large_image","twitter_misc":{"Escrito por":"Encontra Moema","Est. tempo de leitura":"1 minuto"},"schema":{"@context":"https:\/\/schema.org","@graph":[{"@type":"WebPage","@id":"https:\/\/www.encontramoema.com.br\/sobre\/auditorio-ibirapuera-recebe-o-show-creme-na-pele-do-samba\/","url":"https:\/\/www.encontramoema.com.br\/sobre\/auditorio-ibirapuera-recebe-o-show-creme-na-pele-do-samba\/","name":"Audit\u00f3rio Ibirapuera recebe o show Creme na Pele do Samba - Encontra Moema","isPartOf":{"@id":"https:\/\/www.encontramoema.com.br\/sobre\/#website"},"datePublished":"2012-08-30T20:45:26+00:00","dateModified":"2019-04-12T21:02:19+00:00","author":{"@id":"https:\/\/www.encontramoema.com.br\/sobre\/#\/schema\/person\/3c3656d12b82130d77eba13c4ef23efa"},"breadcrumb":{"@id":"https:\/\/www.encontramoema.com.br\/sobre\/auditorio-ibirapuera-recebe-o-show-creme-na-pele-do-samba\/#breadcrumb"},"inLanguage":"pt-BR","potentialAction":[{"@type":"ReadAction","target":["https:\/\/www.encontramoema.com.br\/sobre\/auditorio-ibirapuera-recebe-o-show-creme-na-pele-do-samba\/"]}]},{"@type":"BreadcrumbList","@id":"https:\/\/www.encontramoema.com.br\/sobre\/auditorio-ibirapuera-recebe-o-show-creme-na-pele-do-samba\/#breadcrumb","itemListElement":[{"@type":"ListItem","position":1,"name":"In\u00edcio","item":"https:\/\/www.encontramoema.com.br\/sobre\/"},{"@type":"ListItem","position":2,"name":"Audit\u00f3rio Ibirapuera recebe o show Creme na Pele do Samba"}]},{"@type":"WebSite","@id":"https:\/\/www.encontramoema.com.br\/sobre\/#website","url":"https:\/\/www.encontramoema.com.br\/sobre\/","name":"Encontra Moema","description":"Not\u00edcias, eventos, informa\u00e7\u00f5es e dicas no bairro de Moema e regi\u00e3o.","potentialAction":[{"@type":"SearchAction","target":{"@type":"EntryPoint","urlTemplate":"https:\/\/www.encontramoema.com.br\/sobre\/?s={search_term_string}"},"query-input":{"@type":"PropertyValueSpecification","valueRequired":true,"valueName":"search_term_string"}}],"inLanguage":"pt-BR"},{"@type":"Person","@id":"https:\/\/www.encontramoema.com.br\/sobre\/#\/schema\/person\/3c3656d12b82130d77eba13c4ef23efa","name":"Encontra Moema","image":{"@type":"ImageObject","inLanguage":"pt-BR","@id":"https:\/\/www.encontramoema.com.br\/sobre\/#\/schema\/person\/image\/","url":"https:\/\/secure.gravatar.com\/avatar\/0fbed662e37531ae23e68f85f9517b2454e50c1dfebf80eb9b721449ac95e0b9?s=96&d=mm&r=g","contentUrl":"https:\/\/secure.gravatar.com\/avatar\/0fbed662e37531ae23e68f85f9517b2454e50c1dfebf80eb9b721449ac95e0b9?s=96&d=mm&r=g","caption":"Encontra Moema"},"url":"https:\/\/www.encontramoema.com.br\/sobre\/author\/emoema\/"}]}},"_links":{"self":[{"href":"https:\/\/www.encontramoema.com.br\/sobre\/wp-json\/wp\/v2\/posts\/11277","targetHints":{"allow":["GET"]}}],"collection":[{"href":"https:\/\/www.encontramoema.com.br\/sobre\/wp-json\/wp\/v2\/posts"}],"about":[{"href":"https:\/\/www.encontramoema.com.br\/sobre\/wp-json\/wp\/v2\/types\/post"}],"author":[{"embeddable":true,"href":"https:\/\/www.encontramoema.com.br\/sobre\/wp-json\/wp\/v2\/users\/1"}],"replies":[{"embeddable":true,"href":"https:\/\/www.encontramoema.com.br\/sobre\/wp-json\/wp\/v2\/comments?post=11277"}],"version-history":[{"count":0,"href":"https:\/\/www.encontramoema.com.br\/sobre\/wp-json\/wp\/v2\/posts\/11277\/revisions"}],"wp:attachment":[{"href":"https:\/\/www.encontramoema.com.br\/sobre\/wp-json\/wp\/v2\/media?parent=11277"}],"wp:term":[{"taxonomy":"category","embeddable":true,"href":"https:\/\/www.encontramoema.com.br\/sobre\/wp-json\/wp\/v2\/categories?post=11277"},{"taxonomy":"post_tag","embeddable":true,"href":"https:\/\/www.encontramoema.com.br\/sobre\/wp-json\/wp\/v2\/tags?post=11277"}],"curies":[{"name":"wp","href":"https:\/\/api.w.org\/{rel}","templated":true}]}}