{"id":1169,"date":"2011-05-20T17:20:44","date_gmt":"2011-05-20T19:20:44","guid":{"rendered":"http:\/\/www.encontramoema.com.br\/blog\/?p=1169"},"modified":"2019-04-12T19:05:19","modified_gmt":"2019-04-12T21:05:19","slug":"virada-sustentavel-tera-abertura-no-parque-do-ibirapuera","status":"publish","type":"post","link":"https:\/\/www.encontramoema.com.br\/sobre\/virada-sustentavel-tera-abertura-no-parque-do-ibirapuera\/","title":{"rendered":"Virada Sustent\u00e1vel ter\u00e1 abertura no Parque do Ibirapuera"},"content":{"rendered":"<div class=\"b7f545a958fd6350ffae2d30a84cafb8\" data-index=\"1\" style=\"float: none; margin:0px;\">\n<!-- Anuncio display - global -->\r\n<ins class=\"adsbygoogle\"\r\n     style=\"display:block\"\r\n     data-ad-client=\"ca-pub-8585364105181520\"\r\n     data-ad-slot=\"8789329856\"\r\n     data-ad-format=\"auto\"\r\n     data-full-width-responsive=\"true\"><\/ins>\r\n<script>\r\n     (adsbygoogle = window.adsbygoogle || []).push({});\r\n<\/script>\n<\/div>\n<p>Os organizadores da 1\u00aa Virada Sustent\u00e1vel de S\u00e3o Paulo &#8211; uma esp\u00e9cie de Virada Cultural com temas ligados ao meio ambiente e qualidade de vida &#8211; anunciaram hoje que o evento previsto para os dias 4 e 5 de junho ter\u00e1 mais de 300 atra\u00e7\u00f5es, em 60 locais diferentes da capital paulista. Entre eles est\u00e3o sete parques, museus, esta\u00e7\u00f5es de metr\u00f4, shoppings, cinemas, livrarias, al\u00e9m de outros pontos, como a Pinacoteca do Estado, o Mercado Municipal e a Esta\u00e7\u00e3o Ci\u00eancia.<\/p>\n<p>No s\u00e1bado, dia 4, a programa\u00e7\u00e3o acontecer\u00e1 das 8 horas at\u00e9 a meia-noite, e domingo (5), Dia Mundial do Meio Ambiente, das 8 horas \u00e0s 20 horas. Todas as atra\u00e7\u00f5es ser\u00e3o gratuitas. A abertura ser\u00e1 nos parques, entre eles o <a href=\"http:\/\/www.encontramoema.com.br\/moema\/parque-do-ibirapuera.shtml\" target=\"_blank\">Parque do Ibirapuera<\/a>, o Parque Villa-Lobos e o da Parque da \u00c1gua Branca, com sess\u00f5es de medita\u00e7\u00e3o e ioga, a partir das 8 horas de s\u00e1bado.<\/p>\n<p>&#8220;A Virada Sustent\u00e1vel ser\u00e1 uma reuni\u00e3o de atra\u00e7\u00f5es com conte\u00fado ligado a temas da sustentabilidade&#8221;, disse o jornalista Andr\u00e9 Palhano, organizador do evento. &#8220;A ideia \u00e9 levar essas informa\u00e7\u00f5es para a popula\u00e7\u00e3o de um jeito agrad\u00e1vel, n\u00e3o pela restri\u00e7\u00e3o, dizendo &#8216;isso pode ou isso n\u00e3o pode'&#8221;, explica.<\/p>\n<p>Ao contr\u00e1rio da Virada Cultural, a Virada Sustent\u00e1vel n\u00e3o vai se estender pela madrugada. Segundo Palhano, a organiza\u00e7\u00e3o decidiu recusar a proposta de uma &#8220;balada sustent\u00e1vel&#8221;. Foi vetado inclusive o patroc\u00ednio de empresas de bebidas alco\u00f3licas e tabaco. O nome &#8220;Virada&#8221;, por\u00e9m, foi mantido porque virou sin\u00f4nimo de atividades culturais gratuitas e de qualidade na cidade, explica Palhano. &#8220;Tamb\u00e9m d\u00e1 a ideia de virada de cabe\u00e7a, de postura&#8221;, acrescenta.<\/p>\n<p>A expectativa \u00e9 de que 2 milh\u00f5es de pessoas participem do evento, que ter\u00e1 exposi\u00e7\u00f5es, mostras de filmes, oficinas educativas, teatro infantil e palestras. Essa expectativa de p\u00fablico leva em conta as pessoas que devem ter contato com a Virada em locais movimentados, como o Parque Ibirapuera e algumas esta\u00e7\u00f5es de metr\u00f4. Uma das empresas apoiadora da Virada pretende fazer um invent\u00e1rio de gases causadores do efeito estufa emitidos durante a maratona, levando em conta o p\u00fablico, o consumo de \u00e1gua e energia e a utiliza\u00e7\u00e3o dos transportes. Em seguida, a empresa promete plantar de 4 mil a 6 mil \u00e1rvores para neutralizar a emiss\u00e3o de g\u00e1s carb\u00f4nico.<\/p>\n<p><strong>Programa\u00e7\u00e3o<\/strong><\/p>\n<p>Entre os destaques da programa\u00e7\u00e3o est\u00e3o o circuito popular de corrida de rua no Parque Ecol\u00f3gico do Tiet\u00ea; a instala\u00e7\u00e3o &#8220;Urban Trash Art&#8221;, com lixo reciclado, no Museu da Imagem e do Som (MIS); uma mostra de cinema com filmes engajados, no Instituto Goethe; a exposi\u00e7\u00e3o &#8220;Somos Terra&#8221; com jogos e pe\u00e7as interativas sobre a natureza, no Parque Ibirapuera; uma palestra sobre bioconstru\u00e7\u00e3o na Universidade de S\u00e3o Paulo (USP); a feira de troca de livros, CDs, roupas e brinquedos na Rua Fidalga, na Vila Madalena; al\u00e9m de v\u00e1rias pe\u00e7as de teatro infantil e oficinas que ensinam o cultivo de hortas, artesanato e reciclagem.<\/p>\n<p>A escola de samba paulistana Leandro de Itaquera tamb\u00e9m vai aproveitar a Virada para lan\u00e7ar seu enredo do carnaval 2012, cujo tema ser\u00e1 o meio ambiente. A escola vai se apresentar no Parque Villa-Lobos, no domingo. A programa\u00e7\u00e3o completa, com detalhes de hor\u00e1rios e locais, estar\u00e1 dispon\u00edvel no site na internet viradasustentavel.com a partir de segunda-feira.<\/p>\n<p>Na apresenta\u00e7\u00e3o \u00e0 imprensa hoje, a organiza\u00e7\u00e3o n\u00e3o tinha uma estimativa do custo do evento. Segundo Palhano, cerca de 10% foi bancado por empresas patrocinadoras, e a maior parte foi financiada pelas pr\u00f3prias organiza\u00e7\u00f5es respons\u00e1veis pelas atra\u00e7\u00f5es, entre elas organiza\u00e7\u00f5es n\u00e3o governamentais (ONGs) como Greenpeace, SOS Mata Atl\u00e2ntica, Instituto Akatu, Rede Nossa S\u00e3o Paulo, WWF Brasil e outras. A Prefeitura de S\u00e3o Paulo e o governo estadual d\u00e3o apoio institucional \u00e0 Virada Sustent\u00e1vel, cedendo espa\u00e7os p\u00fablicos. &#8220;N\u00e3o gastamos um centavo de dinheiro p\u00fablico&#8221;, afirmou Palhano.<\/p>\n<p><em>Fonte: G1<\/em><\/p>\n\n<div style=\"font-size: 0px; height: 0px; line-height: 0px; margin: 0; padding: 0; clear: both;\"><\/div>","protected":false},"excerpt":{"rendered":"<p>Os organizadores da 1\u00aa Virada Sustent\u00e1vel de S\u00e3o Paulo &#8211; uma esp\u00e9cie de Virada Cultural com temas ligados ao meio ambiente e qualidade de vida &#8211; anunciaram hoje que o evento previsto para os dias 4 e 5 de junho ter\u00e1 mais de 300 atra\u00e7\u00f5es, em 60 locais diferentes da capital paulista. Entre eles est\u00e3o sete parques, museus, esta\u00e7\u00f5es de metr\u00f4, shoppings, cinemas, livrarias, al\u00e9m de outros pontos, como a Pinacoteca do Estado, o Mercado Municipal e a Esta\u00e7\u00e3o Ci\u00eancia. No s\u00e1bado, dia 4, a programa\u00e7\u00e3o acontecer\u00e1 das 8 horas at\u00e9 a meia-noite, e domingo (5), Dia Mundial do Meio <\/p>\n","protected":false},"author":1,"featured_media":0,"comment_status":"open","ping_status":"closed","sticky":false,"template":"","format":"standard","meta":{"footnotes":""},"categories":[1],"tags":[7],"class_list":["post-1169","post","type-post","status-publish","format-standard","hentry","category-noticias-em-moema","tag-moema"],"yoast_head":"<!-- This site is optimized with the Yoast SEO plugin v26.3 - https:\/\/yoast.com\/wordpress\/plugins\/seo\/ -->\n<title>Virada Sustent\u00e1vel ter\u00e1 abertura no Parque do Ibirapuera - Encontra Moema<\/title>\n<meta name=\"robots\" content=\"index, follow, max-snippet:-1, max-image-preview:large, max-video-preview:-1\" \/>\n<link rel=\"canonical\" href=\"https:\/\/www.encontramoema.com.br\/sobre\/virada-sustentavel-tera-abertura-no-parque-do-ibirapuera\/\" \/>\n<meta property=\"og:locale\" content=\"pt_BR\" \/>\n<meta property=\"og:type\" content=\"article\" \/>\n<meta property=\"og:title\" content=\"Virada Sustent\u00e1vel ter\u00e1 abertura no Parque do Ibirapuera - Encontra Moema\" \/>\n<meta property=\"og:description\" content=\"Os organizadores da 1\u00aa Virada Sustent\u00e1vel de S\u00e3o Paulo &#8211; uma esp\u00e9cie de Virada Cultural com temas ligados ao meio ambiente e qualidade de vida &#8211; anunciaram hoje que o evento previsto para os dias 4 e 5 de junho ter\u00e1 mais de 300 atra\u00e7\u00f5es, em 60 locais diferentes da capital paulista. Entre eles est\u00e3o sete parques, museus, esta\u00e7\u00f5es de metr\u00f4, shoppings, cinemas, livrarias, al\u00e9m de outros pontos, como a Pinacoteca do Estado, o Mercado Municipal e a Esta\u00e7\u00e3o Ci\u00eancia. No s\u00e1bado, dia 4, a programa\u00e7\u00e3o acontecer\u00e1 das 8 horas at\u00e9 a meia-noite, e domingo (5), Dia Mundial do Meio\" \/>\n<meta property=\"og:url\" content=\"https:\/\/www.encontramoema.com.br\/sobre\/virada-sustentavel-tera-abertura-no-parque-do-ibirapuera\/\" \/>\n<meta property=\"og:site_name\" content=\"Encontra Moema\" \/>\n<meta property=\"article:published_time\" content=\"2011-05-20T19:20:44+00:00\" \/>\n<meta property=\"article:modified_time\" content=\"2019-04-12T21:05:19+00:00\" \/>\n<meta name=\"author\" content=\"Encontra Moema\" \/>\n<meta name=\"twitter:card\" content=\"summary_large_image\" \/>\n<meta name=\"twitter:label1\" content=\"Escrito por\" \/>\n\t<meta name=\"twitter:data1\" content=\"Encontra Moema\" \/>\n\t<meta name=\"twitter:label2\" content=\"Est. tempo de leitura\" \/>\n\t<meta name=\"twitter:data2\" content=\"3 minutos\" \/>\n<script type=\"application\/ld+json\" class=\"yoast-schema-graph\">{\"@context\":\"https:\/\/schema.org\",\"@graph\":[{\"@type\":\"WebPage\",\"@id\":\"https:\/\/www.encontramoema.com.br\/sobre\/virada-sustentavel-tera-abertura-no-parque-do-ibirapuera\/\",\"url\":\"https:\/\/www.encontramoema.com.br\/sobre\/virada-sustentavel-tera-abertura-no-parque-do-ibirapuera\/\",\"name\":\"Virada Sustent\u00e1vel ter\u00e1 abertura no Parque do Ibirapuera - Encontra Moema\",\"isPartOf\":{\"@id\":\"https:\/\/www.encontramoema.com.br\/sobre\/#website\"},\"datePublished\":\"2011-05-20T19:20:44+00:00\",\"dateModified\":\"2019-04-12T21:05:19+00:00\",\"author\":{\"@id\":\"https:\/\/www.encontramoema.com.br\/sobre\/#\/schema\/person\/3c3656d12b82130d77eba13c4ef23efa\"},\"breadcrumb\":{\"@id\":\"https:\/\/www.encontramoema.com.br\/sobre\/virada-sustentavel-tera-abertura-no-parque-do-ibirapuera\/#breadcrumb\"},\"inLanguage\":\"pt-BR\",\"potentialAction\":[{\"@type\":\"ReadAction\",\"target\":[\"https:\/\/www.encontramoema.com.br\/sobre\/virada-sustentavel-tera-abertura-no-parque-do-ibirapuera\/\"]}]},{\"@type\":\"BreadcrumbList\",\"@id\":\"https:\/\/www.encontramoema.com.br\/sobre\/virada-sustentavel-tera-abertura-no-parque-do-ibirapuera\/#breadcrumb\",\"itemListElement\":[{\"@type\":\"ListItem\",\"position\":1,\"name\":\"In\u00edcio\",\"item\":\"https:\/\/www.encontramoema.com.br\/sobre\/\"},{\"@type\":\"ListItem\",\"position\":2,\"name\":\"Virada Sustent\u00e1vel ter\u00e1 abertura no Parque do Ibirapuera\"}]},{\"@type\":\"WebSite\",\"@id\":\"https:\/\/www.encontramoema.com.br\/sobre\/#website\",\"url\":\"https:\/\/www.encontramoema.com.br\/sobre\/\",\"name\":\"Encontra Moema\",\"description\":\"Not\u00edcias, eventos, informa\u00e7\u00f5es e dicas no bairro de Moema e regi\u00e3o.\",\"potentialAction\":[{\"@type\":\"SearchAction\",\"target\":{\"@type\":\"EntryPoint\",\"urlTemplate\":\"https:\/\/www.encontramoema.com.br\/sobre\/?s={search_term_string}\"},\"query-input\":{\"@type\":\"PropertyValueSpecification\",\"valueRequired\":true,\"valueName\":\"search_term_string\"}}],\"inLanguage\":\"pt-BR\"},{\"@type\":\"Person\",\"@id\":\"https:\/\/www.encontramoema.com.br\/sobre\/#\/schema\/person\/3c3656d12b82130d77eba13c4ef23efa\",\"name\":\"Encontra Moema\",\"image\":{\"@type\":\"ImageObject\",\"inLanguage\":\"pt-BR\",\"@id\":\"https:\/\/www.encontramoema.com.br\/sobre\/#\/schema\/person\/image\/\",\"url\":\"https:\/\/secure.gravatar.com\/avatar\/0fbed662e37531ae23e68f85f9517b2454e50c1dfebf80eb9b721449ac95e0b9?s=96&d=mm&r=g\",\"contentUrl\":\"https:\/\/secure.gravatar.com\/avatar\/0fbed662e37531ae23e68f85f9517b2454e50c1dfebf80eb9b721449ac95e0b9?s=96&d=mm&r=g\",\"caption\":\"Encontra Moema\"},\"url\":\"https:\/\/www.encontramoema.com.br\/sobre\/author\/emoema\/\"}]}<\/script>\n<!-- \/ Yoast SEO plugin. -->","yoast_head_json":{"title":"Virada Sustent\u00e1vel ter\u00e1 abertura no Parque do Ibirapuera - Encontra Moema","robots":{"index":"index","follow":"follow","max-snippet":"max-snippet:-1","max-image-preview":"max-image-preview:large","max-video-preview":"max-video-preview:-1"},"canonical":"https:\/\/www.encontramoema.com.br\/sobre\/virada-sustentavel-tera-abertura-no-parque-do-ibirapuera\/","og_locale":"pt_BR","og_type":"article","og_title":"Virada Sustent\u00e1vel ter\u00e1 abertura no Parque do Ibirapuera - Encontra Moema","og_description":"Os organizadores da 1\u00aa Virada Sustent\u00e1vel de S\u00e3o Paulo &#8211; uma esp\u00e9cie de Virada Cultural com temas ligados ao meio ambiente e qualidade de vida &#8211; anunciaram hoje que o evento previsto para os dias 4 e 5 de junho ter\u00e1 mais de 300 atra\u00e7\u00f5es, em 60 locais diferentes da capital paulista. Entre eles est\u00e3o sete parques, museus, esta\u00e7\u00f5es de metr\u00f4, shoppings, cinemas, livrarias, al\u00e9m de outros pontos, como a Pinacoteca do Estado, o Mercado Municipal e a Esta\u00e7\u00e3o Ci\u00eancia. No s\u00e1bado, dia 4, a programa\u00e7\u00e3o acontecer\u00e1 das 8 horas at\u00e9 a meia-noite, e domingo (5), Dia Mundial do Meio","og_url":"https:\/\/www.encontramoema.com.br\/sobre\/virada-sustentavel-tera-abertura-no-parque-do-ibirapuera\/","og_site_name":"Encontra Moema","article_published_time":"2011-05-20T19:20:44+00:00","article_modified_time":"2019-04-12T21:05:19+00:00","author":"Encontra Moema","twitter_card":"summary_large_image","twitter_misc":{"Escrito por":"Encontra Moema","Est. tempo de leitura":"3 minutos"},"schema":{"@context":"https:\/\/schema.org","@graph":[{"@type":"WebPage","@id":"https:\/\/www.encontramoema.com.br\/sobre\/virada-sustentavel-tera-abertura-no-parque-do-ibirapuera\/","url":"https:\/\/www.encontramoema.com.br\/sobre\/virada-sustentavel-tera-abertura-no-parque-do-ibirapuera\/","name":"Virada Sustent\u00e1vel ter\u00e1 abertura no Parque do Ibirapuera - Encontra Moema","isPartOf":{"@id":"https:\/\/www.encontramoema.com.br\/sobre\/#website"},"datePublished":"2011-05-20T19:20:44+00:00","dateModified":"2019-04-12T21:05:19+00:00","author":{"@id":"https:\/\/www.encontramoema.com.br\/sobre\/#\/schema\/person\/3c3656d12b82130d77eba13c4ef23efa"},"breadcrumb":{"@id":"https:\/\/www.encontramoema.com.br\/sobre\/virada-sustentavel-tera-abertura-no-parque-do-ibirapuera\/#breadcrumb"},"inLanguage":"pt-BR","potentialAction":[{"@type":"ReadAction","target":["https:\/\/www.encontramoema.com.br\/sobre\/virada-sustentavel-tera-abertura-no-parque-do-ibirapuera\/"]}]},{"@type":"BreadcrumbList","@id":"https:\/\/www.encontramoema.com.br\/sobre\/virada-sustentavel-tera-abertura-no-parque-do-ibirapuera\/#breadcrumb","itemListElement":[{"@type":"ListItem","position":1,"name":"In\u00edcio","item":"https:\/\/www.encontramoema.com.br\/sobre\/"},{"@type":"ListItem","position":2,"name":"Virada Sustent\u00e1vel ter\u00e1 abertura no Parque do Ibirapuera"}]},{"@type":"WebSite","@id":"https:\/\/www.encontramoema.com.br\/sobre\/#website","url":"https:\/\/www.encontramoema.com.br\/sobre\/","name":"Encontra Moema","description":"Not\u00edcias, eventos, informa\u00e7\u00f5es e dicas no bairro de Moema e regi\u00e3o.","potentialAction":[{"@type":"SearchAction","target":{"@type":"EntryPoint","urlTemplate":"https:\/\/www.encontramoema.com.br\/sobre\/?s={search_term_string}"},"query-input":{"@type":"PropertyValueSpecification","valueRequired":true,"valueName":"search_term_string"}}],"inLanguage":"pt-BR"},{"@type":"Person","@id":"https:\/\/www.encontramoema.com.br\/sobre\/#\/schema\/person\/3c3656d12b82130d77eba13c4ef23efa","name":"Encontra Moema","image":{"@type":"ImageObject","inLanguage":"pt-BR","@id":"https:\/\/www.encontramoema.com.br\/sobre\/#\/schema\/person\/image\/","url":"https:\/\/secure.gravatar.com\/avatar\/0fbed662e37531ae23e68f85f9517b2454e50c1dfebf80eb9b721449ac95e0b9?s=96&d=mm&r=g","contentUrl":"https:\/\/secure.gravatar.com\/avatar\/0fbed662e37531ae23e68f85f9517b2454e50c1dfebf80eb9b721449ac95e0b9?s=96&d=mm&r=g","caption":"Encontra Moema"},"url":"https:\/\/www.encontramoema.com.br\/sobre\/author\/emoema\/"}]}},"_links":{"self":[{"href":"https:\/\/www.encontramoema.com.br\/sobre\/wp-json\/wp\/v2\/posts\/1169","targetHints":{"allow":["GET"]}}],"collection":[{"href":"https:\/\/www.encontramoema.com.br\/sobre\/wp-json\/wp\/v2\/posts"}],"about":[{"href":"https:\/\/www.encontramoema.com.br\/sobre\/wp-json\/wp\/v2\/types\/post"}],"author":[{"embeddable":true,"href":"https:\/\/www.encontramoema.com.br\/sobre\/wp-json\/wp\/v2\/users\/1"}],"replies":[{"embeddable":true,"href":"https:\/\/www.encontramoema.com.br\/sobre\/wp-json\/wp\/v2\/comments?post=1169"}],"version-history":[{"count":0,"href":"https:\/\/www.encontramoema.com.br\/sobre\/wp-json\/wp\/v2\/posts\/1169\/revisions"}],"wp:attachment":[{"href":"https:\/\/www.encontramoema.com.br\/sobre\/wp-json\/wp\/v2\/media?parent=1169"}],"wp:term":[{"taxonomy":"category","embeddable":true,"href":"https:\/\/www.encontramoema.com.br\/sobre\/wp-json\/wp\/v2\/categories?post=1169"},{"taxonomy":"post_tag","embeddable":true,"href":"https:\/\/www.encontramoema.com.br\/sobre\/wp-json\/wp\/v2\/tags?post=1169"}],"curies":[{"name":"wp","href":"https:\/\/api.w.org\/{rel}","templated":true}]}}