{"id":1224,"date":"2011-06-13T19:10:00","date_gmt":"2011-06-13T21:10:00","guid":{"rendered":"http:\/\/www.encontramoema.com.br\/blog\/?p=1224"},"modified":"2019-04-12T19:05:18","modified_gmt":"2019-04-12T21:05:18","slug":"verao-da-spfw-no-parque-do-ibirapuera-vem-com-menos-famosos","status":"publish","type":"post","link":"https:\/\/www.encontramoema.com.br\/sobre\/verao-da-spfw-no-parque-do-ibirapuera-vem-com-menos-famosos\/","title":{"rendered":"Ver\u00e3o da SPFW no Parque do Ibirapuera vem com menos famosos"},"content":{"rendered":"<div class=\"b7f545a958fd6350ffae2d30a84cafb8\" data-index=\"1\" style=\"float: none; margin:0px;\">\n<!-- Anuncio display - global -->\r\n<ins class=\"adsbygoogle\"\r\n     style=\"display:block\"\r\n     data-ad-client=\"ca-pub-8585364105181520\"\r\n     data-ad-slot=\"8789329856\"\r\n     data-ad-format=\"auto\"\r\n     data-full-width-responsive=\"true\"><\/ins>\r\n<script>\r\n     (adsbygoogle = window.adsbygoogle || []).push({});\r\n<\/script>\n<\/div>\n<p>Enquanto casacos e cachec\u00f3is desfilam pelas ruas frias de S\u00e3o Paulo, biqu\u00ednis, mai\u00f4s e roupas leves v\u00e3o imperar nas passarelas da 31\u00aa edi\u00e7\u00e3o da S\u00e3o Paulo Fashion Week, que ter\u00e1 in\u00edcio amanh\u00e3, no <a href=\"http:\/\/www.encontramoema.com.br\/moema\/pavilhao-ciccillo-matarazzo-no-ibirapuera.shtml\" target=\"_blank\">Pavilh\u00e3o da Bienal<\/a> do <a href=\"http:\/\/www.encontramoema.com.br\/moema\/parque-do-ibirapuera.shtml\" target=\"_blank\">Parque do Ibirapuera<\/a>. Diferentemente da edi\u00e7\u00e3o passada, realizada em janeiro, que teve as presen\u00e7as da socialite Paris Hilton e da modelo Gisele B\u00fcndchen, os desfiles deste m\u00eas ter\u00e3o celebridades de menos peso. Entre os destaques est\u00e3o a angel da Victoria&#8217;s Secret Alessandra Ambr\u00f3sio, o ator americano Ashton Kutcher e a atriz Grazi Massafera.<\/p>\n<p>As passarelas seguir\u00e3o a mesma tend\u00eancia apresentada no Fashion Rio. O &#8220;color blocking&#8221; &#8211;ou bloco de cores&#8211; \u00e9 a grande aposta para o ver\u00e3o 2011\/2012. O &#8220;stylist&#8221; Arlindo Grund, do programa &#8220;Esquadr\u00e3o da Moda&#8221; (SBT), explica: &#8220;\u00c9 usar mais de quatro cores no mesmo &#8216;look'&#8221;. Tons de azul, verde, roxo e laranja coexistir\u00e3o para compor estilos divertidos. Ele destaca ainda tons claros com tecidos leves e estampas delicadas.<\/p>\n<p>Editora de moda e apresentadora, Lilian Pacce concorda e acrescenta: &#8220;Se as previs\u00f5es se confirmarem, teremos muitas cores fortes, seguindo o &#8216;color blocking&#8217;, listras e jeans, que vem forte, tanto pelas lavagens, quanto pelo uso em &#8216;total look&#8217;, ou seja, sair toda de jeans&#8221;.<\/p>\n<p><em>Fonte: Agora S\u00e3o Paulo<\/em><\/p>\n\n<div style=\"font-size: 0px; height: 0px; line-height: 0px; margin: 0; padding: 0; clear: both;\"><\/div>","protected":false},"excerpt":{"rendered":"<p>Enquanto casacos e cachec\u00f3is desfilam pelas ruas frias de S\u00e3o Paulo, biqu\u00ednis, mai\u00f4s e roupas leves v\u00e3o imperar nas passarelas da 31\u00aa edi\u00e7\u00e3o da S\u00e3o Paulo Fashion Week, que ter\u00e1 in\u00edcio amanh\u00e3, no Pavilh\u00e3o da Bienal do Parque do Ibirapuera. Diferentemente da edi\u00e7\u00e3o passada, realizada em janeiro, que teve as presen\u00e7as da socialite Paris Hilton e da modelo Gisele B\u00fcndchen, os desfiles deste m\u00eas ter\u00e3o celebridades de menos peso. Entre os destaques est\u00e3o a angel da Victoria&#8217;s Secret Alessandra Ambr\u00f3sio, o ator americano Ashton Kutcher e a atriz Grazi Massafera. As passarelas seguir\u00e3o a mesma tend\u00eancia apresentada no Fashion Rio. <\/p>\n","protected":false},"author":1,"featured_media":0,"comment_status":"open","ping_status":"closed","sticky":false,"template":"","format":"standard","meta":{"footnotes":""},"categories":[1],"tags":[7],"class_list":["post-1224","post","type-post","status-publish","format-standard","hentry","category-noticias-em-moema","tag-moema"],"yoast_head":"<!-- This site is optimized with the Yoast SEO plugin v26.3 - https:\/\/yoast.com\/wordpress\/plugins\/seo\/ -->\n<title>Ver\u00e3o da SPFW no Parque do Ibirapuera vem com menos famosos - Encontra Moema<\/title>\n<meta name=\"robots\" content=\"index, follow, max-snippet:-1, max-image-preview:large, max-video-preview:-1\" \/>\n<link rel=\"canonical\" href=\"https:\/\/www.encontramoema.com.br\/sobre\/verao-da-spfw-no-parque-do-ibirapuera-vem-com-menos-famosos\/\" \/>\n<meta property=\"og:locale\" content=\"pt_BR\" \/>\n<meta property=\"og:type\" content=\"article\" \/>\n<meta property=\"og:title\" content=\"Ver\u00e3o da SPFW no Parque do Ibirapuera vem com menos famosos - Encontra Moema\" \/>\n<meta property=\"og:description\" content=\"Enquanto casacos e cachec\u00f3is desfilam pelas ruas frias de S\u00e3o Paulo, biqu\u00ednis, mai\u00f4s e roupas leves v\u00e3o imperar nas passarelas da 31\u00aa edi\u00e7\u00e3o da S\u00e3o Paulo Fashion Week, que ter\u00e1 in\u00edcio amanh\u00e3, no Pavilh\u00e3o da Bienal do Parque do Ibirapuera. Diferentemente da edi\u00e7\u00e3o passada, realizada em janeiro, que teve as presen\u00e7as da socialite Paris Hilton e da modelo Gisele B\u00fcndchen, os desfiles deste m\u00eas ter\u00e3o celebridades de menos peso. Entre os destaques est\u00e3o a angel da Victoria&#8217;s Secret Alessandra Ambr\u00f3sio, o ator americano Ashton Kutcher e a atriz Grazi Massafera. As passarelas seguir\u00e3o a mesma tend\u00eancia apresentada no Fashion Rio.\" \/>\n<meta property=\"og:url\" content=\"https:\/\/www.encontramoema.com.br\/sobre\/verao-da-spfw-no-parque-do-ibirapuera-vem-com-menos-famosos\/\" \/>\n<meta property=\"og:site_name\" content=\"Encontra Moema\" \/>\n<meta property=\"article:published_time\" content=\"2011-06-13T21:10:00+00:00\" \/>\n<meta property=\"article:modified_time\" content=\"2019-04-12T21:05:18+00:00\" \/>\n<meta name=\"author\" content=\"Encontra Moema\" \/>\n<meta name=\"twitter:card\" content=\"summary_large_image\" \/>\n<meta name=\"twitter:label1\" content=\"Escrito por\" \/>\n\t<meta name=\"twitter:data1\" content=\"Encontra Moema\" \/>\n\t<meta name=\"twitter:label2\" content=\"Est. tempo de leitura\" \/>\n\t<meta name=\"twitter:data2\" content=\"1 minuto\" \/>\n<script type=\"application\/ld+json\" class=\"yoast-schema-graph\">{\"@context\":\"https:\/\/schema.org\",\"@graph\":[{\"@type\":\"WebPage\",\"@id\":\"https:\/\/www.encontramoema.com.br\/sobre\/verao-da-spfw-no-parque-do-ibirapuera-vem-com-menos-famosos\/\",\"url\":\"https:\/\/www.encontramoema.com.br\/sobre\/verao-da-spfw-no-parque-do-ibirapuera-vem-com-menos-famosos\/\",\"name\":\"Ver\u00e3o da SPFW no Parque do Ibirapuera vem com menos famosos - Encontra Moema\",\"isPartOf\":{\"@id\":\"https:\/\/www.encontramoema.com.br\/sobre\/#website\"},\"datePublished\":\"2011-06-13T21:10:00+00:00\",\"dateModified\":\"2019-04-12T21:05:18+00:00\",\"author\":{\"@id\":\"https:\/\/www.encontramoema.com.br\/sobre\/#\/schema\/person\/3c3656d12b82130d77eba13c4ef23efa\"},\"breadcrumb\":{\"@id\":\"https:\/\/www.encontramoema.com.br\/sobre\/verao-da-spfw-no-parque-do-ibirapuera-vem-com-menos-famosos\/#breadcrumb\"},\"inLanguage\":\"pt-BR\",\"potentialAction\":[{\"@type\":\"ReadAction\",\"target\":[\"https:\/\/www.encontramoema.com.br\/sobre\/verao-da-spfw-no-parque-do-ibirapuera-vem-com-menos-famosos\/\"]}]},{\"@type\":\"BreadcrumbList\",\"@id\":\"https:\/\/www.encontramoema.com.br\/sobre\/verao-da-spfw-no-parque-do-ibirapuera-vem-com-menos-famosos\/#breadcrumb\",\"itemListElement\":[{\"@type\":\"ListItem\",\"position\":1,\"name\":\"In\u00edcio\",\"item\":\"https:\/\/www.encontramoema.com.br\/sobre\/\"},{\"@type\":\"ListItem\",\"position\":2,\"name\":\"Ver\u00e3o da SPFW no Parque do Ibirapuera vem com menos famosos\"}]},{\"@type\":\"WebSite\",\"@id\":\"https:\/\/www.encontramoema.com.br\/sobre\/#website\",\"url\":\"https:\/\/www.encontramoema.com.br\/sobre\/\",\"name\":\"Encontra Moema\",\"description\":\"Not\u00edcias, eventos, informa\u00e7\u00f5es e dicas no bairro de Moema e regi\u00e3o.\",\"potentialAction\":[{\"@type\":\"SearchAction\",\"target\":{\"@type\":\"EntryPoint\",\"urlTemplate\":\"https:\/\/www.encontramoema.com.br\/sobre\/?s={search_term_string}\"},\"query-input\":{\"@type\":\"PropertyValueSpecification\",\"valueRequired\":true,\"valueName\":\"search_term_string\"}}],\"inLanguage\":\"pt-BR\"},{\"@type\":\"Person\",\"@id\":\"https:\/\/www.encontramoema.com.br\/sobre\/#\/schema\/person\/3c3656d12b82130d77eba13c4ef23efa\",\"name\":\"Encontra Moema\",\"image\":{\"@type\":\"ImageObject\",\"inLanguage\":\"pt-BR\",\"@id\":\"https:\/\/www.encontramoema.com.br\/sobre\/#\/schema\/person\/image\/\",\"url\":\"https:\/\/secure.gravatar.com\/avatar\/0fbed662e37531ae23e68f85f9517b2454e50c1dfebf80eb9b721449ac95e0b9?s=96&d=mm&r=g\",\"contentUrl\":\"https:\/\/secure.gravatar.com\/avatar\/0fbed662e37531ae23e68f85f9517b2454e50c1dfebf80eb9b721449ac95e0b9?s=96&d=mm&r=g\",\"caption\":\"Encontra Moema\"},\"url\":\"https:\/\/www.encontramoema.com.br\/sobre\/author\/emoema\/\"}]}<\/script>\n<!-- \/ Yoast SEO plugin. -->","yoast_head_json":{"title":"Ver\u00e3o da SPFW no Parque do Ibirapuera vem com menos famosos - Encontra Moema","robots":{"index":"index","follow":"follow","max-snippet":"max-snippet:-1","max-image-preview":"max-image-preview:large","max-video-preview":"max-video-preview:-1"},"canonical":"https:\/\/www.encontramoema.com.br\/sobre\/verao-da-spfw-no-parque-do-ibirapuera-vem-com-menos-famosos\/","og_locale":"pt_BR","og_type":"article","og_title":"Ver\u00e3o da SPFW no Parque do Ibirapuera vem com menos famosos - Encontra Moema","og_description":"Enquanto casacos e cachec\u00f3is desfilam pelas ruas frias de S\u00e3o Paulo, biqu\u00ednis, mai\u00f4s e roupas leves v\u00e3o imperar nas passarelas da 31\u00aa edi\u00e7\u00e3o da S\u00e3o Paulo Fashion Week, que ter\u00e1 in\u00edcio amanh\u00e3, no Pavilh\u00e3o da Bienal do Parque do Ibirapuera. Diferentemente da edi\u00e7\u00e3o passada, realizada em janeiro, que teve as presen\u00e7as da socialite Paris Hilton e da modelo Gisele B\u00fcndchen, os desfiles deste m\u00eas ter\u00e3o celebridades de menos peso. Entre os destaques est\u00e3o a angel da Victoria&#8217;s Secret Alessandra Ambr\u00f3sio, o ator americano Ashton Kutcher e a atriz Grazi Massafera. As passarelas seguir\u00e3o a mesma tend\u00eancia apresentada no Fashion Rio.","og_url":"https:\/\/www.encontramoema.com.br\/sobre\/verao-da-spfw-no-parque-do-ibirapuera-vem-com-menos-famosos\/","og_site_name":"Encontra Moema","article_published_time":"2011-06-13T21:10:00+00:00","article_modified_time":"2019-04-12T21:05:18+00:00","author":"Encontra Moema","twitter_card":"summary_large_image","twitter_misc":{"Escrito por":"Encontra Moema","Est. tempo de leitura":"1 minuto"},"schema":{"@context":"https:\/\/schema.org","@graph":[{"@type":"WebPage","@id":"https:\/\/www.encontramoema.com.br\/sobre\/verao-da-spfw-no-parque-do-ibirapuera-vem-com-menos-famosos\/","url":"https:\/\/www.encontramoema.com.br\/sobre\/verao-da-spfw-no-parque-do-ibirapuera-vem-com-menos-famosos\/","name":"Ver\u00e3o da SPFW no Parque do Ibirapuera vem com menos famosos - Encontra Moema","isPartOf":{"@id":"https:\/\/www.encontramoema.com.br\/sobre\/#website"},"datePublished":"2011-06-13T21:10:00+00:00","dateModified":"2019-04-12T21:05:18+00:00","author":{"@id":"https:\/\/www.encontramoema.com.br\/sobre\/#\/schema\/person\/3c3656d12b82130d77eba13c4ef23efa"},"breadcrumb":{"@id":"https:\/\/www.encontramoema.com.br\/sobre\/verao-da-spfw-no-parque-do-ibirapuera-vem-com-menos-famosos\/#breadcrumb"},"inLanguage":"pt-BR","potentialAction":[{"@type":"ReadAction","target":["https:\/\/www.encontramoema.com.br\/sobre\/verao-da-spfw-no-parque-do-ibirapuera-vem-com-menos-famosos\/"]}]},{"@type":"BreadcrumbList","@id":"https:\/\/www.encontramoema.com.br\/sobre\/verao-da-spfw-no-parque-do-ibirapuera-vem-com-menos-famosos\/#breadcrumb","itemListElement":[{"@type":"ListItem","position":1,"name":"In\u00edcio","item":"https:\/\/www.encontramoema.com.br\/sobre\/"},{"@type":"ListItem","position":2,"name":"Ver\u00e3o da SPFW no Parque do Ibirapuera vem com menos famosos"}]},{"@type":"WebSite","@id":"https:\/\/www.encontramoema.com.br\/sobre\/#website","url":"https:\/\/www.encontramoema.com.br\/sobre\/","name":"Encontra Moema","description":"Not\u00edcias, eventos, informa\u00e7\u00f5es e dicas no bairro de Moema e regi\u00e3o.","potentialAction":[{"@type":"SearchAction","target":{"@type":"EntryPoint","urlTemplate":"https:\/\/www.encontramoema.com.br\/sobre\/?s={search_term_string}"},"query-input":{"@type":"PropertyValueSpecification","valueRequired":true,"valueName":"search_term_string"}}],"inLanguage":"pt-BR"},{"@type":"Person","@id":"https:\/\/www.encontramoema.com.br\/sobre\/#\/schema\/person\/3c3656d12b82130d77eba13c4ef23efa","name":"Encontra Moema","image":{"@type":"ImageObject","inLanguage":"pt-BR","@id":"https:\/\/www.encontramoema.com.br\/sobre\/#\/schema\/person\/image\/","url":"https:\/\/secure.gravatar.com\/avatar\/0fbed662e37531ae23e68f85f9517b2454e50c1dfebf80eb9b721449ac95e0b9?s=96&d=mm&r=g","contentUrl":"https:\/\/secure.gravatar.com\/avatar\/0fbed662e37531ae23e68f85f9517b2454e50c1dfebf80eb9b721449ac95e0b9?s=96&d=mm&r=g","caption":"Encontra Moema"},"url":"https:\/\/www.encontramoema.com.br\/sobre\/author\/emoema\/"}]}},"_links":{"self":[{"href":"https:\/\/www.encontramoema.com.br\/sobre\/wp-json\/wp\/v2\/posts\/1224","targetHints":{"allow":["GET"]}}],"collection":[{"href":"https:\/\/www.encontramoema.com.br\/sobre\/wp-json\/wp\/v2\/posts"}],"about":[{"href":"https:\/\/www.encontramoema.com.br\/sobre\/wp-json\/wp\/v2\/types\/post"}],"author":[{"embeddable":true,"href":"https:\/\/www.encontramoema.com.br\/sobre\/wp-json\/wp\/v2\/users\/1"}],"replies":[{"embeddable":true,"href":"https:\/\/www.encontramoema.com.br\/sobre\/wp-json\/wp\/v2\/comments?post=1224"}],"version-history":[{"count":0,"href":"https:\/\/www.encontramoema.com.br\/sobre\/wp-json\/wp\/v2\/posts\/1224\/revisions"}],"wp:attachment":[{"href":"https:\/\/www.encontramoema.com.br\/sobre\/wp-json\/wp\/v2\/media?parent=1224"}],"wp:term":[{"taxonomy":"category","embeddable":true,"href":"https:\/\/www.encontramoema.com.br\/sobre\/wp-json\/wp\/v2\/categories?post=1224"},{"taxonomy":"post_tag","embeddable":true,"href":"https:\/\/www.encontramoema.com.br\/sobre\/wp-json\/wp\/v2\/tags?post=1224"}],"curies":[{"name":"wp","href":"https:\/\/api.w.org\/{rel}","templated":true}]}}