{"id":1226,"date":"2011-06-13T19:11:34","date_gmt":"2011-06-13T21:11:34","guid":{"rendered":"http:\/\/www.encontramoema.com.br\/blog\/?p=1226"},"modified":"2019-04-12T19:05:18","modified_gmt":"2019-04-12T21:05:18","slug":"transito-tera-esquema-especial-no-parque-do-ibirapuera-durante-sao-paulo-fashion-week","status":"publish","type":"post","link":"https:\/\/www.encontramoema.com.br\/sobre\/transito-tera-esquema-especial-no-parque-do-ibirapuera-durante-sao-paulo-fashion-week\/","title":{"rendered":"Tr\u00e2nsito ter\u00e1 esquema especial no Parque do Ibirapuera durante S\u00e3o Paulo Fashion Week"},"content":{"rendered":"<div class=\"b7f545a958fd6350ffae2d30a84cafb8\" data-index=\"1\" style=\"float: none; margin:0px;\">\n<!-- Anuncio display - global -->\r\n<ins class=\"adsbygoogle\"\r\n     style=\"display:block\"\r\n     data-ad-client=\"ca-pub-8585364105181520\"\r\n     data-ad-slot=\"8789329856\"\r\n     data-ad-format=\"auto\"\r\n     data-full-width-responsive=\"true\"><\/ins>\r\n<script>\r\n     (adsbygoogle = window.adsbygoogle || []).push({});\r\n<\/script>\n<\/div>\n<p>A CET (Companhia de Engenharia de Tr\u00e1fego) vai monitorar o tr\u00e2nsito na regi\u00e3o do <a href=\"http:\/\/www.encontramoema.com.br\/moema\/parque-do-ibirapuera.shtml\" target=\"_blank\">Parque do Ibirapuera<\/a>, na zona sul de SP, de segunda-feira (13) at\u00e9 s\u00e1bado (18), das 10h \u00e0s 23h, para a Edi\u00e7\u00e3o Primavera\/Ver\u00e3o 2011 da S\u00e3o Paulo Fashion Week. A companhia informou que 25 agentes de tr\u00e2nsito ir\u00e3o monitorar o evento.<\/p>\n<p>As vagas de Zona Azul nos bols\u00f5es do MAM (Museu de Arte Moderna)\u00a0e do port\u00e3o 4 (Autorama) do Parque do Ibirapuera ser\u00e3o desativadas durante o evento, para amplia\u00e7\u00e3o do servi\u00e7o de t\u00e1xi.<\/p>\n<p>Os motoristas que queiram chegar ao evento poder\u00e3o fazer as seguintes rotas alternativas:<\/p>\n<p>&#8211; Os motoristas\u00a0que vem\u00a0de Pinheiros, sentido avenida Moreira Guimar\u00e3es, devem seguir pela avenida Brasil, ruas Guadalupe, Venezuela, Groenl\u00e2ndia, Vieira Maciel, Lima Barros e avenidas Rep\u00fablica do L\u00edbano e Indian\u00f3polis, acessando a avenida Moreira Guimar\u00e3es;<\/p>\n<p>&#8211; Os motoristas\u00a0que vem\u00a0de Pinheiros, sentido rua Sena Madureira, devem seguir pela avenida Brasil, ruas Guadalupe, Venezuela, Groenl\u00e2ndia, Vieira Maciel, Bento de Andrade, avenida Ant\u00f4nio Joaquim de Moura Andrade (sentido Marginal), retornando pela avenida Santo Amaro, avenida Ant\u00f4nio Joaquim de Moura Andrade (sentido Ibirapuera), T\u00fanel Ayrton Senna, acessando a rua Sena Madureira;<\/p>\n<p>&#8211; J\u00e1 os ve\u00edculos\u00a0que vem\u00a0de Pinheiros, sentido regi\u00e3o da Vila Mariana, devem seguir pela avenida Brasil, rua Bol\u00edvia, Pra\u00e7a das Guianas, rua Honduras, avenidas Brigadeiro Lu\u00eds Ant\u00f4nio e Marechal Est\u00eanio Albuquerque Lima, Pra\u00e7a Carlos Gardel, rua Ab\u00edlio Soares, rua Tutoia,Viaduto Tutoia, avenida Conselheiro Rodrigues Alves, acessando a regi\u00e3o da Vila Mariana;<\/p>\n<p>&#8211; Motoristas que trafegam da avenida Rep\u00fablica do L\u00edbano, sentido regi\u00e3o da Vila Mariana, devem seguir pela avenida Rep\u00fablica do L\u00edbano, rua Jo\u00e3o Louren\u00e7o, avenida Santo Amaro (sentido Centro), avenida Ant\u00f4nio Joaquim de Moura Andrade, T\u00fanel Ayrton Senna, acessando a avenida Sena Madureira;<\/p>\n<p>&#8211; Os ve\u00edculos vindos da avenida Vinte e Tr\u00eas de Maio (sentido bairro), para a avenida Brasil, devem seguir pela Pra\u00e7a Estado da Palestina, rua Tom\u00e1s Carvalhal, rua Tutoia, rua Manoel da N\u00f3brega, avenida Marechal Est\u00eanio Albuquerque Lima, rua Estados Unidos, rua Maestro Chiaffarelli e avenida Brasil;<\/p>\n<p>&#8211; Os motoristas que vem da avenida Vinte e Tr\u00eas de Maio (sentido bairro) para a avenida Rep\u00fablica do L\u00edbano, devem seguir pela Pra\u00e7a Estado da Palestina, ruas Tom\u00e1s Carvalhal, Tutoia, Manoel da N\u00f3brega, avenida Marechal Est\u00eanio Albuquerque Lima, ruas Estados Unidos, Maestro Chiaffarelli, General Fonseca Telles, General Mena Barreto, Groenl\u00e2ndia, Vieira Maciel, Lima Barros e avenida Rep\u00fablica do L\u00edbano.<\/p>\n<p>Funcion\u00e1rios da Engenharia de Campo da CET v\u00e3o acompanhar o evento e orientar motoristas e pedestres.<\/p>\n<p><em>Fonte: R7<\/em><\/p>\n\n<div style=\"font-size: 0px; height: 0px; line-height: 0px; margin: 0; padding: 0; clear: both;\"><\/div>","protected":false},"excerpt":{"rendered":"<p>A CET (Companhia de Engenharia de Tr\u00e1fego) vai monitorar o tr\u00e2nsito na regi\u00e3o do Parque do Ibirapuera, na zona sul de SP, de segunda-feira (13) at\u00e9 s\u00e1bado (18), das 10h \u00e0s 23h, para a Edi\u00e7\u00e3o Primavera\/Ver\u00e3o 2011 da S\u00e3o Paulo Fashion Week. A companhia informou que 25 agentes de tr\u00e2nsito ir\u00e3o monitorar o evento. As vagas de Zona Azul nos bols\u00f5es do MAM (Museu de Arte Moderna)\u00a0e do port\u00e3o 4 (Autorama) do Parque do Ibirapuera ser\u00e3o desativadas durante o evento, para amplia\u00e7\u00e3o do servi\u00e7o de t\u00e1xi. Os motoristas que queiram chegar ao evento poder\u00e3o fazer as seguintes rotas alternativas: &#8211; <\/p>\n","protected":false},"author":1,"featured_media":0,"comment_status":"open","ping_status":"closed","sticky":false,"template":"","format":"standard","meta":{"footnotes":""},"categories":[1],"tags":[7],"class_list":["post-1226","post","type-post","status-publish","format-standard","hentry","category-noticias-em-moema","tag-moema"],"yoast_head":"<!-- This site is optimized with the Yoast SEO plugin v26.3 - https:\/\/yoast.com\/wordpress\/plugins\/seo\/ -->\n<title>Tr\u00e2nsito ter\u00e1 esquema especial no Parque do Ibirapuera durante S\u00e3o Paulo Fashion Week - Encontra Moema<\/title>\n<meta name=\"robots\" content=\"index, follow, max-snippet:-1, max-image-preview:large, max-video-preview:-1\" \/>\n<link rel=\"canonical\" href=\"https:\/\/www.encontramoema.com.br\/sobre\/transito-tera-esquema-especial-no-parque-do-ibirapuera-durante-sao-paulo-fashion-week\/\" \/>\n<meta property=\"og:locale\" content=\"pt_BR\" \/>\n<meta property=\"og:type\" content=\"article\" \/>\n<meta property=\"og:title\" content=\"Tr\u00e2nsito ter\u00e1 esquema especial no Parque do Ibirapuera durante S\u00e3o Paulo Fashion Week - Encontra Moema\" \/>\n<meta property=\"og:description\" content=\"A CET (Companhia de Engenharia de Tr\u00e1fego) vai monitorar o tr\u00e2nsito na regi\u00e3o do Parque do Ibirapuera, na zona sul de SP, de segunda-feira (13) at\u00e9 s\u00e1bado (18), das 10h \u00e0s 23h, para a Edi\u00e7\u00e3o Primavera\/Ver\u00e3o 2011 da S\u00e3o Paulo Fashion Week. A companhia informou que 25 agentes de tr\u00e2nsito ir\u00e3o monitorar o evento. As vagas de Zona Azul nos bols\u00f5es do MAM (Museu de Arte Moderna)\u00a0e do port\u00e3o 4 (Autorama) do Parque do Ibirapuera ser\u00e3o desativadas durante o evento, para amplia\u00e7\u00e3o do servi\u00e7o de t\u00e1xi. Os motoristas que queiram chegar ao evento poder\u00e3o fazer as seguintes rotas alternativas: &#8211;\" \/>\n<meta property=\"og:url\" content=\"https:\/\/www.encontramoema.com.br\/sobre\/transito-tera-esquema-especial-no-parque-do-ibirapuera-durante-sao-paulo-fashion-week\/\" \/>\n<meta property=\"og:site_name\" content=\"Encontra Moema\" \/>\n<meta property=\"article:published_time\" content=\"2011-06-13T21:11:34+00:00\" \/>\n<meta property=\"article:modified_time\" content=\"2019-04-12T21:05:18+00:00\" \/>\n<meta name=\"author\" content=\"Encontra Moema\" \/>\n<meta name=\"twitter:card\" content=\"summary_large_image\" \/>\n<meta name=\"twitter:label1\" content=\"Escrito por\" \/>\n\t<meta name=\"twitter:data1\" content=\"Encontra Moema\" \/>\n\t<meta name=\"twitter:label2\" content=\"Est. tempo de leitura\" \/>\n\t<meta name=\"twitter:data2\" content=\"2 minutos\" \/>\n<script type=\"application\/ld+json\" class=\"yoast-schema-graph\">{\"@context\":\"https:\/\/schema.org\",\"@graph\":[{\"@type\":\"WebPage\",\"@id\":\"https:\/\/www.encontramoema.com.br\/sobre\/transito-tera-esquema-especial-no-parque-do-ibirapuera-durante-sao-paulo-fashion-week\/\",\"url\":\"https:\/\/www.encontramoema.com.br\/sobre\/transito-tera-esquema-especial-no-parque-do-ibirapuera-durante-sao-paulo-fashion-week\/\",\"name\":\"Tr\u00e2nsito ter\u00e1 esquema especial no Parque do Ibirapuera durante S\u00e3o Paulo Fashion Week - Encontra Moema\",\"isPartOf\":{\"@id\":\"https:\/\/www.encontramoema.com.br\/sobre\/#website\"},\"datePublished\":\"2011-06-13T21:11:34+00:00\",\"dateModified\":\"2019-04-12T21:05:18+00:00\",\"author\":{\"@id\":\"https:\/\/www.encontramoema.com.br\/sobre\/#\/schema\/person\/3c3656d12b82130d77eba13c4ef23efa\"},\"breadcrumb\":{\"@id\":\"https:\/\/www.encontramoema.com.br\/sobre\/transito-tera-esquema-especial-no-parque-do-ibirapuera-durante-sao-paulo-fashion-week\/#breadcrumb\"},\"inLanguage\":\"pt-BR\",\"potentialAction\":[{\"@type\":\"ReadAction\",\"target\":[\"https:\/\/www.encontramoema.com.br\/sobre\/transito-tera-esquema-especial-no-parque-do-ibirapuera-durante-sao-paulo-fashion-week\/\"]}]},{\"@type\":\"BreadcrumbList\",\"@id\":\"https:\/\/www.encontramoema.com.br\/sobre\/transito-tera-esquema-especial-no-parque-do-ibirapuera-durante-sao-paulo-fashion-week\/#breadcrumb\",\"itemListElement\":[{\"@type\":\"ListItem\",\"position\":1,\"name\":\"In\u00edcio\",\"item\":\"https:\/\/www.encontramoema.com.br\/sobre\/\"},{\"@type\":\"ListItem\",\"position\":2,\"name\":\"Tr\u00e2nsito ter\u00e1 esquema especial no Parque do Ibirapuera durante S\u00e3o Paulo Fashion Week\"}]},{\"@type\":\"WebSite\",\"@id\":\"https:\/\/www.encontramoema.com.br\/sobre\/#website\",\"url\":\"https:\/\/www.encontramoema.com.br\/sobre\/\",\"name\":\"Encontra Moema\",\"description\":\"Not\u00edcias, eventos, informa\u00e7\u00f5es e dicas no bairro de Moema e regi\u00e3o.\",\"potentialAction\":[{\"@type\":\"SearchAction\",\"target\":{\"@type\":\"EntryPoint\",\"urlTemplate\":\"https:\/\/www.encontramoema.com.br\/sobre\/?s={search_term_string}\"},\"query-input\":{\"@type\":\"PropertyValueSpecification\",\"valueRequired\":true,\"valueName\":\"search_term_string\"}}],\"inLanguage\":\"pt-BR\"},{\"@type\":\"Person\",\"@id\":\"https:\/\/www.encontramoema.com.br\/sobre\/#\/schema\/person\/3c3656d12b82130d77eba13c4ef23efa\",\"name\":\"Encontra Moema\",\"image\":{\"@type\":\"ImageObject\",\"inLanguage\":\"pt-BR\",\"@id\":\"https:\/\/www.encontramoema.com.br\/sobre\/#\/schema\/person\/image\/\",\"url\":\"https:\/\/secure.gravatar.com\/avatar\/0fbed662e37531ae23e68f85f9517b2454e50c1dfebf80eb9b721449ac95e0b9?s=96&d=mm&r=g\",\"contentUrl\":\"https:\/\/secure.gravatar.com\/avatar\/0fbed662e37531ae23e68f85f9517b2454e50c1dfebf80eb9b721449ac95e0b9?s=96&d=mm&r=g\",\"caption\":\"Encontra Moema\"},\"url\":\"https:\/\/www.encontramoema.com.br\/sobre\/author\/emoema\/\"}]}<\/script>\n<!-- \/ Yoast SEO plugin. -->","yoast_head_json":{"title":"Tr\u00e2nsito ter\u00e1 esquema especial no Parque do Ibirapuera durante S\u00e3o Paulo Fashion Week - Encontra Moema","robots":{"index":"index","follow":"follow","max-snippet":"max-snippet:-1","max-image-preview":"max-image-preview:large","max-video-preview":"max-video-preview:-1"},"canonical":"https:\/\/www.encontramoema.com.br\/sobre\/transito-tera-esquema-especial-no-parque-do-ibirapuera-durante-sao-paulo-fashion-week\/","og_locale":"pt_BR","og_type":"article","og_title":"Tr\u00e2nsito ter\u00e1 esquema especial no Parque do Ibirapuera durante S\u00e3o Paulo Fashion Week - Encontra Moema","og_description":"A CET (Companhia de Engenharia de Tr\u00e1fego) vai monitorar o tr\u00e2nsito na regi\u00e3o do Parque do Ibirapuera, na zona sul de SP, de segunda-feira (13) at\u00e9 s\u00e1bado (18), das 10h \u00e0s 23h, para a Edi\u00e7\u00e3o Primavera\/Ver\u00e3o 2011 da S\u00e3o Paulo Fashion Week. A companhia informou que 25 agentes de tr\u00e2nsito ir\u00e3o monitorar o evento. As vagas de Zona Azul nos bols\u00f5es do MAM (Museu de Arte Moderna)\u00a0e do port\u00e3o 4 (Autorama) do Parque do Ibirapuera ser\u00e3o desativadas durante o evento, para amplia\u00e7\u00e3o do servi\u00e7o de t\u00e1xi. Os motoristas que queiram chegar ao evento poder\u00e3o fazer as seguintes rotas alternativas: &#8211;","og_url":"https:\/\/www.encontramoema.com.br\/sobre\/transito-tera-esquema-especial-no-parque-do-ibirapuera-durante-sao-paulo-fashion-week\/","og_site_name":"Encontra Moema","article_published_time":"2011-06-13T21:11:34+00:00","article_modified_time":"2019-04-12T21:05:18+00:00","author":"Encontra Moema","twitter_card":"summary_large_image","twitter_misc":{"Escrito por":"Encontra Moema","Est. tempo de leitura":"2 minutos"},"schema":{"@context":"https:\/\/schema.org","@graph":[{"@type":"WebPage","@id":"https:\/\/www.encontramoema.com.br\/sobre\/transito-tera-esquema-especial-no-parque-do-ibirapuera-durante-sao-paulo-fashion-week\/","url":"https:\/\/www.encontramoema.com.br\/sobre\/transito-tera-esquema-especial-no-parque-do-ibirapuera-durante-sao-paulo-fashion-week\/","name":"Tr\u00e2nsito ter\u00e1 esquema especial no Parque do Ibirapuera durante S\u00e3o Paulo Fashion Week - Encontra Moema","isPartOf":{"@id":"https:\/\/www.encontramoema.com.br\/sobre\/#website"},"datePublished":"2011-06-13T21:11:34+00:00","dateModified":"2019-04-12T21:05:18+00:00","author":{"@id":"https:\/\/www.encontramoema.com.br\/sobre\/#\/schema\/person\/3c3656d12b82130d77eba13c4ef23efa"},"breadcrumb":{"@id":"https:\/\/www.encontramoema.com.br\/sobre\/transito-tera-esquema-especial-no-parque-do-ibirapuera-durante-sao-paulo-fashion-week\/#breadcrumb"},"inLanguage":"pt-BR","potentialAction":[{"@type":"ReadAction","target":["https:\/\/www.encontramoema.com.br\/sobre\/transito-tera-esquema-especial-no-parque-do-ibirapuera-durante-sao-paulo-fashion-week\/"]}]},{"@type":"BreadcrumbList","@id":"https:\/\/www.encontramoema.com.br\/sobre\/transito-tera-esquema-especial-no-parque-do-ibirapuera-durante-sao-paulo-fashion-week\/#breadcrumb","itemListElement":[{"@type":"ListItem","position":1,"name":"In\u00edcio","item":"https:\/\/www.encontramoema.com.br\/sobre\/"},{"@type":"ListItem","position":2,"name":"Tr\u00e2nsito ter\u00e1 esquema especial no Parque do Ibirapuera durante S\u00e3o Paulo Fashion Week"}]},{"@type":"WebSite","@id":"https:\/\/www.encontramoema.com.br\/sobre\/#website","url":"https:\/\/www.encontramoema.com.br\/sobre\/","name":"Encontra Moema","description":"Not\u00edcias, eventos, informa\u00e7\u00f5es e dicas no bairro de Moema e regi\u00e3o.","potentialAction":[{"@type":"SearchAction","target":{"@type":"EntryPoint","urlTemplate":"https:\/\/www.encontramoema.com.br\/sobre\/?s={search_term_string}"},"query-input":{"@type":"PropertyValueSpecification","valueRequired":true,"valueName":"search_term_string"}}],"inLanguage":"pt-BR"},{"@type":"Person","@id":"https:\/\/www.encontramoema.com.br\/sobre\/#\/schema\/person\/3c3656d12b82130d77eba13c4ef23efa","name":"Encontra Moema","image":{"@type":"ImageObject","inLanguage":"pt-BR","@id":"https:\/\/www.encontramoema.com.br\/sobre\/#\/schema\/person\/image\/","url":"https:\/\/secure.gravatar.com\/avatar\/0fbed662e37531ae23e68f85f9517b2454e50c1dfebf80eb9b721449ac95e0b9?s=96&d=mm&r=g","contentUrl":"https:\/\/secure.gravatar.com\/avatar\/0fbed662e37531ae23e68f85f9517b2454e50c1dfebf80eb9b721449ac95e0b9?s=96&d=mm&r=g","caption":"Encontra Moema"},"url":"https:\/\/www.encontramoema.com.br\/sobre\/author\/emoema\/"}]}},"_links":{"self":[{"href":"https:\/\/www.encontramoema.com.br\/sobre\/wp-json\/wp\/v2\/posts\/1226","targetHints":{"allow":["GET"]}}],"collection":[{"href":"https:\/\/www.encontramoema.com.br\/sobre\/wp-json\/wp\/v2\/posts"}],"about":[{"href":"https:\/\/www.encontramoema.com.br\/sobre\/wp-json\/wp\/v2\/types\/post"}],"author":[{"embeddable":true,"href":"https:\/\/www.encontramoema.com.br\/sobre\/wp-json\/wp\/v2\/users\/1"}],"replies":[{"embeddable":true,"href":"https:\/\/www.encontramoema.com.br\/sobre\/wp-json\/wp\/v2\/comments?post=1226"}],"version-history":[{"count":0,"href":"https:\/\/www.encontramoema.com.br\/sobre\/wp-json\/wp\/v2\/posts\/1226\/revisions"}],"wp:attachment":[{"href":"https:\/\/www.encontramoema.com.br\/sobre\/wp-json\/wp\/v2\/media?parent=1226"}],"wp:term":[{"taxonomy":"category","embeddable":true,"href":"https:\/\/www.encontramoema.com.br\/sobre\/wp-json\/wp\/v2\/categories?post=1226"},{"taxonomy":"post_tag","embeddable":true,"href":"https:\/\/www.encontramoema.com.br\/sobre\/wp-json\/wp\/v2\/tags?post=1226"}],"curies":[{"name":"wp","href":"https:\/\/api.w.org\/{rel}","templated":true}]}}