{"id":1298,"date":"2011-07-20T19:18:51","date_gmt":"2011-07-20T21:18:51","guid":{"rendered":"http:\/\/www.encontramoema.com.br\/blog\/?p=1298"},"modified":"2019-04-12T19:05:15","modified_gmt":"2019-04-12T21:05:15","slug":"turne-com-repertorio-de-noel-rosa-chega-a-moema","status":"publish","type":"post","link":"https:\/\/www.encontramoema.com.br\/sobre\/turne-com-repertorio-de-noel-rosa-chega-a-moema\/","title":{"rendered":"Turn\u00ea com repert\u00f3rio de Noel Rosa chega a Moema"},"content":{"rendered":"<div class=\"b7f545a958fd6350ffae2d30a84cafb8\" data-index=\"1\" style=\"float: none; margin:0px;\">\n<!-- Anuncio display - global -->\r\n<ins class=\"adsbygoogle\"\r\n     style=\"display:block\"\r\n     data-ad-client=\"ca-pub-8585364105181520\"\r\n     data-ad-slot=\"8789329856\"\r\n     data-ad-format=\"auto\"\r\n     data-full-width-responsive=\"true\"><\/ins>\r\n<script>\r\n     (adsbygoogle = window.adsbygoogle || []).push({});\r\n<\/script>\n<\/div>\n<p>&#8220;Noel \u00e9 sinistro!&#8221;, brincava Arlindo Cruz no s\u00e1bado, dia seguinte ao show que fez com o repert\u00f3rio do sambista carioca na companhia de Lenine, Sandra de S\u00e1, Z\u00e9lia Duncan, na cidade paraense de Caraj\u00e1s. &#8220;Ele \u00e9 um brasileiro que soube cantar a alma do samba brasileiro. As letras s\u00e3o muito atuais e todo mundo conhece, no Brasil inteiro&#8221;.<\/p>\n<p>A justificativa \u00e9 endossada pelos colegas. Eles est\u00e3o viajando desde a semana passada com a apresenta\u00e7\u00e3o idealizada a partir da homenagem a Noel feita pelo Pr\u00eamio da M\u00fasica Brasileira, dia 6, no Rio, da qual participou um elenco maior.<\/p>\n<p>O quarteto primeiro foi a S\u00e3o Lu\u00eds, depois Caraj\u00e1s e Bel\u00e9m. Amanh\u00e3, canta no <a href=\"http:\/\/www.encontramoema.com.br\/moema\/citibank-hall-de-moema.shtml\" target=\"_blank\">Citibank Hall<\/a>, e em seguida continua por Vit\u00f3ria (domingo) e Belo Horizonte (dia 27). Quinhentos ingressos j\u00e1 foram distribu\u00eddos. Trezentos est\u00e3o dispon\u00edveis somente amanh\u00e3 no site\u00a0premiodamusica.com.br, gratuitamente, mediante preenchimento de um formul\u00e1rio.<\/p>\n<p>Quatro dos sambas mais conhecidos do expoente de Vila Isabel ficaram com Arlindo &#8211;\u00a0<em>Com que Roupa?<\/em>,\u00a0<em>Conversa de Botequim<\/em>,\u00a0<em>Coisas Nossas<\/em> e\u00a0<em>Onde est\u00e1 a Honestidade<\/em> -, que divide com Sandra o cl\u00e1ssico\u00a0<em>Fita Amarela<\/em>. Ela canta a marchinha\u00a0<em>As Pastorinhas<\/em>, al\u00e9m de<em>O Gago Apaixonado<\/em>,\u00a0<em>De Babado<\/em> e\u00a0<em>Tr\u00eas Apitos<\/em>.<\/p>\n<p>Z\u00e9lia, as exalta\u00e7\u00f5es\u00a0<em>Feiti\u00e7o da Vila<\/em> e\u00a0<em>O X do Problema<\/em>,\u00a0<em>Quando o Samba Acabou<\/em> e a obra-prima\u00a0<em>\u00daltimo Desejo<\/em>. Com Lenine, outra carnavalesca,\u00a0<em>Pierrot Apaixonado<\/em>. Ele apresenta\u00a0<em>O Orvalho vem caindo<\/em>,\u00a0<em>Filosofia<\/em>,\u00a0<em>Feitio de Ora\u00e7\u00e3o<\/em> e\u00a0<em>Tarzan, o Filho do Alfaiate<\/em>. Em cada cidade, um convidado diferente. Em S\u00e3o Paulo, ser\u00e1 Marcelo Jeneci. Ao fim, todos se juntam em\u00a0<em>At\u00e9 Amanh\u00e3<\/em>. A apresenta\u00e7\u00e3o \u00e9 do ator Murilo Rosa.<\/p>\n<p>Nascido no Rio em 1910, Noel morreu h\u00e1 74 anos, mas \u00e9 conhecido bem longe de sua cidade, como v\u00eam comprovando os shows. &#8220;Noel \u00e9 alicerce, e est\u00e1 presente no inconsciente, em qualquer regi\u00e3o do Pa\u00eds&#8221;, diz Lenine, que celebra a oportunidade de estar convivendo com os colegas com uma intensidade in\u00e9dita. Ele e Arlindo est\u00e3o pensando em compor juntos. &#8220;Seria um tipo de di\u00e1rio de viagem. J\u00e1 estou ficando com saudade da turn\u00ea.&#8221;<\/p>\n<p><strong>Vers\u00e3o Itinerante do Pr\u00eamio da M\u00fasica Brasileira<br \/>\n<\/strong>Quinta-feira, \u00e0s 21h<br \/>\nCitibank Hall &#8211; Av Jamaris 213 &#8211; Guia de Moema &#8211; tel 11-3576-1202.<br \/>\nIngressos em\u00a0premiodamusica.com.br<\/p>\n<p><em>Fonte: Ag\u00eancia Estado<\/em><\/p>\n\n<div style=\"font-size: 0px; height: 0px; line-height: 0px; margin: 0; padding: 0; clear: both;\"><\/div>","protected":false},"excerpt":{"rendered":"<p>&#8220;Noel \u00e9 sinistro!&#8221;, brincava Arlindo Cruz no s\u00e1bado, dia seguinte ao show que fez com o repert\u00f3rio do sambista carioca na companhia de Lenine, Sandra de S\u00e1, Z\u00e9lia Duncan, na cidade paraense de Caraj\u00e1s. &#8220;Ele \u00e9 um brasileiro que soube cantar a alma do samba brasileiro. As letras s\u00e3o muito atuais e todo mundo conhece, no Brasil inteiro&#8221;. A justificativa \u00e9 endossada pelos colegas. Eles est\u00e3o viajando desde a semana passada com a apresenta\u00e7\u00e3o idealizada a partir da homenagem a Noel feita pelo Pr\u00eamio da M\u00fasica Brasileira, dia 6, no Rio, da qual participou um elenco maior. O quarteto primeiro <\/p>\n","protected":false},"author":1,"featured_media":0,"comment_status":"open","ping_status":"closed","sticky":false,"template":"","format":"standard","meta":{"footnotes":""},"categories":[10],"tags":[7],"class_list":["post-1298","post","type-post","status-publish","format-standard","hentry","category-shows-em-moema","tag-moema"],"yoast_head":"<!-- This site is optimized with the Yoast SEO plugin v26.3 - https:\/\/yoast.com\/wordpress\/plugins\/seo\/ -->\n<title>Turn\u00ea com repert\u00f3rio de Noel Rosa chega a Moema - Encontra Moema<\/title>\n<meta name=\"robots\" content=\"index, follow, max-snippet:-1, max-image-preview:large, max-video-preview:-1\" \/>\n<link rel=\"canonical\" href=\"https:\/\/www.encontramoema.com.br\/sobre\/turne-com-repertorio-de-noel-rosa-chega-a-moema\/\" \/>\n<meta property=\"og:locale\" content=\"pt_BR\" \/>\n<meta property=\"og:type\" content=\"article\" \/>\n<meta property=\"og:title\" content=\"Turn\u00ea com repert\u00f3rio de Noel Rosa chega a Moema - Encontra Moema\" \/>\n<meta property=\"og:description\" content=\"&#8220;Noel \u00e9 sinistro!&#8221;, brincava Arlindo Cruz no s\u00e1bado, dia seguinte ao show que fez com o repert\u00f3rio do sambista carioca na companhia de Lenine, Sandra de S\u00e1, Z\u00e9lia Duncan, na cidade paraense de Caraj\u00e1s. &#8220;Ele \u00e9 um brasileiro que soube cantar a alma do samba brasileiro. As letras s\u00e3o muito atuais e todo mundo conhece, no Brasil inteiro&#8221;. A justificativa \u00e9 endossada pelos colegas. Eles est\u00e3o viajando desde a semana passada com a apresenta\u00e7\u00e3o idealizada a partir da homenagem a Noel feita pelo Pr\u00eamio da M\u00fasica Brasileira, dia 6, no Rio, da qual participou um elenco maior. O quarteto primeiro\" \/>\n<meta property=\"og:url\" content=\"https:\/\/www.encontramoema.com.br\/sobre\/turne-com-repertorio-de-noel-rosa-chega-a-moema\/\" \/>\n<meta property=\"og:site_name\" content=\"Encontra Moema\" \/>\n<meta property=\"article:published_time\" content=\"2011-07-20T21:18:51+00:00\" \/>\n<meta property=\"article:modified_time\" content=\"2019-04-12T21:05:15+00:00\" \/>\n<meta name=\"author\" content=\"Encontra Moema\" \/>\n<meta name=\"twitter:card\" content=\"summary_large_image\" \/>\n<meta name=\"twitter:label1\" content=\"Escrito por\" \/>\n\t<meta name=\"twitter:data1\" content=\"Encontra Moema\" \/>\n\t<meta name=\"twitter:label2\" content=\"Est. tempo de leitura\" \/>\n\t<meta name=\"twitter:data2\" content=\"2 minutos\" \/>\n<script type=\"application\/ld+json\" class=\"yoast-schema-graph\">{\"@context\":\"https:\/\/schema.org\",\"@graph\":[{\"@type\":\"WebPage\",\"@id\":\"https:\/\/www.encontramoema.com.br\/sobre\/turne-com-repertorio-de-noel-rosa-chega-a-moema\/\",\"url\":\"https:\/\/www.encontramoema.com.br\/sobre\/turne-com-repertorio-de-noel-rosa-chega-a-moema\/\",\"name\":\"Turn\u00ea com repert\u00f3rio de Noel Rosa chega a Moema - Encontra Moema\",\"isPartOf\":{\"@id\":\"https:\/\/www.encontramoema.com.br\/sobre\/#website\"},\"datePublished\":\"2011-07-20T21:18:51+00:00\",\"dateModified\":\"2019-04-12T21:05:15+00:00\",\"author\":{\"@id\":\"https:\/\/www.encontramoema.com.br\/sobre\/#\/schema\/person\/3c3656d12b82130d77eba13c4ef23efa\"},\"breadcrumb\":{\"@id\":\"https:\/\/www.encontramoema.com.br\/sobre\/turne-com-repertorio-de-noel-rosa-chega-a-moema\/#breadcrumb\"},\"inLanguage\":\"pt-BR\",\"potentialAction\":[{\"@type\":\"ReadAction\",\"target\":[\"https:\/\/www.encontramoema.com.br\/sobre\/turne-com-repertorio-de-noel-rosa-chega-a-moema\/\"]}]},{\"@type\":\"BreadcrumbList\",\"@id\":\"https:\/\/www.encontramoema.com.br\/sobre\/turne-com-repertorio-de-noel-rosa-chega-a-moema\/#breadcrumb\",\"itemListElement\":[{\"@type\":\"ListItem\",\"position\":1,\"name\":\"In\u00edcio\",\"item\":\"https:\/\/www.encontramoema.com.br\/sobre\/\"},{\"@type\":\"ListItem\",\"position\":2,\"name\":\"Turn\u00ea com repert\u00f3rio de Noel Rosa chega a Moema\"}]},{\"@type\":\"WebSite\",\"@id\":\"https:\/\/www.encontramoema.com.br\/sobre\/#website\",\"url\":\"https:\/\/www.encontramoema.com.br\/sobre\/\",\"name\":\"Encontra Moema\",\"description\":\"Not\u00edcias, eventos, informa\u00e7\u00f5es e dicas no bairro de Moema e regi\u00e3o.\",\"potentialAction\":[{\"@type\":\"SearchAction\",\"target\":{\"@type\":\"EntryPoint\",\"urlTemplate\":\"https:\/\/www.encontramoema.com.br\/sobre\/?s={search_term_string}\"},\"query-input\":{\"@type\":\"PropertyValueSpecification\",\"valueRequired\":true,\"valueName\":\"search_term_string\"}}],\"inLanguage\":\"pt-BR\"},{\"@type\":\"Person\",\"@id\":\"https:\/\/www.encontramoema.com.br\/sobre\/#\/schema\/person\/3c3656d12b82130d77eba13c4ef23efa\",\"name\":\"Encontra Moema\",\"image\":{\"@type\":\"ImageObject\",\"inLanguage\":\"pt-BR\",\"@id\":\"https:\/\/www.encontramoema.com.br\/sobre\/#\/schema\/person\/image\/\",\"url\":\"https:\/\/secure.gravatar.com\/avatar\/0fbed662e37531ae23e68f85f9517b2454e50c1dfebf80eb9b721449ac95e0b9?s=96&d=mm&r=g\",\"contentUrl\":\"https:\/\/secure.gravatar.com\/avatar\/0fbed662e37531ae23e68f85f9517b2454e50c1dfebf80eb9b721449ac95e0b9?s=96&d=mm&r=g\",\"caption\":\"Encontra Moema\"},\"url\":\"https:\/\/www.encontramoema.com.br\/sobre\/author\/emoema\/\"}]}<\/script>\n<!-- \/ Yoast SEO plugin. -->","yoast_head_json":{"title":"Turn\u00ea com repert\u00f3rio de Noel Rosa chega a Moema - Encontra Moema","robots":{"index":"index","follow":"follow","max-snippet":"max-snippet:-1","max-image-preview":"max-image-preview:large","max-video-preview":"max-video-preview:-1"},"canonical":"https:\/\/www.encontramoema.com.br\/sobre\/turne-com-repertorio-de-noel-rosa-chega-a-moema\/","og_locale":"pt_BR","og_type":"article","og_title":"Turn\u00ea com repert\u00f3rio de Noel Rosa chega a Moema - Encontra Moema","og_description":"&#8220;Noel \u00e9 sinistro!&#8221;, brincava Arlindo Cruz no s\u00e1bado, dia seguinte ao show que fez com o repert\u00f3rio do sambista carioca na companhia de Lenine, Sandra de S\u00e1, Z\u00e9lia Duncan, na cidade paraense de Caraj\u00e1s. &#8220;Ele \u00e9 um brasileiro que soube cantar a alma do samba brasileiro. As letras s\u00e3o muito atuais e todo mundo conhece, no Brasil inteiro&#8221;. A justificativa \u00e9 endossada pelos colegas. Eles est\u00e3o viajando desde a semana passada com a apresenta\u00e7\u00e3o idealizada a partir da homenagem a Noel feita pelo Pr\u00eamio da M\u00fasica Brasileira, dia 6, no Rio, da qual participou um elenco maior. O quarteto primeiro","og_url":"https:\/\/www.encontramoema.com.br\/sobre\/turne-com-repertorio-de-noel-rosa-chega-a-moema\/","og_site_name":"Encontra Moema","article_published_time":"2011-07-20T21:18:51+00:00","article_modified_time":"2019-04-12T21:05:15+00:00","author":"Encontra Moema","twitter_card":"summary_large_image","twitter_misc":{"Escrito por":"Encontra Moema","Est. tempo de leitura":"2 minutos"},"schema":{"@context":"https:\/\/schema.org","@graph":[{"@type":"WebPage","@id":"https:\/\/www.encontramoema.com.br\/sobre\/turne-com-repertorio-de-noel-rosa-chega-a-moema\/","url":"https:\/\/www.encontramoema.com.br\/sobre\/turne-com-repertorio-de-noel-rosa-chega-a-moema\/","name":"Turn\u00ea com repert\u00f3rio de Noel Rosa chega a Moema - Encontra Moema","isPartOf":{"@id":"https:\/\/www.encontramoema.com.br\/sobre\/#website"},"datePublished":"2011-07-20T21:18:51+00:00","dateModified":"2019-04-12T21:05:15+00:00","author":{"@id":"https:\/\/www.encontramoema.com.br\/sobre\/#\/schema\/person\/3c3656d12b82130d77eba13c4ef23efa"},"breadcrumb":{"@id":"https:\/\/www.encontramoema.com.br\/sobre\/turne-com-repertorio-de-noel-rosa-chega-a-moema\/#breadcrumb"},"inLanguage":"pt-BR","potentialAction":[{"@type":"ReadAction","target":["https:\/\/www.encontramoema.com.br\/sobre\/turne-com-repertorio-de-noel-rosa-chega-a-moema\/"]}]},{"@type":"BreadcrumbList","@id":"https:\/\/www.encontramoema.com.br\/sobre\/turne-com-repertorio-de-noel-rosa-chega-a-moema\/#breadcrumb","itemListElement":[{"@type":"ListItem","position":1,"name":"In\u00edcio","item":"https:\/\/www.encontramoema.com.br\/sobre\/"},{"@type":"ListItem","position":2,"name":"Turn\u00ea com repert\u00f3rio de Noel Rosa chega a Moema"}]},{"@type":"WebSite","@id":"https:\/\/www.encontramoema.com.br\/sobre\/#website","url":"https:\/\/www.encontramoema.com.br\/sobre\/","name":"Encontra Moema","description":"Not\u00edcias, eventos, informa\u00e7\u00f5es e dicas no bairro de Moema e regi\u00e3o.","potentialAction":[{"@type":"SearchAction","target":{"@type":"EntryPoint","urlTemplate":"https:\/\/www.encontramoema.com.br\/sobre\/?s={search_term_string}"},"query-input":{"@type":"PropertyValueSpecification","valueRequired":true,"valueName":"search_term_string"}}],"inLanguage":"pt-BR"},{"@type":"Person","@id":"https:\/\/www.encontramoema.com.br\/sobre\/#\/schema\/person\/3c3656d12b82130d77eba13c4ef23efa","name":"Encontra Moema","image":{"@type":"ImageObject","inLanguage":"pt-BR","@id":"https:\/\/www.encontramoema.com.br\/sobre\/#\/schema\/person\/image\/","url":"https:\/\/secure.gravatar.com\/avatar\/0fbed662e37531ae23e68f85f9517b2454e50c1dfebf80eb9b721449ac95e0b9?s=96&d=mm&r=g","contentUrl":"https:\/\/secure.gravatar.com\/avatar\/0fbed662e37531ae23e68f85f9517b2454e50c1dfebf80eb9b721449ac95e0b9?s=96&d=mm&r=g","caption":"Encontra Moema"},"url":"https:\/\/www.encontramoema.com.br\/sobre\/author\/emoema\/"}]}},"_links":{"self":[{"href":"https:\/\/www.encontramoema.com.br\/sobre\/wp-json\/wp\/v2\/posts\/1298","targetHints":{"allow":["GET"]}}],"collection":[{"href":"https:\/\/www.encontramoema.com.br\/sobre\/wp-json\/wp\/v2\/posts"}],"about":[{"href":"https:\/\/www.encontramoema.com.br\/sobre\/wp-json\/wp\/v2\/types\/post"}],"author":[{"embeddable":true,"href":"https:\/\/www.encontramoema.com.br\/sobre\/wp-json\/wp\/v2\/users\/1"}],"replies":[{"embeddable":true,"href":"https:\/\/www.encontramoema.com.br\/sobre\/wp-json\/wp\/v2\/comments?post=1298"}],"version-history":[{"count":0,"href":"https:\/\/www.encontramoema.com.br\/sobre\/wp-json\/wp\/v2\/posts\/1298\/revisions"}],"wp:attachment":[{"href":"https:\/\/www.encontramoema.com.br\/sobre\/wp-json\/wp\/v2\/media?parent=1298"}],"wp:term":[{"taxonomy":"category","embeddable":true,"href":"https:\/\/www.encontramoema.com.br\/sobre\/wp-json\/wp\/v2\/categories?post=1298"},{"taxonomy":"post_tag","embeddable":true,"href":"https:\/\/www.encontramoema.com.br\/sobre\/wp-json\/wp\/v2\/tags?post=1298"}],"curies":[{"name":"wp","href":"https:\/\/api.w.org\/{rel}","templated":true}]}}