{"id":1352,"date":"2011-08-12T14:38:40","date_gmt":"2011-08-12T16:38:40","guid":{"rendered":"http:\/\/www.encontramoema.com.br\/blog\/?p=1352"},"modified":"2019-04-12T19:04:56","modified_gmt":"2019-04-12T21:04:56","slug":"moema-criador-do-4chan-e-rafinha-bastos-palestram-no-festival-youpix","status":"publish","type":"post","link":"https:\/\/www.encontramoema.com.br\/sobre\/moema-criador-do-4chan-e-rafinha-bastos-palestram-no-festival-youpix\/","title":{"rendered":"Moema: criador do 4Chan e Rafinha Bastos palestram no festival youPIX"},"content":{"rendered":"<div class=\"b7f545a958fd6350ffae2d30a84cafb8\" data-index=\"1\" style=\"float: none; margin:0px;\">\n<!-- Anuncio display - global -->\r\n<ins class=\"adsbygoogle\"\r\n     style=\"display:block\"\r\n     data-ad-client=\"ca-pub-8585364105181520\"\r\n     data-ad-slot=\"8789329856\"\r\n     data-ad-format=\"auto\"\r\n     data-full-width-responsive=\"true\"><\/ins>\r\n<script>\r\n     (adsbygoogle = window.adsbygoogle || []).push({});\r\n<\/script>\n<\/div>\n<p>Fissurados em cultura de internet v\u00e3o ter muito o que fazer entre 17 e 19 de agosto. Nesses tr\u00eas dias, acontece o youPIX Festival, no Por\u00e3o das Artes, no <a href=\"http:\/\/www.encontramoema.com.br\/moema\/parque-do-ibirapuera.shtml\" target=\"_blank\">Parque do Ibirapuera<\/a>, em S\u00e3o Paulo. Simpatizantes s\u00e3o bem-vindos.<\/p>\n<p>Em sua nona edi\u00e7\u00e3o, o evento tem como proposta discutir todos os assuntos e tend\u00eancias da web. Dessa vez, o foco ser\u00e1 a democratiza\u00e7\u00e3o da rede e suas consequ\u00eancias.<\/p>\n<p>Uma atr\u00e1s da outra, as palestras dar\u00e3o voz a gente como o americano Christopher Poole, tamb\u00e9m conhecido como Moot, o cara que criou o mural de mensagens 4Chan (Moot (4Chan): Criando Redes Revolucion\u00e1rias, dia 18, \u00e0s 21h). Entre os outros convidados bambambans est\u00e3o Gilberto Gil (Todos Entrevista Gilberto Gil, dia 17, \u00e0s 20h) e Rafinhas Bastos (Lol Live com Rafinha Bastos, todos os dias).<\/p>\n<p>As atra\u00e7\u00f5es v\u00e3o se dividir em tr\u00eas palcos: Audit\u00f3rio, Hub Mais Bonito da Cidade e Hub Senta L\u00e1. Confira a programa\u00e7\u00e3o completa no site do\u00a0youPIX Festival.<\/p>\n<p>Os interessados em participar dessa maratona w\u00e9bica devem se\u00a0inscrever pelo site. A entrada \u00e9 gratuita.<\/p>\n<p><strong>YOUPIX FESTIVAL<\/strong><br \/>\nyoupix.com.br\/festival<br \/>\n<strong>ONDE<\/strong>: Por\u00e3o das Artes (av Pedro \u00c1lvares Cabral, s\/ n\u00ba, pq. Ibirapuera, Guia de Moema, S\u00e3o Paulo)<br \/>\n<strong>QUANDO<\/strong>: Qua. (17) a sex. (19), das 14h \u00e0s 23h<br \/>\n<strong>CLASSIFICA\u00c7\u00c3O<\/strong>: 18 anos<\/p>\n<p><em>Fonte: Folha.com<\/em><\/p>\n\n<div style=\"font-size: 0px; height: 0px; line-height: 0px; margin: 0; padding: 0; clear: both;\"><\/div>","protected":false},"excerpt":{"rendered":"<p>Fissurados em cultura de internet v\u00e3o ter muito o que fazer entre 17 e 19 de agosto. Nesses tr\u00eas dias, acontece o youPIX Festival, no Por\u00e3o das Artes, no Parque do Ibirapuera, em S\u00e3o Paulo. Simpatizantes s\u00e3o bem-vindos. Em sua nona edi\u00e7\u00e3o, o evento tem como proposta discutir todos os assuntos e tend\u00eancias da web. Dessa vez, o foco ser\u00e1 a democratiza\u00e7\u00e3o da rede e suas consequ\u00eancias. Uma atr\u00e1s da outra, as palestras dar\u00e3o voz a gente como o americano Christopher Poole, tamb\u00e9m conhecido como Moot, o cara que criou o mural de mensagens 4Chan (Moot (4Chan): Criando Redes Revolucion\u00e1rias, <\/p>\n","protected":false},"author":1,"featured_media":0,"comment_status":"open","ping_status":"closed","sticky":false,"template":"","format":"standard","meta":{"footnotes":""},"categories":[1],"tags":[7],"class_list":["post-1352","post","type-post","status-publish","format-standard","hentry","category-noticias-em-moema","tag-moema"],"yoast_head":"<!-- This site is optimized with the Yoast SEO plugin v26.3 - https:\/\/yoast.com\/wordpress\/plugins\/seo\/ -->\n<title>Moema: criador do 4Chan e Rafinha Bastos palestram no festival youPIX - Encontra Moema<\/title>\n<meta name=\"robots\" content=\"index, follow, max-snippet:-1, max-image-preview:large, max-video-preview:-1\" \/>\n<link rel=\"canonical\" href=\"https:\/\/www.encontramoema.com.br\/sobre\/moema-criador-do-4chan-e-rafinha-bastos-palestram-no-festival-youpix\/\" \/>\n<meta property=\"og:locale\" content=\"pt_BR\" \/>\n<meta property=\"og:type\" content=\"article\" \/>\n<meta property=\"og:title\" content=\"Moema: criador do 4Chan e Rafinha Bastos palestram no festival youPIX - Encontra Moema\" \/>\n<meta property=\"og:description\" content=\"Fissurados em cultura de internet v\u00e3o ter muito o que fazer entre 17 e 19 de agosto. Nesses tr\u00eas dias, acontece o youPIX Festival, no Por\u00e3o das Artes, no Parque do Ibirapuera, em S\u00e3o Paulo. Simpatizantes s\u00e3o bem-vindos. Em sua nona edi\u00e7\u00e3o, o evento tem como proposta discutir todos os assuntos e tend\u00eancias da web. Dessa vez, o foco ser\u00e1 a democratiza\u00e7\u00e3o da rede e suas consequ\u00eancias. Uma atr\u00e1s da outra, as palestras dar\u00e3o voz a gente como o americano Christopher Poole, tamb\u00e9m conhecido como Moot, o cara que criou o mural de mensagens 4Chan (Moot (4Chan): Criando Redes Revolucion\u00e1rias,\" \/>\n<meta property=\"og:url\" content=\"https:\/\/www.encontramoema.com.br\/sobre\/moema-criador-do-4chan-e-rafinha-bastos-palestram-no-festival-youpix\/\" \/>\n<meta property=\"og:site_name\" content=\"Encontra Moema\" \/>\n<meta property=\"article:published_time\" content=\"2011-08-12T16:38:40+00:00\" \/>\n<meta property=\"article:modified_time\" content=\"2019-04-12T21:04:56+00:00\" \/>\n<meta name=\"author\" content=\"Encontra Moema\" \/>\n<meta name=\"twitter:card\" content=\"summary_large_image\" \/>\n<meta name=\"twitter:label1\" content=\"Escrito por\" \/>\n\t<meta name=\"twitter:data1\" content=\"Encontra Moema\" \/>\n\t<meta name=\"twitter:label2\" content=\"Est. tempo de leitura\" \/>\n\t<meta name=\"twitter:data2\" content=\"1 minuto\" \/>\n<script type=\"application\/ld+json\" class=\"yoast-schema-graph\">{\"@context\":\"https:\/\/schema.org\",\"@graph\":[{\"@type\":\"WebPage\",\"@id\":\"https:\/\/www.encontramoema.com.br\/sobre\/moema-criador-do-4chan-e-rafinha-bastos-palestram-no-festival-youpix\/\",\"url\":\"https:\/\/www.encontramoema.com.br\/sobre\/moema-criador-do-4chan-e-rafinha-bastos-palestram-no-festival-youpix\/\",\"name\":\"Moema: criador do 4Chan e Rafinha Bastos palestram no festival youPIX - Encontra Moema\",\"isPartOf\":{\"@id\":\"https:\/\/www.encontramoema.com.br\/sobre\/#website\"},\"datePublished\":\"2011-08-12T16:38:40+00:00\",\"dateModified\":\"2019-04-12T21:04:56+00:00\",\"author\":{\"@id\":\"https:\/\/www.encontramoema.com.br\/sobre\/#\/schema\/person\/3c3656d12b82130d77eba13c4ef23efa\"},\"breadcrumb\":{\"@id\":\"https:\/\/www.encontramoema.com.br\/sobre\/moema-criador-do-4chan-e-rafinha-bastos-palestram-no-festival-youpix\/#breadcrumb\"},\"inLanguage\":\"pt-BR\",\"potentialAction\":[{\"@type\":\"ReadAction\",\"target\":[\"https:\/\/www.encontramoema.com.br\/sobre\/moema-criador-do-4chan-e-rafinha-bastos-palestram-no-festival-youpix\/\"]}]},{\"@type\":\"BreadcrumbList\",\"@id\":\"https:\/\/www.encontramoema.com.br\/sobre\/moema-criador-do-4chan-e-rafinha-bastos-palestram-no-festival-youpix\/#breadcrumb\",\"itemListElement\":[{\"@type\":\"ListItem\",\"position\":1,\"name\":\"In\u00edcio\",\"item\":\"https:\/\/www.encontramoema.com.br\/sobre\/\"},{\"@type\":\"ListItem\",\"position\":2,\"name\":\"Moema: criador do 4Chan e Rafinha Bastos palestram no festival youPIX\"}]},{\"@type\":\"WebSite\",\"@id\":\"https:\/\/www.encontramoema.com.br\/sobre\/#website\",\"url\":\"https:\/\/www.encontramoema.com.br\/sobre\/\",\"name\":\"Encontra Moema\",\"description\":\"Not\u00edcias, eventos, informa\u00e7\u00f5es e dicas no bairro de Moema e regi\u00e3o.\",\"potentialAction\":[{\"@type\":\"SearchAction\",\"target\":{\"@type\":\"EntryPoint\",\"urlTemplate\":\"https:\/\/www.encontramoema.com.br\/sobre\/?s={search_term_string}\"},\"query-input\":{\"@type\":\"PropertyValueSpecification\",\"valueRequired\":true,\"valueName\":\"search_term_string\"}}],\"inLanguage\":\"pt-BR\"},{\"@type\":\"Person\",\"@id\":\"https:\/\/www.encontramoema.com.br\/sobre\/#\/schema\/person\/3c3656d12b82130d77eba13c4ef23efa\",\"name\":\"Encontra Moema\",\"image\":{\"@type\":\"ImageObject\",\"inLanguage\":\"pt-BR\",\"@id\":\"https:\/\/www.encontramoema.com.br\/sobre\/#\/schema\/person\/image\/\",\"url\":\"https:\/\/secure.gravatar.com\/avatar\/0fbed662e37531ae23e68f85f9517b2454e50c1dfebf80eb9b721449ac95e0b9?s=96&d=mm&r=g\",\"contentUrl\":\"https:\/\/secure.gravatar.com\/avatar\/0fbed662e37531ae23e68f85f9517b2454e50c1dfebf80eb9b721449ac95e0b9?s=96&d=mm&r=g\",\"caption\":\"Encontra Moema\"},\"url\":\"https:\/\/www.encontramoema.com.br\/sobre\/author\/emoema\/\"}]}<\/script>\n<!-- \/ Yoast SEO plugin. -->","yoast_head_json":{"title":"Moema: criador do 4Chan e Rafinha Bastos palestram no festival youPIX - Encontra Moema","robots":{"index":"index","follow":"follow","max-snippet":"max-snippet:-1","max-image-preview":"max-image-preview:large","max-video-preview":"max-video-preview:-1"},"canonical":"https:\/\/www.encontramoema.com.br\/sobre\/moema-criador-do-4chan-e-rafinha-bastos-palestram-no-festival-youpix\/","og_locale":"pt_BR","og_type":"article","og_title":"Moema: criador do 4Chan e Rafinha Bastos palestram no festival youPIX - Encontra Moema","og_description":"Fissurados em cultura de internet v\u00e3o ter muito o que fazer entre 17 e 19 de agosto. Nesses tr\u00eas dias, acontece o youPIX Festival, no Por\u00e3o das Artes, no Parque do Ibirapuera, em S\u00e3o Paulo. Simpatizantes s\u00e3o bem-vindos. Em sua nona edi\u00e7\u00e3o, o evento tem como proposta discutir todos os assuntos e tend\u00eancias da web. Dessa vez, o foco ser\u00e1 a democratiza\u00e7\u00e3o da rede e suas consequ\u00eancias. Uma atr\u00e1s da outra, as palestras dar\u00e3o voz a gente como o americano Christopher Poole, tamb\u00e9m conhecido como Moot, o cara que criou o mural de mensagens 4Chan (Moot (4Chan): Criando Redes Revolucion\u00e1rias,","og_url":"https:\/\/www.encontramoema.com.br\/sobre\/moema-criador-do-4chan-e-rafinha-bastos-palestram-no-festival-youpix\/","og_site_name":"Encontra Moema","article_published_time":"2011-08-12T16:38:40+00:00","article_modified_time":"2019-04-12T21:04:56+00:00","author":"Encontra Moema","twitter_card":"summary_large_image","twitter_misc":{"Escrito por":"Encontra Moema","Est. tempo de leitura":"1 minuto"},"schema":{"@context":"https:\/\/schema.org","@graph":[{"@type":"WebPage","@id":"https:\/\/www.encontramoema.com.br\/sobre\/moema-criador-do-4chan-e-rafinha-bastos-palestram-no-festival-youpix\/","url":"https:\/\/www.encontramoema.com.br\/sobre\/moema-criador-do-4chan-e-rafinha-bastos-palestram-no-festival-youpix\/","name":"Moema: criador do 4Chan e Rafinha Bastos palestram no festival youPIX - Encontra Moema","isPartOf":{"@id":"https:\/\/www.encontramoema.com.br\/sobre\/#website"},"datePublished":"2011-08-12T16:38:40+00:00","dateModified":"2019-04-12T21:04:56+00:00","author":{"@id":"https:\/\/www.encontramoema.com.br\/sobre\/#\/schema\/person\/3c3656d12b82130d77eba13c4ef23efa"},"breadcrumb":{"@id":"https:\/\/www.encontramoema.com.br\/sobre\/moema-criador-do-4chan-e-rafinha-bastos-palestram-no-festival-youpix\/#breadcrumb"},"inLanguage":"pt-BR","potentialAction":[{"@type":"ReadAction","target":["https:\/\/www.encontramoema.com.br\/sobre\/moema-criador-do-4chan-e-rafinha-bastos-palestram-no-festival-youpix\/"]}]},{"@type":"BreadcrumbList","@id":"https:\/\/www.encontramoema.com.br\/sobre\/moema-criador-do-4chan-e-rafinha-bastos-palestram-no-festival-youpix\/#breadcrumb","itemListElement":[{"@type":"ListItem","position":1,"name":"In\u00edcio","item":"https:\/\/www.encontramoema.com.br\/sobre\/"},{"@type":"ListItem","position":2,"name":"Moema: criador do 4Chan e Rafinha Bastos palestram no festival youPIX"}]},{"@type":"WebSite","@id":"https:\/\/www.encontramoema.com.br\/sobre\/#website","url":"https:\/\/www.encontramoema.com.br\/sobre\/","name":"Encontra Moema","description":"Not\u00edcias, eventos, informa\u00e7\u00f5es e dicas no bairro de Moema e regi\u00e3o.","potentialAction":[{"@type":"SearchAction","target":{"@type":"EntryPoint","urlTemplate":"https:\/\/www.encontramoema.com.br\/sobre\/?s={search_term_string}"},"query-input":{"@type":"PropertyValueSpecification","valueRequired":true,"valueName":"search_term_string"}}],"inLanguage":"pt-BR"},{"@type":"Person","@id":"https:\/\/www.encontramoema.com.br\/sobre\/#\/schema\/person\/3c3656d12b82130d77eba13c4ef23efa","name":"Encontra Moema","image":{"@type":"ImageObject","inLanguage":"pt-BR","@id":"https:\/\/www.encontramoema.com.br\/sobre\/#\/schema\/person\/image\/","url":"https:\/\/secure.gravatar.com\/avatar\/0fbed662e37531ae23e68f85f9517b2454e50c1dfebf80eb9b721449ac95e0b9?s=96&d=mm&r=g","contentUrl":"https:\/\/secure.gravatar.com\/avatar\/0fbed662e37531ae23e68f85f9517b2454e50c1dfebf80eb9b721449ac95e0b9?s=96&d=mm&r=g","caption":"Encontra Moema"},"url":"https:\/\/www.encontramoema.com.br\/sobre\/author\/emoema\/"}]}},"_links":{"self":[{"href":"https:\/\/www.encontramoema.com.br\/sobre\/wp-json\/wp\/v2\/posts\/1352","targetHints":{"allow":["GET"]}}],"collection":[{"href":"https:\/\/www.encontramoema.com.br\/sobre\/wp-json\/wp\/v2\/posts"}],"about":[{"href":"https:\/\/www.encontramoema.com.br\/sobre\/wp-json\/wp\/v2\/types\/post"}],"author":[{"embeddable":true,"href":"https:\/\/www.encontramoema.com.br\/sobre\/wp-json\/wp\/v2\/users\/1"}],"replies":[{"embeddable":true,"href":"https:\/\/www.encontramoema.com.br\/sobre\/wp-json\/wp\/v2\/comments?post=1352"}],"version-history":[{"count":0,"href":"https:\/\/www.encontramoema.com.br\/sobre\/wp-json\/wp\/v2\/posts\/1352\/revisions"}],"wp:attachment":[{"href":"https:\/\/www.encontramoema.com.br\/sobre\/wp-json\/wp\/v2\/media?parent=1352"}],"wp:term":[{"taxonomy":"category","embeddable":true,"href":"https:\/\/www.encontramoema.com.br\/sobre\/wp-json\/wp\/v2\/categories?post=1352"},{"taxonomy":"post_tag","embeddable":true,"href":"https:\/\/www.encontramoema.com.br\/sobre\/wp-json\/wp\/v2\/tags?post=1352"}],"curies":[{"name":"wp","href":"https:\/\/api.w.org\/{rel}","templated":true}]}}