{"id":1367,"date":"2011-08-19T14:00:11","date_gmt":"2011-08-19T16:00:11","guid":{"rendered":"http:\/\/www.encontramoema.com.br\/blog\/?p=1367"},"modified":"2019-04-12T19:04:55","modified_gmt":"2019-04-12T21:04:55","slug":"peca-mulheres-alteradas-volta-a-sao-paulo-para-curta-temporada-em-moema","status":"publish","type":"post","link":"https:\/\/www.encontramoema.com.br\/sobre\/peca-mulheres-alteradas-volta-a-sao-paulo-para-curta-temporada-em-moema\/","title":{"rendered":"Pe\u00e7a &#8220;Mulheres Alteradas&#8221; volta a S\u00e3o Paulo para curta temporada em Moema"},"content":{"rendered":"<div class=\"b7f545a958fd6350ffae2d30a84cafb8\" data-index=\"1\" style=\"float: none; margin:0px;\">\n<!-- Anuncio display - global -->\r\n<ins class=\"adsbygoogle\"\r\n     style=\"display:block\"\r\n     data-ad-client=\"ca-pub-8585364105181520\"\r\n     data-ad-slot=\"8789329856\"\r\n     data-ad-format=\"auto\"\r\n     data-full-width-responsive=\"true\"><\/ins>\r\n<script>\r\n     (adsbygoogle = window.adsbygoogle || []).push({});\r\n<\/script>\n<\/div>\n<p>O espet\u00e1culo<em> Mulheres Alteradas<\/em>, de Maitena, com dramaturgia de Andrea Maltarolli e dire\u00e7\u00e3o de Eduardo Figueiredo volta a S\u00e3o Paulo, no <a href=\"http:\/\/www.encontramoema.com.br\/moema\/citibank-hall-de-moema.shtml\" target=\"_blank\">Citibank Hall<\/a>, para curta temporada, nos dias 19, 20 e 21 de agosto.<\/p>\n<p>No elenco, as atrizes Luiza Tom\u00e9, que volta ao teatro ap\u00f3s 12 anos, Mel Lisboa e Samara Felippo, que interpretam tr\u00eas amigas para l\u00e1 de cativantes e engra\u00e7adas. Daniel Del Sarto completa o elenco, interpretando v\u00e1rios personagens masculinos.<\/p>\n<p>Na adapta\u00e7\u00e3o brasileira, elas ganham nomes e personalidades diferentes: Lisa (Samara Felippo) \u00e9 separada do marido, m\u00e3e de um \u00fanico filho, inteligente, com preocupa\u00e7\u00f5es f\u00fateis, por\u00e9m, em crise por conta de um n\u00f3dulo que apareceu em um dos seios. Alice (Mel Lisboa) \u00e9 uma mulher solteira, vive no \u201cmundo da lua\u201d, mas n\u00e3o desiste de encontrar o seu grande amor. J\u00e1 Norma (Luiza Tom\u00e9) \u00e9 uma executiva pragm\u00e1tica, casada, com dois filhos e, agora, se depara com a terceira gravidez.\u00a0 Daniel Del Sarto incorpora v\u00e1rios personagens masculinos, sem nomes definidos e repletos de personalidades, os quais prometem criar uma identifica\u00e7\u00e3o imediata com os homens presentes na plateia.<\/p>\n<p><strong>Local: Citibank Hall \u2013 <\/strong>Av. Jamaris, 213 \u2013 Encontra Moema<br \/>\n<strong>Site: <\/strong>t4f.com.br<br \/>\n<strong>Telefones para informa\u00e7\u00f5es: <\/strong>4003-6464<br \/>\n<strong>Venda a grupos: <\/strong>(11) 2846-6166 \/ 6232<br \/>\n<strong>Curta temporada: <\/strong>dias 19, 20 e 21 de agosto<br \/>\n<strong>Hor\u00e1rio: <\/strong>22h (sexta e s\u00e1bado) e \u00e0s 20h (domingo)<br \/>\n<strong>Dura\u00e7\u00e3o espet\u00e1culo: <\/strong>aproximadamente 1h30<br \/>\n<strong>Classifica\u00e7\u00e3o et\u00e1ria: <\/strong>N\u00e3o ser\u00e1 permitida a entrada de menores de 12 anos; 12 anos e 13 anos: permitida a entrada (acompanhados dos pais ou respons\u00e1veis legais); 14 anos em diante: permitida a entrada (desacompanhados)<br \/>\n<strong>Capacidade: <\/strong>1146 lugares<br \/>\n<strong>Abertura da casa: <\/strong>1h30 antes do espet\u00e1culo<\/p>\n<p><em>Fonte: R7<\/em><\/p>\n\n<div style=\"font-size: 0px; height: 0px; line-height: 0px; margin: 0; padding: 0; clear: both;\"><\/div>","protected":false},"excerpt":{"rendered":"<p>O espet\u00e1culo Mulheres Alteradas, de Maitena, com dramaturgia de Andrea Maltarolli e dire\u00e7\u00e3o de Eduardo Figueiredo volta a S\u00e3o Paulo, no Citibank Hall, para curta temporada, nos dias 19, 20 e 21 de agosto. No elenco, as atrizes Luiza Tom\u00e9, que volta ao teatro ap\u00f3s 12 anos, Mel Lisboa e Samara Felippo, que interpretam tr\u00eas amigas para l\u00e1 de cativantes e engra\u00e7adas. Daniel Del Sarto completa o elenco, interpretando v\u00e1rios personagens masculinos. Na adapta\u00e7\u00e3o brasileira, elas ganham nomes e personalidades diferentes: Lisa (Samara Felippo) \u00e9 separada do marido, m\u00e3e de um \u00fanico filho, inteligente, com preocupa\u00e7\u00f5es f\u00fateis, por\u00e9m, em crise <\/p>\n","protected":false},"author":1,"featured_media":0,"comment_status":"open","ping_status":"closed","sticky":false,"template":"","format":"standard","meta":{"footnotes":""},"categories":[16],"tags":[7],"class_list":["post-1367","post","type-post","status-publish","format-standard","hentry","category-cultura-em-moema","tag-moema"],"yoast_head":"<!-- This site is optimized with the Yoast SEO plugin v26.3 - https:\/\/yoast.com\/wordpress\/plugins\/seo\/ -->\n<title>Pe\u00e7a &quot;Mulheres Alteradas&quot; volta a S\u00e3o Paulo para curta temporada em Moema - Encontra Moema<\/title>\n<meta name=\"robots\" content=\"index, follow, max-snippet:-1, max-image-preview:large, max-video-preview:-1\" \/>\n<link rel=\"canonical\" href=\"https:\/\/www.encontramoema.com.br\/sobre\/peca-mulheres-alteradas-volta-a-sao-paulo-para-curta-temporada-em-moema\/\" \/>\n<meta property=\"og:locale\" content=\"pt_BR\" \/>\n<meta property=\"og:type\" content=\"article\" \/>\n<meta property=\"og:title\" content=\"Pe\u00e7a &quot;Mulheres Alteradas&quot; volta a S\u00e3o Paulo para curta temporada em Moema - Encontra Moema\" \/>\n<meta property=\"og:description\" content=\"O espet\u00e1culo Mulheres Alteradas, de Maitena, com dramaturgia de Andrea Maltarolli e dire\u00e7\u00e3o de Eduardo Figueiredo volta a S\u00e3o Paulo, no Citibank Hall, para curta temporada, nos dias 19, 20 e 21 de agosto. No elenco, as atrizes Luiza Tom\u00e9, que volta ao teatro ap\u00f3s 12 anos, Mel Lisboa e Samara Felippo, que interpretam tr\u00eas amigas para l\u00e1 de cativantes e engra\u00e7adas. Daniel Del Sarto completa o elenco, interpretando v\u00e1rios personagens masculinos. Na adapta\u00e7\u00e3o brasileira, elas ganham nomes e personalidades diferentes: Lisa (Samara Felippo) \u00e9 separada do marido, m\u00e3e de um \u00fanico filho, inteligente, com preocupa\u00e7\u00f5es f\u00fateis, por\u00e9m, em crise\" \/>\n<meta property=\"og:url\" content=\"https:\/\/www.encontramoema.com.br\/sobre\/peca-mulheres-alteradas-volta-a-sao-paulo-para-curta-temporada-em-moema\/\" \/>\n<meta property=\"og:site_name\" content=\"Encontra Moema\" \/>\n<meta property=\"article:published_time\" content=\"2011-08-19T16:00:11+00:00\" \/>\n<meta property=\"article:modified_time\" content=\"2019-04-12T21:04:55+00:00\" \/>\n<meta name=\"author\" content=\"Encontra Moema\" \/>\n<meta name=\"twitter:card\" content=\"summary_large_image\" \/>\n<meta name=\"twitter:label1\" content=\"Escrito por\" \/>\n\t<meta name=\"twitter:data1\" content=\"Encontra Moema\" \/>\n\t<meta name=\"twitter:label2\" content=\"Est. tempo de leitura\" \/>\n\t<meta name=\"twitter:data2\" content=\"1 minuto\" \/>\n<script type=\"application\/ld+json\" class=\"yoast-schema-graph\">{\"@context\":\"https:\/\/schema.org\",\"@graph\":[{\"@type\":\"WebPage\",\"@id\":\"https:\/\/www.encontramoema.com.br\/sobre\/peca-mulheres-alteradas-volta-a-sao-paulo-para-curta-temporada-em-moema\/\",\"url\":\"https:\/\/www.encontramoema.com.br\/sobre\/peca-mulheres-alteradas-volta-a-sao-paulo-para-curta-temporada-em-moema\/\",\"name\":\"Pe\u00e7a \\\"Mulheres Alteradas\\\" volta a S\u00e3o Paulo para curta temporada em Moema - Encontra Moema\",\"isPartOf\":{\"@id\":\"https:\/\/www.encontramoema.com.br\/sobre\/#website\"},\"datePublished\":\"2011-08-19T16:00:11+00:00\",\"dateModified\":\"2019-04-12T21:04:55+00:00\",\"author\":{\"@id\":\"https:\/\/www.encontramoema.com.br\/sobre\/#\/schema\/person\/3c3656d12b82130d77eba13c4ef23efa\"},\"breadcrumb\":{\"@id\":\"https:\/\/www.encontramoema.com.br\/sobre\/peca-mulheres-alteradas-volta-a-sao-paulo-para-curta-temporada-em-moema\/#breadcrumb\"},\"inLanguage\":\"pt-BR\",\"potentialAction\":[{\"@type\":\"ReadAction\",\"target\":[\"https:\/\/www.encontramoema.com.br\/sobre\/peca-mulheres-alteradas-volta-a-sao-paulo-para-curta-temporada-em-moema\/\"]}]},{\"@type\":\"BreadcrumbList\",\"@id\":\"https:\/\/www.encontramoema.com.br\/sobre\/peca-mulheres-alteradas-volta-a-sao-paulo-para-curta-temporada-em-moema\/#breadcrumb\",\"itemListElement\":[{\"@type\":\"ListItem\",\"position\":1,\"name\":\"In\u00edcio\",\"item\":\"https:\/\/www.encontramoema.com.br\/sobre\/\"},{\"@type\":\"ListItem\",\"position\":2,\"name\":\"Pe\u00e7a &#8220;Mulheres Alteradas&#8221; volta a S\u00e3o Paulo para curta temporada em Moema\"}]},{\"@type\":\"WebSite\",\"@id\":\"https:\/\/www.encontramoema.com.br\/sobre\/#website\",\"url\":\"https:\/\/www.encontramoema.com.br\/sobre\/\",\"name\":\"Encontra Moema\",\"description\":\"Not\u00edcias, eventos, informa\u00e7\u00f5es e dicas no bairro de Moema e regi\u00e3o.\",\"potentialAction\":[{\"@type\":\"SearchAction\",\"target\":{\"@type\":\"EntryPoint\",\"urlTemplate\":\"https:\/\/www.encontramoema.com.br\/sobre\/?s={search_term_string}\"},\"query-input\":{\"@type\":\"PropertyValueSpecification\",\"valueRequired\":true,\"valueName\":\"search_term_string\"}}],\"inLanguage\":\"pt-BR\"},{\"@type\":\"Person\",\"@id\":\"https:\/\/www.encontramoema.com.br\/sobre\/#\/schema\/person\/3c3656d12b82130d77eba13c4ef23efa\",\"name\":\"Encontra Moema\",\"image\":{\"@type\":\"ImageObject\",\"inLanguage\":\"pt-BR\",\"@id\":\"https:\/\/www.encontramoema.com.br\/sobre\/#\/schema\/person\/image\/\",\"url\":\"https:\/\/secure.gravatar.com\/avatar\/0fbed662e37531ae23e68f85f9517b2454e50c1dfebf80eb9b721449ac95e0b9?s=96&d=mm&r=g\",\"contentUrl\":\"https:\/\/secure.gravatar.com\/avatar\/0fbed662e37531ae23e68f85f9517b2454e50c1dfebf80eb9b721449ac95e0b9?s=96&d=mm&r=g\",\"caption\":\"Encontra Moema\"},\"url\":\"https:\/\/www.encontramoema.com.br\/sobre\/author\/emoema\/\"}]}<\/script>\n<!-- \/ Yoast SEO plugin. -->","yoast_head_json":{"title":"Pe\u00e7a \"Mulheres Alteradas\" volta a S\u00e3o Paulo para curta temporada em Moema - Encontra Moema","robots":{"index":"index","follow":"follow","max-snippet":"max-snippet:-1","max-image-preview":"max-image-preview:large","max-video-preview":"max-video-preview:-1"},"canonical":"https:\/\/www.encontramoema.com.br\/sobre\/peca-mulheres-alteradas-volta-a-sao-paulo-para-curta-temporada-em-moema\/","og_locale":"pt_BR","og_type":"article","og_title":"Pe\u00e7a \"Mulheres Alteradas\" volta a S\u00e3o Paulo para curta temporada em Moema - Encontra Moema","og_description":"O espet\u00e1culo Mulheres Alteradas, de Maitena, com dramaturgia de Andrea Maltarolli e dire\u00e7\u00e3o de Eduardo Figueiredo volta a S\u00e3o Paulo, no Citibank Hall, para curta temporada, nos dias 19, 20 e 21 de agosto. No elenco, as atrizes Luiza Tom\u00e9, que volta ao teatro ap\u00f3s 12 anos, Mel Lisboa e Samara Felippo, que interpretam tr\u00eas amigas para l\u00e1 de cativantes e engra\u00e7adas. Daniel Del Sarto completa o elenco, interpretando v\u00e1rios personagens masculinos. Na adapta\u00e7\u00e3o brasileira, elas ganham nomes e personalidades diferentes: Lisa (Samara Felippo) \u00e9 separada do marido, m\u00e3e de um \u00fanico filho, inteligente, com preocupa\u00e7\u00f5es f\u00fateis, por\u00e9m, em crise","og_url":"https:\/\/www.encontramoema.com.br\/sobre\/peca-mulheres-alteradas-volta-a-sao-paulo-para-curta-temporada-em-moema\/","og_site_name":"Encontra Moema","article_published_time":"2011-08-19T16:00:11+00:00","article_modified_time":"2019-04-12T21:04:55+00:00","author":"Encontra Moema","twitter_card":"summary_large_image","twitter_misc":{"Escrito por":"Encontra Moema","Est. tempo de leitura":"1 minuto"},"schema":{"@context":"https:\/\/schema.org","@graph":[{"@type":"WebPage","@id":"https:\/\/www.encontramoema.com.br\/sobre\/peca-mulheres-alteradas-volta-a-sao-paulo-para-curta-temporada-em-moema\/","url":"https:\/\/www.encontramoema.com.br\/sobre\/peca-mulheres-alteradas-volta-a-sao-paulo-para-curta-temporada-em-moema\/","name":"Pe\u00e7a \"Mulheres Alteradas\" volta a S\u00e3o Paulo para curta temporada em Moema - Encontra Moema","isPartOf":{"@id":"https:\/\/www.encontramoema.com.br\/sobre\/#website"},"datePublished":"2011-08-19T16:00:11+00:00","dateModified":"2019-04-12T21:04:55+00:00","author":{"@id":"https:\/\/www.encontramoema.com.br\/sobre\/#\/schema\/person\/3c3656d12b82130d77eba13c4ef23efa"},"breadcrumb":{"@id":"https:\/\/www.encontramoema.com.br\/sobre\/peca-mulheres-alteradas-volta-a-sao-paulo-para-curta-temporada-em-moema\/#breadcrumb"},"inLanguage":"pt-BR","potentialAction":[{"@type":"ReadAction","target":["https:\/\/www.encontramoema.com.br\/sobre\/peca-mulheres-alteradas-volta-a-sao-paulo-para-curta-temporada-em-moema\/"]}]},{"@type":"BreadcrumbList","@id":"https:\/\/www.encontramoema.com.br\/sobre\/peca-mulheres-alteradas-volta-a-sao-paulo-para-curta-temporada-em-moema\/#breadcrumb","itemListElement":[{"@type":"ListItem","position":1,"name":"In\u00edcio","item":"https:\/\/www.encontramoema.com.br\/sobre\/"},{"@type":"ListItem","position":2,"name":"Pe\u00e7a &#8220;Mulheres Alteradas&#8221; volta a S\u00e3o Paulo para curta temporada em Moema"}]},{"@type":"WebSite","@id":"https:\/\/www.encontramoema.com.br\/sobre\/#website","url":"https:\/\/www.encontramoema.com.br\/sobre\/","name":"Encontra Moema","description":"Not\u00edcias, eventos, informa\u00e7\u00f5es e dicas no bairro de Moema e regi\u00e3o.","potentialAction":[{"@type":"SearchAction","target":{"@type":"EntryPoint","urlTemplate":"https:\/\/www.encontramoema.com.br\/sobre\/?s={search_term_string}"},"query-input":{"@type":"PropertyValueSpecification","valueRequired":true,"valueName":"search_term_string"}}],"inLanguage":"pt-BR"},{"@type":"Person","@id":"https:\/\/www.encontramoema.com.br\/sobre\/#\/schema\/person\/3c3656d12b82130d77eba13c4ef23efa","name":"Encontra Moema","image":{"@type":"ImageObject","inLanguage":"pt-BR","@id":"https:\/\/www.encontramoema.com.br\/sobre\/#\/schema\/person\/image\/","url":"https:\/\/secure.gravatar.com\/avatar\/0fbed662e37531ae23e68f85f9517b2454e50c1dfebf80eb9b721449ac95e0b9?s=96&d=mm&r=g","contentUrl":"https:\/\/secure.gravatar.com\/avatar\/0fbed662e37531ae23e68f85f9517b2454e50c1dfebf80eb9b721449ac95e0b9?s=96&d=mm&r=g","caption":"Encontra Moema"},"url":"https:\/\/www.encontramoema.com.br\/sobre\/author\/emoema\/"}]}},"_links":{"self":[{"href":"https:\/\/www.encontramoema.com.br\/sobre\/wp-json\/wp\/v2\/posts\/1367","targetHints":{"allow":["GET"]}}],"collection":[{"href":"https:\/\/www.encontramoema.com.br\/sobre\/wp-json\/wp\/v2\/posts"}],"about":[{"href":"https:\/\/www.encontramoema.com.br\/sobre\/wp-json\/wp\/v2\/types\/post"}],"author":[{"embeddable":true,"href":"https:\/\/www.encontramoema.com.br\/sobre\/wp-json\/wp\/v2\/users\/1"}],"replies":[{"embeddable":true,"href":"https:\/\/www.encontramoema.com.br\/sobre\/wp-json\/wp\/v2\/comments?post=1367"}],"version-history":[{"count":0,"href":"https:\/\/www.encontramoema.com.br\/sobre\/wp-json\/wp\/v2\/posts\/1367\/revisions"}],"wp:attachment":[{"href":"https:\/\/www.encontramoema.com.br\/sobre\/wp-json\/wp\/v2\/media?parent=1367"}],"wp:term":[{"taxonomy":"category","embeddable":true,"href":"https:\/\/www.encontramoema.com.br\/sobre\/wp-json\/wp\/v2\/categories?post=1367"},{"taxonomy":"post_tag","embeddable":true,"href":"https:\/\/www.encontramoema.com.br\/sobre\/wp-json\/wp\/v2\/tags?post=1367"}],"curies":[{"name":"wp","href":"https:\/\/api.w.org\/{rel}","templated":true}]}}