{"id":1489,"date":"2011-10-14T19:16:28","date_gmt":"2011-10-14T21:16:28","guid":{"rendered":"http:\/\/www.encontramoema.com.br\/blog\/?p=1489"},"modified":"2019-04-12T19:04:53","modified_gmt":"2019-04-12T21:04:53","slug":"obras-do-metro-interditam-parque-das-bicicletas-em-moema","status":"publish","type":"post","link":"https:\/\/www.encontramoema.com.br\/sobre\/obras-do-metro-interditam-parque-das-bicicletas-em-moema\/","title":{"rendered":"Obras do Metr\u00f4 interditam Parque das Bicicletas em Moema"},"content":{"rendered":"<div class=\"b7f545a958fd6350ffae2d30a84cafb8\" data-index=\"1\" style=\"float: none; margin:0px;\">\n<!-- Anuncio display - global -->\r\n<ins class=\"adsbygoogle\"\r\n     style=\"display:block\"\r\n     data-ad-client=\"ca-pub-8585364105181520\"\r\n     data-ad-slot=\"8789329856\"\r\n     data-ad-format=\"auto\"\r\n     data-full-width-responsive=\"true\"><\/ins>\r\n<script>\r\n     (adsbygoogle = window.adsbygoogle || []).push({});\r\n<\/script>\n<\/div>\n<p>A partir do dia 19 deste m\u00eas, mais da metade da \u00e1rea do <a href=\"http:\/\/www.encontramoema.com.br\/moema\/parque-das-bicicletas.shtml\" target=\"_blank\">Parque das Bicicletas<\/a>, na Alameda Ira\u00e9, bairro Moema, zona sul de SP, vai ficar fechada. O parque ser\u00e1 usado como canteiro de obras para o Metr\u00f4 e dever\u00e1 ter seu espa\u00e7o limitado pelo menos pelos pr\u00f3ximos dois anos.<\/p>\n<p>O lugar ser\u00e1 usado para a expans\u00e3o da linha 5-Lil\u00e1s do Metr\u00f4. Apesar das obras, n\u00e3o vai haver uma esta\u00e7\u00e3o dentro do parque. Na regi\u00e3o ser\u00e3o constru\u00eddos dois t\u00faneis que servir\u00e3o para o estacionamento dos trens.<\/p>\n<p>Nesta quarta-feira (12), por meio de um panfleto, um quiosque informava os frequentadores sobre a interdi\u00e7\u00e3o: &#8220;Duas pistas e o playground continuar\u00e3o funcionando normalmente&#8221;.<\/p>\n<p>Segundo nota publicada no site do Metr\u00f4, quando a obra terminar, a \u00e1rea ser\u00e1 devolvida \u00e0 popula\u00e7\u00e3o &#8220;totalmente reurbanizada e com o paisagismo melhorado&#8221;.<\/p>\n<p>Enquanto as obras estiverem em andamento, a Secretaria Municipal de Esportes, Lazer e Recrea\u00e7\u00e3o afirma que nenhuma atividade esportiva ser\u00e1 restringida, mas os frequentadores precisar\u00e3o se adaptar \u00e0 nova \u00e1rea, cerca de 80% menor.<\/p>\n<p>A Linha 5-Lil\u00e1s tem hoje seis esta\u00e7\u00f5es, come\u00e7a no Cap\u00e3o Redondo e termina no Largo Treze, em Santo Amaro. A pr\u00f3xima a ser inaugurada \u00e9 a Adolfo Pinheiro, na avenida hom\u00f4nima, prometida para 2013.<\/p>\n<p>Al\u00e9m dessa, ganhar\u00e1 outras 10 novas paradas e far\u00e1 liga\u00e7\u00e3o com a Esta\u00e7\u00e3o Santa Cruz da Linha 1-Azul, com a Esta\u00e7\u00e3o Ch\u00e1cara Klabin da Linha 2-Verde e com a futura Linha 17-Ouro.<\/p>\n<p>A previs\u00e3o \u00e9 de que os novos trechos aumentem o n\u00famero de passageiros transportados pela linha de 235 mil para 644 mil pessoas por dia.<\/p>\n<p><em>Fonte: O Estado de S. Paulo<\/em><\/p>\n\n<div style=\"font-size: 0px; height: 0px; line-height: 0px; margin: 0; padding: 0; clear: both;\"><\/div>","protected":false},"excerpt":{"rendered":"<p>A partir do dia 19 deste m\u00eas, mais da metade da \u00e1rea do Parque das Bicicletas, na Alameda Ira\u00e9, bairro Moema, zona sul de SP, vai ficar fechada. O parque ser\u00e1 usado como canteiro de obras para o Metr\u00f4 e dever\u00e1 ter seu espa\u00e7o limitado pelo menos pelos pr\u00f3ximos dois anos. O lugar ser\u00e1 usado para a expans\u00e3o da linha 5-Lil\u00e1s do Metr\u00f4. Apesar das obras, n\u00e3o vai haver uma esta\u00e7\u00e3o dentro do parque. Na regi\u00e3o ser\u00e3o constru\u00eddos dois t\u00faneis que servir\u00e3o para o estacionamento dos trens. Nesta quarta-feira (12), por meio de um panfleto, um quiosque informava os frequentadores <\/p>\n","protected":false},"author":1,"featured_media":0,"comment_status":"open","ping_status":"closed","sticky":false,"template":"","format":"standard","meta":{"footnotes":""},"categories":[1],"tags":[7],"class_list":["post-1489","post","type-post","status-publish","format-standard","hentry","category-noticias-em-moema","tag-moema"],"yoast_head":"<!-- This site is optimized with the Yoast SEO plugin v26.3 - https:\/\/yoast.com\/wordpress\/plugins\/seo\/ -->\n<title>Obras do Metr\u00f4 interditam Parque das Bicicletas em Moema - Encontra Moema<\/title>\n<meta name=\"robots\" content=\"index, follow, max-snippet:-1, max-image-preview:large, max-video-preview:-1\" \/>\n<link rel=\"canonical\" href=\"https:\/\/www.encontramoema.com.br\/sobre\/obras-do-metro-interditam-parque-das-bicicletas-em-moema\/\" \/>\n<meta property=\"og:locale\" content=\"pt_BR\" \/>\n<meta property=\"og:type\" content=\"article\" \/>\n<meta property=\"og:title\" content=\"Obras do Metr\u00f4 interditam Parque das Bicicletas em Moema - Encontra Moema\" \/>\n<meta property=\"og:description\" content=\"A partir do dia 19 deste m\u00eas, mais da metade da \u00e1rea do Parque das Bicicletas, na Alameda Ira\u00e9, bairro Moema, zona sul de SP, vai ficar fechada. O parque ser\u00e1 usado como canteiro de obras para o Metr\u00f4 e dever\u00e1 ter seu espa\u00e7o limitado pelo menos pelos pr\u00f3ximos dois anos. O lugar ser\u00e1 usado para a expans\u00e3o da linha 5-Lil\u00e1s do Metr\u00f4. Apesar das obras, n\u00e3o vai haver uma esta\u00e7\u00e3o dentro do parque. Na regi\u00e3o ser\u00e3o constru\u00eddos dois t\u00faneis que servir\u00e3o para o estacionamento dos trens. Nesta quarta-feira (12), por meio de um panfleto, um quiosque informava os frequentadores\" \/>\n<meta property=\"og:url\" content=\"https:\/\/www.encontramoema.com.br\/sobre\/obras-do-metro-interditam-parque-das-bicicletas-em-moema\/\" \/>\n<meta property=\"og:site_name\" content=\"Encontra Moema\" \/>\n<meta property=\"article:published_time\" content=\"2011-10-14T21:16:28+00:00\" \/>\n<meta property=\"article:modified_time\" content=\"2019-04-12T21:04:53+00:00\" \/>\n<meta name=\"author\" content=\"Encontra Moema\" \/>\n<meta name=\"twitter:card\" content=\"summary_large_image\" \/>\n<meta name=\"twitter:label1\" content=\"Escrito por\" \/>\n\t<meta name=\"twitter:data1\" content=\"Encontra Moema\" \/>\n\t<meta name=\"twitter:label2\" content=\"Est. tempo de leitura\" \/>\n\t<meta name=\"twitter:data2\" content=\"1 minuto\" \/>\n<script type=\"application\/ld+json\" class=\"yoast-schema-graph\">{\"@context\":\"https:\/\/schema.org\",\"@graph\":[{\"@type\":\"WebPage\",\"@id\":\"https:\/\/www.encontramoema.com.br\/sobre\/obras-do-metro-interditam-parque-das-bicicletas-em-moema\/\",\"url\":\"https:\/\/www.encontramoema.com.br\/sobre\/obras-do-metro-interditam-parque-das-bicicletas-em-moema\/\",\"name\":\"Obras do Metr\u00f4 interditam Parque das Bicicletas em Moema - Encontra Moema\",\"isPartOf\":{\"@id\":\"https:\/\/www.encontramoema.com.br\/sobre\/#website\"},\"datePublished\":\"2011-10-14T21:16:28+00:00\",\"dateModified\":\"2019-04-12T21:04:53+00:00\",\"author\":{\"@id\":\"https:\/\/www.encontramoema.com.br\/sobre\/#\/schema\/person\/3c3656d12b82130d77eba13c4ef23efa\"},\"breadcrumb\":{\"@id\":\"https:\/\/www.encontramoema.com.br\/sobre\/obras-do-metro-interditam-parque-das-bicicletas-em-moema\/#breadcrumb\"},\"inLanguage\":\"pt-BR\",\"potentialAction\":[{\"@type\":\"ReadAction\",\"target\":[\"https:\/\/www.encontramoema.com.br\/sobre\/obras-do-metro-interditam-parque-das-bicicletas-em-moema\/\"]}]},{\"@type\":\"BreadcrumbList\",\"@id\":\"https:\/\/www.encontramoema.com.br\/sobre\/obras-do-metro-interditam-parque-das-bicicletas-em-moema\/#breadcrumb\",\"itemListElement\":[{\"@type\":\"ListItem\",\"position\":1,\"name\":\"In\u00edcio\",\"item\":\"https:\/\/www.encontramoema.com.br\/sobre\/\"},{\"@type\":\"ListItem\",\"position\":2,\"name\":\"Obras do Metr\u00f4 interditam Parque das Bicicletas em Moema\"}]},{\"@type\":\"WebSite\",\"@id\":\"https:\/\/www.encontramoema.com.br\/sobre\/#website\",\"url\":\"https:\/\/www.encontramoema.com.br\/sobre\/\",\"name\":\"Encontra Moema\",\"description\":\"Not\u00edcias, eventos, informa\u00e7\u00f5es e dicas no bairro de Moema e regi\u00e3o.\",\"potentialAction\":[{\"@type\":\"SearchAction\",\"target\":{\"@type\":\"EntryPoint\",\"urlTemplate\":\"https:\/\/www.encontramoema.com.br\/sobre\/?s={search_term_string}\"},\"query-input\":{\"@type\":\"PropertyValueSpecification\",\"valueRequired\":true,\"valueName\":\"search_term_string\"}}],\"inLanguage\":\"pt-BR\"},{\"@type\":\"Person\",\"@id\":\"https:\/\/www.encontramoema.com.br\/sobre\/#\/schema\/person\/3c3656d12b82130d77eba13c4ef23efa\",\"name\":\"Encontra Moema\",\"image\":{\"@type\":\"ImageObject\",\"inLanguage\":\"pt-BR\",\"@id\":\"https:\/\/www.encontramoema.com.br\/sobre\/#\/schema\/person\/image\/\",\"url\":\"https:\/\/secure.gravatar.com\/avatar\/0fbed662e37531ae23e68f85f9517b2454e50c1dfebf80eb9b721449ac95e0b9?s=96&d=mm&r=g\",\"contentUrl\":\"https:\/\/secure.gravatar.com\/avatar\/0fbed662e37531ae23e68f85f9517b2454e50c1dfebf80eb9b721449ac95e0b9?s=96&d=mm&r=g\",\"caption\":\"Encontra Moema\"},\"url\":\"https:\/\/www.encontramoema.com.br\/sobre\/author\/emoema\/\"}]}<\/script>\n<!-- \/ Yoast SEO plugin. -->","yoast_head_json":{"title":"Obras do Metr\u00f4 interditam Parque das Bicicletas em Moema - Encontra Moema","robots":{"index":"index","follow":"follow","max-snippet":"max-snippet:-1","max-image-preview":"max-image-preview:large","max-video-preview":"max-video-preview:-1"},"canonical":"https:\/\/www.encontramoema.com.br\/sobre\/obras-do-metro-interditam-parque-das-bicicletas-em-moema\/","og_locale":"pt_BR","og_type":"article","og_title":"Obras do Metr\u00f4 interditam Parque das Bicicletas em Moema - Encontra Moema","og_description":"A partir do dia 19 deste m\u00eas, mais da metade da \u00e1rea do Parque das Bicicletas, na Alameda Ira\u00e9, bairro Moema, zona sul de SP, vai ficar fechada. O parque ser\u00e1 usado como canteiro de obras para o Metr\u00f4 e dever\u00e1 ter seu espa\u00e7o limitado pelo menos pelos pr\u00f3ximos dois anos. O lugar ser\u00e1 usado para a expans\u00e3o da linha 5-Lil\u00e1s do Metr\u00f4. Apesar das obras, n\u00e3o vai haver uma esta\u00e7\u00e3o dentro do parque. Na regi\u00e3o ser\u00e3o constru\u00eddos dois t\u00faneis que servir\u00e3o para o estacionamento dos trens. Nesta quarta-feira (12), por meio de um panfleto, um quiosque informava os frequentadores","og_url":"https:\/\/www.encontramoema.com.br\/sobre\/obras-do-metro-interditam-parque-das-bicicletas-em-moema\/","og_site_name":"Encontra Moema","article_published_time":"2011-10-14T21:16:28+00:00","article_modified_time":"2019-04-12T21:04:53+00:00","author":"Encontra Moema","twitter_card":"summary_large_image","twitter_misc":{"Escrito por":"Encontra Moema","Est. tempo de leitura":"1 minuto"},"schema":{"@context":"https:\/\/schema.org","@graph":[{"@type":"WebPage","@id":"https:\/\/www.encontramoema.com.br\/sobre\/obras-do-metro-interditam-parque-das-bicicletas-em-moema\/","url":"https:\/\/www.encontramoema.com.br\/sobre\/obras-do-metro-interditam-parque-das-bicicletas-em-moema\/","name":"Obras do Metr\u00f4 interditam Parque das Bicicletas em Moema - Encontra Moema","isPartOf":{"@id":"https:\/\/www.encontramoema.com.br\/sobre\/#website"},"datePublished":"2011-10-14T21:16:28+00:00","dateModified":"2019-04-12T21:04:53+00:00","author":{"@id":"https:\/\/www.encontramoema.com.br\/sobre\/#\/schema\/person\/3c3656d12b82130d77eba13c4ef23efa"},"breadcrumb":{"@id":"https:\/\/www.encontramoema.com.br\/sobre\/obras-do-metro-interditam-parque-das-bicicletas-em-moema\/#breadcrumb"},"inLanguage":"pt-BR","potentialAction":[{"@type":"ReadAction","target":["https:\/\/www.encontramoema.com.br\/sobre\/obras-do-metro-interditam-parque-das-bicicletas-em-moema\/"]}]},{"@type":"BreadcrumbList","@id":"https:\/\/www.encontramoema.com.br\/sobre\/obras-do-metro-interditam-parque-das-bicicletas-em-moema\/#breadcrumb","itemListElement":[{"@type":"ListItem","position":1,"name":"In\u00edcio","item":"https:\/\/www.encontramoema.com.br\/sobre\/"},{"@type":"ListItem","position":2,"name":"Obras do Metr\u00f4 interditam Parque das Bicicletas em Moema"}]},{"@type":"WebSite","@id":"https:\/\/www.encontramoema.com.br\/sobre\/#website","url":"https:\/\/www.encontramoema.com.br\/sobre\/","name":"Encontra Moema","description":"Not\u00edcias, eventos, informa\u00e7\u00f5es e dicas no bairro de Moema e regi\u00e3o.","potentialAction":[{"@type":"SearchAction","target":{"@type":"EntryPoint","urlTemplate":"https:\/\/www.encontramoema.com.br\/sobre\/?s={search_term_string}"},"query-input":{"@type":"PropertyValueSpecification","valueRequired":true,"valueName":"search_term_string"}}],"inLanguage":"pt-BR"},{"@type":"Person","@id":"https:\/\/www.encontramoema.com.br\/sobre\/#\/schema\/person\/3c3656d12b82130d77eba13c4ef23efa","name":"Encontra Moema","image":{"@type":"ImageObject","inLanguage":"pt-BR","@id":"https:\/\/www.encontramoema.com.br\/sobre\/#\/schema\/person\/image\/","url":"https:\/\/secure.gravatar.com\/avatar\/0fbed662e37531ae23e68f85f9517b2454e50c1dfebf80eb9b721449ac95e0b9?s=96&d=mm&r=g","contentUrl":"https:\/\/secure.gravatar.com\/avatar\/0fbed662e37531ae23e68f85f9517b2454e50c1dfebf80eb9b721449ac95e0b9?s=96&d=mm&r=g","caption":"Encontra Moema"},"url":"https:\/\/www.encontramoema.com.br\/sobre\/author\/emoema\/"}]}},"_links":{"self":[{"href":"https:\/\/www.encontramoema.com.br\/sobre\/wp-json\/wp\/v2\/posts\/1489","targetHints":{"allow":["GET"]}}],"collection":[{"href":"https:\/\/www.encontramoema.com.br\/sobre\/wp-json\/wp\/v2\/posts"}],"about":[{"href":"https:\/\/www.encontramoema.com.br\/sobre\/wp-json\/wp\/v2\/types\/post"}],"author":[{"embeddable":true,"href":"https:\/\/www.encontramoema.com.br\/sobre\/wp-json\/wp\/v2\/users\/1"}],"replies":[{"embeddable":true,"href":"https:\/\/www.encontramoema.com.br\/sobre\/wp-json\/wp\/v2\/comments?post=1489"}],"version-history":[{"count":0,"href":"https:\/\/www.encontramoema.com.br\/sobre\/wp-json\/wp\/v2\/posts\/1489\/revisions"}],"wp:attachment":[{"href":"https:\/\/www.encontramoema.com.br\/sobre\/wp-json\/wp\/v2\/media?parent=1489"}],"wp:term":[{"taxonomy":"category","embeddable":true,"href":"https:\/\/www.encontramoema.com.br\/sobre\/wp-json\/wp\/v2\/categories?post=1489"},{"taxonomy":"post_tag","embeddable":true,"href":"https:\/\/www.encontramoema.com.br\/sobre\/wp-json\/wp\/v2\/tags?post=1489"}],"curies":[{"name":"wp","href":"https:\/\/api.w.org\/{rel}","templated":true}]}}