{"id":1524,"date":"2011-10-26T14:08:06","date_gmt":"2011-10-26T16:08:06","guid":{"rendered":"http:\/\/www.encontramoema.com.br\/blog\/?p=1524"},"modified":"2019-04-12T19:04:52","modified_gmt":"2019-04-12T21:04:52","slug":"parque-do-ibirapuera-da-boas-vindas-a-novas-intervencoes-artisticas","status":"publish","type":"post","link":"https:\/\/www.encontramoema.com.br\/sobre\/parque-do-ibirapuera-da-boas-vindas-a-novas-intervencoes-artisticas\/","title":{"rendered":"Parque do Ibirapuera d\u00e1 boas-vindas a novas interven\u00e7\u00f5es art\u00edsticas"},"content":{"rendered":"<div class=\"b7f545a958fd6350ffae2d30a84cafb8\" data-index=\"1\" style=\"float: none; margin:0px;\">\n<!-- Anuncio display - global -->\r\n<ins class=\"adsbygoogle\"\r\n     style=\"display:block\"\r\n     data-ad-client=\"ca-pub-8585364105181520\"\r\n     data-ad-slot=\"8789329856\"\r\n     data-ad-format=\"auto\"\r\n     data-full-width-responsive=\"true\"><\/ins>\r\n<script>\r\n     (adsbygoogle = window.adsbygoogle || []).push({});\r\n<\/script>\n<\/div>\n<p>O <a href=\"http:\/\/www.encontramoema.com.br\/moema\/parque-do-ibirapuera.shtml\" target=\"_blank\">Parque do Ibirapuera<\/a> est\u00e1 recebendo novos h\u00f3spedes e j\u00e1 se acostumou com outros rec\u00e9m-chegados, todos eles vindos do universo art\u00edstico da Cidade. Um deles \u00e9 a instala\u00e7\u00e3o\u00a0<em>Caminhos Ef\u00eameros da Poesia<\/em>, da poeta Rita Alves, que chegar\u00e1 ao parque em novembro. A interven\u00e7\u00e3o consiste em gravar frases e poemas no asfalto e em meio \u00e0s ra\u00edzes das \u00e1rvores que margeiam o lago pr\u00f3ximo da Pra\u00e7a da Paz, em um trajeto de aproximadamente 600 metros.<\/p>\n<p>Os poemas ser\u00e3o grafitados pelos G\u00eameos da Arte, Anderson e Robert Pinheiro, aliando versos, artes visuais, propostas culturais e ambientais. A ideia de concretizar a poesia pelos caminhos do parque foi do diretor do Ibirapuera, Heraldo Guiaro, que pretende abrir a possibilidade de utilizar esse espa\u00e7o para novas interven\u00e7\u00f5es ef\u00eameras. \u201cA id\u00e9ia \u00e9 estimular os visitantes diante desta proposta, para que eles se sintam parte integrante do processo po\u00e9tico, que passem a transitar pela obra, interagindo com o espa\u00e7o da natureza, em que o meio ambiente \u00e9 o principal ve\u00edculo para a mostra da curadoria de poemas\u201d, explica Guiaro.<\/p>\n<p><strong>Poesia n\u00e3o tem hora<\/strong><\/p>\n<p>No mesmo dia, haver\u00e1 a instala\u00e7\u00e3o da obra Poesia n\u00e3o tem hora \u2013 tamb\u00e9m cria\u00e7\u00e3o de Rita Alves e do artista pl\u00e1stico e publicit\u00e1rio Lee Swain, que montar\u00e1 um rel\u00f3gio de sol em meio ao parque. A cada hora marcada, uma poesia representar\u00e1 o numeral em placas de pedra. Ser\u00e3o 12 placas de formato irregular, com 12 poesias gravadas de 12 artistas diferentes. As pedras ser\u00e3o colocadas em torno de uma \u00e1rvore, e a sombra desta \u00e1rvore far\u00e1 o papel do ponteiro, assinalando as horas em cada uma das poesias.<\/p>\n<p>Os visitantes poder\u00e3o pisar nas horas e nas placas dos versos e escolher a leitura de poetas contempor\u00e2neos como Alice Ruiz, L\u00edvia Garcia Roza, Guilherme de Faria, Reynaldo Bessa, Rita Alves, Roberto Piva, Luis Serguilha, Pedro Vicente Alves Pinto, entre outros. A cerim\u00f4nia de inaugura\u00e7\u00e3o das obras ser\u00e1 marcada por apresenta\u00e7\u00f5es musicais de Os Chor\u00f5es, Orquestra Filarm\u00f4nica do Theatro Municipal e Os Trovadores Urbanos, al\u00e9m da leitura de poemas por Luciana Vendramini, Jayme Periard, C\u00e1ssio Junqueira, Pedro Vicente Alves Pinto, Guca Domenico e Heraldo Guiaro.<\/p>\n<p><strong>Rec\u00e9m-chegados<\/strong><\/p>\n<p>Entre os rec\u00e9m-chegados ao parque, est\u00e3o a Mantra Dinamus Estelar, do espanhol Jaime Prades. Era s\u00f3 uma caixa d\u00b4\u00e1gua em formato cil\u00edndrico, com mais de 10 metros de altura, localizada entre os pr\u00e9dios do Museu de Arte Moderna (MAM) e a Bienal, no Parque Ibirapuera. At\u00e9 que Prades resolveu transformar aquela superf\u00edcie de alvenaria com muitas marcas urbanas e picha\u00e7\u00f5es em uma grande tela, pronta para receber pinceladas e cores vivas, misturando e transformando tudo em arte.<\/p>\n<p>O trabalho do artista espanhol dialoga com a realidade e as caracter\u00edsticas urbanas grafadas ali, agregando valor ao inclu\u00ed-las dentro de uma obra cultural. \u201cEssa \u2018sujeira\u2019 aos olhos da maioria precisa ser vista, tornada vis\u00edvel atrav\u00e9s da consci\u00eancia sobre a realidade de nossa cultura, onde predominam os valores de consumo, apar\u00eancia e onde o dinheiro \u00e9 Deus\u201d, afirma Prades.<\/p>\n<p>A caixa de concreto que se transformou em arte tamb\u00e9m inverte a rela\u00e7\u00e3o dominante da Cidade, onde as edifica\u00e7\u00f5es dominam as \u00e1rvores. Ali acontece o contr\u00e1rio &#8211; a caixa d\u2019\u00e1gua est\u00e1 rodeada pelo verde, como um remanescente de uma cidade ou de uma civiliza\u00e7\u00e3o perdida. no tempo. \u00c9 nesta po\u00e9tica, do tempo e da mem\u00f3ria, do estranhamento e do conflito entre natureza e cidade que o artista atuou.<\/p>\n<p>Jaime Prades \u00e9 um dos artistas pioneiros da arte urbana de S\u00e3o Paulo da d\u00e9cada de 80. Seus grafismos fazem parte da identidade visual de S\u00e3o Paulo.<\/p>\n<p>O artista Antonio Peticov tamb\u00e9m usou o espa\u00e7o do parque e a natureza para fazer sua arte utilizando o conceito da n\u00e3o-perpetua\u00e7\u00e3o. As folhas de \u00e1rvores ca\u00eddas na terra serviram de inspira\u00e7\u00e3o ao artista, que desenhou um c\u00edrculo movimentando as folhas para fora, formando um c\u00edrculo tra\u00e7ado pelo marrom escuro da terra, que estava por baixo das folhas \u201c\u00c9 na efemeridade deste trabalho que a arte se justifica, como complemento da forma circular, met\u00e1fora profunda de ciclo, de princ\u00edpio e fim, amalgamados at\u00e9 que n\u00e3o se reconhe\u00e7a onde foi o ponto de partida\u201d, explica o artista.<\/p>\n<p>Assim, o pr\u00f3prio tempo cumprir\u00e1 a fun\u00e7\u00e3o de apagar as marcas humanas, pelo efeito do vento. \u201cNeste trabalho sou o agente humano que desperta os nossos olhos para o trivial da natureza, que n\u00e3o deixa de ser sempre uma surpresa, uma possibilidade de express\u00e3o\u201d, conclui Peticov.<\/p>\n<p><strong>Servi\u00e7o<\/strong><\/p>\n<p><strong>Caminhos Ef\u00eameros da Poesia e Poesia n\u00e3o tem Hora<\/strong><\/p>\n<p><strong>Data:<\/strong> 5 de novembro<\/p>\n<p><strong>Hora:<\/strong> das 18h \u00e0s 21h<\/p>\n<p><strong>Local<\/strong>: Margem do lago 2, pr\u00f3ximo da Pra\u00e7a da Paz<\/p>\n<p><strong>Mantra Dinamus Estelar<\/strong><\/p>\n<p><strong>Data:<\/strong> Obra permanente<\/p>\n<p><strong>Local:<\/strong> Bosque entre os pr\u00e9dios do <a href=\"http:\/\/www.encontramoema.com.br\/moema\/museu-de-arte-moderna.shtml\" target=\"_blank\">Museu de Arte Moderna<\/a> (MAM) e a <a href=\"http:\/\/www.encontramoema.com.br\/moema\/pavilhao-ciccillo-matarazzo-no-ibirapuera.shtml\" target=\"_blank\">Bienal<\/a><\/p>\n<p><strong>Informa\u00e7\u00f5es Parque Ibirapuera:<\/strong> 5574-5177<\/p>\n<p><em>Fonte: Prefeitura de S\u00e3o Paulo<\/em><\/p>\n\n<div style=\"font-size: 0px; height: 0px; line-height: 0px; margin: 0; padding: 0; clear: both;\"><\/div>","protected":false},"excerpt":{"rendered":"<p>O Parque do Ibirapuera est\u00e1 recebendo novos h\u00f3spedes e j\u00e1 se acostumou com outros rec\u00e9m-chegados, todos eles vindos do universo art\u00edstico da Cidade. Um deles \u00e9 a instala\u00e7\u00e3o\u00a0Caminhos Ef\u00eameros da Poesia, da poeta Rita Alves, que chegar\u00e1 ao parque em novembro. A interven\u00e7\u00e3o consiste em gravar frases e poemas no asfalto e em meio \u00e0s ra\u00edzes das \u00e1rvores que margeiam o lago pr\u00f3ximo da Pra\u00e7a da Paz, em um trajeto de aproximadamente 600 metros. Os poemas ser\u00e3o grafitados pelos G\u00eameos da Arte, Anderson e Robert Pinheiro, aliando versos, artes visuais, propostas culturais e ambientais. A ideia de concretizar a poesia <\/p>\n","protected":false},"author":1,"featured_media":0,"comment_status":"open","ping_status":"closed","sticky":false,"template":"","format":"standard","meta":{"footnotes":""},"categories":[1],"tags":[7],"class_list":["post-1524","post","type-post","status-publish","format-standard","hentry","category-noticias-em-moema","tag-moema"],"yoast_head":"<!-- This site is optimized with the Yoast SEO plugin v26.3 - https:\/\/yoast.com\/wordpress\/plugins\/seo\/ -->\n<title>Parque do Ibirapuera d\u00e1 boas-vindas a novas interven\u00e7\u00f5es art\u00edsticas - Encontra Moema<\/title>\n<meta name=\"robots\" content=\"index, follow, max-snippet:-1, max-image-preview:large, max-video-preview:-1\" \/>\n<link rel=\"canonical\" href=\"https:\/\/www.encontramoema.com.br\/sobre\/parque-do-ibirapuera-da-boas-vindas-a-novas-intervencoes-artisticas\/\" \/>\n<meta property=\"og:locale\" content=\"pt_BR\" \/>\n<meta property=\"og:type\" content=\"article\" \/>\n<meta property=\"og:title\" content=\"Parque do Ibirapuera d\u00e1 boas-vindas a novas interven\u00e7\u00f5es art\u00edsticas - Encontra Moema\" \/>\n<meta property=\"og:description\" content=\"O Parque do Ibirapuera est\u00e1 recebendo novos h\u00f3spedes e j\u00e1 se acostumou com outros rec\u00e9m-chegados, todos eles vindos do universo art\u00edstico da Cidade. Um deles \u00e9 a instala\u00e7\u00e3o\u00a0Caminhos Ef\u00eameros da Poesia, da poeta Rita Alves, que chegar\u00e1 ao parque em novembro. A interven\u00e7\u00e3o consiste em gravar frases e poemas no asfalto e em meio \u00e0s ra\u00edzes das \u00e1rvores que margeiam o lago pr\u00f3ximo da Pra\u00e7a da Paz, em um trajeto de aproximadamente 600 metros. Os poemas ser\u00e3o grafitados pelos G\u00eameos da Arte, Anderson e Robert Pinheiro, aliando versos, artes visuais, propostas culturais e ambientais. A ideia de concretizar a poesia\" \/>\n<meta property=\"og:url\" content=\"https:\/\/www.encontramoema.com.br\/sobre\/parque-do-ibirapuera-da-boas-vindas-a-novas-intervencoes-artisticas\/\" \/>\n<meta property=\"og:site_name\" content=\"Encontra Moema\" \/>\n<meta property=\"article:published_time\" content=\"2011-10-26T16:08:06+00:00\" \/>\n<meta property=\"article:modified_time\" content=\"2019-04-12T21:04:52+00:00\" \/>\n<meta name=\"author\" content=\"Encontra Moema\" \/>\n<meta name=\"twitter:card\" content=\"summary_large_image\" \/>\n<meta name=\"twitter:label1\" content=\"Escrito por\" \/>\n\t<meta name=\"twitter:data1\" content=\"Encontra Moema\" \/>\n\t<meta name=\"twitter:label2\" content=\"Est. tempo de leitura\" \/>\n\t<meta name=\"twitter:data2\" content=\"4 minutos\" \/>\n<script type=\"application\/ld+json\" class=\"yoast-schema-graph\">{\"@context\":\"https:\/\/schema.org\",\"@graph\":[{\"@type\":\"WebPage\",\"@id\":\"https:\/\/www.encontramoema.com.br\/sobre\/parque-do-ibirapuera-da-boas-vindas-a-novas-intervencoes-artisticas\/\",\"url\":\"https:\/\/www.encontramoema.com.br\/sobre\/parque-do-ibirapuera-da-boas-vindas-a-novas-intervencoes-artisticas\/\",\"name\":\"Parque do Ibirapuera d\u00e1 boas-vindas a novas interven\u00e7\u00f5es art\u00edsticas - Encontra Moema\",\"isPartOf\":{\"@id\":\"https:\/\/www.encontramoema.com.br\/sobre\/#website\"},\"datePublished\":\"2011-10-26T16:08:06+00:00\",\"dateModified\":\"2019-04-12T21:04:52+00:00\",\"author\":{\"@id\":\"https:\/\/www.encontramoema.com.br\/sobre\/#\/schema\/person\/3c3656d12b82130d77eba13c4ef23efa\"},\"breadcrumb\":{\"@id\":\"https:\/\/www.encontramoema.com.br\/sobre\/parque-do-ibirapuera-da-boas-vindas-a-novas-intervencoes-artisticas\/#breadcrumb\"},\"inLanguage\":\"pt-BR\",\"potentialAction\":[{\"@type\":\"ReadAction\",\"target\":[\"https:\/\/www.encontramoema.com.br\/sobre\/parque-do-ibirapuera-da-boas-vindas-a-novas-intervencoes-artisticas\/\"]}]},{\"@type\":\"BreadcrumbList\",\"@id\":\"https:\/\/www.encontramoema.com.br\/sobre\/parque-do-ibirapuera-da-boas-vindas-a-novas-intervencoes-artisticas\/#breadcrumb\",\"itemListElement\":[{\"@type\":\"ListItem\",\"position\":1,\"name\":\"In\u00edcio\",\"item\":\"https:\/\/www.encontramoema.com.br\/sobre\/\"},{\"@type\":\"ListItem\",\"position\":2,\"name\":\"Parque do Ibirapuera d\u00e1 boas-vindas a novas interven\u00e7\u00f5es art\u00edsticas\"}]},{\"@type\":\"WebSite\",\"@id\":\"https:\/\/www.encontramoema.com.br\/sobre\/#website\",\"url\":\"https:\/\/www.encontramoema.com.br\/sobre\/\",\"name\":\"Encontra Moema\",\"description\":\"Not\u00edcias, eventos, informa\u00e7\u00f5es e dicas no bairro de Moema e regi\u00e3o.\",\"potentialAction\":[{\"@type\":\"SearchAction\",\"target\":{\"@type\":\"EntryPoint\",\"urlTemplate\":\"https:\/\/www.encontramoema.com.br\/sobre\/?s={search_term_string}\"},\"query-input\":{\"@type\":\"PropertyValueSpecification\",\"valueRequired\":true,\"valueName\":\"search_term_string\"}}],\"inLanguage\":\"pt-BR\"},{\"@type\":\"Person\",\"@id\":\"https:\/\/www.encontramoema.com.br\/sobre\/#\/schema\/person\/3c3656d12b82130d77eba13c4ef23efa\",\"name\":\"Encontra Moema\",\"image\":{\"@type\":\"ImageObject\",\"inLanguage\":\"pt-BR\",\"@id\":\"https:\/\/www.encontramoema.com.br\/sobre\/#\/schema\/person\/image\/\",\"url\":\"https:\/\/secure.gravatar.com\/avatar\/0fbed662e37531ae23e68f85f9517b2454e50c1dfebf80eb9b721449ac95e0b9?s=96&d=mm&r=g\",\"contentUrl\":\"https:\/\/secure.gravatar.com\/avatar\/0fbed662e37531ae23e68f85f9517b2454e50c1dfebf80eb9b721449ac95e0b9?s=96&d=mm&r=g\",\"caption\":\"Encontra Moema\"},\"url\":\"https:\/\/www.encontramoema.com.br\/sobre\/author\/emoema\/\"}]}<\/script>\n<!-- \/ Yoast SEO plugin. -->","yoast_head_json":{"title":"Parque do Ibirapuera d\u00e1 boas-vindas a novas interven\u00e7\u00f5es art\u00edsticas - Encontra Moema","robots":{"index":"index","follow":"follow","max-snippet":"max-snippet:-1","max-image-preview":"max-image-preview:large","max-video-preview":"max-video-preview:-1"},"canonical":"https:\/\/www.encontramoema.com.br\/sobre\/parque-do-ibirapuera-da-boas-vindas-a-novas-intervencoes-artisticas\/","og_locale":"pt_BR","og_type":"article","og_title":"Parque do Ibirapuera d\u00e1 boas-vindas a novas interven\u00e7\u00f5es art\u00edsticas - Encontra Moema","og_description":"O Parque do Ibirapuera est\u00e1 recebendo novos h\u00f3spedes e j\u00e1 se acostumou com outros rec\u00e9m-chegados, todos eles vindos do universo art\u00edstico da Cidade. Um deles \u00e9 a instala\u00e7\u00e3o\u00a0Caminhos Ef\u00eameros da Poesia, da poeta Rita Alves, que chegar\u00e1 ao parque em novembro. A interven\u00e7\u00e3o consiste em gravar frases e poemas no asfalto e em meio \u00e0s ra\u00edzes das \u00e1rvores que margeiam o lago pr\u00f3ximo da Pra\u00e7a da Paz, em um trajeto de aproximadamente 600 metros. Os poemas ser\u00e3o grafitados pelos G\u00eameos da Arte, Anderson e Robert Pinheiro, aliando versos, artes visuais, propostas culturais e ambientais. A ideia de concretizar a poesia","og_url":"https:\/\/www.encontramoema.com.br\/sobre\/parque-do-ibirapuera-da-boas-vindas-a-novas-intervencoes-artisticas\/","og_site_name":"Encontra Moema","article_published_time":"2011-10-26T16:08:06+00:00","article_modified_time":"2019-04-12T21:04:52+00:00","author":"Encontra Moema","twitter_card":"summary_large_image","twitter_misc":{"Escrito por":"Encontra Moema","Est. tempo de leitura":"4 minutos"},"schema":{"@context":"https:\/\/schema.org","@graph":[{"@type":"WebPage","@id":"https:\/\/www.encontramoema.com.br\/sobre\/parque-do-ibirapuera-da-boas-vindas-a-novas-intervencoes-artisticas\/","url":"https:\/\/www.encontramoema.com.br\/sobre\/parque-do-ibirapuera-da-boas-vindas-a-novas-intervencoes-artisticas\/","name":"Parque do Ibirapuera d\u00e1 boas-vindas a novas interven\u00e7\u00f5es art\u00edsticas - Encontra Moema","isPartOf":{"@id":"https:\/\/www.encontramoema.com.br\/sobre\/#website"},"datePublished":"2011-10-26T16:08:06+00:00","dateModified":"2019-04-12T21:04:52+00:00","author":{"@id":"https:\/\/www.encontramoema.com.br\/sobre\/#\/schema\/person\/3c3656d12b82130d77eba13c4ef23efa"},"breadcrumb":{"@id":"https:\/\/www.encontramoema.com.br\/sobre\/parque-do-ibirapuera-da-boas-vindas-a-novas-intervencoes-artisticas\/#breadcrumb"},"inLanguage":"pt-BR","potentialAction":[{"@type":"ReadAction","target":["https:\/\/www.encontramoema.com.br\/sobre\/parque-do-ibirapuera-da-boas-vindas-a-novas-intervencoes-artisticas\/"]}]},{"@type":"BreadcrumbList","@id":"https:\/\/www.encontramoema.com.br\/sobre\/parque-do-ibirapuera-da-boas-vindas-a-novas-intervencoes-artisticas\/#breadcrumb","itemListElement":[{"@type":"ListItem","position":1,"name":"In\u00edcio","item":"https:\/\/www.encontramoema.com.br\/sobre\/"},{"@type":"ListItem","position":2,"name":"Parque do Ibirapuera d\u00e1 boas-vindas a novas interven\u00e7\u00f5es art\u00edsticas"}]},{"@type":"WebSite","@id":"https:\/\/www.encontramoema.com.br\/sobre\/#website","url":"https:\/\/www.encontramoema.com.br\/sobre\/","name":"Encontra Moema","description":"Not\u00edcias, eventos, informa\u00e7\u00f5es e dicas no bairro de Moema e regi\u00e3o.","potentialAction":[{"@type":"SearchAction","target":{"@type":"EntryPoint","urlTemplate":"https:\/\/www.encontramoema.com.br\/sobre\/?s={search_term_string}"},"query-input":{"@type":"PropertyValueSpecification","valueRequired":true,"valueName":"search_term_string"}}],"inLanguage":"pt-BR"},{"@type":"Person","@id":"https:\/\/www.encontramoema.com.br\/sobre\/#\/schema\/person\/3c3656d12b82130d77eba13c4ef23efa","name":"Encontra Moema","image":{"@type":"ImageObject","inLanguage":"pt-BR","@id":"https:\/\/www.encontramoema.com.br\/sobre\/#\/schema\/person\/image\/","url":"https:\/\/secure.gravatar.com\/avatar\/0fbed662e37531ae23e68f85f9517b2454e50c1dfebf80eb9b721449ac95e0b9?s=96&d=mm&r=g","contentUrl":"https:\/\/secure.gravatar.com\/avatar\/0fbed662e37531ae23e68f85f9517b2454e50c1dfebf80eb9b721449ac95e0b9?s=96&d=mm&r=g","caption":"Encontra Moema"},"url":"https:\/\/www.encontramoema.com.br\/sobre\/author\/emoema\/"}]}},"_links":{"self":[{"href":"https:\/\/www.encontramoema.com.br\/sobre\/wp-json\/wp\/v2\/posts\/1524","targetHints":{"allow":["GET"]}}],"collection":[{"href":"https:\/\/www.encontramoema.com.br\/sobre\/wp-json\/wp\/v2\/posts"}],"about":[{"href":"https:\/\/www.encontramoema.com.br\/sobre\/wp-json\/wp\/v2\/types\/post"}],"author":[{"embeddable":true,"href":"https:\/\/www.encontramoema.com.br\/sobre\/wp-json\/wp\/v2\/users\/1"}],"replies":[{"embeddable":true,"href":"https:\/\/www.encontramoema.com.br\/sobre\/wp-json\/wp\/v2\/comments?post=1524"}],"version-history":[{"count":0,"href":"https:\/\/www.encontramoema.com.br\/sobre\/wp-json\/wp\/v2\/posts\/1524\/revisions"}],"wp:attachment":[{"href":"https:\/\/www.encontramoema.com.br\/sobre\/wp-json\/wp\/v2\/media?parent=1524"}],"wp:term":[{"taxonomy":"category","embeddable":true,"href":"https:\/\/www.encontramoema.com.br\/sobre\/wp-json\/wp\/v2\/categories?post=1524"},{"taxonomy":"post_tag","embeddable":true,"href":"https:\/\/www.encontramoema.com.br\/sobre\/wp-json\/wp\/v2\/tags?post=1524"}],"curies":[{"name":"wp","href":"https:\/\/api.w.org\/{rel}","templated":true}]}}