{"id":1601,"date":"2011-11-09T17:04:34","date_gmt":"2011-11-09T19:04:34","guid":{"rendered":"http:\/\/www.encontramoema.com.br\/blog\/?p=1601"},"modified":"2019-04-12T19:04:51","modified_gmt":"2019-04-12T21:04:51","slug":"confusao-marca-estreia-de-ciclofaixa-em-moema","status":"publish","type":"post","link":"https:\/\/www.encontramoema.com.br\/sobre\/confusao-marca-estreia-de-ciclofaixa-em-moema\/","title":{"rendered":"Confus\u00e3o marca estreia de ciclofaixa em Moema"},"content":{"rendered":"<div class=\"b7f545a958fd6350ffae2d30a84cafb8\" data-index=\"1\" style=\"float: none; margin:0px;\">\n<!-- Anuncio display - global -->\r\n<ins class=\"adsbygoogle\"\r\n     style=\"display:block\"\r\n     data-ad-client=\"ca-pub-8585364105181520\"\r\n     data-ad-slot=\"8789329856\"\r\n     data-ad-format=\"auto\"\r\n     data-full-width-responsive=\"true\"><\/ins>\r\n<script>\r\n     (adsbygoogle = window.adsbygoogle || []).push({});\r\n<\/script>\n<\/div>\n<p>A faixa exclusiva para bicicletas em guia de Moema, bairro nobre da zona sul de S\u00e3o Paulo, foi inaugurada no fim de semana em meio a confus\u00f5es.<\/p>\n<p>Tr\u00e2nsito pesado, falta de vagas e desencontro de informa\u00e7\u00f5es complicaram a rotina de moradores, comerciantes e at\u00e9 dos ciclistas.<\/p>\n<p>Um motoboy, que circulava irregularmente pela faixa, se feriu no s\u00e1bado (5) ao bater na porta de um ve\u00edculo que estacionava na Zona Azul.<\/p>\n<p>No mesmo dia, Carol Maluf, 44, lojista e integrante da associa\u00e7\u00e3o de moradores de Moema, parou o carro de prop\u00f3sito em cima da ciclovia como forma de protesto.<\/p>\n<p>A pol\u00edcia teve que intervir para que ela desbloqueasse a pista. A lojista cr\u00ea que a faixa prejudica o com\u00e9rcio.<\/p>\n<p>Na mesma via da loja de Carol, a av. Pav\u00e3o, o estudante de engenharia ambiental Gustavo Toledo, 27, ia para a faculdade de bicicleta. &#8220;\u00c9 uma facilidade. Fa\u00e7o tudo de &#8216;bike&#8217; e planejo usar a faixa todos os dias&#8221;, diz.<\/p>\n<p>Mas estudante reclama da falta de respeito dos motoristas. &#8220;Eles circulam sem cuidado, desrespeitam o espa\u00e7o e estacionam em cima da faixa&#8221;, afirma.<\/p>\n<p>A CET (Companhia de Engenharia de Tr\u00e2nsito) diz que a rede ciclovi\u00e1ria est\u00e1 em fase de testes. Ap\u00f3s 15 dias, motoristas que circularem ou bloquearem a ciclovia ser\u00e3o multados e perder\u00e3o pontos na carteira.<\/p>\n<p><em>Fonte: Folha.com<\/em><\/p>\n\n<div style=\"font-size: 0px; height: 0px; line-height: 0px; margin: 0; padding: 0; clear: both;\"><\/div>","protected":false},"excerpt":{"rendered":"<p>A faixa exclusiva para bicicletas em guia de Moema, bairro nobre da zona sul de S\u00e3o Paulo, foi inaugurada no fim de semana em meio a confus\u00f5es. Tr\u00e2nsito pesado, falta de vagas e desencontro de informa\u00e7\u00f5es complicaram a rotina de moradores, comerciantes e at\u00e9 dos ciclistas. Um motoboy, que circulava irregularmente pela faixa, se feriu no s\u00e1bado (5) ao bater na porta de um ve\u00edculo que estacionava na Zona Azul. No mesmo dia, Carol Maluf, 44, lojista e integrante da associa\u00e7\u00e3o de moradores de Moema, parou o carro de prop\u00f3sito em cima da ciclovia como forma de protesto. A pol\u00edcia <\/p>\n","protected":false},"author":1,"featured_media":0,"comment_status":"open","ping_status":"closed","sticky":false,"template":"","format":"standard","meta":{"footnotes":""},"categories":[1],"tags":[7],"class_list":["post-1601","post","type-post","status-publish","format-standard","hentry","category-noticias-em-moema","tag-moema"],"yoast_head":"<!-- This site is optimized with the Yoast SEO plugin v26.3 - https:\/\/yoast.com\/wordpress\/plugins\/seo\/ -->\n<title>Confus\u00e3o marca estreia de ciclofaixa em Moema - Encontra Moema<\/title>\n<meta name=\"robots\" content=\"index, follow, max-snippet:-1, max-image-preview:large, max-video-preview:-1\" \/>\n<link rel=\"canonical\" href=\"https:\/\/www.encontramoema.com.br\/sobre\/confusao-marca-estreia-de-ciclofaixa-em-moema\/\" \/>\n<meta property=\"og:locale\" content=\"pt_BR\" \/>\n<meta property=\"og:type\" content=\"article\" \/>\n<meta property=\"og:title\" content=\"Confus\u00e3o marca estreia de ciclofaixa em Moema - Encontra Moema\" \/>\n<meta property=\"og:description\" content=\"A faixa exclusiva para bicicletas em guia de Moema, bairro nobre da zona sul de S\u00e3o Paulo, foi inaugurada no fim de semana em meio a confus\u00f5es. Tr\u00e2nsito pesado, falta de vagas e desencontro de informa\u00e7\u00f5es complicaram a rotina de moradores, comerciantes e at\u00e9 dos ciclistas. Um motoboy, que circulava irregularmente pela faixa, se feriu no s\u00e1bado (5) ao bater na porta de um ve\u00edculo que estacionava na Zona Azul. No mesmo dia, Carol Maluf, 44, lojista e integrante da associa\u00e7\u00e3o de moradores de Moema, parou o carro de prop\u00f3sito em cima da ciclovia como forma de protesto. A pol\u00edcia\" \/>\n<meta property=\"og:url\" content=\"https:\/\/www.encontramoema.com.br\/sobre\/confusao-marca-estreia-de-ciclofaixa-em-moema\/\" \/>\n<meta property=\"og:site_name\" content=\"Encontra Moema\" \/>\n<meta property=\"article:published_time\" content=\"2011-11-09T19:04:34+00:00\" \/>\n<meta property=\"article:modified_time\" content=\"2019-04-12T21:04:51+00:00\" \/>\n<meta name=\"author\" content=\"Encontra Moema\" \/>\n<meta name=\"twitter:card\" content=\"summary_large_image\" \/>\n<meta name=\"twitter:label1\" content=\"Escrito por\" \/>\n\t<meta name=\"twitter:data1\" content=\"Encontra Moema\" \/>\n\t<meta name=\"twitter:label2\" content=\"Est. tempo de leitura\" \/>\n\t<meta name=\"twitter:data2\" content=\"1 minuto\" \/>\n<script type=\"application\/ld+json\" class=\"yoast-schema-graph\">{\"@context\":\"https:\/\/schema.org\",\"@graph\":[{\"@type\":\"WebPage\",\"@id\":\"https:\/\/www.encontramoema.com.br\/sobre\/confusao-marca-estreia-de-ciclofaixa-em-moema\/\",\"url\":\"https:\/\/www.encontramoema.com.br\/sobre\/confusao-marca-estreia-de-ciclofaixa-em-moema\/\",\"name\":\"Confus\u00e3o marca estreia de ciclofaixa em Moema - Encontra Moema\",\"isPartOf\":{\"@id\":\"https:\/\/www.encontramoema.com.br\/sobre\/#website\"},\"datePublished\":\"2011-11-09T19:04:34+00:00\",\"dateModified\":\"2019-04-12T21:04:51+00:00\",\"author\":{\"@id\":\"https:\/\/www.encontramoema.com.br\/sobre\/#\/schema\/person\/3c3656d12b82130d77eba13c4ef23efa\"},\"breadcrumb\":{\"@id\":\"https:\/\/www.encontramoema.com.br\/sobre\/confusao-marca-estreia-de-ciclofaixa-em-moema\/#breadcrumb\"},\"inLanguage\":\"pt-BR\",\"potentialAction\":[{\"@type\":\"ReadAction\",\"target\":[\"https:\/\/www.encontramoema.com.br\/sobre\/confusao-marca-estreia-de-ciclofaixa-em-moema\/\"]}]},{\"@type\":\"BreadcrumbList\",\"@id\":\"https:\/\/www.encontramoema.com.br\/sobre\/confusao-marca-estreia-de-ciclofaixa-em-moema\/#breadcrumb\",\"itemListElement\":[{\"@type\":\"ListItem\",\"position\":1,\"name\":\"In\u00edcio\",\"item\":\"https:\/\/www.encontramoema.com.br\/sobre\/\"},{\"@type\":\"ListItem\",\"position\":2,\"name\":\"Confus\u00e3o marca estreia de ciclofaixa em Moema\"}]},{\"@type\":\"WebSite\",\"@id\":\"https:\/\/www.encontramoema.com.br\/sobre\/#website\",\"url\":\"https:\/\/www.encontramoema.com.br\/sobre\/\",\"name\":\"Encontra Moema\",\"description\":\"Not\u00edcias, eventos, informa\u00e7\u00f5es e dicas no bairro de Moema e regi\u00e3o.\",\"potentialAction\":[{\"@type\":\"SearchAction\",\"target\":{\"@type\":\"EntryPoint\",\"urlTemplate\":\"https:\/\/www.encontramoema.com.br\/sobre\/?s={search_term_string}\"},\"query-input\":{\"@type\":\"PropertyValueSpecification\",\"valueRequired\":true,\"valueName\":\"search_term_string\"}}],\"inLanguage\":\"pt-BR\"},{\"@type\":\"Person\",\"@id\":\"https:\/\/www.encontramoema.com.br\/sobre\/#\/schema\/person\/3c3656d12b82130d77eba13c4ef23efa\",\"name\":\"Encontra Moema\",\"image\":{\"@type\":\"ImageObject\",\"inLanguage\":\"pt-BR\",\"@id\":\"https:\/\/www.encontramoema.com.br\/sobre\/#\/schema\/person\/image\/\",\"url\":\"https:\/\/secure.gravatar.com\/avatar\/0fbed662e37531ae23e68f85f9517b2454e50c1dfebf80eb9b721449ac95e0b9?s=96&d=mm&r=g\",\"contentUrl\":\"https:\/\/secure.gravatar.com\/avatar\/0fbed662e37531ae23e68f85f9517b2454e50c1dfebf80eb9b721449ac95e0b9?s=96&d=mm&r=g\",\"caption\":\"Encontra Moema\"},\"url\":\"https:\/\/www.encontramoema.com.br\/sobre\/author\/emoema\/\"}]}<\/script>\n<!-- \/ Yoast SEO plugin. -->","yoast_head_json":{"title":"Confus\u00e3o marca estreia de ciclofaixa em Moema - Encontra Moema","robots":{"index":"index","follow":"follow","max-snippet":"max-snippet:-1","max-image-preview":"max-image-preview:large","max-video-preview":"max-video-preview:-1"},"canonical":"https:\/\/www.encontramoema.com.br\/sobre\/confusao-marca-estreia-de-ciclofaixa-em-moema\/","og_locale":"pt_BR","og_type":"article","og_title":"Confus\u00e3o marca estreia de ciclofaixa em Moema - Encontra Moema","og_description":"A faixa exclusiva para bicicletas em guia de Moema, bairro nobre da zona sul de S\u00e3o Paulo, foi inaugurada no fim de semana em meio a confus\u00f5es. Tr\u00e2nsito pesado, falta de vagas e desencontro de informa\u00e7\u00f5es complicaram a rotina de moradores, comerciantes e at\u00e9 dos ciclistas. Um motoboy, que circulava irregularmente pela faixa, se feriu no s\u00e1bado (5) ao bater na porta de um ve\u00edculo que estacionava na Zona Azul. No mesmo dia, Carol Maluf, 44, lojista e integrante da associa\u00e7\u00e3o de moradores de Moema, parou o carro de prop\u00f3sito em cima da ciclovia como forma de protesto. A pol\u00edcia","og_url":"https:\/\/www.encontramoema.com.br\/sobre\/confusao-marca-estreia-de-ciclofaixa-em-moema\/","og_site_name":"Encontra Moema","article_published_time":"2011-11-09T19:04:34+00:00","article_modified_time":"2019-04-12T21:04:51+00:00","author":"Encontra Moema","twitter_card":"summary_large_image","twitter_misc":{"Escrito por":"Encontra Moema","Est. tempo de leitura":"1 minuto"},"schema":{"@context":"https:\/\/schema.org","@graph":[{"@type":"WebPage","@id":"https:\/\/www.encontramoema.com.br\/sobre\/confusao-marca-estreia-de-ciclofaixa-em-moema\/","url":"https:\/\/www.encontramoema.com.br\/sobre\/confusao-marca-estreia-de-ciclofaixa-em-moema\/","name":"Confus\u00e3o marca estreia de ciclofaixa em Moema - Encontra Moema","isPartOf":{"@id":"https:\/\/www.encontramoema.com.br\/sobre\/#website"},"datePublished":"2011-11-09T19:04:34+00:00","dateModified":"2019-04-12T21:04:51+00:00","author":{"@id":"https:\/\/www.encontramoema.com.br\/sobre\/#\/schema\/person\/3c3656d12b82130d77eba13c4ef23efa"},"breadcrumb":{"@id":"https:\/\/www.encontramoema.com.br\/sobre\/confusao-marca-estreia-de-ciclofaixa-em-moema\/#breadcrumb"},"inLanguage":"pt-BR","potentialAction":[{"@type":"ReadAction","target":["https:\/\/www.encontramoema.com.br\/sobre\/confusao-marca-estreia-de-ciclofaixa-em-moema\/"]}]},{"@type":"BreadcrumbList","@id":"https:\/\/www.encontramoema.com.br\/sobre\/confusao-marca-estreia-de-ciclofaixa-em-moema\/#breadcrumb","itemListElement":[{"@type":"ListItem","position":1,"name":"In\u00edcio","item":"https:\/\/www.encontramoema.com.br\/sobre\/"},{"@type":"ListItem","position":2,"name":"Confus\u00e3o marca estreia de ciclofaixa em Moema"}]},{"@type":"WebSite","@id":"https:\/\/www.encontramoema.com.br\/sobre\/#website","url":"https:\/\/www.encontramoema.com.br\/sobre\/","name":"Encontra Moema","description":"Not\u00edcias, eventos, informa\u00e7\u00f5es e dicas no bairro de Moema e regi\u00e3o.","potentialAction":[{"@type":"SearchAction","target":{"@type":"EntryPoint","urlTemplate":"https:\/\/www.encontramoema.com.br\/sobre\/?s={search_term_string}"},"query-input":{"@type":"PropertyValueSpecification","valueRequired":true,"valueName":"search_term_string"}}],"inLanguage":"pt-BR"},{"@type":"Person","@id":"https:\/\/www.encontramoema.com.br\/sobre\/#\/schema\/person\/3c3656d12b82130d77eba13c4ef23efa","name":"Encontra Moema","image":{"@type":"ImageObject","inLanguage":"pt-BR","@id":"https:\/\/www.encontramoema.com.br\/sobre\/#\/schema\/person\/image\/","url":"https:\/\/secure.gravatar.com\/avatar\/0fbed662e37531ae23e68f85f9517b2454e50c1dfebf80eb9b721449ac95e0b9?s=96&d=mm&r=g","contentUrl":"https:\/\/secure.gravatar.com\/avatar\/0fbed662e37531ae23e68f85f9517b2454e50c1dfebf80eb9b721449ac95e0b9?s=96&d=mm&r=g","caption":"Encontra Moema"},"url":"https:\/\/www.encontramoema.com.br\/sobre\/author\/emoema\/"}]}},"_links":{"self":[{"href":"https:\/\/www.encontramoema.com.br\/sobre\/wp-json\/wp\/v2\/posts\/1601","targetHints":{"allow":["GET"]}}],"collection":[{"href":"https:\/\/www.encontramoema.com.br\/sobre\/wp-json\/wp\/v2\/posts"}],"about":[{"href":"https:\/\/www.encontramoema.com.br\/sobre\/wp-json\/wp\/v2\/types\/post"}],"author":[{"embeddable":true,"href":"https:\/\/www.encontramoema.com.br\/sobre\/wp-json\/wp\/v2\/users\/1"}],"replies":[{"embeddable":true,"href":"https:\/\/www.encontramoema.com.br\/sobre\/wp-json\/wp\/v2\/comments?post=1601"}],"version-history":[{"count":0,"href":"https:\/\/www.encontramoema.com.br\/sobre\/wp-json\/wp\/v2\/posts\/1601\/revisions"}],"wp:attachment":[{"href":"https:\/\/www.encontramoema.com.br\/sobre\/wp-json\/wp\/v2\/media?parent=1601"}],"wp:term":[{"taxonomy":"category","embeddable":true,"href":"https:\/\/www.encontramoema.com.br\/sobre\/wp-json\/wp\/v2\/categories?post=1601"},{"taxonomy":"post_tag","embeddable":true,"href":"https:\/\/www.encontramoema.com.br\/sobre\/wp-json\/wp\/v2\/tags?post=1601"}],"curies":[{"name":"wp","href":"https:\/\/api.w.org\/{rel}","templated":true}]}}