{"id":1605,"date":"2011-11-09T17:08:09","date_gmt":"2011-11-09T19:08:09","guid":{"rendered":"http:\/\/www.encontramoema.com.br\/blog\/?p=1605"},"modified":"2019-04-12T19:04:51","modified_gmt":"2019-04-12T21:04:51","slug":"ciclofaixa-de-moema-tem-mais-carros-que-ciclistas","status":"publish","type":"post","link":"https:\/\/www.encontramoema.com.br\/sobre\/ciclofaixa-de-moema-tem-mais-carros-que-ciclistas\/","title":{"rendered":"Ciclofaixa de Moema tem mais carros que ciclistas"},"content":{"rendered":"<div class=\"b7f545a958fd6350ffae2d30a84cafb8\" data-index=\"1\" style=\"float: none; margin:0px;\">\n<!-- Anuncio display - global -->\r\n<ins class=\"adsbygoogle\"\r\n     style=\"display:block\"\r\n     data-ad-client=\"ca-pub-8585364105181520\"\r\n     data-ad-slot=\"8789329856\"\r\n     data-ad-format=\"auto\"\r\n     data-full-width-responsive=\"true\"><\/ins>\r\n<script>\r\n     (adsbygoogle = window.adsbygoogle || []).push({});\r\n<\/script>\n<\/div>\n<p>No terceiro dia de funcionamento, a ciclofaixa permanente de 3,3 km criada no bairro de Moema, na zona sul de S\u00e3o Paulo, ainda em fase de testes, enfrenta problemas. Ontem, a reportagem circulou por tr\u00eas horas pelo percurso, entre 11h20 e 14h20, e contou seis ciclistas utilizando a via em diferentes pontos. O n\u00famero foi menor que o de carros estacionados sobre ela: nove no mesmo per\u00edodo de tempo.<\/p>\n<p>Com poucos carros parados na Zona Azul, os motoristas disseram estar com medo de estacionar no local demarcado, temendo uma colis\u00e3o de carros que vinham atr\u00e1s. Sem saber da nova posi\u00e7\u00e3o das vagas, tamb\u00e9m foi comum ver motoristas ficarem parados atr\u00e1s de carros estacionados.<\/p>\n<p>Com a ciclofaixa, as vagas de Zona Azul foram deslocadas para a direita, para perto da pista central. &#8220;Deveriam pintar de outra cor, deixar mais evidente&#8221;, reclamou Spencer Chingotte, de 67 anos, que acabara de parar sobre a faixa dos ciclistas.<\/p>\n<p>A administradora Renata Casiuch, de 38 anos, parou logo atr\u00e1s dele, tamb\u00e9m sobre a ciclofaixa. &#8220;Sabia (da faixa exclusiva), mas como ia s\u00f3 pegar uma coisa achei que n\u00e3o teria problema&#8221;, afirmou.<\/p>\n<p>Resist\u00eancia. De acordo com a presidente da Associa\u00e7\u00e3o de Moradores e Amigos de Moema (Amam), Ros\u00e2ngela Lurbe, de 55 anos, h\u00e1 &#8220;uma grande possibilidade&#8221; de a entidade entrar com uma a\u00e7\u00e3o judicial para a retirada da ciclovia. &#8220;Queremos que se comece (a discuss\u00e3o) do zero.&#8221; Questionada, a CET informou que seus t\u00e9cnicos v\u00e3o fazer estudos sobre o caso, mas destacou que j\u00e1 se reuniu diversas vezes com a Amam e um novo encontro j\u00e1 est\u00e1 marcado para o dia 28.<\/p>\n<p><em>Fonte: Ag\u00eancia Estado<\/em><\/p>\n\n<div style=\"font-size: 0px; height: 0px; line-height: 0px; margin: 0; padding: 0; clear: both;\"><\/div>","protected":false},"excerpt":{"rendered":"<p>No terceiro dia de funcionamento, a ciclofaixa permanente de 3,3 km criada no bairro de Moema, na zona sul de S\u00e3o Paulo, ainda em fase de testes, enfrenta problemas. Ontem, a reportagem circulou por tr\u00eas horas pelo percurso, entre 11h20 e 14h20, e contou seis ciclistas utilizando a via em diferentes pontos. O n\u00famero foi menor que o de carros estacionados sobre ela: nove no mesmo per\u00edodo de tempo. Com poucos carros parados na Zona Azul, os motoristas disseram estar com medo de estacionar no local demarcado, temendo uma colis\u00e3o de carros que vinham atr\u00e1s. Sem saber da nova posi\u00e7\u00e3o <\/p>\n","protected":false},"author":1,"featured_media":0,"comment_status":"open","ping_status":"closed","sticky":false,"template":"","format":"standard","meta":{"footnotes":""},"categories":[1],"tags":[7],"class_list":["post-1605","post","type-post","status-publish","format-standard","hentry","category-noticias-em-moema","tag-moema"],"yoast_head":"<!-- This site is optimized with the Yoast SEO plugin v26.3 - https:\/\/yoast.com\/wordpress\/plugins\/seo\/ -->\n<title>Ciclofaixa de Moema tem mais carros que ciclistas - Encontra Moema<\/title>\n<meta name=\"robots\" content=\"index, follow, max-snippet:-1, max-image-preview:large, max-video-preview:-1\" \/>\n<link rel=\"canonical\" href=\"https:\/\/www.encontramoema.com.br\/sobre\/ciclofaixa-de-moema-tem-mais-carros-que-ciclistas\/\" \/>\n<meta property=\"og:locale\" content=\"pt_BR\" \/>\n<meta property=\"og:type\" content=\"article\" \/>\n<meta property=\"og:title\" content=\"Ciclofaixa de Moema tem mais carros que ciclistas - Encontra Moema\" \/>\n<meta property=\"og:description\" content=\"No terceiro dia de funcionamento, a ciclofaixa permanente de 3,3 km criada no bairro de Moema, na zona sul de S\u00e3o Paulo, ainda em fase de testes, enfrenta problemas. Ontem, a reportagem circulou por tr\u00eas horas pelo percurso, entre 11h20 e 14h20, e contou seis ciclistas utilizando a via em diferentes pontos. O n\u00famero foi menor que o de carros estacionados sobre ela: nove no mesmo per\u00edodo de tempo. Com poucos carros parados na Zona Azul, os motoristas disseram estar com medo de estacionar no local demarcado, temendo uma colis\u00e3o de carros que vinham atr\u00e1s. Sem saber da nova posi\u00e7\u00e3o\" \/>\n<meta property=\"og:url\" content=\"https:\/\/www.encontramoema.com.br\/sobre\/ciclofaixa-de-moema-tem-mais-carros-que-ciclistas\/\" \/>\n<meta property=\"og:site_name\" content=\"Encontra Moema\" \/>\n<meta property=\"article:published_time\" content=\"2011-11-09T19:08:09+00:00\" \/>\n<meta property=\"article:modified_time\" content=\"2019-04-12T21:04:51+00:00\" \/>\n<meta name=\"author\" content=\"Encontra Moema\" \/>\n<meta name=\"twitter:card\" content=\"summary_large_image\" \/>\n<meta name=\"twitter:label1\" content=\"Escrito por\" \/>\n\t<meta name=\"twitter:data1\" content=\"Encontra Moema\" \/>\n\t<meta name=\"twitter:label2\" content=\"Est. tempo de leitura\" \/>\n\t<meta name=\"twitter:data2\" content=\"1 minuto\" \/>\n<script type=\"application\/ld+json\" class=\"yoast-schema-graph\">{\"@context\":\"https:\/\/schema.org\",\"@graph\":[{\"@type\":\"WebPage\",\"@id\":\"https:\/\/www.encontramoema.com.br\/sobre\/ciclofaixa-de-moema-tem-mais-carros-que-ciclistas\/\",\"url\":\"https:\/\/www.encontramoema.com.br\/sobre\/ciclofaixa-de-moema-tem-mais-carros-que-ciclistas\/\",\"name\":\"Ciclofaixa de Moema tem mais carros que ciclistas - Encontra Moema\",\"isPartOf\":{\"@id\":\"https:\/\/www.encontramoema.com.br\/sobre\/#website\"},\"datePublished\":\"2011-11-09T19:08:09+00:00\",\"dateModified\":\"2019-04-12T21:04:51+00:00\",\"author\":{\"@id\":\"https:\/\/www.encontramoema.com.br\/sobre\/#\/schema\/person\/3c3656d12b82130d77eba13c4ef23efa\"},\"breadcrumb\":{\"@id\":\"https:\/\/www.encontramoema.com.br\/sobre\/ciclofaixa-de-moema-tem-mais-carros-que-ciclistas\/#breadcrumb\"},\"inLanguage\":\"pt-BR\",\"potentialAction\":[{\"@type\":\"ReadAction\",\"target\":[\"https:\/\/www.encontramoema.com.br\/sobre\/ciclofaixa-de-moema-tem-mais-carros-que-ciclistas\/\"]}]},{\"@type\":\"BreadcrumbList\",\"@id\":\"https:\/\/www.encontramoema.com.br\/sobre\/ciclofaixa-de-moema-tem-mais-carros-que-ciclistas\/#breadcrumb\",\"itemListElement\":[{\"@type\":\"ListItem\",\"position\":1,\"name\":\"In\u00edcio\",\"item\":\"https:\/\/www.encontramoema.com.br\/sobre\/\"},{\"@type\":\"ListItem\",\"position\":2,\"name\":\"Ciclofaixa de Moema tem mais carros que ciclistas\"}]},{\"@type\":\"WebSite\",\"@id\":\"https:\/\/www.encontramoema.com.br\/sobre\/#website\",\"url\":\"https:\/\/www.encontramoema.com.br\/sobre\/\",\"name\":\"Encontra Moema\",\"description\":\"Not\u00edcias, eventos, informa\u00e7\u00f5es e dicas no bairro de Moema e regi\u00e3o.\",\"potentialAction\":[{\"@type\":\"SearchAction\",\"target\":{\"@type\":\"EntryPoint\",\"urlTemplate\":\"https:\/\/www.encontramoema.com.br\/sobre\/?s={search_term_string}\"},\"query-input\":{\"@type\":\"PropertyValueSpecification\",\"valueRequired\":true,\"valueName\":\"search_term_string\"}}],\"inLanguage\":\"pt-BR\"},{\"@type\":\"Person\",\"@id\":\"https:\/\/www.encontramoema.com.br\/sobre\/#\/schema\/person\/3c3656d12b82130d77eba13c4ef23efa\",\"name\":\"Encontra Moema\",\"image\":{\"@type\":\"ImageObject\",\"inLanguage\":\"pt-BR\",\"@id\":\"https:\/\/www.encontramoema.com.br\/sobre\/#\/schema\/person\/image\/\",\"url\":\"https:\/\/secure.gravatar.com\/avatar\/0fbed662e37531ae23e68f85f9517b2454e50c1dfebf80eb9b721449ac95e0b9?s=96&d=mm&r=g\",\"contentUrl\":\"https:\/\/secure.gravatar.com\/avatar\/0fbed662e37531ae23e68f85f9517b2454e50c1dfebf80eb9b721449ac95e0b9?s=96&d=mm&r=g\",\"caption\":\"Encontra Moema\"},\"url\":\"https:\/\/www.encontramoema.com.br\/sobre\/author\/emoema\/\"}]}<\/script>\n<!-- \/ Yoast SEO plugin. -->","yoast_head_json":{"title":"Ciclofaixa de Moema tem mais carros que ciclistas - Encontra Moema","robots":{"index":"index","follow":"follow","max-snippet":"max-snippet:-1","max-image-preview":"max-image-preview:large","max-video-preview":"max-video-preview:-1"},"canonical":"https:\/\/www.encontramoema.com.br\/sobre\/ciclofaixa-de-moema-tem-mais-carros-que-ciclistas\/","og_locale":"pt_BR","og_type":"article","og_title":"Ciclofaixa de Moema tem mais carros que ciclistas - Encontra Moema","og_description":"No terceiro dia de funcionamento, a ciclofaixa permanente de 3,3 km criada no bairro de Moema, na zona sul de S\u00e3o Paulo, ainda em fase de testes, enfrenta problemas. Ontem, a reportagem circulou por tr\u00eas horas pelo percurso, entre 11h20 e 14h20, e contou seis ciclistas utilizando a via em diferentes pontos. O n\u00famero foi menor que o de carros estacionados sobre ela: nove no mesmo per\u00edodo de tempo. Com poucos carros parados na Zona Azul, os motoristas disseram estar com medo de estacionar no local demarcado, temendo uma colis\u00e3o de carros que vinham atr\u00e1s. Sem saber da nova posi\u00e7\u00e3o","og_url":"https:\/\/www.encontramoema.com.br\/sobre\/ciclofaixa-de-moema-tem-mais-carros-que-ciclistas\/","og_site_name":"Encontra Moema","article_published_time":"2011-11-09T19:08:09+00:00","article_modified_time":"2019-04-12T21:04:51+00:00","author":"Encontra Moema","twitter_card":"summary_large_image","twitter_misc":{"Escrito por":"Encontra Moema","Est. tempo de leitura":"1 minuto"},"schema":{"@context":"https:\/\/schema.org","@graph":[{"@type":"WebPage","@id":"https:\/\/www.encontramoema.com.br\/sobre\/ciclofaixa-de-moema-tem-mais-carros-que-ciclistas\/","url":"https:\/\/www.encontramoema.com.br\/sobre\/ciclofaixa-de-moema-tem-mais-carros-que-ciclistas\/","name":"Ciclofaixa de Moema tem mais carros que ciclistas - Encontra Moema","isPartOf":{"@id":"https:\/\/www.encontramoema.com.br\/sobre\/#website"},"datePublished":"2011-11-09T19:08:09+00:00","dateModified":"2019-04-12T21:04:51+00:00","author":{"@id":"https:\/\/www.encontramoema.com.br\/sobre\/#\/schema\/person\/3c3656d12b82130d77eba13c4ef23efa"},"breadcrumb":{"@id":"https:\/\/www.encontramoema.com.br\/sobre\/ciclofaixa-de-moema-tem-mais-carros-que-ciclistas\/#breadcrumb"},"inLanguage":"pt-BR","potentialAction":[{"@type":"ReadAction","target":["https:\/\/www.encontramoema.com.br\/sobre\/ciclofaixa-de-moema-tem-mais-carros-que-ciclistas\/"]}]},{"@type":"BreadcrumbList","@id":"https:\/\/www.encontramoema.com.br\/sobre\/ciclofaixa-de-moema-tem-mais-carros-que-ciclistas\/#breadcrumb","itemListElement":[{"@type":"ListItem","position":1,"name":"In\u00edcio","item":"https:\/\/www.encontramoema.com.br\/sobre\/"},{"@type":"ListItem","position":2,"name":"Ciclofaixa de Moema tem mais carros que ciclistas"}]},{"@type":"WebSite","@id":"https:\/\/www.encontramoema.com.br\/sobre\/#website","url":"https:\/\/www.encontramoema.com.br\/sobre\/","name":"Encontra Moema","description":"Not\u00edcias, eventos, informa\u00e7\u00f5es e dicas no bairro de Moema e regi\u00e3o.","potentialAction":[{"@type":"SearchAction","target":{"@type":"EntryPoint","urlTemplate":"https:\/\/www.encontramoema.com.br\/sobre\/?s={search_term_string}"},"query-input":{"@type":"PropertyValueSpecification","valueRequired":true,"valueName":"search_term_string"}}],"inLanguage":"pt-BR"},{"@type":"Person","@id":"https:\/\/www.encontramoema.com.br\/sobre\/#\/schema\/person\/3c3656d12b82130d77eba13c4ef23efa","name":"Encontra Moema","image":{"@type":"ImageObject","inLanguage":"pt-BR","@id":"https:\/\/www.encontramoema.com.br\/sobre\/#\/schema\/person\/image\/","url":"https:\/\/secure.gravatar.com\/avatar\/0fbed662e37531ae23e68f85f9517b2454e50c1dfebf80eb9b721449ac95e0b9?s=96&d=mm&r=g","contentUrl":"https:\/\/secure.gravatar.com\/avatar\/0fbed662e37531ae23e68f85f9517b2454e50c1dfebf80eb9b721449ac95e0b9?s=96&d=mm&r=g","caption":"Encontra Moema"},"url":"https:\/\/www.encontramoema.com.br\/sobre\/author\/emoema\/"}]}},"_links":{"self":[{"href":"https:\/\/www.encontramoema.com.br\/sobre\/wp-json\/wp\/v2\/posts\/1605","targetHints":{"allow":["GET"]}}],"collection":[{"href":"https:\/\/www.encontramoema.com.br\/sobre\/wp-json\/wp\/v2\/posts"}],"about":[{"href":"https:\/\/www.encontramoema.com.br\/sobre\/wp-json\/wp\/v2\/types\/post"}],"author":[{"embeddable":true,"href":"https:\/\/www.encontramoema.com.br\/sobre\/wp-json\/wp\/v2\/users\/1"}],"replies":[{"embeddable":true,"href":"https:\/\/www.encontramoema.com.br\/sobre\/wp-json\/wp\/v2\/comments?post=1605"}],"version-history":[{"count":0,"href":"https:\/\/www.encontramoema.com.br\/sobre\/wp-json\/wp\/v2\/posts\/1605\/revisions"}],"wp:attachment":[{"href":"https:\/\/www.encontramoema.com.br\/sobre\/wp-json\/wp\/v2\/media?parent=1605"}],"wp:term":[{"taxonomy":"category","embeddable":true,"href":"https:\/\/www.encontramoema.com.br\/sobre\/wp-json\/wp\/v2\/categories?post=1605"},{"taxonomy":"post_tag","embeddable":true,"href":"https:\/\/www.encontramoema.com.br\/sobre\/wp-json\/wp\/v2\/tags?post=1605"}],"curies":[{"name":"wp","href":"https:\/\/api.w.org\/{rel}","templated":true}]}}