{"id":16551,"date":"2012-10-24T17:58:34","date_gmt":"2012-10-24T19:58:34","guid":{"rendered":"http:\/\/www.encontramoema.com.br\/blog\/?p=16551"},"modified":"2019-04-12T19:02:17","modified_gmt":"2019-04-12T21:02:17","slug":"marquise-do-parque-do-ibirapuera-sera-reaberta-ate-o-fim-de-outubro","status":"publish","type":"post","link":"https:\/\/www.encontramoema.com.br\/sobre\/marquise-do-parque-do-ibirapuera-sera-reaberta-ate-o-fim-de-outubro\/","title":{"rendered":"Marquise do Parque do Ibirapuera ser\u00e1 reaberta at\u00e9 o fim de outubro"},"content":{"rendered":"<div class=\"b7f545a958fd6350ffae2d30a84cafb8\" data-index=\"1\" style=\"float: none; margin:0px;\">\n<!-- Anuncio display - global -->\r\n<ins class=\"adsbygoogle\"\r\n     style=\"display:block\"\r\n     data-ad-client=\"ca-pub-8585364105181520\"\r\n     data-ad-slot=\"8789329856\"\r\n     data-ad-format=\"auto\"\r\n     data-full-width-responsive=\"true\"><\/ins>\r\n<script>\r\n     (adsbygoogle = window.adsbygoogle || []).push({});\r\n<\/script>\n<\/div>\n<p>Depois de dois anos em obras, a marquise do <a href=\"http:\/\/www.encontramoema.com.br\/moema\/parque-do-ibirapuera.shtml\" target=\"_blank\">Parque do Ibirapuera<\/a>, na zona sul de SP, ser\u00e1 parcialmente reaberta at\u00e9 o final do m\u00eas.<\/p>\n<p>Segundo a prefeitura de SP, esta primeira fase da inaugura\u00e7\u00e3o vai liberar ao p\u00fablico cerca de 9 mil metros quadrados, o equivalente a um ter\u00e7o da \u00e1rea total do espa\u00e7o projetado por Oscar Niemeyer. At\u00e9 o come\u00e7o de dezembro, o restante da \u00e1rea deve ser entregue. Inicialmente, a previs\u00e3o da prefeitura era gastar R$ 12 milh\u00f5es com a reforma, mas o custo da obra chegou a R$ 13,8 milh\u00f5es.<\/p>\n<p>A marquise j\u00e1 est\u00e1 fechada h\u00e1 quatro anos. Em novembro de 2008, parte do acabamento da marquise ruiu pr\u00f3ximo ao parquinho infantil. \u00c0 \u00e9poca, uma \u00e1rea de 50 metros quadrados foi interditada. Suspens\u00f5es do TCM (Tribunal de Contas do Munic\u00edpio) e adiamentos na licita\u00e7\u00e3o fizeram com que as obras s\u00f3 come\u00e7assem em 2010.<\/p>\n<p>De acordo com a Siurb (Secretaria Municipal de Infraestrutura Urbana e Obras), a recupera\u00e7\u00e3o estrutural da marquise foi necess\u00e1ria por conta da falta de manuten\u00e7\u00e3o preventiva e por interven\u00e7\u00f5es incorretas. Ao longo do tempo, camadas de concreto foram sendo acrescentadas, desequilibrando a estrutura.<\/p>\n<p><em>Fonte: Band.com.br<\/em><\/p>\n\n<div style=\"font-size: 0px; height: 0px; line-height: 0px; margin: 0; padding: 0; clear: both;\"><\/div>","protected":false},"excerpt":{"rendered":"<p>Depois de dois anos em obras, a marquise do Parque do Ibirapuera, na zona sul de SP, ser\u00e1 parcialmente reaberta at\u00e9 o final do m\u00eas. Segundo a prefeitura de SP, esta primeira fase da inaugura\u00e7\u00e3o vai liberar ao p\u00fablico cerca de 9 mil metros quadrados, o equivalente a um ter\u00e7o da \u00e1rea total do espa\u00e7o projetado por Oscar Niemeyer. At\u00e9 o come\u00e7o de dezembro, o restante da \u00e1rea deve ser entregue. Inicialmente, a previs\u00e3o da prefeitura era gastar R$ 12 milh\u00f5es com a reforma, mas o custo da obra chegou a R$ 13,8 milh\u00f5es. A marquise j\u00e1 est\u00e1 fechada h\u00e1 <\/p>\n","protected":false},"author":1,"featured_media":0,"comment_status":"open","ping_status":"closed","sticky":false,"template":"","format":"standard","meta":{"footnotes":""},"categories":[1],"tags":[7],"class_list":["post-16551","post","type-post","status-publish","format-standard","hentry","category-noticias-em-moema","tag-moema"],"yoast_head":"<!-- This site is optimized with the Yoast SEO plugin v26.3 - https:\/\/yoast.com\/wordpress\/plugins\/seo\/ -->\n<title>Marquise do Parque do Ibirapuera ser\u00e1 reaberta at\u00e9 o fim de outubro - Encontra Moema<\/title>\n<meta name=\"robots\" content=\"index, follow, max-snippet:-1, max-image-preview:large, max-video-preview:-1\" \/>\n<link rel=\"canonical\" href=\"https:\/\/www.encontramoema.com.br\/sobre\/marquise-do-parque-do-ibirapuera-sera-reaberta-ate-o-fim-de-outubro\/\" \/>\n<meta property=\"og:locale\" content=\"pt_BR\" \/>\n<meta property=\"og:type\" content=\"article\" \/>\n<meta property=\"og:title\" content=\"Marquise do Parque do Ibirapuera ser\u00e1 reaberta at\u00e9 o fim de outubro - Encontra Moema\" \/>\n<meta property=\"og:description\" content=\"Depois de dois anos em obras, a marquise do Parque do Ibirapuera, na zona sul de SP, ser\u00e1 parcialmente reaberta at\u00e9 o final do m\u00eas. Segundo a prefeitura de SP, esta primeira fase da inaugura\u00e7\u00e3o vai liberar ao p\u00fablico cerca de 9 mil metros quadrados, o equivalente a um ter\u00e7o da \u00e1rea total do espa\u00e7o projetado por Oscar Niemeyer. At\u00e9 o come\u00e7o de dezembro, o restante da \u00e1rea deve ser entregue. Inicialmente, a previs\u00e3o da prefeitura era gastar R$ 12 milh\u00f5es com a reforma, mas o custo da obra chegou a R$ 13,8 milh\u00f5es. A marquise j\u00e1 est\u00e1 fechada h\u00e1\" \/>\n<meta property=\"og:url\" content=\"https:\/\/www.encontramoema.com.br\/sobre\/marquise-do-parque-do-ibirapuera-sera-reaberta-ate-o-fim-de-outubro\/\" \/>\n<meta property=\"og:site_name\" content=\"Encontra Moema\" \/>\n<meta property=\"article:published_time\" content=\"2012-10-24T19:58:34+00:00\" \/>\n<meta property=\"article:modified_time\" content=\"2019-04-12T21:02:17+00:00\" \/>\n<meta name=\"author\" content=\"Encontra Moema\" \/>\n<meta name=\"twitter:card\" content=\"summary_large_image\" \/>\n<meta name=\"twitter:label1\" content=\"Escrito por\" \/>\n\t<meta name=\"twitter:data1\" content=\"Encontra Moema\" \/>\n\t<meta name=\"twitter:label2\" content=\"Est. tempo de leitura\" \/>\n\t<meta name=\"twitter:data2\" content=\"1 minuto\" \/>\n<script type=\"application\/ld+json\" class=\"yoast-schema-graph\">{\"@context\":\"https:\/\/schema.org\",\"@graph\":[{\"@type\":\"WebPage\",\"@id\":\"https:\/\/www.encontramoema.com.br\/sobre\/marquise-do-parque-do-ibirapuera-sera-reaberta-ate-o-fim-de-outubro\/\",\"url\":\"https:\/\/www.encontramoema.com.br\/sobre\/marquise-do-parque-do-ibirapuera-sera-reaberta-ate-o-fim-de-outubro\/\",\"name\":\"Marquise do Parque do Ibirapuera ser\u00e1 reaberta at\u00e9 o fim de outubro - Encontra Moema\",\"isPartOf\":{\"@id\":\"https:\/\/www.encontramoema.com.br\/sobre\/#website\"},\"datePublished\":\"2012-10-24T19:58:34+00:00\",\"dateModified\":\"2019-04-12T21:02:17+00:00\",\"author\":{\"@id\":\"https:\/\/www.encontramoema.com.br\/sobre\/#\/schema\/person\/3c3656d12b82130d77eba13c4ef23efa\"},\"breadcrumb\":{\"@id\":\"https:\/\/www.encontramoema.com.br\/sobre\/marquise-do-parque-do-ibirapuera-sera-reaberta-ate-o-fim-de-outubro\/#breadcrumb\"},\"inLanguage\":\"pt-BR\",\"potentialAction\":[{\"@type\":\"ReadAction\",\"target\":[\"https:\/\/www.encontramoema.com.br\/sobre\/marquise-do-parque-do-ibirapuera-sera-reaberta-ate-o-fim-de-outubro\/\"]}]},{\"@type\":\"BreadcrumbList\",\"@id\":\"https:\/\/www.encontramoema.com.br\/sobre\/marquise-do-parque-do-ibirapuera-sera-reaberta-ate-o-fim-de-outubro\/#breadcrumb\",\"itemListElement\":[{\"@type\":\"ListItem\",\"position\":1,\"name\":\"In\u00edcio\",\"item\":\"https:\/\/www.encontramoema.com.br\/sobre\/\"},{\"@type\":\"ListItem\",\"position\":2,\"name\":\"Marquise do Parque do Ibirapuera ser\u00e1 reaberta at\u00e9 o fim de outubro\"}]},{\"@type\":\"WebSite\",\"@id\":\"https:\/\/www.encontramoema.com.br\/sobre\/#website\",\"url\":\"https:\/\/www.encontramoema.com.br\/sobre\/\",\"name\":\"Encontra Moema\",\"description\":\"Not\u00edcias, eventos, informa\u00e7\u00f5es e dicas no bairro de Moema e regi\u00e3o.\",\"potentialAction\":[{\"@type\":\"SearchAction\",\"target\":{\"@type\":\"EntryPoint\",\"urlTemplate\":\"https:\/\/www.encontramoema.com.br\/sobre\/?s={search_term_string}\"},\"query-input\":{\"@type\":\"PropertyValueSpecification\",\"valueRequired\":true,\"valueName\":\"search_term_string\"}}],\"inLanguage\":\"pt-BR\"},{\"@type\":\"Person\",\"@id\":\"https:\/\/www.encontramoema.com.br\/sobre\/#\/schema\/person\/3c3656d12b82130d77eba13c4ef23efa\",\"name\":\"Encontra Moema\",\"image\":{\"@type\":\"ImageObject\",\"inLanguage\":\"pt-BR\",\"@id\":\"https:\/\/www.encontramoema.com.br\/sobre\/#\/schema\/person\/image\/\",\"url\":\"https:\/\/secure.gravatar.com\/avatar\/0fbed662e37531ae23e68f85f9517b2454e50c1dfebf80eb9b721449ac95e0b9?s=96&d=mm&r=g\",\"contentUrl\":\"https:\/\/secure.gravatar.com\/avatar\/0fbed662e37531ae23e68f85f9517b2454e50c1dfebf80eb9b721449ac95e0b9?s=96&d=mm&r=g\",\"caption\":\"Encontra Moema\"},\"url\":\"https:\/\/www.encontramoema.com.br\/sobre\/author\/emoema\/\"}]}<\/script>\n<!-- \/ Yoast SEO plugin. -->","yoast_head_json":{"title":"Marquise do Parque do Ibirapuera ser\u00e1 reaberta at\u00e9 o fim de outubro - Encontra Moema","robots":{"index":"index","follow":"follow","max-snippet":"max-snippet:-1","max-image-preview":"max-image-preview:large","max-video-preview":"max-video-preview:-1"},"canonical":"https:\/\/www.encontramoema.com.br\/sobre\/marquise-do-parque-do-ibirapuera-sera-reaberta-ate-o-fim-de-outubro\/","og_locale":"pt_BR","og_type":"article","og_title":"Marquise do Parque do Ibirapuera ser\u00e1 reaberta at\u00e9 o fim de outubro - Encontra Moema","og_description":"Depois de dois anos em obras, a marquise do Parque do Ibirapuera, na zona sul de SP, ser\u00e1 parcialmente reaberta at\u00e9 o final do m\u00eas. Segundo a prefeitura de SP, esta primeira fase da inaugura\u00e7\u00e3o vai liberar ao p\u00fablico cerca de 9 mil metros quadrados, o equivalente a um ter\u00e7o da \u00e1rea total do espa\u00e7o projetado por Oscar Niemeyer. At\u00e9 o come\u00e7o de dezembro, o restante da \u00e1rea deve ser entregue. Inicialmente, a previs\u00e3o da prefeitura era gastar R$ 12 milh\u00f5es com a reforma, mas o custo da obra chegou a R$ 13,8 milh\u00f5es. A marquise j\u00e1 est\u00e1 fechada h\u00e1","og_url":"https:\/\/www.encontramoema.com.br\/sobre\/marquise-do-parque-do-ibirapuera-sera-reaberta-ate-o-fim-de-outubro\/","og_site_name":"Encontra Moema","article_published_time":"2012-10-24T19:58:34+00:00","article_modified_time":"2019-04-12T21:02:17+00:00","author":"Encontra Moema","twitter_card":"summary_large_image","twitter_misc":{"Escrito por":"Encontra Moema","Est. tempo de leitura":"1 minuto"},"schema":{"@context":"https:\/\/schema.org","@graph":[{"@type":"WebPage","@id":"https:\/\/www.encontramoema.com.br\/sobre\/marquise-do-parque-do-ibirapuera-sera-reaberta-ate-o-fim-de-outubro\/","url":"https:\/\/www.encontramoema.com.br\/sobre\/marquise-do-parque-do-ibirapuera-sera-reaberta-ate-o-fim-de-outubro\/","name":"Marquise do Parque do Ibirapuera ser\u00e1 reaberta at\u00e9 o fim de outubro - Encontra Moema","isPartOf":{"@id":"https:\/\/www.encontramoema.com.br\/sobre\/#website"},"datePublished":"2012-10-24T19:58:34+00:00","dateModified":"2019-04-12T21:02:17+00:00","author":{"@id":"https:\/\/www.encontramoema.com.br\/sobre\/#\/schema\/person\/3c3656d12b82130d77eba13c4ef23efa"},"breadcrumb":{"@id":"https:\/\/www.encontramoema.com.br\/sobre\/marquise-do-parque-do-ibirapuera-sera-reaberta-ate-o-fim-de-outubro\/#breadcrumb"},"inLanguage":"pt-BR","potentialAction":[{"@type":"ReadAction","target":["https:\/\/www.encontramoema.com.br\/sobre\/marquise-do-parque-do-ibirapuera-sera-reaberta-ate-o-fim-de-outubro\/"]}]},{"@type":"BreadcrumbList","@id":"https:\/\/www.encontramoema.com.br\/sobre\/marquise-do-parque-do-ibirapuera-sera-reaberta-ate-o-fim-de-outubro\/#breadcrumb","itemListElement":[{"@type":"ListItem","position":1,"name":"In\u00edcio","item":"https:\/\/www.encontramoema.com.br\/sobre\/"},{"@type":"ListItem","position":2,"name":"Marquise do Parque do Ibirapuera ser\u00e1 reaberta at\u00e9 o fim de outubro"}]},{"@type":"WebSite","@id":"https:\/\/www.encontramoema.com.br\/sobre\/#website","url":"https:\/\/www.encontramoema.com.br\/sobre\/","name":"Encontra Moema","description":"Not\u00edcias, eventos, informa\u00e7\u00f5es e dicas no bairro de Moema e regi\u00e3o.","potentialAction":[{"@type":"SearchAction","target":{"@type":"EntryPoint","urlTemplate":"https:\/\/www.encontramoema.com.br\/sobre\/?s={search_term_string}"},"query-input":{"@type":"PropertyValueSpecification","valueRequired":true,"valueName":"search_term_string"}}],"inLanguage":"pt-BR"},{"@type":"Person","@id":"https:\/\/www.encontramoema.com.br\/sobre\/#\/schema\/person\/3c3656d12b82130d77eba13c4ef23efa","name":"Encontra Moema","image":{"@type":"ImageObject","inLanguage":"pt-BR","@id":"https:\/\/www.encontramoema.com.br\/sobre\/#\/schema\/person\/image\/","url":"https:\/\/secure.gravatar.com\/avatar\/0fbed662e37531ae23e68f85f9517b2454e50c1dfebf80eb9b721449ac95e0b9?s=96&d=mm&r=g","contentUrl":"https:\/\/secure.gravatar.com\/avatar\/0fbed662e37531ae23e68f85f9517b2454e50c1dfebf80eb9b721449ac95e0b9?s=96&d=mm&r=g","caption":"Encontra Moema"},"url":"https:\/\/www.encontramoema.com.br\/sobre\/author\/emoema\/"}]}},"_links":{"self":[{"href":"https:\/\/www.encontramoema.com.br\/sobre\/wp-json\/wp\/v2\/posts\/16551","targetHints":{"allow":["GET"]}}],"collection":[{"href":"https:\/\/www.encontramoema.com.br\/sobre\/wp-json\/wp\/v2\/posts"}],"about":[{"href":"https:\/\/www.encontramoema.com.br\/sobre\/wp-json\/wp\/v2\/types\/post"}],"author":[{"embeddable":true,"href":"https:\/\/www.encontramoema.com.br\/sobre\/wp-json\/wp\/v2\/users\/1"}],"replies":[{"embeddable":true,"href":"https:\/\/www.encontramoema.com.br\/sobre\/wp-json\/wp\/v2\/comments?post=16551"}],"version-history":[{"count":0,"href":"https:\/\/www.encontramoema.com.br\/sobre\/wp-json\/wp\/v2\/posts\/16551\/revisions"}],"wp:attachment":[{"href":"https:\/\/www.encontramoema.com.br\/sobre\/wp-json\/wp\/v2\/media?parent=16551"}],"wp:term":[{"taxonomy":"category","embeddable":true,"href":"https:\/\/www.encontramoema.com.br\/sobre\/wp-json\/wp\/v2\/categories?post=16551"},{"taxonomy":"post_tag","embeddable":true,"href":"https:\/\/www.encontramoema.com.br\/sobre\/wp-json\/wp\/v2\/tags?post=16551"}],"curies":[{"name":"wp","href":"https:\/\/api.w.org\/{rel}","templated":true}]}}