{"id":16568,"date":"2012-10-30T11:05:41","date_gmt":"2012-10-30T13:05:41","guid":{"rendered":"http:\/\/www.encontramoema.com.br\/blog\/?p=16568"},"modified":"2019-04-12T19:02:16","modified_gmt":"2019-04-12T21:02:16","slug":"recuperacao-da-marquise-do-parque-do-ibirapuera-entra-na-reta-final","status":"publish","type":"post","link":"https:\/\/www.encontramoema.com.br\/sobre\/recuperacao-da-marquise-do-parque-do-ibirapuera-entra-na-reta-final\/","title":{"rendered":"Recupera\u00e7\u00e3o da Marquise do Parque do Ibirapuera entra na reta final"},"content":{"rendered":"<div class=\"b7f545a958fd6350ffae2d30a84cafb8\" data-index=\"1\" style=\"float: none; margin:0px;\">\n<!-- Anuncio display - global -->\r\n<ins class=\"adsbygoogle\"\r\n     style=\"display:block\"\r\n     data-ad-client=\"ca-pub-8585364105181520\"\r\n     data-ad-slot=\"8789329856\"\r\n     data-ad-format=\"auto\"\r\n     data-full-width-responsive=\"true\"><\/ins>\r\n<script>\r\n     (adsbygoogle = window.adsbygoogle || []).push({});\r\n<\/script>\n<\/div>\n<p>Neste s\u00e1bado (27), representantes da Prefeitura de S\u00e3o Paulo vistoriaram as obras de recupera\u00e7\u00e3o da Marquise Jos\u00e9 Erm\u00edrio de Moraes, no <a href=\"http:\/\/www.encontramoema.com.br\/moema\/parque-do-ibirapuera.shtml\" target=\"_blank\">Parque do Ibirapuera<\/a>, Zona Sul de SP. Projetada pelo arquiteto Oscar Niemayer, desde a sua inaugura\u00e7\u00e3o, em 1954, a marquise, considerada um s\u00edmbolo do parque, nunca havia passado por uma reforma estrutural completa como esta. A estrutura, conforme cronograma da Secretaria de Infraestutura Urbana e Obras (Siurb), ser\u00e1 entregue aos usu\u00e1rios do parque em dezembro.<\/p>\n<p>A reforma consiste na readequa\u00e7\u00e3o estrutural e impermeabiliza\u00e7\u00e3o de 26.000 m\u00b2 de edifica\u00e7\u00e3o. Contempla ainda a revis\u00e3o das redes el\u00e9trica e hidr\u00e1ulica, troca do piso, pintura e nova ilumina\u00e7\u00e3o com l\u00e2mpadas LED, que proporcionam economia energ\u00e9tica, al\u00e9m de garantir uma vida \u00fatil longa, reduzindo a manuten\u00e7\u00e3o do sistema de ilumina\u00e7\u00e3o. As lumin\u00e1rias, no entanto, ser\u00e3o iguais \u00e0s utilizadas originalmente no projeto do arquiteto Oscar Niemeyer.<\/p>\n<p>Iniciada em abril de 2010, a obra, cujo valor ser\u00e1 de R$ 14,6 milh\u00f5es, mant\u00e9m preservadas as caracter\u00edsticas originais do edif\u00edcio, tombado pelo patrim\u00f4nio hist\u00f3rico. A recupera\u00e7\u00e3o da estrutura foi necess\u00e1ria devido \u00e0 falta de manuten\u00e7\u00e3o preventiva ao longo dos anos e \u00e0s sucessivas interven\u00e7\u00f5es que comprometeram a marquise. Para ser ter ideia, v\u00e1rias camadas de concreto foram acrescentadas com a inten\u00e7\u00e3o de impermeabiliz\u00e1-la, mas o resultado foi uma sobrecarga de peso na estrutura.<\/p>\n<p>O projeto foi desenvolvido pela Secretaria do Verde e do Meio Ambiente (SMVA) e aprovado pelo Conselho Municipal de Preserva\u00e7\u00e3o do Patrim\u00f4nio Hist\u00f3rico, Cultural e Ambiental de S\u00e3o Paulo (Compresp), com execu\u00e7\u00e3o da Siurb.<\/p>\n<p><em>Fonte: Prefeitura de S\u00e3o Paulo<\/em><\/p>\n\n<div style=\"font-size: 0px; height: 0px; line-height: 0px; margin: 0; padding: 0; clear: both;\"><\/div>","protected":false},"excerpt":{"rendered":"<p>Neste s\u00e1bado (27), representantes da Prefeitura de S\u00e3o Paulo vistoriaram as obras de recupera\u00e7\u00e3o da Marquise Jos\u00e9 Erm\u00edrio de Moraes, no Parque do Ibirapuera, Zona Sul de SP. Projetada pelo arquiteto Oscar Niemayer, desde a sua inaugura\u00e7\u00e3o, em 1954, a marquise, considerada um s\u00edmbolo do parque, nunca havia passado por uma reforma estrutural completa como esta. A estrutura, conforme cronograma da Secretaria de Infraestutura Urbana e Obras (Siurb), ser\u00e1 entregue aos usu\u00e1rios do parque em dezembro. A reforma consiste na readequa\u00e7\u00e3o estrutural e impermeabiliza\u00e7\u00e3o de 26.000 m\u00b2 de edifica\u00e7\u00e3o. Contempla ainda a revis\u00e3o das redes el\u00e9trica e hidr\u00e1ulica, troca do <\/p>\n","protected":false},"author":1,"featured_media":0,"comment_status":"open","ping_status":"closed","sticky":false,"template":"","format":"standard","meta":{"footnotes":""},"categories":[1],"tags":[7],"class_list":["post-16568","post","type-post","status-publish","format-standard","hentry","category-noticias-em-moema","tag-moema"],"yoast_head":"<!-- This site is optimized with the Yoast SEO plugin v26.3 - https:\/\/yoast.com\/wordpress\/plugins\/seo\/ -->\n<title>Recupera\u00e7\u00e3o da Marquise do Parque do Ibirapuera entra na reta final - Encontra Moema<\/title>\n<meta name=\"robots\" content=\"index, follow, max-snippet:-1, max-image-preview:large, max-video-preview:-1\" \/>\n<link rel=\"canonical\" href=\"https:\/\/www.encontramoema.com.br\/sobre\/recuperacao-da-marquise-do-parque-do-ibirapuera-entra-na-reta-final\/\" \/>\n<meta property=\"og:locale\" content=\"pt_BR\" \/>\n<meta property=\"og:type\" content=\"article\" \/>\n<meta property=\"og:title\" content=\"Recupera\u00e7\u00e3o da Marquise do Parque do Ibirapuera entra na reta final - Encontra Moema\" \/>\n<meta property=\"og:description\" content=\"Neste s\u00e1bado (27), representantes da Prefeitura de S\u00e3o Paulo vistoriaram as obras de recupera\u00e7\u00e3o da Marquise Jos\u00e9 Erm\u00edrio de Moraes, no Parque do Ibirapuera, Zona Sul de SP. Projetada pelo arquiteto Oscar Niemayer, desde a sua inaugura\u00e7\u00e3o, em 1954, a marquise, considerada um s\u00edmbolo do parque, nunca havia passado por uma reforma estrutural completa como esta. A estrutura, conforme cronograma da Secretaria de Infraestutura Urbana e Obras (Siurb), ser\u00e1 entregue aos usu\u00e1rios do parque em dezembro. A reforma consiste na readequa\u00e7\u00e3o estrutural e impermeabiliza\u00e7\u00e3o de 26.000 m\u00b2 de edifica\u00e7\u00e3o. Contempla ainda a revis\u00e3o das redes el\u00e9trica e hidr\u00e1ulica, troca do\" \/>\n<meta property=\"og:url\" content=\"https:\/\/www.encontramoema.com.br\/sobre\/recuperacao-da-marquise-do-parque-do-ibirapuera-entra-na-reta-final\/\" \/>\n<meta property=\"og:site_name\" content=\"Encontra Moema\" \/>\n<meta property=\"article:published_time\" content=\"2012-10-30T13:05:41+00:00\" \/>\n<meta property=\"article:modified_time\" content=\"2019-04-12T21:02:16+00:00\" \/>\n<meta name=\"author\" content=\"Encontra Moema\" \/>\n<meta name=\"twitter:card\" content=\"summary_large_image\" \/>\n<meta name=\"twitter:label1\" content=\"Escrito por\" \/>\n\t<meta name=\"twitter:data1\" content=\"Encontra Moema\" \/>\n\t<meta name=\"twitter:label2\" content=\"Est. tempo de leitura\" \/>\n\t<meta name=\"twitter:data2\" content=\"1 minuto\" \/>\n<script type=\"application\/ld+json\" class=\"yoast-schema-graph\">{\"@context\":\"https:\/\/schema.org\",\"@graph\":[{\"@type\":\"WebPage\",\"@id\":\"https:\/\/www.encontramoema.com.br\/sobre\/recuperacao-da-marquise-do-parque-do-ibirapuera-entra-na-reta-final\/\",\"url\":\"https:\/\/www.encontramoema.com.br\/sobre\/recuperacao-da-marquise-do-parque-do-ibirapuera-entra-na-reta-final\/\",\"name\":\"Recupera\u00e7\u00e3o da Marquise do Parque do Ibirapuera entra na reta final - Encontra Moema\",\"isPartOf\":{\"@id\":\"https:\/\/www.encontramoema.com.br\/sobre\/#website\"},\"datePublished\":\"2012-10-30T13:05:41+00:00\",\"dateModified\":\"2019-04-12T21:02:16+00:00\",\"author\":{\"@id\":\"https:\/\/www.encontramoema.com.br\/sobre\/#\/schema\/person\/3c3656d12b82130d77eba13c4ef23efa\"},\"breadcrumb\":{\"@id\":\"https:\/\/www.encontramoema.com.br\/sobre\/recuperacao-da-marquise-do-parque-do-ibirapuera-entra-na-reta-final\/#breadcrumb\"},\"inLanguage\":\"pt-BR\",\"potentialAction\":[{\"@type\":\"ReadAction\",\"target\":[\"https:\/\/www.encontramoema.com.br\/sobre\/recuperacao-da-marquise-do-parque-do-ibirapuera-entra-na-reta-final\/\"]}]},{\"@type\":\"BreadcrumbList\",\"@id\":\"https:\/\/www.encontramoema.com.br\/sobre\/recuperacao-da-marquise-do-parque-do-ibirapuera-entra-na-reta-final\/#breadcrumb\",\"itemListElement\":[{\"@type\":\"ListItem\",\"position\":1,\"name\":\"In\u00edcio\",\"item\":\"https:\/\/www.encontramoema.com.br\/sobre\/\"},{\"@type\":\"ListItem\",\"position\":2,\"name\":\"Recupera\u00e7\u00e3o da Marquise do Parque do Ibirapuera entra na reta final\"}]},{\"@type\":\"WebSite\",\"@id\":\"https:\/\/www.encontramoema.com.br\/sobre\/#website\",\"url\":\"https:\/\/www.encontramoema.com.br\/sobre\/\",\"name\":\"Encontra Moema\",\"description\":\"Not\u00edcias, eventos, informa\u00e7\u00f5es e dicas no bairro de Moema e regi\u00e3o.\",\"potentialAction\":[{\"@type\":\"SearchAction\",\"target\":{\"@type\":\"EntryPoint\",\"urlTemplate\":\"https:\/\/www.encontramoema.com.br\/sobre\/?s={search_term_string}\"},\"query-input\":{\"@type\":\"PropertyValueSpecification\",\"valueRequired\":true,\"valueName\":\"search_term_string\"}}],\"inLanguage\":\"pt-BR\"},{\"@type\":\"Person\",\"@id\":\"https:\/\/www.encontramoema.com.br\/sobre\/#\/schema\/person\/3c3656d12b82130d77eba13c4ef23efa\",\"name\":\"Encontra Moema\",\"image\":{\"@type\":\"ImageObject\",\"inLanguage\":\"pt-BR\",\"@id\":\"https:\/\/www.encontramoema.com.br\/sobre\/#\/schema\/person\/image\/\",\"url\":\"https:\/\/secure.gravatar.com\/avatar\/0fbed662e37531ae23e68f85f9517b2454e50c1dfebf80eb9b721449ac95e0b9?s=96&d=mm&r=g\",\"contentUrl\":\"https:\/\/secure.gravatar.com\/avatar\/0fbed662e37531ae23e68f85f9517b2454e50c1dfebf80eb9b721449ac95e0b9?s=96&d=mm&r=g\",\"caption\":\"Encontra Moema\"},\"url\":\"https:\/\/www.encontramoema.com.br\/sobre\/author\/emoema\/\"}]}<\/script>\n<!-- \/ Yoast SEO plugin. -->","yoast_head_json":{"title":"Recupera\u00e7\u00e3o da Marquise do Parque do Ibirapuera entra na reta final - Encontra Moema","robots":{"index":"index","follow":"follow","max-snippet":"max-snippet:-1","max-image-preview":"max-image-preview:large","max-video-preview":"max-video-preview:-1"},"canonical":"https:\/\/www.encontramoema.com.br\/sobre\/recuperacao-da-marquise-do-parque-do-ibirapuera-entra-na-reta-final\/","og_locale":"pt_BR","og_type":"article","og_title":"Recupera\u00e7\u00e3o da Marquise do Parque do Ibirapuera entra na reta final - Encontra Moema","og_description":"Neste s\u00e1bado (27), representantes da Prefeitura de S\u00e3o Paulo vistoriaram as obras de recupera\u00e7\u00e3o da Marquise Jos\u00e9 Erm\u00edrio de Moraes, no Parque do Ibirapuera, Zona Sul de SP. Projetada pelo arquiteto Oscar Niemayer, desde a sua inaugura\u00e7\u00e3o, em 1954, a marquise, considerada um s\u00edmbolo do parque, nunca havia passado por uma reforma estrutural completa como esta. A estrutura, conforme cronograma da Secretaria de Infraestutura Urbana e Obras (Siurb), ser\u00e1 entregue aos usu\u00e1rios do parque em dezembro. A reforma consiste na readequa\u00e7\u00e3o estrutural e impermeabiliza\u00e7\u00e3o de 26.000 m\u00b2 de edifica\u00e7\u00e3o. Contempla ainda a revis\u00e3o das redes el\u00e9trica e hidr\u00e1ulica, troca do","og_url":"https:\/\/www.encontramoema.com.br\/sobre\/recuperacao-da-marquise-do-parque-do-ibirapuera-entra-na-reta-final\/","og_site_name":"Encontra Moema","article_published_time":"2012-10-30T13:05:41+00:00","article_modified_time":"2019-04-12T21:02:16+00:00","author":"Encontra Moema","twitter_card":"summary_large_image","twitter_misc":{"Escrito por":"Encontra Moema","Est. tempo de leitura":"1 minuto"},"schema":{"@context":"https:\/\/schema.org","@graph":[{"@type":"WebPage","@id":"https:\/\/www.encontramoema.com.br\/sobre\/recuperacao-da-marquise-do-parque-do-ibirapuera-entra-na-reta-final\/","url":"https:\/\/www.encontramoema.com.br\/sobre\/recuperacao-da-marquise-do-parque-do-ibirapuera-entra-na-reta-final\/","name":"Recupera\u00e7\u00e3o da Marquise do Parque do Ibirapuera entra na reta final - Encontra Moema","isPartOf":{"@id":"https:\/\/www.encontramoema.com.br\/sobre\/#website"},"datePublished":"2012-10-30T13:05:41+00:00","dateModified":"2019-04-12T21:02:16+00:00","author":{"@id":"https:\/\/www.encontramoema.com.br\/sobre\/#\/schema\/person\/3c3656d12b82130d77eba13c4ef23efa"},"breadcrumb":{"@id":"https:\/\/www.encontramoema.com.br\/sobre\/recuperacao-da-marquise-do-parque-do-ibirapuera-entra-na-reta-final\/#breadcrumb"},"inLanguage":"pt-BR","potentialAction":[{"@type":"ReadAction","target":["https:\/\/www.encontramoema.com.br\/sobre\/recuperacao-da-marquise-do-parque-do-ibirapuera-entra-na-reta-final\/"]}]},{"@type":"BreadcrumbList","@id":"https:\/\/www.encontramoema.com.br\/sobre\/recuperacao-da-marquise-do-parque-do-ibirapuera-entra-na-reta-final\/#breadcrumb","itemListElement":[{"@type":"ListItem","position":1,"name":"In\u00edcio","item":"https:\/\/www.encontramoema.com.br\/sobre\/"},{"@type":"ListItem","position":2,"name":"Recupera\u00e7\u00e3o da Marquise do Parque do Ibirapuera entra na reta final"}]},{"@type":"WebSite","@id":"https:\/\/www.encontramoema.com.br\/sobre\/#website","url":"https:\/\/www.encontramoema.com.br\/sobre\/","name":"Encontra Moema","description":"Not\u00edcias, eventos, informa\u00e7\u00f5es e dicas no bairro de Moema e regi\u00e3o.","potentialAction":[{"@type":"SearchAction","target":{"@type":"EntryPoint","urlTemplate":"https:\/\/www.encontramoema.com.br\/sobre\/?s={search_term_string}"},"query-input":{"@type":"PropertyValueSpecification","valueRequired":true,"valueName":"search_term_string"}}],"inLanguage":"pt-BR"},{"@type":"Person","@id":"https:\/\/www.encontramoema.com.br\/sobre\/#\/schema\/person\/3c3656d12b82130d77eba13c4ef23efa","name":"Encontra Moema","image":{"@type":"ImageObject","inLanguage":"pt-BR","@id":"https:\/\/www.encontramoema.com.br\/sobre\/#\/schema\/person\/image\/","url":"https:\/\/secure.gravatar.com\/avatar\/0fbed662e37531ae23e68f85f9517b2454e50c1dfebf80eb9b721449ac95e0b9?s=96&d=mm&r=g","contentUrl":"https:\/\/secure.gravatar.com\/avatar\/0fbed662e37531ae23e68f85f9517b2454e50c1dfebf80eb9b721449ac95e0b9?s=96&d=mm&r=g","caption":"Encontra Moema"},"url":"https:\/\/www.encontramoema.com.br\/sobre\/author\/emoema\/"}]}},"_links":{"self":[{"href":"https:\/\/www.encontramoema.com.br\/sobre\/wp-json\/wp\/v2\/posts\/16568","targetHints":{"allow":["GET"]}}],"collection":[{"href":"https:\/\/www.encontramoema.com.br\/sobre\/wp-json\/wp\/v2\/posts"}],"about":[{"href":"https:\/\/www.encontramoema.com.br\/sobre\/wp-json\/wp\/v2\/types\/post"}],"author":[{"embeddable":true,"href":"https:\/\/www.encontramoema.com.br\/sobre\/wp-json\/wp\/v2\/users\/1"}],"replies":[{"embeddable":true,"href":"https:\/\/www.encontramoema.com.br\/sobre\/wp-json\/wp\/v2\/comments?post=16568"}],"version-history":[{"count":0,"href":"https:\/\/www.encontramoema.com.br\/sobre\/wp-json\/wp\/v2\/posts\/16568\/revisions"}],"wp:attachment":[{"href":"https:\/\/www.encontramoema.com.br\/sobre\/wp-json\/wp\/v2\/media?parent=16568"}],"wp:term":[{"taxonomy":"category","embeddable":true,"href":"https:\/\/www.encontramoema.com.br\/sobre\/wp-json\/wp\/v2\/categories?post=16568"},{"taxonomy":"post_tag","embeddable":true,"href":"https:\/\/www.encontramoema.com.br\/sobre\/wp-json\/wp\/v2\/tags?post=16568"}],"curies":[{"name":"wp","href":"https:\/\/api.w.org\/{rel}","templated":true}]}}