{"id":16578,"date":"2012-11-06T01:12:20","date_gmt":"2012-11-06T03:12:20","guid":{"rendered":"http:\/\/www.encontramoema.com.br\/blog\/?p=16578"},"modified":"2019-04-12T19:02:16","modified_gmt":"2019-04-12T21:02:16","slug":"ciclofaixa-vai-ligar-paulista-ao-ibirapuera","status":"publish","type":"post","link":"https:\/\/www.encontramoema.com.br\/sobre\/ciclofaixa-vai-ligar-paulista-ao-ibirapuera\/","title":{"rendered":"Ciclofaixa vai ligar Paulista ao Ibirapuera"},"content":{"rendered":"<div class=\"b7f545a958fd6350ffae2d30a84cafb8\" data-index=\"1\" style=\"float: none; margin:0px;\">\n<!-- Anuncio display - global -->\r\n<ins class=\"adsbygoogle\"\r\n     style=\"display:block\"\r\n     data-ad-client=\"ca-pub-8585364105181520\"\r\n     data-ad-slot=\"8789329856\"\r\n     data-ad-format=\"auto\"\r\n     data-full-width-responsive=\"true\"><\/ins>\r\n<script>\r\n     (adsbygoogle = window.adsbygoogle || []).push({});\r\n<\/script>\n<\/div>\n<p>Depois de inaugurar mais 5 km da ciclofaixa Paulista\/Centro, que agora liga o Elevado Costa e Silva (Minhoc\u00e3o) \u00e0 regi\u00e3o da Luz, o prefeito Gilberto Kassab anunciou que no pr\u00f3ximo domingo haver\u00e1 amplia\u00e7\u00e3o de mais 20 km. A nova rota vai ligar a Avenida Paulista ao <a title=\"Parque do Ibirapuera\" href=\"http:\/\/www.encontramoema.com.br\/moema\/parque-do-ibirapuera.shtml\" target=\"_blank\">Parque do Ibirapuera<\/a> e ao <a title=\"Parque das Bicicletas\" href=\"http:\/\/www.encontramoema.com.br\/moema\/parque-das-bicicletas.shtml\" target=\"_blank\">Parque das Bicicletas<\/a>, na Zona Sul de S\u00e3o Paulo. Atualmente, as ciclofaixas de lazer, que\u00a0 funcionam aos domingos e feriados nacionais, das 7h \u00e0s 16h, somam\u00a0 89,3 km.<\/p>\n<p>\u201cAt\u00e9 o final da gest\u00e3o teremos ampliado significativamente a rota das ciclofaixas. E tenho certeza que o pr\u00f3ximo prefeito vai continuar com esse projeto\u201d, disse Kassab.<\/p>\n<p><strong>Nova rota<\/strong><br \/>\nO trecho inaugurado ontem tem 5 km e liga a Rua Bar\u00e3o de Itapetininga \u00e0 Rua S\u00e3o Bento, passando pela Avenida Ipiranga, Pra\u00e7a da Rep\u00fablica, Largo do Arouche, Parque da Luz e Largo Santa Efig\u00eania.<\/p>\n<p>Percorremos o trecho que, entre as 13h e 15h, estava tranquilo. A maioria dos ciclistas aprovou a extens\u00e3o, mas alguns reclamaram o fato de a via ser m\u00e3o \u00fanica. Tamb\u00e9m criticaram a falta de sinaliza\u00e7\u00e3o em alguns pontos, que os deixava confusos sobre a continua\u00e7\u00e3o da rota.<\/p>\n<p>\u201c\u00c9 a segunda vez que passo aqui para tentar chegar ao Elevado e n\u00e3o consigo. Faltou sinaliza\u00e7\u00e3o\u201d, reclamou Rodrigo Aguiar, que circulava na regi\u00e3o do Largo do Arouche.<\/p>\n<p>No Mercado de Flores do Largo do Arouche, o vendedor Fernando, que trabalha h\u00e1 28 anos no local, ficou feliz com a ciclofaixa. \u201cTraz mais movimento e seguran\u00e7a para a regi\u00e3o e gente que n\u00e3o conhecia o mercado agora vai conhecer\u201d, disse. J\u00e1 o vendedor da loja vizinha reclamou que os cones na via confundiam os motoristas, que n\u00e3o sabiam se poderiam utilizar as vagas de carro na frente do mercado.<\/p>\n<p><em>Fonte: Rede Bom Dia<\/em><\/p>\n\n<div style=\"font-size: 0px; height: 0px; line-height: 0px; margin: 0; padding: 0; clear: both;\"><\/div>","protected":false},"excerpt":{"rendered":"<p>Depois de inaugurar mais 5 km da ciclofaixa Paulista\/Centro, que agora liga o Elevado Costa e Silva (Minhoc\u00e3o) \u00e0 regi\u00e3o da Luz, o prefeito Gilberto Kassab anunciou que no pr\u00f3ximo domingo haver\u00e1 amplia\u00e7\u00e3o de mais 20 km. A nova rota vai ligar a Avenida Paulista ao Parque do Ibirapuera e ao Parque das Bicicletas, na Zona Sul de S\u00e3o Paulo. Atualmente, as ciclofaixas de lazer, que\u00a0 funcionam aos domingos e feriados nacionais, das 7h \u00e0s 16h, somam\u00a0 89,3 km. \u201cAt\u00e9 o final da gest\u00e3o teremos ampliado significativamente a rota das ciclofaixas. E tenho certeza que o pr\u00f3ximo prefeito vai continuar <\/p>\n","protected":false},"author":1,"featured_media":0,"comment_status":"open","ping_status":"closed","sticky":false,"template":"","format":"standard","meta":{"footnotes":""},"categories":[1],"tags":[],"class_list":["post-16578","post","type-post","status-publish","format-standard","hentry","category-noticias-em-moema"],"yoast_head":"<!-- This site is optimized with the Yoast SEO plugin v26.3 - https:\/\/yoast.com\/wordpress\/plugins\/seo\/ -->\n<title>Ciclofaixa vai ligar Paulista ao Ibirapuera - Encontra Moema<\/title>\n<meta name=\"robots\" content=\"index, follow, max-snippet:-1, max-image-preview:large, max-video-preview:-1\" \/>\n<link rel=\"canonical\" href=\"https:\/\/www.encontramoema.com.br\/sobre\/ciclofaixa-vai-ligar-paulista-ao-ibirapuera\/\" \/>\n<meta property=\"og:locale\" content=\"pt_BR\" \/>\n<meta property=\"og:type\" content=\"article\" \/>\n<meta property=\"og:title\" content=\"Ciclofaixa vai ligar Paulista ao Ibirapuera - Encontra Moema\" \/>\n<meta property=\"og:description\" content=\"Depois de inaugurar mais 5 km da ciclofaixa Paulista\/Centro, que agora liga o Elevado Costa e Silva (Minhoc\u00e3o) \u00e0 regi\u00e3o da Luz, o prefeito Gilberto Kassab anunciou que no pr\u00f3ximo domingo haver\u00e1 amplia\u00e7\u00e3o de mais 20 km. A nova rota vai ligar a Avenida Paulista ao Parque do Ibirapuera e ao Parque das Bicicletas, na Zona Sul de S\u00e3o Paulo. Atualmente, as ciclofaixas de lazer, que\u00a0 funcionam aos domingos e feriados nacionais, das 7h \u00e0s 16h, somam\u00a0 89,3 km. \u201cAt\u00e9 o final da gest\u00e3o teremos ampliado significativamente a rota das ciclofaixas. E tenho certeza que o pr\u00f3ximo prefeito vai continuar\" \/>\n<meta property=\"og:url\" content=\"https:\/\/www.encontramoema.com.br\/sobre\/ciclofaixa-vai-ligar-paulista-ao-ibirapuera\/\" \/>\n<meta property=\"og:site_name\" content=\"Encontra Moema\" \/>\n<meta property=\"article:published_time\" content=\"2012-11-06T03:12:20+00:00\" \/>\n<meta property=\"article:modified_time\" content=\"2019-04-12T21:02:16+00:00\" \/>\n<meta name=\"author\" content=\"Encontra Moema\" \/>\n<meta name=\"twitter:card\" content=\"summary_large_image\" \/>\n<meta name=\"twitter:label1\" content=\"Escrito por\" \/>\n\t<meta name=\"twitter:data1\" content=\"Encontra Moema\" \/>\n\t<meta name=\"twitter:label2\" content=\"Est. tempo de leitura\" \/>\n\t<meta name=\"twitter:data2\" content=\"2 minutos\" \/>\n<script type=\"application\/ld+json\" class=\"yoast-schema-graph\">{\"@context\":\"https:\/\/schema.org\",\"@graph\":[{\"@type\":\"WebPage\",\"@id\":\"https:\/\/www.encontramoema.com.br\/sobre\/ciclofaixa-vai-ligar-paulista-ao-ibirapuera\/\",\"url\":\"https:\/\/www.encontramoema.com.br\/sobre\/ciclofaixa-vai-ligar-paulista-ao-ibirapuera\/\",\"name\":\"Ciclofaixa vai ligar Paulista ao Ibirapuera - Encontra Moema\",\"isPartOf\":{\"@id\":\"https:\/\/www.encontramoema.com.br\/sobre\/#website\"},\"datePublished\":\"2012-11-06T03:12:20+00:00\",\"dateModified\":\"2019-04-12T21:02:16+00:00\",\"author\":{\"@id\":\"https:\/\/www.encontramoema.com.br\/sobre\/#\/schema\/person\/3c3656d12b82130d77eba13c4ef23efa\"},\"breadcrumb\":{\"@id\":\"https:\/\/www.encontramoema.com.br\/sobre\/ciclofaixa-vai-ligar-paulista-ao-ibirapuera\/#breadcrumb\"},\"inLanguage\":\"pt-BR\",\"potentialAction\":[{\"@type\":\"ReadAction\",\"target\":[\"https:\/\/www.encontramoema.com.br\/sobre\/ciclofaixa-vai-ligar-paulista-ao-ibirapuera\/\"]}]},{\"@type\":\"BreadcrumbList\",\"@id\":\"https:\/\/www.encontramoema.com.br\/sobre\/ciclofaixa-vai-ligar-paulista-ao-ibirapuera\/#breadcrumb\",\"itemListElement\":[{\"@type\":\"ListItem\",\"position\":1,\"name\":\"In\u00edcio\",\"item\":\"https:\/\/www.encontramoema.com.br\/sobre\/\"},{\"@type\":\"ListItem\",\"position\":2,\"name\":\"Ciclofaixa vai ligar Paulista ao Ibirapuera\"}]},{\"@type\":\"WebSite\",\"@id\":\"https:\/\/www.encontramoema.com.br\/sobre\/#website\",\"url\":\"https:\/\/www.encontramoema.com.br\/sobre\/\",\"name\":\"Encontra Moema\",\"description\":\"Not\u00edcias, eventos, informa\u00e7\u00f5es e dicas no bairro de Moema e regi\u00e3o.\",\"potentialAction\":[{\"@type\":\"SearchAction\",\"target\":{\"@type\":\"EntryPoint\",\"urlTemplate\":\"https:\/\/www.encontramoema.com.br\/sobre\/?s={search_term_string}\"},\"query-input\":{\"@type\":\"PropertyValueSpecification\",\"valueRequired\":true,\"valueName\":\"search_term_string\"}}],\"inLanguage\":\"pt-BR\"},{\"@type\":\"Person\",\"@id\":\"https:\/\/www.encontramoema.com.br\/sobre\/#\/schema\/person\/3c3656d12b82130d77eba13c4ef23efa\",\"name\":\"Encontra Moema\",\"image\":{\"@type\":\"ImageObject\",\"inLanguage\":\"pt-BR\",\"@id\":\"https:\/\/www.encontramoema.com.br\/sobre\/#\/schema\/person\/image\/\",\"url\":\"https:\/\/secure.gravatar.com\/avatar\/0fbed662e37531ae23e68f85f9517b2454e50c1dfebf80eb9b721449ac95e0b9?s=96&d=mm&r=g\",\"contentUrl\":\"https:\/\/secure.gravatar.com\/avatar\/0fbed662e37531ae23e68f85f9517b2454e50c1dfebf80eb9b721449ac95e0b9?s=96&d=mm&r=g\",\"caption\":\"Encontra Moema\"},\"url\":\"https:\/\/www.encontramoema.com.br\/sobre\/author\/emoema\/\"}]}<\/script>\n<!-- \/ Yoast SEO plugin. -->","yoast_head_json":{"title":"Ciclofaixa vai ligar Paulista ao Ibirapuera - Encontra Moema","robots":{"index":"index","follow":"follow","max-snippet":"max-snippet:-1","max-image-preview":"max-image-preview:large","max-video-preview":"max-video-preview:-1"},"canonical":"https:\/\/www.encontramoema.com.br\/sobre\/ciclofaixa-vai-ligar-paulista-ao-ibirapuera\/","og_locale":"pt_BR","og_type":"article","og_title":"Ciclofaixa vai ligar Paulista ao Ibirapuera - Encontra Moema","og_description":"Depois de inaugurar mais 5 km da ciclofaixa Paulista\/Centro, que agora liga o Elevado Costa e Silva (Minhoc\u00e3o) \u00e0 regi\u00e3o da Luz, o prefeito Gilberto Kassab anunciou que no pr\u00f3ximo domingo haver\u00e1 amplia\u00e7\u00e3o de mais 20 km. A nova rota vai ligar a Avenida Paulista ao Parque do Ibirapuera e ao Parque das Bicicletas, na Zona Sul de S\u00e3o Paulo. Atualmente, as ciclofaixas de lazer, que\u00a0 funcionam aos domingos e feriados nacionais, das 7h \u00e0s 16h, somam\u00a0 89,3 km. \u201cAt\u00e9 o final da gest\u00e3o teremos ampliado significativamente a rota das ciclofaixas. E tenho certeza que o pr\u00f3ximo prefeito vai continuar","og_url":"https:\/\/www.encontramoema.com.br\/sobre\/ciclofaixa-vai-ligar-paulista-ao-ibirapuera\/","og_site_name":"Encontra Moema","article_published_time":"2012-11-06T03:12:20+00:00","article_modified_time":"2019-04-12T21:02:16+00:00","author":"Encontra Moema","twitter_card":"summary_large_image","twitter_misc":{"Escrito por":"Encontra Moema","Est. tempo de leitura":"2 minutos"},"schema":{"@context":"https:\/\/schema.org","@graph":[{"@type":"WebPage","@id":"https:\/\/www.encontramoema.com.br\/sobre\/ciclofaixa-vai-ligar-paulista-ao-ibirapuera\/","url":"https:\/\/www.encontramoema.com.br\/sobre\/ciclofaixa-vai-ligar-paulista-ao-ibirapuera\/","name":"Ciclofaixa vai ligar Paulista ao Ibirapuera - Encontra Moema","isPartOf":{"@id":"https:\/\/www.encontramoema.com.br\/sobre\/#website"},"datePublished":"2012-11-06T03:12:20+00:00","dateModified":"2019-04-12T21:02:16+00:00","author":{"@id":"https:\/\/www.encontramoema.com.br\/sobre\/#\/schema\/person\/3c3656d12b82130d77eba13c4ef23efa"},"breadcrumb":{"@id":"https:\/\/www.encontramoema.com.br\/sobre\/ciclofaixa-vai-ligar-paulista-ao-ibirapuera\/#breadcrumb"},"inLanguage":"pt-BR","potentialAction":[{"@type":"ReadAction","target":["https:\/\/www.encontramoema.com.br\/sobre\/ciclofaixa-vai-ligar-paulista-ao-ibirapuera\/"]}]},{"@type":"BreadcrumbList","@id":"https:\/\/www.encontramoema.com.br\/sobre\/ciclofaixa-vai-ligar-paulista-ao-ibirapuera\/#breadcrumb","itemListElement":[{"@type":"ListItem","position":1,"name":"In\u00edcio","item":"https:\/\/www.encontramoema.com.br\/sobre\/"},{"@type":"ListItem","position":2,"name":"Ciclofaixa vai ligar Paulista ao Ibirapuera"}]},{"@type":"WebSite","@id":"https:\/\/www.encontramoema.com.br\/sobre\/#website","url":"https:\/\/www.encontramoema.com.br\/sobre\/","name":"Encontra Moema","description":"Not\u00edcias, eventos, informa\u00e7\u00f5es e dicas no bairro de Moema e regi\u00e3o.","potentialAction":[{"@type":"SearchAction","target":{"@type":"EntryPoint","urlTemplate":"https:\/\/www.encontramoema.com.br\/sobre\/?s={search_term_string}"},"query-input":{"@type":"PropertyValueSpecification","valueRequired":true,"valueName":"search_term_string"}}],"inLanguage":"pt-BR"},{"@type":"Person","@id":"https:\/\/www.encontramoema.com.br\/sobre\/#\/schema\/person\/3c3656d12b82130d77eba13c4ef23efa","name":"Encontra Moema","image":{"@type":"ImageObject","inLanguage":"pt-BR","@id":"https:\/\/www.encontramoema.com.br\/sobre\/#\/schema\/person\/image\/","url":"https:\/\/secure.gravatar.com\/avatar\/0fbed662e37531ae23e68f85f9517b2454e50c1dfebf80eb9b721449ac95e0b9?s=96&d=mm&r=g","contentUrl":"https:\/\/secure.gravatar.com\/avatar\/0fbed662e37531ae23e68f85f9517b2454e50c1dfebf80eb9b721449ac95e0b9?s=96&d=mm&r=g","caption":"Encontra Moema"},"url":"https:\/\/www.encontramoema.com.br\/sobre\/author\/emoema\/"}]}},"_links":{"self":[{"href":"https:\/\/www.encontramoema.com.br\/sobre\/wp-json\/wp\/v2\/posts\/16578","targetHints":{"allow":["GET"]}}],"collection":[{"href":"https:\/\/www.encontramoema.com.br\/sobre\/wp-json\/wp\/v2\/posts"}],"about":[{"href":"https:\/\/www.encontramoema.com.br\/sobre\/wp-json\/wp\/v2\/types\/post"}],"author":[{"embeddable":true,"href":"https:\/\/www.encontramoema.com.br\/sobre\/wp-json\/wp\/v2\/users\/1"}],"replies":[{"embeddable":true,"href":"https:\/\/www.encontramoema.com.br\/sobre\/wp-json\/wp\/v2\/comments?post=16578"}],"version-history":[{"count":0,"href":"https:\/\/www.encontramoema.com.br\/sobre\/wp-json\/wp\/v2\/posts\/16578\/revisions"}],"wp:attachment":[{"href":"https:\/\/www.encontramoema.com.br\/sobre\/wp-json\/wp\/v2\/media?parent=16578"}],"wp:term":[{"taxonomy":"category","embeddable":true,"href":"https:\/\/www.encontramoema.com.br\/sobre\/wp-json\/wp\/v2\/categories?post=16578"},{"taxonomy":"post_tag","embeddable":true,"href":"https:\/\/www.encontramoema.com.br\/sobre\/wp-json\/wp\/v2\/tags?post=16578"}],"curies":[{"name":"wp","href":"https:\/\/api.w.org\/{rel}","templated":true}]}}