{"id":16581,"date":"2012-11-09T10:14:14","date_gmt":"2012-11-09T12:14:14","guid":{"rendered":"http:\/\/www.encontramoema.com.br\/blog\/?p=16581"},"modified":"2019-04-12T19:02:16","modified_gmt":"2019-04-12T21:02:16","slug":"nova-feira-de-produtos-organicos-comeca-a-funcionar-no-ibirapuera","status":"publish","type":"post","link":"https:\/\/www.encontramoema.com.br\/sobre\/nova-feira-de-produtos-organicos-comeca-a-funcionar-no-ibirapuera\/","title":{"rendered":"Nova feira de produtos org\u00e2nicos come\u00e7a a funcionar no Ibirapuera"},"content":{"rendered":"<div class=\"b7f545a958fd6350ffae2d30a84cafb8\" data-index=\"1\" style=\"float: none; margin:0px;\">\n<!-- Anuncio display - global -->\r\n<ins class=\"adsbygoogle\"\r\n     style=\"display:block\"\r\n     data-ad-client=\"ca-pub-8585364105181520\"\r\n     data-ad-slot=\"8789329856\"\r\n     data-ad-format=\"auto\"\r\n     data-full-width-responsive=\"true\"><\/ins>\r\n<script>\r\n     (adsbygoogle = window.adsbygoogle || []).push({});\r\n<\/script>\n<\/div>\n<div id=\"materia-letra\">\n<div>\n<div>\n<p>S\u00e3o Paulo ganhar\u00e1, a partir de s\u00e1bado (10), uma nova feira de produtos org\u00e2nicos. Ela ser\u00e1 montada no Model\u00f3dromo do <a title=\"Parque do Ibirapuera\" href=\"http:\/\/www.encontramoema.com.br\/moema\/parque-do-ibirapuera.shtml\" target=\"_blank\">Parque do Ibirapuera<\/a>, na Zona Sul. A nova feira, que funcionar\u00e1 aos s\u00e1bados das 7h \u00e0s 13h, ter\u00e1 entrada gratuita, estacionamento no local e mais de 40 barracas com frutas, legumes, verduras a alimentos processados.<\/p>\n<p>\u201cTeremos de tudo, uma grande variedade de frutas, legumes e verduras, produtos de origem animal como ovos, leite e iogurte, um caf\u00e9 da manh\u00e3 org\u00e2nico e at\u00e9 alimentos processados, congelados\u201d, diz M\u00e1rcio Stanziani, secret\u00e1rio-executivo da Associa\u00e7\u00e3o de Agricultura Org\u00e2nica (AAO), uma das entidades que participa da feira organizada pela Prefeitura de S\u00e3o Paulo.<\/p>\n<p>Al\u00e9m da AAO, participam desta feira a Associa\u00e7\u00e3o de Agricultura Natural da cidade de Campinas e Regi\u00e3o (ANC), a Associa\u00e7\u00e3o Biodin\u00e2mica (ABD), a Associa\u00e7\u00e3o Mokiti Okada Brasil (MOA), o Movimento Slow Food, o Instituto Kair\u00f3s \u2013 \u00c9tica e Atua\u00e7\u00e3o Respons\u00e1vel e a COOPERAPAS &#8211; Cooperativa Agroecol\u00f3gica dos Produtores Rurais e de \u00c1gua Limpa de S\u00e3o Paulo.<\/p>\n<p>\u201cNossa inten\u00e7\u00e3o \u00e9 democratizar o acesso da popula\u00e7\u00e3o aos alimentos org\u00e2nicos. Dar \u00e0s pessoas mais uma op\u00e7\u00e3o al\u00e9m do supermercado e das pequenas feiras que existem pela cidade. Essa feira no Ibirapuera ser\u00e1 similar e t\u00e3o completa quanto a Feira da \u00c1gua Branca, na Zona Oeste, e isso estimula produtores do estado\u201d, explica Stanziani.<\/p>\n<p>O projeto inicial previa a instala\u00e7\u00e3o da feira no interior do Parque Ibirapuera, mas as entidades ainda negociam com o parque. \u201cQuer\u00edamos nos instalar dentro do parque pela facilidade de acesso, mas o local foi considerado inadequado. Vamos come\u00e7ar neste local e seguimos em negocia\u00e7\u00e3o, mas pode ser que permane\u00e7amos aqui. Vamos aguardar pra ver se a localiza\u00e7\u00e3o atrapalha ou n\u00e3o.\u201d<\/p>\n<p>De acordo com a Prefeitura de S\u00e3o Paulo, todos os alimentos comercializados s\u00e3o produzidos sem a utiliza\u00e7\u00e3o de agrot\u00f3xicos e adubos qu\u00edmicos, e ainda ajudam a preservar os mananciais das Represas Billings e Guarapiranga, respons\u00e1veis pela produ\u00e7\u00e3o de 30% do abastecimento de \u00e1gua da cidade.<\/p>\n<p>A Feira do Parque Ibirapuera ser\u00e1 a terceira da cidade com produtos isentos de defensivos qu\u00edmicos, sob o controle da Supervis\u00e3o Geral de Abastecimento. Segundo a AAO, h\u00e1 pelo menos oito pequenas feiras org\u00e2nicas pela cidade, mas a do Ibirapuera estar\u00e1 entre as duas maiores, ao lado da Feira do Parque da \u00c1gua Branca, na Zona Oeste, que funciona \u00e0s ter\u00e7as, s\u00e1bados e domingos, entre 7h e 12h, na Avenida Francisco Matarazzo, 455.<\/p>\n<p><strong>Feira na Zona Leste de SP<\/strong><br \/>\nTamb\u00e9m neste s\u00e1bado, segundo a Prefeitura de S\u00e3o Paulo, ser\u00e1 reinaugurada a Feira org\u00e2nica da Zona Leste, que j\u00e1 existe, mas ser\u00e1 ampliada e deslocada para dentro do Parque do Carmo. No novo endere\u00e7o, na Avenida Afonso de Sampaio e Souza, 951, a feira contar\u00e1 com a comercializa\u00e7\u00e3o de produtos cultivados na Zona Leste.<\/p>\n<p><strong>Servi\u00e7o<\/strong><br \/>\nFeira Org\u00e2nica no Ibirapuera<br \/>\nPra\u00e7a Eisenhower, com entrada pela Rua Curitiba, 292<br \/>\nAos s\u00e1bados, das 7h \u00e0s 13h<br \/>\nEntrada gratuita<br \/>\nEstacionamento local<\/p>\n<p><em>Fonte: G1<\/em><\/p>\n<\/div>\n<\/div>\n<\/div>\n\n<div style=\"font-size: 0px; height: 0px; line-height: 0px; margin: 0; padding: 0; clear: both;\"><\/div>","protected":false},"excerpt":{"rendered":"<p>S\u00e3o Paulo ganhar\u00e1, a partir de s\u00e1bado (10), uma nova feira de produtos org\u00e2nicos. Ela ser\u00e1 montada no Model\u00f3dromo do Parque do Ibirapuera, na Zona Sul. A nova feira, que funcionar\u00e1 aos s\u00e1bados das 7h \u00e0s 13h, ter\u00e1 entrada gratuita, estacionamento no local e mais de 40 barracas com frutas, legumes, verduras a alimentos processados. \u201cTeremos de tudo, uma grande variedade de frutas, legumes e verduras, produtos de origem animal como ovos, leite e iogurte, um caf\u00e9 da manh\u00e3 org\u00e2nico e at\u00e9 alimentos processados, congelados\u201d, diz M\u00e1rcio Stanziani, secret\u00e1rio-executivo da Associa\u00e7\u00e3o de Agricultura Org\u00e2nica (AAO), uma das entidades que participa <\/p>\n","protected":false},"author":1,"featured_media":0,"comment_status":"open","ping_status":"closed","sticky":false,"template":"","format":"standard","meta":{"footnotes":""},"categories":[1],"tags":[],"class_list":["post-16581","post","type-post","status-publish","format-standard","hentry","category-noticias-em-moema"],"yoast_head":"<!-- This site is optimized with the Yoast SEO plugin v26.3 - https:\/\/yoast.com\/wordpress\/plugins\/seo\/ -->\n<title>Nova feira de produtos org\u00e2nicos come\u00e7a a funcionar no Ibirapuera - Encontra Moema<\/title>\n<meta name=\"robots\" content=\"index, follow, max-snippet:-1, max-image-preview:large, max-video-preview:-1\" \/>\n<link rel=\"canonical\" href=\"https:\/\/www.encontramoema.com.br\/sobre\/nova-feira-de-produtos-organicos-comeca-a-funcionar-no-ibirapuera\/\" \/>\n<meta property=\"og:locale\" content=\"pt_BR\" \/>\n<meta property=\"og:type\" content=\"article\" \/>\n<meta property=\"og:title\" content=\"Nova feira de produtos org\u00e2nicos come\u00e7a a funcionar no Ibirapuera - Encontra Moema\" \/>\n<meta property=\"og:description\" content=\"S\u00e3o Paulo ganhar\u00e1, a partir de s\u00e1bado (10), uma nova feira de produtos org\u00e2nicos. Ela ser\u00e1 montada no Model\u00f3dromo do Parque do Ibirapuera, na Zona Sul. A nova feira, que funcionar\u00e1 aos s\u00e1bados das 7h \u00e0s 13h, ter\u00e1 entrada gratuita, estacionamento no local e mais de 40 barracas com frutas, legumes, verduras a alimentos processados. \u201cTeremos de tudo, uma grande variedade de frutas, legumes e verduras, produtos de origem animal como ovos, leite e iogurte, um caf\u00e9 da manh\u00e3 org\u00e2nico e at\u00e9 alimentos processados, congelados\u201d, diz M\u00e1rcio Stanziani, secret\u00e1rio-executivo da Associa\u00e7\u00e3o de Agricultura Org\u00e2nica (AAO), uma das entidades que participa\" \/>\n<meta property=\"og:url\" content=\"https:\/\/www.encontramoema.com.br\/sobre\/nova-feira-de-produtos-organicos-comeca-a-funcionar-no-ibirapuera\/\" \/>\n<meta property=\"og:site_name\" content=\"Encontra Moema\" \/>\n<meta property=\"article:published_time\" content=\"2012-11-09T12:14:14+00:00\" \/>\n<meta property=\"article:modified_time\" content=\"2019-04-12T21:02:16+00:00\" \/>\n<meta name=\"author\" content=\"Encontra Moema\" \/>\n<meta name=\"twitter:card\" content=\"summary_large_image\" \/>\n<meta name=\"twitter:label1\" content=\"Escrito por\" \/>\n\t<meta name=\"twitter:data1\" content=\"Encontra Moema\" \/>\n\t<meta name=\"twitter:label2\" content=\"Est. tempo de leitura\" \/>\n\t<meta name=\"twitter:data2\" content=\"3 minutos\" \/>\n<script type=\"application\/ld+json\" class=\"yoast-schema-graph\">{\"@context\":\"https:\/\/schema.org\",\"@graph\":[{\"@type\":\"WebPage\",\"@id\":\"https:\/\/www.encontramoema.com.br\/sobre\/nova-feira-de-produtos-organicos-comeca-a-funcionar-no-ibirapuera\/\",\"url\":\"https:\/\/www.encontramoema.com.br\/sobre\/nova-feira-de-produtos-organicos-comeca-a-funcionar-no-ibirapuera\/\",\"name\":\"Nova feira de produtos org\u00e2nicos come\u00e7a a funcionar no Ibirapuera - Encontra Moema\",\"isPartOf\":{\"@id\":\"https:\/\/www.encontramoema.com.br\/sobre\/#website\"},\"datePublished\":\"2012-11-09T12:14:14+00:00\",\"dateModified\":\"2019-04-12T21:02:16+00:00\",\"author\":{\"@id\":\"https:\/\/www.encontramoema.com.br\/sobre\/#\/schema\/person\/3c3656d12b82130d77eba13c4ef23efa\"},\"breadcrumb\":{\"@id\":\"https:\/\/www.encontramoema.com.br\/sobre\/nova-feira-de-produtos-organicos-comeca-a-funcionar-no-ibirapuera\/#breadcrumb\"},\"inLanguage\":\"pt-BR\",\"potentialAction\":[{\"@type\":\"ReadAction\",\"target\":[\"https:\/\/www.encontramoema.com.br\/sobre\/nova-feira-de-produtos-organicos-comeca-a-funcionar-no-ibirapuera\/\"]}]},{\"@type\":\"BreadcrumbList\",\"@id\":\"https:\/\/www.encontramoema.com.br\/sobre\/nova-feira-de-produtos-organicos-comeca-a-funcionar-no-ibirapuera\/#breadcrumb\",\"itemListElement\":[{\"@type\":\"ListItem\",\"position\":1,\"name\":\"In\u00edcio\",\"item\":\"https:\/\/www.encontramoema.com.br\/sobre\/\"},{\"@type\":\"ListItem\",\"position\":2,\"name\":\"Nova feira de produtos org\u00e2nicos come\u00e7a a funcionar no Ibirapuera\"}]},{\"@type\":\"WebSite\",\"@id\":\"https:\/\/www.encontramoema.com.br\/sobre\/#website\",\"url\":\"https:\/\/www.encontramoema.com.br\/sobre\/\",\"name\":\"Encontra Moema\",\"description\":\"Not\u00edcias, eventos, informa\u00e7\u00f5es e dicas no bairro de Moema e regi\u00e3o.\",\"potentialAction\":[{\"@type\":\"SearchAction\",\"target\":{\"@type\":\"EntryPoint\",\"urlTemplate\":\"https:\/\/www.encontramoema.com.br\/sobre\/?s={search_term_string}\"},\"query-input\":{\"@type\":\"PropertyValueSpecification\",\"valueRequired\":true,\"valueName\":\"search_term_string\"}}],\"inLanguage\":\"pt-BR\"},{\"@type\":\"Person\",\"@id\":\"https:\/\/www.encontramoema.com.br\/sobre\/#\/schema\/person\/3c3656d12b82130d77eba13c4ef23efa\",\"name\":\"Encontra Moema\",\"image\":{\"@type\":\"ImageObject\",\"inLanguage\":\"pt-BR\",\"@id\":\"https:\/\/www.encontramoema.com.br\/sobre\/#\/schema\/person\/image\/\",\"url\":\"https:\/\/secure.gravatar.com\/avatar\/0fbed662e37531ae23e68f85f9517b2454e50c1dfebf80eb9b721449ac95e0b9?s=96&d=mm&r=g\",\"contentUrl\":\"https:\/\/secure.gravatar.com\/avatar\/0fbed662e37531ae23e68f85f9517b2454e50c1dfebf80eb9b721449ac95e0b9?s=96&d=mm&r=g\",\"caption\":\"Encontra Moema\"},\"url\":\"https:\/\/www.encontramoema.com.br\/sobre\/author\/emoema\/\"}]}<\/script>\n<!-- \/ Yoast SEO plugin. -->","yoast_head_json":{"title":"Nova feira de produtos org\u00e2nicos come\u00e7a a funcionar no Ibirapuera - Encontra Moema","robots":{"index":"index","follow":"follow","max-snippet":"max-snippet:-1","max-image-preview":"max-image-preview:large","max-video-preview":"max-video-preview:-1"},"canonical":"https:\/\/www.encontramoema.com.br\/sobre\/nova-feira-de-produtos-organicos-comeca-a-funcionar-no-ibirapuera\/","og_locale":"pt_BR","og_type":"article","og_title":"Nova feira de produtos org\u00e2nicos come\u00e7a a funcionar no Ibirapuera - Encontra Moema","og_description":"S\u00e3o Paulo ganhar\u00e1, a partir de s\u00e1bado (10), uma nova feira de produtos org\u00e2nicos. Ela ser\u00e1 montada no Model\u00f3dromo do Parque do Ibirapuera, na Zona Sul. A nova feira, que funcionar\u00e1 aos s\u00e1bados das 7h \u00e0s 13h, ter\u00e1 entrada gratuita, estacionamento no local e mais de 40 barracas com frutas, legumes, verduras a alimentos processados. \u201cTeremos de tudo, uma grande variedade de frutas, legumes e verduras, produtos de origem animal como ovos, leite e iogurte, um caf\u00e9 da manh\u00e3 org\u00e2nico e at\u00e9 alimentos processados, congelados\u201d, diz M\u00e1rcio Stanziani, secret\u00e1rio-executivo da Associa\u00e7\u00e3o de Agricultura Org\u00e2nica (AAO), uma das entidades que participa","og_url":"https:\/\/www.encontramoema.com.br\/sobre\/nova-feira-de-produtos-organicos-comeca-a-funcionar-no-ibirapuera\/","og_site_name":"Encontra Moema","article_published_time":"2012-11-09T12:14:14+00:00","article_modified_time":"2019-04-12T21:02:16+00:00","author":"Encontra Moema","twitter_card":"summary_large_image","twitter_misc":{"Escrito por":"Encontra Moema","Est. tempo de leitura":"3 minutos"},"schema":{"@context":"https:\/\/schema.org","@graph":[{"@type":"WebPage","@id":"https:\/\/www.encontramoema.com.br\/sobre\/nova-feira-de-produtos-organicos-comeca-a-funcionar-no-ibirapuera\/","url":"https:\/\/www.encontramoema.com.br\/sobre\/nova-feira-de-produtos-organicos-comeca-a-funcionar-no-ibirapuera\/","name":"Nova feira de produtos org\u00e2nicos come\u00e7a a funcionar no Ibirapuera - Encontra Moema","isPartOf":{"@id":"https:\/\/www.encontramoema.com.br\/sobre\/#website"},"datePublished":"2012-11-09T12:14:14+00:00","dateModified":"2019-04-12T21:02:16+00:00","author":{"@id":"https:\/\/www.encontramoema.com.br\/sobre\/#\/schema\/person\/3c3656d12b82130d77eba13c4ef23efa"},"breadcrumb":{"@id":"https:\/\/www.encontramoema.com.br\/sobre\/nova-feira-de-produtos-organicos-comeca-a-funcionar-no-ibirapuera\/#breadcrumb"},"inLanguage":"pt-BR","potentialAction":[{"@type":"ReadAction","target":["https:\/\/www.encontramoema.com.br\/sobre\/nova-feira-de-produtos-organicos-comeca-a-funcionar-no-ibirapuera\/"]}]},{"@type":"BreadcrumbList","@id":"https:\/\/www.encontramoema.com.br\/sobre\/nova-feira-de-produtos-organicos-comeca-a-funcionar-no-ibirapuera\/#breadcrumb","itemListElement":[{"@type":"ListItem","position":1,"name":"In\u00edcio","item":"https:\/\/www.encontramoema.com.br\/sobre\/"},{"@type":"ListItem","position":2,"name":"Nova feira de produtos org\u00e2nicos come\u00e7a a funcionar no Ibirapuera"}]},{"@type":"WebSite","@id":"https:\/\/www.encontramoema.com.br\/sobre\/#website","url":"https:\/\/www.encontramoema.com.br\/sobre\/","name":"Encontra Moema","description":"Not\u00edcias, eventos, informa\u00e7\u00f5es e dicas no bairro de Moema e regi\u00e3o.","potentialAction":[{"@type":"SearchAction","target":{"@type":"EntryPoint","urlTemplate":"https:\/\/www.encontramoema.com.br\/sobre\/?s={search_term_string}"},"query-input":{"@type":"PropertyValueSpecification","valueRequired":true,"valueName":"search_term_string"}}],"inLanguage":"pt-BR"},{"@type":"Person","@id":"https:\/\/www.encontramoema.com.br\/sobre\/#\/schema\/person\/3c3656d12b82130d77eba13c4ef23efa","name":"Encontra Moema","image":{"@type":"ImageObject","inLanguage":"pt-BR","@id":"https:\/\/www.encontramoema.com.br\/sobre\/#\/schema\/person\/image\/","url":"https:\/\/secure.gravatar.com\/avatar\/0fbed662e37531ae23e68f85f9517b2454e50c1dfebf80eb9b721449ac95e0b9?s=96&d=mm&r=g","contentUrl":"https:\/\/secure.gravatar.com\/avatar\/0fbed662e37531ae23e68f85f9517b2454e50c1dfebf80eb9b721449ac95e0b9?s=96&d=mm&r=g","caption":"Encontra Moema"},"url":"https:\/\/www.encontramoema.com.br\/sobre\/author\/emoema\/"}]}},"_links":{"self":[{"href":"https:\/\/www.encontramoema.com.br\/sobre\/wp-json\/wp\/v2\/posts\/16581","targetHints":{"allow":["GET"]}}],"collection":[{"href":"https:\/\/www.encontramoema.com.br\/sobre\/wp-json\/wp\/v2\/posts"}],"about":[{"href":"https:\/\/www.encontramoema.com.br\/sobre\/wp-json\/wp\/v2\/types\/post"}],"author":[{"embeddable":true,"href":"https:\/\/www.encontramoema.com.br\/sobre\/wp-json\/wp\/v2\/users\/1"}],"replies":[{"embeddable":true,"href":"https:\/\/www.encontramoema.com.br\/sobre\/wp-json\/wp\/v2\/comments?post=16581"}],"version-history":[{"count":0,"href":"https:\/\/www.encontramoema.com.br\/sobre\/wp-json\/wp\/v2\/posts\/16581\/revisions"}],"wp:attachment":[{"href":"https:\/\/www.encontramoema.com.br\/sobre\/wp-json\/wp\/v2\/media?parent=16581"}],"wp:term":[{"taxonomy":"category","embeddable":true,"href":"https:\/\/www.encontramoema.com.br\/sobre\/wp-json\/wp\/v2\/categories?post=16581"},{"taxonomy":"post_tag","embeddable":true,"href":"https:\/\/www.encontramoema.com.br\/sobre\/wp-json\/wp\/v2\/tags?post=16581"}],"curies":[{"name":"wp","href":"https:\/\/api.w.org\/{rel}","templated":true}]}}