{"id":16611,"date":"2012-11-21T00:44:11","date_gmt":"2012-11-21T02:44:11","guid":{"rendered":"http:\/\/www.encontramoema.com.br\/blog\/?p=16611"},"modified":"2019-04-12T19:01:55","modified_gmt":"2019-04-12T21:01:55","slug":"museu-afro-brasil-abre-tres-exposicoes-no-parque-do-ibirapuera","status":"publish","type":"post","link":"https:\/\/www.encontramoema.com.br\/sobre\/museu-afro-brasil-abre-tres-exposicoes-no-parque-do-ibirapuera\/","title":{"rendered":"Museu Afro Brasil abre tr\u00eas exposi\u00e7\u00f5es no Parque do Ibirapuera"},"content":{"rendered":"<div class=\"b7f545a958fd6350ffae2d30a84cafb8\" data-index=\"1\" style=\"float: none; margin:0px;\">\n<!-- Anuncio display - global -->\r\n<ins class=\"adsbygoogle\"\r\n     style=\"display:block\"\r\n     data-ad-client=\"ca-pub-8585364105181520\"\r\n     data-ad-slot=\"8789329856\"\r\n     data-ad-format=\"auto\"\r\n     data-full-width-responsive=\"true\"><\/ins>\r\n<script>\r\n     (adsbygoogle = window.adsbygoogle || []).push({});\r\n<\/script>\n<\/div>\n<p>O <a title=\"Museu Afro Brasil\" href=\"http:\/\/www.encontramoema.com.br\/moema\/museu-afro-brasil.shtml\" target=\"_blank\">Museu Afro Brasil<\/a>, no <a title=\"Parque Ibirapuera\" href=\"http:\/\/www.encontramoema.com.br\/moema\/parque-do-ibirapuera.shtml\" target=\"_blank\">Parque Ibirapuera<\/a>, na Zona Sul de S\u00e3o Paulo, abriu ontem (20), Dia Nacional da Consci\u00eancia Negra, tr\u00eas novas exposi\u00e7\u00f5es &#8211; &#8220;Dois irm\u00e3os: Jo\u00e3o e Arthur Tim\u00f3theo da Costa&#8221;, &#8220;Arte, Adorno, Design e Tecnologia no Tempo da Escravid\u00e3o&#8221; e &#8220;P\u00e9rolas Negras&#8221; .<\/p>\n<p><em>&#8220;Arte, Adorno, Design e Tecnologia no Tempo da Escravid\u00e3o&#8221;<\/em>: a exposi\u00e7\u00e3o contar\u00e1 com mais de 70 objetos de of\u00edcios urbanos e rurais &#8211; muitos deles usados em fazendas e engenhos de a\u00e7\u00facar -, compondo um conjunto que mostra as contribui\u00e7\u00f5es dos negros para a ci\u00eancia e a tecnologia no Brasil.<\/p>\n<p><em>\u201cDois irm\u00e3os. Jo\u00e3o e Arthur Tim\u00f3theo da Costa&#8221;<\/em>: nascidos na cidade do Rio de Janeiro, no final do s\u00e9culo XIX, em uma fam\u00edlia numerosa e pobre, os irm\u00e3os Arthur e Jo\u00e3o participaram de diversas exposi\u00e7\u00f5es nacionais e internacionais, marcando a pintura brasileira com obras que revelam compet\u00eancia e beleza. Eles iniciaram seus estudos na Casa da Moeda, como aprendizes de desenho de moedas e selos.<\/p>\n<p><em>&#8220;P\u00e9rolas Negras&#8221;<\/em>: um dos mais importantes fot\u00f3grafos de editoriais de moda e publicidade no brasil, Miro (nome art\u00edstico de Azemiro de Sousa) vai expor pela primeira vez em um museu. Ele clicou personalidades negras como Zez\u00e9 Motta, Haroldo Costa, Z\u00f3zimo Bulbul, Luiz Melodia e Milton Gon\u00e7alves.<\/p>\n<p>A abertura das mostras ocorre \u00e0s 13h. O Museu Afro Brasil funciona de ter\u00e7a a domingo, das 10h \u00e0s 18h \u2013 a entrada s\u00f3 \u00e9 permitida at\u00e9 as 17h. A entrada \u00e9 gratuita. Mais informa\u00e7\u00f5es no site do museu.<\/p>\n<p><em>Fonte: G1<\/em><\/p>\n\n<div style=\"font-size: 0px; height: 0px; line-height: 0px; margin: 0; padding: 0; clear: both;\"><\/div>","protected":false},"excerpt":{"rendered":"<p>O Museu Afro Brasil, no Parque Ibirapuera, na Zona Sul de S\u00e3o Paulo, abriu ontem (20), Dia Nacional da Consci\u00eancia Negra, tr\u00eas novas exposi\u00e7\u00f5es &#8211; &#8220;Dois irm\u00e3os: Jo\u00e3o e Arthur Tim\u00f3theo da Costa&#8221;, &#8220;Arte, Adorno, Design e Tecnologia no Tempo da Escravid\u00e3o&#8221; e &#8220;P\u00e9rolas Negras&#8221; . &#8220;Arte, Adorno, Design e Tecnologia no Tempo da Escravid\u00e3o&#8221;: a exposi\u00e7\u00e3o contar\u00e1 com mais de 70 objetos de of\u00edcios urbanos e rurais &#8211; muitos deles usados em fazendas e engenhos de a\u00e7\u00facar -, compondo um conjunto que mostra as contribui\u00e7\u00f5es dos negros para a ci\u00eancia e a tecnologia no Brasil. \u201cDois irm\u00e3os. Jo\u00e3o e <\/p>\n","protected":false},"author":1,"featured_media":0,"comment_status":"open","ping_status":"closed","sticky":false,"template":"","format":"standard","meta":{"footnotes":""},"categories":[1],"tags":[],"class_list":["post-16611","post","type-post","status-publish","format-standard","hentry","category-noticias-em-moema"],"yoast_head":"<!-- This site is optimized with the Yoast SEO plugin v26.3 - https:\/\/yoast.com\/wordpress\/plugins\/seo\/ -->\n<title>Museu Afro Brasil abre tr\u00eas exposi\u00e7\u00f5es no Parque do Ibirapuera - Encontra Moema<\/title>\n<meta name=\"robots\" content=\"index, follow, max-snippet:-1, max-image-preview:large, max-video-preview:-1\" \/>\n<link rel=\"canonical\" href=\"https:\/\/www.encontramoema.com.br\/sobre\/museu-afro-brasil-abre-tres-exposicoes-no-parque-do-ibirapuera\/\" \/>\n<meta property=\"og:locale\" content=\"pt_BR\" \/>\n<meta property=\"og:type\" content=\"article\" \/>\n<meta property=\"og:title\" content=\"Museu Afro Brasil abre tr\u00eas exposi\u00e7\u00f5es no Parque do Ibirapuera - Encontra Moema\" \/>\n<meta property=\"og:description\" content=\"O Museu Afro Brasil, no Parque Ibirapuera, na Zona Sul de S\u00e3o Paulo, abriu ontem (20), Dia Nacional da Consci\u00eancia Negra, tr\u00eas novas exposi\u00e7\u00f5es &#8211; &#8220;Dois irm\u00e3os: Jo\u00e3o e Arthur Tim\u00f3theo da Costa&#8221;, &#8220;Arte, Adorno, Design e Tecnologia no Tempo da Escravid\u00e3o&#8221; e &#8220;P\u00e9rolas Negras&#8221; . &#8220;Arte, Adorno, Design e Tecnologia no Tempo da Escravid\u00e3o&#8221;: a exposi\u00e7\u00e3o contar\u00e1 com mais de 70 objetos de of\u00edcios urbanos e rurais &#8211; muitos deles usados em fazendas e engenhos de a\u00e7\u00facar -, compondo um conjunto que mostra as contribui\u00e7\u00f5es dos negros para a ci\u00eancia e a tecnologia no Brasil. \u201cDois irm\u00e3os. Jo\u00e3o e\" \/>\n<meta property=\"og:url\" content=\"https:\/\/www.encontramoema.com.br\/sobre\/museu-afro-brasil-abre-tres-exposicoes-no-parque-do-ibirapuera\/\" \/>\n<meta property=\"og:site_name\" content=\"Encontra Moema\" \/>\n<meta property=\"article:published_time\" content=\"2012-11-21T02:44:11+00:00\" \/>\n<meta property=\"article:modified_time\" content=\"2019-04-12T21:01:55+00:00\" \/>\n<meta name=\"author\" content=\"Encontra Moema\" \/>\n<meta name=\"twitter:card\" content=\"summary_large_image\" \/>\n<meta name=\"twitter:label1\" content=\"Escrito por\" \/>\n\t<meta name=\"twitter:data1\" content=\"Encontra Moema\" \/>\n\t<meta name=\"twitter:label2\" content=\"Est. tempo de leitura\" \/>\n\t<meta name=\"twitter:data2\" content=\"1 minuto\" \/>\n<script type=\"application\/ld+json\" class=\"yoast-schema-graph\">{\"@context\":\"https:\/\/schema.org\",\"@graph\":[{\"@type\":\"WebPage\",\"@id\":\"https:\/\/www.encontramoema.com.br\/sobre\/museu-afro-brasil-abre-tres-exposicoes-no-parque-do-ibirapuera\/\",\"url\":\"https:\/\/www.encontramoema.com.br\/sobre\/museu-afro-brasil-abre-tres-exposicoes-no-parque-do-ibirapuera\/\",\"name\":\"Museu Afro Brasil abre tr\u00eas exposi\u00e7\u00f5es no Parque do Ibirapuera - Encontra Moema\",\"isPartOf\":{\"@id\":\"https:\/\/www.encontramoema.com.br\/sobre\/#website\"},\"datePublished\":\"2012-11-21T02:44:11+00:00\",\"dateModified\":\"2019-04-12T21:01:55+00:00\",\"author\":{\"@id\":\"https:\/\/www.encontramoema.com.br\/sobre\/#\/schema\/person\/3c3656d12b82130d77eba13c4ef23efa\"},\"breadcrumb\":{\"@id\":\"https:\/\/www.encontramoema.com.br\/sobre\/museu-afro-brasil-abre-tres-exposicoes-no-parque-do-ibirapuera\/#breadcrumb\"},\"inLanguage\":\"pt-BR\",\"potentialAction\":[{\"@type\":\"ReadAction\",\"target\":[\"https:\/\/www.encontramoema.com.br\/sobre\/museu-afro-brasil-abre-tres-exposicoes-no-parque-do-ibirapuera\/\"]}]},{\"@type\":\"BreadcrumbList\",\"@id\":\"https:\/\/www.encontramoema.com.br\/sobre\/museu-afro-brasil-abre-tres-exposicoes-no-parque-do-ibirapuera\/#breadcrumb\",\"itemListElement\":[{\"@type\":\"ListItem\",\"position\":1,\"name\":\"In\u00edcio\",\"item\":\"https:\/\/www.encontramoema.com.br\/sobre\/\"},{\"@type\":\"ListItem\",\"position\":2,\"name\":\"Museu Afro Brasil abre tr\u00eas exposi\u00e7\u00f5es no Parque do Ibirapuera\"}]},{\"@type\":\"WebSite\",\"@id\":\"https:\/\/www.encontramoema.com.br\/sobre\/#website\",\"url\":\"https:\/\/www.encontramoema.com.br\/sobre\/\",\"name\":\"Encontra Moema\",\"description\":\"Not\u00edcias, eventos, informa\u00e7\u00f5es e dicas no bairro de Moema e regi\u00e3o.\",\"potentialAction\":[{\"@type\":\"SearchAction\",\"target\":{\"@type\":\"EntryPoint\",\"urlTemplate\":\"https:\/\/www.encontramoema.com.br\/sobre\/?s={search_term_string}\"},\"query-input\":{\"@type\":\"PropertyValueSpecification\",\"valueRequired\":true,\"valueName\":\"search_term_string\"}}],\"inLanguage\":\"pt-BR\"},{\"@type\":\"Person\",\"@id\":\"https:\/\/www.encontramoema.com.br\/sobre\/#\/schema\/person\/3c3656d12b82130d77eba13c4ef23efa\",\"name\":\"Encontra Moema\",\"image\":{\"@type\":\"ImageObject\",\"inLanguage\":\"pt-BR\",\"@id\":\"https:\/\/www.encontramoema.com.br\/sobre\/#\/schema\/person\/image\/\",\"url\":\"https:\/\/secure.gravatar.com\/avatar\/0fbed662e37531ae23e68f85f9517b2454e50c1dfebf80eb9b721449ac95e0b9?s=96&d=mm&r=g\",\"contentUrl\":\"https:\/\/secure.gravatar.com\/avatar\/0fbed662e37531ae23e68f85f9517b2454e50c1dfebf80eb9b721449ac95e0b9?s=96&d=mm&r=g\",\"caption\":\"Encontra Moema\"},\"url\":\"https:\/\/www.encontramoema.com.br\/sobre\/author\/emoema\/\"}]}<\/script>\n<!-- \/ Yoast SEO plugin. -->","yoast_head_json":{"title":"Museu Afro Brasil abre tr\u00eas exposi\u00e7\u00f5es no Parque do Ibirapuera - Encontra Moema","robots":{"index":"index","follow":"follow","max-snippet":"max-snippet:-1","max-image-preview":"max-image-preview:large","max-video-preview":"max-video-preview:-1"},"canonical":"https:\/\/www.encontramoema.com.br\/sobre\/museu-afro-brasil-abre-tres-exposicoes-no-parque-do-ibirapuera\/","og_locale":"pt_BR","og_type":"article","og_title":"Museu Afro Brasil abre tr\u00eas exposi\u00e7\u00f5es no Parque do Ibirapuera - Encontra Moema","og_description":"O Museu Afro Brasil, no Parque Ibirapuera, na Zona Sul de S\u00e3o Paulo, abriu ontem (20), Dia Nacional da Consci\u00eancia Negra, tr\u00eas novas exposi\u00e7\u00f5es &#8211; &#8220;Dois irm\u00e3os: Jo\u00e3o e Arthur Tim\u00f3theo da Costa&#8221;, &#8220;Arte, Adorno, Design e Tecnologia no Tempo da Escravid\u00e3o&#8221; e &#8220;P\u00e9rolas Negras&#8221; . &#8220;Arte, Adorno, Design e Tecnologia no Tempo da Escravid\u00e3o&#8221;: a exposi\u00e7\u00e3o contar\u00e1 com mais de 70 objetos de of\u00edcios urbanos e rurais &#8211; muitos deles usados em fazendas e engenhos de a\u00e7\u00facar -, compondo um conjunto que mostra as contribui\u00e7\u00f5es dos negros para a ci\u00eancia e a tecnologia no Brasil. \u201cDois irm\u00e3os. Jo\u00e3o e","og_url":"https:\/\/www.encontramoema.com.br\/sobre\/museu-afro-brasil-abre-tres-exposicoes-no-parque-do-ibirapuera\/","og_site_name":"Encontra Moema","article_published_time":"2012-11-21T02:44:11+00:00","article_modified_time":"2019-04-12T21:01:55+00:00","author":"Encontra Moema","twitter_card":"summary_large_image","twitter_misc":{"Escrito por":"Encontra Moema","Est. tempo de leitura":"1 minuto"},"schema":{"@context":"https:\/\/schema.org","@graph":[{"@type":"WebPage","@id":"https:\/\/www.encontramoema.com.br\/sobre\/museu-afro-brasil-abre-tres-exposicoes-no-parque-do-ibirapuera\/","url":"https:\/\/www.encontramoema.com.br\/sobre\/museu-afro-brasil-abre-tres-exposicoes-no-parque-do-ibirapuera\/","name":"Museu Afro Brasil abre tr\u00eas exposi\u00e7\u00f5es no Parque do Ibirapuera - Encontra Moema","isPartOf":{"@id":"https:\/\/www.encontramoema.com.br\/sobre\/#website"},"datePublished":"2012-11-21T02:44:11+00:00","dateModified":"2019-04-12T21:01:55+00:00","author":{"@id":"https:\/\/www.encontramoema.com.br\/sobre\/#\/schema\/person\/3c3656d12b82130d77eba13c4ef23efa"},"breadcrumb":{"@id":"https:\/\/www.encontramoema.com.br\/sobre\/museu-afro-brasil-abre-tres-exposicoes-no-parque-do-ibirapuera\/#breadcrumb"},"inLanguage":"pt-BR","potentialAction":[{"@type":"ReadAction","target":["https:\/\/www.encontramoema.com.br\/sobre\/museu-afro-brasil-abre-tres-exposicoes-no-parque-do-ibirapuera\/"]}]},{"@type":"BreadcrumbList","@id":"https:\/\/www.encontramoema.com.br\/sobre\/museu-afro-brasil-abre-tres-exposicoes-no-parque-do-ibirapuera\/#breadcrumb","itemListElement":[{"@type":"ListItem","position":1,"name":"In\u00edcio","item":"https:\/\/www.encontramoema.com.br\/sobre\/"},{"@type":"ListItem","position":2,"name":"Museu Afro Brasil abre tr\u00eas exposi\u00e7\u00f5es no Parque do Ibirapuera"}]},{"@type":"WebSite","@id":"https:\/\/www.encontramoema.com.br\/sobre\/#website","url":"https:\/\/www.encontramoema.com.br\/sobre\/","name":"Encontra Moema","description":"Not\u00edcias, eventos, informa\u00e7\u00f5es e dicas no bairro de Moema e regi\u00e3o.","potentialAction":[{"@type":"SearchAction","target":{"@type":"EntryPoint","urlTemplate":"https:\/\/www.encontramoema.com.br\/sobre\/?s={search_term_string}"},"query-input":{"@type":"PropertyValueSpecification","valueRequired":true,"valueName":"search_term_string"}}],"inLanguage":"pt-BR"},{"@type":"Person","@id":"https:\/\/www.encontramoema.com.br\/sobre\/#\/schema\/person\/3c3656d12b82130d77eba13c4ef23efa","name":"Encontra Moema","image":{"@type":"ImageObject","inLanguage":"pt-BR","@id":"https:\/\/www.encontramoema.com.br\/sobre\/#\/schema\/person\/image\/","url":"https:\/\/secure.gravatar.com\/avatar\/0fbed662e37531ae23e68f85f9517b2454e50c1dfebf80eb9b721449ac95e0b9?s=96&d=mm&r=g","contentUrl":"https:\/\/secure.gravatar.com\/avatar\/0fbed662e37531ae23e68f85f9517b2454e50c1dfebf80eb9b721449ac95e0b9?s=96&d=mm&r=g","caption":"Encontra Moema"},"url":"https:\/\/www.encontramoema.com.br\/sobre\/author\/emoema\/"}]}},"_links":{"self":[{"href":"https:\/\/www.encontramoema.com.br\/sobre\/wp-json\/wp\/v2\/posts\/16611","targetHints":{"allow":["GET"]}}],"collection":[{"href":"https:\/\/www.encontramoema.com.br\/sobre\/wp-json\/wp\/v2\/posts"}],"about":[{"href":"https:\/\/www.encontramoema.com.br\/sobre\/wp-json\/wp\/v2\/types\/post"}],"author":[{"embeddable":true,"href":"https:\/\/www.encontramoema.com.br\/sobre\/wp-json\/wp\/v2\/users\/1"}],"replies":[{"embeddable":true,"href":"https:\/\/www.encontramoema.com.br\/sobre\/wp-json\/wp\/v2\/comments?post=16611"}],"version-history":[{"count":0,"href":"https:\/\/www.encontramoema.com.br\/sobre\/wp-json\/wp\/v2\/posts\/16611\/revisions"}],"wp:attachment":[{"href":"https:\/\/www.encontramoema.com.br\/sobre\/wp-json\/wp\/v2\/media?parent=16611"}],"wp:term":[{"taxonomy":"category","embeddable":true,"href":"https:\/\/www.encontramoema.com.br\/sobre\/wp-json\/wp\/v2\/categories?post=16611"},{"taxonomy":"post_tag","embeddable":true,"href":"https:\/\/www.encontramoema.com.br\/sobre\/wp-json\/wp\/v2\/tags?post=16611"}],"curies":[{"name":"wp","href":"https:\/\/api.w.org\/{rel}","templated":true}]}}