{"id":16712,"date":"2013-01-14T18:02:45","date_gmt":"2013-01-14T20:02:45","guid":{"rendered":"http:\/\/www.encontramoema.com.br\/blog\/?p=16712"},"modified":"2019-04-12T19:01:52","modified_gmt":"2019-04-12T21:01:52","slug":"parque-do-ibirapuera-recebe-a-exposicao-design-da-periferia","status":"publish","type":"post","link":"https:\/\/www.encontramoema.com.br\/sobre\/parque-do-ibirapuera-recebe-a-exposicao-design-da-periferia\/","title":{"rendered":"Parque do Ibirapuera recebe a exposi\u00e7\u00e3o Design da Periferia"},"content":{"rendered":"<div class=\"b7f545a958fd6350ffae2d30a84cafb8\" data-index=\"1\" style=\"float: none; margin:0px;\">\n<!-- Anuncio display - global -->\r\n<ins class=\"adsbygoogle\"\r\n     style=\"display:block\"\r\n     data-ad-client=\"ca-pub-8585364105181520\"\r\n     data-ad-slot=\"8789329856\"\r\n     data-ad-format=\"auto\"\r\n     data-full-width-responsive=\"true\"><\/ins>\r\n<script>\r\n     (adsbygoogle = window.adsbygoogle || []).push({});\r\n<\/script>\n<\/div>\n<p>Depois de realizar exposi\u00e7\u00f5es sobre as artes popular (2010) e ind\u00edgena (2011), propulsoras da forma\u00e7\u00e3o dos respectivos acervos para o <a href=\"http:\/\/www.encontramoema.com.br\/moema\/pavilhao-das-culturas-brasileiras.shtml\" target=\"_blank\">Pavilh\u00e3o das Culturas Brasileiras<\/a>, a Secretaria Municipal de Cultura de S\u00e3o Paulo agora faz o mapeamento de uma produ\u00e7\u00e3o que tamb\u00e9m n\u00e3o surge da erudi\u00e7\u00e3o, mas da capacidade de inven\u00e7\u00e3o do povo brasileiro. A mostra Design da periferia, com a curadoria de Ad\u00e9lia Borges, \u00e9 o resultado de pesquisas pelo Brasil por cidades e comunidades que exibem preciosas li\u00e7\u00f5es de design.<\/p>\n<p>Segundo a curadora, por tr\u00e1s da precariedade de vida da maioria dos brasileiros encontram-se solu\u00e7\u00f5es geniais, manifesta\u00e7\u00f5es inequ\u00edvocas de sabedoria criativa, em artefatos feitos pelo povo para uso em seu cotidiano. \u201cO conceito de periferia \u00e9 sempre relativo, ele depende de um centro, que pode ser geogr\u00e1fico \u2013 um pa\u00eds perif\u00e9rico aos que t\u00eam mais voz no mundo, ou a parte de uma cidade que est\u00e1 distante do seu centro, por exemplo \u2013 ou pode ser metaf\u00f3rico, no sentido de n\u00e3o pertencer ao mainstream. \u00c9 com esse sentido que estamos trabalhando\u201d, diz ela.<\/p>\n<p>Todas as obras e fotografias apresentadas na exposi\u00e7\u00e3o integram o acervo do Pavilh\u00e3o das Culturas Brasileiras. A Secretaria Municipal de Cultura estabeleceu nos \u00faltimos quatro anos uma pol\u00edtica ativa de aquisi\u00e7\u00f5es, com rigorosa sele\u00e7\u00e3o, visando a constituir um acervo \u00fanico no pa\u00eds, no campo da arte e do design popular, por considerar que \u00e9 obriga\u00e7\u00e3o do poder p\u00fablico proteger esse patrim\u00f4nio.<\/p>\n<p>Com cenografia do arquiteto Marko Brajovic e produ\u00e7\u00e3o da Arx Gest\u00e3o Cultural, a mostra, com objetos, fotografias e v\u00eddeos, est\u00e1 dividida em quatro m\u00f3dulos: Rua recebe os empreendimentos que ocupam o espa\u00e7o urbano, os vendedores ambulantes, carroceiros de sucata, an\u00fancios gr\u00e1ficos, modo de expor produtos; Casa destaca as inven\u00e7\u00f5es dom\u00e9sticas que, nas camadas populares, confundem-se com a \u00e1rea coletiva; Corpo identifica a express\u00e3o do vestir, do pentear; e Brincadeiras traz engenhosas releituras do tradicional universo infantil.<\/p>\n<p>Churrasqueiras feitas de calotas velhas de pneus, postos de trabalho de vendedores ambulantes, m\u00f3veis e brinquedos elaborados por pessoas simples a partir de materiais e t\u00e9cnicas dispon\u00edveis no lugar em que vivem s\u00e3o alguns dos objetos que est\u00e3o na exposi\u00e7\u00e3o. \u201cEm geral s\u00e3o objetos improvisados, muitos feitos com detritos, com um resultado em que a simplicidade resulta de sofisticados racioc\u00ednios, mostrando solu\u00e7\u00f5es muito engenhosas\u201d, diz a curadora. Ao lado de pe\u00e7as sem assinaturas, h\u00e1 algumas de \u201cdesigners-artistas\u201d, como Get\u00falio Damado, do bairro de Santa Teresa, no Rio de Janeiro; Jos\u00e9 Maur\u00edcio dos Santos, de Juazeiro do Norte, Cear\u00e1; Fernando Rodrigues, da Ilha do Ferro, munic\u00edpio de P\u00e3o de A\u00e7\u00facar, Alagoas; Jos\u00e9 Francisco da Cunha Filho, da cidade de Jaboat\u00e3o dos Guararapes, Pernambuco; e Espedito Seleiro, de Nova Olinda, Cear\u00e1.<\/p>\n<p>Os ensaios fotogr\u00e1ficos captam alguns momentos de express\u00e3o da criatividade popular. O fot\u00f3grafo baiano Adenor Gondim mostra os m\u00f3veis que eram utilizados nas barracas de festas nas ruas de Salvador, com seus grafismos em composi\u00e7\u00f5es geom\u00e9tricas. Titus Riedl, fot\u00f3grafo e historiador alem\u00e3o radicado no Crato, no Cear\u00e1, apresenta a ambi\u00eancia urbana utilizada na venda de toda a sorte de produtos no Crato e em Juazeiro do Norte.\u00a0 J\u00e1 Fernanda Martins, designer paulistana moradora de Bel\u00e9m, fotografa os letreiros dos barcos de v\u00e1rias cidades amaz\u00f4nicas.<\/p>\n<p>Por sua vez jovens aprendizes da ONG Observat\u00f3rio das Favelas retratam o cotidiano nas lajes das moradias de favelas cariocas. Guma, morador do bairro do Campo Limpo, em S\u00e3o Paulo, registra os vibrantes cabelos e roupas utilizados pelos jovens da periferia da cidade como uma forma de auto-express\u00e3o, enquanto a ONG Oi\/Kabum, de Salvador, preparou com os jovens que participam de seus programas educativos v\u00eddeos e proje\u00e7\u00f5es de imagens relacionados aos carrinhos utilizados por vendedores ambulantes e por catadores de lixo na cidade.<\/p>\n<p><strong>SERVI\u00c7O:<\/strong><br \/>\nAbertura da exposi\u00e7\u00e3o: 25 de janeiro, sexta-feira, das 11h \u00e0s 14h<br \/>\nApresenta\u00e7\u00e3o musical \u00e0s 12:00h<\/p>\n<p>Exposi\u00e7\u00e3o: De 25 de janeiro a 29 de julho de 2013, de ter\u00e7a a domingo, das 9h \u00e0s 18h, com entrada at\u00e9 \u00e0s 17h &#8211; Entrada gratuita \u2013 ambiente acess\u00edvel<\/p>\n<p>Visitas monitoradas: equipe dispon\u00edvel para atendimento de grupos escolares, organiza\u00e7\u00f5es da sociedade civil,associa\u00e7\u00f5es de moradores, entre outros.<br \/>\nAgendamento pelo e-mail: educativopcb@prefeitura.sp.gov.br \/ Telefone: 11 5083-0199<\/p>\n<p><strong>Endere\u00e7o:\u00a0<\/strong>Pavilh\u00e3o das Culturas Brasileiras<br \/>\n<a href=\"http:\/\/www.encontramoema.com.br\/moema\/parque-do-ibirapuera.shtml\" target=\"_blank\">Parque Ibirapuera<\/a><br \/>\nEstacionamento com acesso pelo Port\u00e3o 10<br \/>\nAvenida Pedro \u00c1lvares Cabral, s\/n<br \/>\n04094-000 \u2013 S\u00e3o Paulo \u2013 SP<br \/>\nTelefone:\u00a0 11 5083-0199<br \/>\nSite: culturasbrasileiras.sp.gov.br<br \/>\nEmail: culturasbrasileiras@prefeitura.sp.gov.br<\/p>\n<p><em>Fonte: Prefeitura de S\u00e3o Paulo<\/em><\/p>\n\n<div style=\"font-size: 0px; height: 0px; line-height: 0px; margin: 0; padding: 0; clear: both;\"><\/div>","protected":false},"excerpt":{"rendered":"<p>Depois de realizar exposi\u00e7\u00f5es sobre as artes popular (2010) e ind\u00edgena (2011), propulsoras da forma\u00e7\u00e3o dos respectivos acervos para o Pavilh\u00e3o das Culturas Brasileiras, a Secretaria Municipal de Cultura de S\u00e3o Paulo agora faz o mapeamento de uma produ\u00e7\u00e3o que tamb\u00e9m n\u00e3o surge da erudi\u00e7\u00e3o, mas da capacidade de inven\u00e7\u00e3o do povo brasileiro. A mostra Design da periferia, com a curadoria de Ad\u00e9lia Borges, \u00e9 o resultado de pesquisas pelo Brasil por cidades e comunidades que exibem preciosas li\u00e7\u00f5es de design. Segundo a curadora, por tr\u00e1s da precariedade de vida da maioria dos brasileiros encontram-se solu\u00e7\u00f5es geniais, manifesta\u00e7\u00f5es inequ\u00edvocas de <\/p>\n","protected":false},"author":1,"featured_media":0,"comment_status":"open","ping_status":"closed","sticky":false,"template":"","format":"standard","meta":{"footnotes":""},"categories":[16],"tags":[7],"class_list":["post-16712","post","type-post","status-publish","format-standard","hentry","category-cultura-em-moema","tag-moema"],"yoast_head":"<!-- This site is optimized with the Yoast SEO plugin v26.3 - https:\/\/yoast.com\/wordpress\/plugins\/seo\/ -->\n<title>Parque do Ibirapuera recebe a exposi\u00e7\u00e3o Design da Periferia - Encontra Moema<\/title>\n<meta name=\"robots\" content=\"index, follow, max-snippet:-1, max-image-preview:large, max-video-preview:-1\" \/>\n<link rel=\"canonical\" href=\"https:\/\/www.encontramoema.com.br\/sobre\/parque-do-ibirapuera-recebe-a-exposicao-design-da-periferia\/\" \/>\n<meta property=\"og:locale\" content=\"pt_BR\" \/>\n<meta property=\"og:type\" content=\"article\" \/>\n<meta property=\"og:title\" content=\"Parque do Ibirapuera recebe a exposi\u00e7\u00e3o Design da Periferia - Encontra Moema\" \/>\n<meta property=\"og:description\" content=\"Depois de realizar exposi\u00e7\u00f5es sobre as artes popular (2010) e ind\u00edgena (2011), propulsoras da forma\u00e7\u00e3o dos respectivos acervos para o Pavilh\u00e3o das Culturas Brasileiras, a Secretaria Municipal de Cultura de S\u00e3o Paulo agora faz o mapeamento de uma produ\u00e7\u00e3o que tamb\u00e9m n\u00e3o surge da erudi\u00e7\u00e3o, mas da capacidade de inven\u00e7\u00e3o do povo brasileiro. A mostra Design da periferia, com a curadoria de Ad\u00e9lia Borges, \u00e9 o resultado de pesquisas pelo Brasil por cidades e comunidades que exibem preciosas li\u00e7\u00f5es de design. Segundo a curadora, por tr\u00e1s da precariedade de vida da maioria dos brasileiros encontram-se solu\u00e7\u00f5es geniais, manifesta\u00e7\u00f5es inequ\u00edvocas de\" \/>\n<meta property=\"og:url\" content=\"https:\/\/www.encontramoema.com.br\/sobre\/parque-do-ibirapuera-recebe-a-exposicao-design-da-periferia\/\" \/>\n<meta property=\"og:site_name\" content=\"Encontra Moema\" \/>\n<meta property=\"article:published_time\" content=\"2013-01-14T20:02:45+00:00\" \/>\n<meta property=\"article:modified_time\" content=\"2019-04-12T21:01:52+00:00\" \/>\n<meta name=\"author\" content=\"Encontra Moema\" \/>\n<meta name=\"twitter:card\" content=\"summary_large_image\" \/>\n<meta name=\"twitter:label1\" content=\"Escrito por\" \/>\n\t<meta name=\"twitter:data1\" content=\"Encontra Moema\" \/>\n\t<meta name=\"twitter:label2\" content=\"Est. tempo de leitura\" \/>\n\t<meta name=\"twitter:data2\" content=\"4 minutos\" \/>\n<script type=\"application\/ld+json\" class=\"yoast-schema-graph\">{\"@context\":\"https:\/\/schema.org\",\"@graph\":[{\"@type\":\"WebPage\",\"@id\":\"https:\/\/www.encontramoema.com.br\/sobre\/parque-do-ibirapuera-recebe-a-exposicao-design-da-periferia\/\",\"url\":\"https:\/\/www.encontramoema.com.br\/sobre\/parque-do-ibirapuera-recebe-a-exposicao-design-da-periferia\/\",\"name\":\"Parque do Ibirapuera recebe a exposi\u00e7\u00e3o Design da Periferia - Encontra Moema\",\"isPartOf\":{\"@id\":\"https:\/\/www.encontramoema.com.br\/sobre\/#website\"},\"datePublished\":\"2013-01-14T20:02:45+00:00\",\"dateModified\":\"2019-04-12T21:01:52+00:00\",\"author\":{\"@id\":\"https:\/\/www.encontramoema.com.br\/sobre\/#\/schema\/person\/3c3656d12b82130d77eba13c4ef23efa\"},\"breadcrumb\":{\"@id\":\"https:\/\/www.encontramoema.com.br\/sobre\/parque-do-ibirapuera-recebe-a-exposicao-design-da-periferia\/#breadcrumb\"},\"inLanguage\":\"pt-BR\",\"potentialAction\":[{\"@type\":\"ReadAction\",\"target\":[\"https:\/\/www.encontramoema.com.br\/sobre\/parque-do-ibirapuera-recebe-a-exposicao-design-da-periferia\/\"]}]},{\"@type\":\"BreadcrumbList\",\"@id\":\"https:\/\/www.encontramoema.com.br\/sobre\/parque-do-ibirapuera-recebe-a-exposicao-design-da-periferia\/#breadcrumb\",\"itemListElement\":[{\"@type\":\"ListItem\",\"position\":1,\"name\":\"In\u00edcio\",\"item\":\"https:\/\/www.encontramoema.com.br\/sobre\/\"},{\"@type\":\"ListItem\",\"position\":2,\"name\":\"Parque do Ibirapuera recebe a exposi\u00e7\u00e3o Design da Periferia\"}]},{\"@type\":\"WebSite\",\"@id\":\"https:\/\/www.encontramoema.com.br\/sobre\/#website\",\"url\":\"https:\/\/www.encontramoema.com.br\/sobre\/\",\"name\":\"Encontra Moema\",\"description\":\"Not\u00edcias, eventos, informa\u00e7\u00f5es e dicas no bairro de Moema e regi\u00e3o.\",\"potentialAction\":[{\"@type\":\"SearchAction\",\"target\":{\"@type\":\"EntryPoint\",\"urlTemplate\":\"https:\/\/www.encontramoema.com.br\/sobre\/?s={search_term_string}\"},\"query-input\":{\"@type\":\"PropertyValueSpecification\",\"valueRequired\":true,\"valueName\":\"search_term_string\"}}],\"inLanguage\":\"pt-BR\"},{\"@type\":\"Person\",\"@id\":\"https:\/\/www.encontramoema.com.br\/sobre\/#\/schema\/person\/3c3656d12b82130d77eba13c4ef23efa\",\"name\":\"Encontra Moema\",\"image\":{\"@type\":\"ImageObject\",\"inLanguage\":\"pt-BR\",\"@id\":\"https:\/\/www.encontramoema.com.br\/sobre\/#\/schema\/person\/image\/\",\"url\":\"https:\/\/secure.gravatar.com\/avatar\/0fbed662e37531ae23e68f85f9517b2454e50c1dfebf80eb9b721449ac95e0b9?s=96&d=mm&r=g\",\"contentUrl\":\"https:\/\/secure.gravatar.com\/avatar\/0fbed662e37531ae23e68f85f9517b2454e50c1dfebf80eb9b721449ac95e0b9?s=96&d=mm&r=g\",\"caption\":\"Encontra Moema\"},\"url\":\"https:\/\/www.encontramoema.com.br\/sobre\/author\/emoema\/\"}]}<\/script>\n<!-- \/ Yoast SEO plugin. -->","yoast_head_json":{"title":"Parque do Ibirapuera recebe a exposi\u00e7\u00e3o Design da Periferia - Encontra Moema","robots":{"index":"index","follow":"follow","max-snippet":"max-snippet:-1","max-image-preview":"max-image-preview:large","max-video-preview":"max-video-preview:-1"},"canonical":"https:\/\/www.encontramoema.com.br\/sobre\/parque-do-ibirapuera-recebe-a-exposicao-design-da-periferia\/","og_locale":"pt_BR","og_type":"article","og_title":"Parque do Ibirapuera recebe a exposi\u00e7\u00e3o Design da Periferia - Encontra Moema","og_description":"Depois de realizar exposi\u00e7\u00f5es sobre as artes popular (2010) e ind\u00edgena (2011), propulsoras da forma\u00e7\u00e3o dos respectivos acervos para o Pavilh\u00e3o das Culturas Brasileiras, a Secretaria Municipal de Cultura de S\u00e3o Paulo agora faz o mapeamento de uma produ\u00e7\u00e3o que tamb\u00e9m n\u00e3o surge da erudi\u00e7\u00e3o, mas da capacidade de inven\u00e7\u00e3o do povo brasileiro. A mostra Design da periferia, com a curadoria de Ad\u00e9lia Borges, \u00e9 o resultado de pesquisas pelo Brasil por cidades e comunidades que exibem preciosas li\u00e7\u00f5es de design. Segundo a curadora, por tr\u00e1s da precariedade de vida da maioria dos brasileiros encontram-se solu\u00e7\u00f5es geniais, manifesta\u00e7\u00f5es inequ\u00edvocas de","og_url":"https:\/\/www.encontramoema.com.br\/sobre\/parque-do-ibirapuera-recebe-a-exposicao-design-da-periferia\/","og_site_name":"Encontra Moema","article_published_time":"2013-01-14T20:02:45+00:00","article_modified_time":"2019-04-12T21:01:52+00:00","author":"Encontra Moema","twitter_card":"summary_large_image","twitter_misc":{"Escrito por":"Encontra Moema","Est. tempo de leitura":"4 minutos"},"schema":{"@context":"https:\/\/schema.org","@graph":[{"@type":"WebPage","@id":"https:\/\/www.encontramoema.com.br\/sobre\/parque-do-ibirapuera-recebe-a-exposicao-design-da-periferia\/","url":"https:\/\/www.encontramoema.com.br\/sobre\/parque-do-ibirapuera-recebe-a-exposicao-design-da-periferia\/","name":"Parque do Ibirapuera recebe a exposi\u00e7\u00e3o Design da Periferia - Encontra Moema","isPartOf":{"@id":"https:\/\/www.encontramoema.com.br\/sobre\/#website"},"datePublished":"2013-01-14T20:02:45+00:00","dateModified":"2019-04-12T21:01:52+00:00","author":{"@id":"https:\/\/www.encontramoema.com.br\/sobre\/#\/schema\/person\/3c3656d12b82130d77eba13c4ef23efa"},"breadcrumb":{"@id":"https:\/\/www.encontramoema.com.br\/sobre\/parque-do-ibirapuera-recebe-a-exposicao-design-da-periferia\/#breadcrumb"},"inLanguage":"pt-BR","potentialAction":[{"@type":"ReadAction","target":["https:\/\/www.encontramoema.com.br\/sobre\/parque-do-ibirapuera-recebe-a-exposicao-design-da-periferia\/"]}]},{"@type":"BreadcrumbList","@id":"https:\/\/www.encontramoema.com.br\/sobre\/parque-do-ibirapuera-recebe-a-exposicao-design-da-periferia\/#breadcrumb","itemListElement":[{"@type":"ListItem","position":1,"name":"In\u00edcio","item":"https:\/\/www.encontramoema.com.br\/sobre\/"},{"@type":"ListItem","position":2,"name":"Parque do Ibirapuera recebe a exposi\u00e7\u00e3o Design da Periferia"}]},{"@type":"WebSite","@id":"https:\/\/www.encontramoema.com.br\/sobre\/#website","url":"https:\/\/www.encontramoema.com.br\/sobre\/","name":"Encontra Moema","description":"Not\u00edcias, eventos, informa\u00e7\u00f5es e dicas no bairro de Moema e regi\u00e3o.","potentialAction":[{"@type":"SearchAction","target":{"@type":"EntryPoint","urlTemplate":"https:\/\/www.encontramoema.com.br\/sobre\/?s={search_term_string}"},"query-input":{"@type":"PropertyValueSpecification","valueRequired":true,"valueName":"search_term_string"}}],"inLanguage":"pt-BR"},{"@type":"Person","@id":"https:\/\/www.encontramoema.com.br\/sobre\/#\/schema\/person\/3c3656d12b82130d77eba13c4ef23efa","name":"Encontra Moema","image":{"@type":"ImageObject","inLanguage":"pt-BR","@id":"https:\/\/www.encontramoema.com.br\/sobre\/#\/schema\/person\/image\/","url":"https:\/\/secure.gravatar.com\/avatar\/0fbed662e37531ae23e68f85f9517b2454e50c1dfebf80eb9b721449ac95e0b9?s=96&d=mm&r=g","contentUrl":"https:\/\/secure.gravatar.com\/avatar\/0fbed662e37531ae23e68f85f9517b2454e50c1dfebf80eb9b721449ac95e0b9?s=96&d=mm&r=g","caption":"Encontra Moema"},"url":"https:\/\/www.encontramoema.com.br\/sobre\/author\/emoema\/"}]}},"_links":{"self":[{"href":"https:\/\/www.encontramoema.com.br\/sobre\/wp-json\/wp\/v2\/posts\/16712","targetHints":{"allow":["GET"]}}],"collection":[{"href":"https:\/\/www.encontramoema.com.br\/sobre\/wp-json\/wp\/v2\/posts"}],"about":[{"href":"https:\/\/www.encontramoema.com.br\/sobre\/wp-json\/wp\/v2\/types\/post"}],"author":[{"embeddable":true,"href":"https:\/\/www.encontramoema.com.br\/sobre\/wp-json\/wp\/v2\/users\/1"}],"replies":[{"embeddable":true,"href":"https:\/\/www.encontramoema.com.br\/sobre\/wp-json\/wp\/v2\/comments?post=16712"}],"version-history":[{"count":0,"href":"https:\/\/www.encontramoema.com.br\/sobre\/wp-json\/wp\/v2\/posts\/16712\/revisions"}],"wp:attachment":[{"href":"https:\/\/www.encontramoema.com.br\/sobre\/wp-json\/wp\/v2\/media?parent=16712"}],"wp:term":[{"taxonomy":"category","embeddable":true,"href":"https:\/\/www.encontramoema.com.br\/sobre\/wp-json\/wp\/v2\/categories?post=16712"},{"taxonomy":"post_tag","embeddable":true,"href":"https:\/\/www.encontramoema.com.br\/sobre\/wp-json\/wp\/v2\/tags?post=16712"}],"curies":[{"name":"wp","href":"https:\/\/api.w.org\/{rel}","templated":true}]}}