{"id":16779,"date":"2013-02-21T18:35:35","date_gmt":"2013-02-21T20:35:35","guid":{"rendered":"http:\/\/www.encontramoema.com.br\/blog\/?p=16779"},"modified":"2019-04-12T19:01:50","modified_gmt":"2019-04-12T21:01:50","slug":"oca-do-ibirapuera-recebe-a-exposicao-esplendores-do-vaticano","status":"publish","type":"post","link":"https:\/\/www.encontramoema.com.br\/sobre\/oca-do-ibirapuera-recebe-a-exposicao-esplendores-do-vaticano\/","title":{"rendered":"Oca do Ibirapuera recebe a exposi\u00e7\u00e3o Esplendores do Vaticano"},"content":{"rendered":"<div class=\"b7f545a958fd6350ffae2d30a84cafb8\" data-index=\"1\" style=\"float: none; margin:0px;\">\n<!-- Anuncio display - global -->\r\n<ins class=\"adsbygoogle\"\r\n     style=\"display:block\"\r\n     data-ad-client=\"ca-pub-8585364105181520\"\r\n     data-ad-slot=\"8789329856\"\r\n     data-ad-format=\"auto\"\r\n     data-full-width-responsive=\"true\"><\/ins>\r\n<script>\r\n     (adsbygoogle = window.adsbygoogle || []).push({});\r\n<\/script>\n<\/div>\n<p>Pela primeira vez na Am\u00e9rica Latina, uma sele\u00e7\u00e3o de obras de arte e rel\u00edquias que ilustram mais de dois mil anos de hist\u00f3ria da humanidade. S\u00e3o 200 itens, entre obras-primas de Michelangelo, Guercino, Bernini e outros, al\u00e9m de vestimentas, relic\u00e1rios, mapas, documentos e ambientes cenograficamente recriados, como o teto da Capela Sistina. Pe\u00e7as que, na sua maioria, nunca sa\u00edram do Vaticano. E n\u00e3o v\u00e3o mais sair da sua mem\u00f3ria.<\/p>\n<p>Os trabalhos art\u00edsticos s\u00e3o expostos em ordem cronol\u00f3gica e as cole\u00e7\u00f5es s\u00e3o organizadas em 11 galerias e ambientes cenograficamente recriados, onde, de forma din\u00e2mica e interativa, os visitantes s\u00e3o levados a uma viagem pelas \u00e9pocas de express\u00e3o que marcaram a hist\u00f3ria.<\/p>\n<p><strong>Servi\u00e7o no bairro de Moema<\/strong><\/p>\n<p><strong>Data:<\/strong>\u00a0At\u00e9 28 de Fevereiro de 2013<br \/>\n<strong>Hor\u00e1rio:<\/strong>\u00a0de ter\u00e7a-feira a domingo, das 10h \u00e0s 20h (acesso at\u00e9 19h).<br \/>\n<strong>Ingresso:<\/strong>\u00a0R$20,00<br \/>\n<strong>Local:<\/strong>\u00a0<a href=\"http:\/\/www.encontramoema.com.br\/moema\/oca-no-ibirapuera.shtml\" target=\"_blank\">Oca do Parque Ibirapuera<\/a><br \/>\n<strong>Endere\u00e7o:<\/strong>\u00a0Avenida Pedro \u00c1lvares Cabral, s\/n\u00ba \u2013 Port\u00e3o 3 \u2013 Moema<br \/>\n<strong>Telefone:<\/strong>\u00a04003-5588<\/p>\n<p><em>Fonte: Blog Visite SP<\/em><\/p>\n\n<div style=\"font-size: 0px; height: 0px; line-height: 0px; margin: 0; padding: 0; clear: both;\"><\/div>","protected":false},"excerpt":{"rendered":"<p>Pela primeira vez na Am\u00e9rica Latina, uma sele\u00e7\u00e3o de obras de arte e rel\u00edquias que ilustram mais de dois mil anos de hist\u00f3ria da humanidade. S\u00e3o 200 itens, entre obras-primas de Michelangelo, Guercino, Bernini e outros, al\u00e9m de vestimentas, relic\u00e1rios, mapas, documentos e ambientes cenograficamente recriados, como o teto da Capela Sistina. Pe\u00e7as que, na sua maioria, nunca sa\u00edram do Vaticano. E n\u00e3o v\u00e3o mais sair da sua mem\u00f3ria. Os trabalhos art\u00edsticos s\u00e3o expostos em ordem cronol\u00f3gica e as cole\u00e7\u00f5es s\u00e3o organizadas em 11 galerias e ambientes cenograficamente recriados, onde, de forma din\u00e2mica e interativa, os visitantes s\u00e3o levados a <\/p>\n","protected":false},"author":1,"featured_media":0,"comment_status":"open","ping_status":"closed","sticky":false,"template":"","format":"standard","meta":{"footnotes":""},"categories":[16],"tags":[7],"class_list":["post-16779","post","type-post","status-publish","format-standard","hentry","category-cultura-em-moema","tag-moema"],"yoast_head":"<!-- This site is optimized with the Yoast SEO plugin v26.3 - https:\/\/yoast.com\/wordpress\/plugins\/seo\/ -->\n<title>Oca do Ibirapuera recebe a exposi\u00e7\u00e3o Esplendores do Vaticano - Encontra Moema<\/title>\n<meta name=\"robots\" content=\"index, follow, max-snippet:-1, max-image-preview:large, max-video-preview:-1\" \/>\n<link rel=\"canonical\" href=\"https:\/\/www.encontramoema.com.br\/sobre\/oca-do-ibirapuera-recebe-a-exposicao-esplendores-do-vaticano\/\" \/>\n<meta property=\"og:locale\" content=\"pt_BR\" \/>\n<meta property=\"og:type\" content=\"article\" \/>\n<meta property=\"og:title\" content=\"Oca do Ibirapuera recebe a exposi\u00e7\u00e3o Esplendores do Vaticano - Encontra Moema\" \/>\n<meta property=\"og:description\" content=\"Pela primeira vez na Am\u00e9rica Latina, uma sele\u00e7\u00e3o de obras de arte e rel\u00edquias que ilustram mais de dois mil anos de hist\u00f3ria da humanidade. S\u00e3o 200 itens, entre obras-primas de Michelangelo, Guercino, Bernini e outros, al\u00e9m de vestimentas, relic\u00e1rios, mapas, documentos e ambientes cenograficamente recriados, como o teto da Capela Sistina. Pe\u00e7as que, na sua maioria, nunca sa\u00edram do Vaticano. E n\u00e3o v\u00e3o mais sair da sua mem\u00f3ria. Os trabalhos art\u00edsticos s\u00e3o expostos em ordem cronol\u00f3gica e as cole\u00e7\u00f5es s\u00e3o organizadas em 11 galerias e ambientes cenograficamente recriados, onde, de forma din\u00e2mica e interativa, os visitantes s\u00e3o levados a\" \/>\n<meta property=\"og:url\" content=\"https:\/\/www.encontramoema.com.br\/sobre\/oca-do-ibirapuera-recebe-a-exposicao-esplendores-do-vaticano\/\" \/>\n<meta property=\"og:site_name\" content=\"Encontra Moema\" \/>\n<meta property=\"article:published_time\" content=\"2013-02-21T20:35:35+00:00\" \/>\n<meta property=\"article:modified_time\" content=\"2019-04-12T21:01:50+00:00\" \/>\n<meta name=\"author\" content=\"Encontra Moema\" \/>\n<meta name=\"twitter:card\" content=\"summary_large_image\" \/>\n<meta name=\"twitter:label1\" content=\"Escrito por\" \/>\n\t<meta name=\"twitter:data1\" content=\"Encontra Moema\" \/>\n\t<meta name=\"twitter:label2\" content=\"Est. tempo de leitura\" \/>\n\t<meta name=\"twitter:data2\" content=\"1 minuto\" \/>\n<script type=\"application\/ld+json\" class=\"yoast-schema-graph\">{\"@context\":\"https:\/\/schema.org\",\"@graph\":[{\"@type\":\"WebPage\",\"@id\":\"https:\/\/www.encontramoema.com.br\/sobre\/oca-do-ibirapuera-recebe-a-exposicao-esplendores-do-vaticano\/\",\"url\":\"https:\/\/www.encontramoema.com.br\/sobre\/oca-do-ibirapuera-recebe-a-exposicao-esplendores-do-vaticano\/\",\"name\":\"Oca do Ibirapuera recebe a exposi\u00e7\u00e3o Esplendores do Vaticano - Encontra Moema\",\"isPartOf\":{\"@id\":\"https:\/\/www.encontramoema.com.br\/sobre\/#website\"},\"datePublished\":\"2013-02-21T20:35:35+00:00\",\"dateModified\":\"2019-04-12T21:01:50+00:00\",\"author\":{\"@id\":\"https:\/\/www.encontramoema.com.br\/sobre\/#\/schema\/person\/3c3656d12b82130d77eba13c4ef23efa\"},\"breadcrumb\":{\"@id\":\"https:\/\/www.encontramoema.com.br\/sobre\/oca-do-ibirapuera-recebe-a-exposicao-esplendores-do-vaticano\/#breadcrumb\"},\"inLanguage\":\"pt-BR\",\"potentialAction\":[{\"@type\":\"ReadAction\",\"target\":[\"https:\/\/www.encontramoema.com.br\/sobre\/oca-do-ibirapuera-recebe-a-exposicao-esplendores-do-vaticano\/\"]}]},{\"@type\":\"BreadcrumbList\",\"@id\":\"https:\/\/www.encontramoema.com.br\/sobre\/oca-do-ibirapuera-recebe-a-exposicao-esplendores-do-vaticano\/#breadcrumb\",\"itemListElement\":[{\"@type\":\"ListItem\",\"position\":1,\"name\":\"In\u00edcio\",\"item\":\"https:\/\/www.encontramoema.com.br\/sobre\/\"},{\"@type\":\"ListItem\",\"position\":2,\"name\":\"Oca do Ibirapuera recebe a exposi\u00e7\u00e3o Esplendores do Vaticano\"}]},{\"@type\":\"WebSite\",\"@id\":\"https:\/\/www.encontramoema.com.br\/sobre\/#website\",\"url\":\"https:\/\/www.encontramoema.com.br\/sobre\/\",\"name\":\"Encontra Moema\",\"description\":\"Not\u00edcias, eventos, informa\u00e7\u00f5es e dicas no bairro de Moema e regi\u00e3o.\",\"potentialAction\":[{\"@type\":\"SearchAction\",\"target\":{\"@type\":\"EntryPoint\",\"urlTemplate\":\"https:\/\/www.encontramoema.com.br\/sobre\/?s={search_term_string}\"},\"query-input\":{\"@type\":\"PropertyValueSpecification\",\"valueRequired\":true,\"valueName\":\"search_term_string\"}}],\"inLanguage\":\"pt-BR\"},{\"@type\":\"Person\",\"@id\":\"https:\/\/www.encontramoema.com.br\/sobre\/#\/schema\/person\/3c3656d12b82130d77eba13c4ef23efa\",\"name\":\"Encontra Moema\",\"image\":{\"@type\":\"ImageObject\",\"inLanguage\":\"pt-BR\",\"@id\":\"https:\/\/www.encontramoema.com.br\/sobre\/#\/schema\/person\/image\/\",\"url\":\"https:\/\/secure.gravatar.com\/avatar\/0fbed662e37531ae23e68f85f9517b2454e50c1dfebf80eb9b721449ac95e0b9?s=96&d=mm&r=g\",\"contentUrl\":\"https:\/\/secure.gravatar.com\/avatar\/0fbed662e37531ae23e68f85f9517b2454e50c1dfebf80eb9b721449ac95e0b9?s=96&d=mm&r=g\",\"caption\":\"Encontra Moema\"},\"url\":\"https:\/\/www.encontramoema.com.br\/sobre\/author\/emoema\/\"}]}<\/script>\n<!-- \/ Yoast SEO plugin. -->","yoast_head_json":{"title":"Oca do Ibirapuera recebe a exposi\u00e7\u00e3o Esplendores do Vaticano - Encontra Moema","robots":{"index":"index","follow":"follow","max-snippet":"max-snippet:-1","max-image-preview":"max-image-preview:large","max-video-preview":"max-video-preview:-1"},"canonical":"https:\/\/www.encontramoema.com.br\/sobre\/oca-do-ibirapuera-recebe-a-exposicao-esplendores-do-vaticano\/","og_locale":"pt_BR","og_type":"article","og_title":"Oca do Ibirapuera recebe a exposi\u00e7\u00e3o Esplendores do Vaticano - Encontra Moema","og_description":"Pela primeira vez na Am\u00e9rica Latina, uma sele\u00e7\u00e3o de obras de arte e rel\u00edquias que ilustram mais de dois mil anos de hist\u00f3ria da humanidade. S\u00e3o 200 itens, entre obras-primas de Michelangelo, Guercino, Bernini e outros, al\u00e9m de vestimentas, relic\u00e1rios, mapas, documentos e ambientes cenograficamente recriados, como o teto da Capela Sistina. Pe\u00e7as que, na sua maioria, nunca sa\u00edram do Vaticano. E n\u00e3o v\u00e3o mais sair da sua mem\u00f3ria. Os trabalhos art\u00edsticos s\u00e3o expostos em ordem cronol\u00f3gica e as cole\u00e7\u00f5es s\u00e3o organizadas em 11 galerias e ambientes cenograficamente recriados, onde, de forma din\u00e2mica e interativa, os visitantes s\u00e3o levados a","og_url":"https:\/\/www.encontramoema.com.br\/sobre\/oca-do-ibirapuera-recebe-a-exposicao-esplendores-do-vaticano\/","og_site_name":"Encontra Moema","article_published_time":"2013-02-21T20:35:35+00:00","article_modified_time":"2019-04-12T21:01:50+00:00","author":"Encontra Moema","twitter_card":"summary_large_image","twitter_misc":{"Escrito por":"Encontra Moema","Est. tempo de leitura":"1 minuto"},"schema":{"@context":"https:\/\/schema.org","@graph":[{"@type":"WebPage","@id":"https:\/\/www.encontramoema.com.br\/sobre\/oca-do-ibirapuera-recebe-a-exposicao-esplendores-do-vaticano\/","url":"https:\/\/www.encontramoema.com.br\/sobre\/oca-do-ibirapuera-recebe-a-exposicao-esplendores-do-vaticano\/","name":"Oca do Ibirapuera recebe a exposi\u00e7\u00e3o Esplendores do Vaticano - Encontra Moema","isPartOf":{"@id":"https:\/\/www.encontramoema.com.br\/sobre\/#website"},"datePublished":"2013-02-21T20:35:35+00:00","dateModified":"2019-04-12T21:01:50+00:00","author":{"@id":"https:\/\/www.encontramoema.com.br\/sobre\/#\/schema\/person\/3c3656d12b82130d77eba13c4ef23efa"},"breadcrumb":{"@id":"https:\/\/www.encontramoema.com.br\/sobre\/oca-do-ibirapuera-recebe-a-exposicao-esplendores-do-vaticano\/#breadcrumb"},"inLanguage":"pt-BR","potentialAction":[{"@type":"ReadAction","target":["https:\/\/www.encontramoema.com.br\/sobre\/oca-do-ibirapuera-recebe-a-exposicao-esplendores-do-vaticano\/"]}]},{"@type":"BreadcrumbList","@id":"https:\/\/www.encontramoema.com.br\/sobre\/oca-do-ibirapuera-recebe-a-exposicao-esplendores-do-vaticano\/#breadcrumb","itemListElement":[{"@type":"ListItem","position":1,"name":"In\u00edcio","item":"https:\/\/www.encontramoema.com.br\/sobre\/"},{"@type":"ListItem","position":2,"name":"Oca do Ibirapuera recebe a exposi\u00e7\u00e3o Esplendores do Vaticano"}]},{"@type":"WebSite","@id":"https:\/\/www.encontramoema.com.br\/sobre\/#website","url":"https:\/\/www.encontramoema.com.br\/sobre\/","name":"Encontra Moema","description":"Not\u00edcias, eventos, informa\u00e7\u00f5es e dicas no bairro de Moema e regi\u00e3o.","potentialAction":[{"@type":"SearchAction","target":{"@type":"EntryPoint","urlTemplate":"https:\/\/www.encontramoema.com.br\/sobre\/?s={search_term_string}"},"query-input":{"@type":"PropertyValueSpecification","valueRequired":true,"valueName":"search_term_string"}}],"inLanguage":"pt-BR"},{"@type":"Person","@id":"https:\/\/www.encontramoema.com.br\/sobre\/#\/schema\/person\/3c3656d12b82130d77eba13c4ef23efa","name":"Encontra Moema","image":{"@type":"ImageObject","inLanguage":"pt-BR","@id":"https:\/\/www.encontramoema.com.br\/sobre\/#\/schema\/person\/image\/","url":"https:\/\/secure.gravatar.com\/avatar\/0fbed662e37531ae23e68f85f9517b2454e50c1dfebf80eb9b721449ac95e0b9?s=96&d=mm&r=g","contentUrl":"https:\/\/secure.gravatar.com\/avatar\/0fbed662e37531ae23e68f85f9517b2454e50c1dfebf80eb9b721449ac95e0b9?s=96&d=mm&r=g","caption":"Encontra Moema"},"url":"https:\/\/www.encontramoema.com.br\/sobre\/author\/emoema\/"}]}},"_links":{"self":[{"href":"https:\/\/www.encontramoema.com.br\/sobre\/wp-json\/wp\/v2\/posts\/16779","targetHints":{"allow":["GET"]}}],"collection":[{"href":"https:\/\/www.encontramoema.com.br\/sobre\/wp-json\/wp\/v2\/posts"}],"about":[{"href":"https:\/\/www.encontramoema.com.br\/sobre\/wp-json\/wp\/v2\/types\/post"}],"author":[{"embeddable":true,"href":"https:\/\/www.encontramoema.com.br\/sobre\/wp-json\/wp\/v2\/users\/1"}],"replies":[{"embeddable":true,"href":"https:\/\/www.encontramoema.com.br\/sobre\/wp-json\/wp\/v2\/comments?post=16779"}],"version-history":[{"count":0,"href":"https:\/\/www.encontramoema.com.br\/sobre\/wp-json\/wp\/v2\/posts\/16779\/revisions"}],"wp:attachment":[{"href":"https:\/\/www.encontramoema.com.br\/sobre\/wp-json\/wp\/v2\/media?parent=16779"}],"wp:term":[{"taxonomy":"category","embeddable":true,"href":"https:\/\/www.encontramoema.com.br\/sobre\/wp-json\/wp\/v2\/categories?post=16779"},{"taxonomy":"post_tag","embeddable":true,"href":"https:\/\/www.encontramoema.com.br\/sobre\/wp-json\/wp\/v2\/tags?post=16779"}],"curies":[{"name":"wp","href":"https:\/\/api.w.org\/{rel}","templated":true}]}}