{"id":17000,"date":"2013-06-14T11:58:23","date_gmt":"2013-06-14T13:58:23","guid":{"rendered":"http:\/\/www.encontramoema.com.br\/blog\/?p=17000"},"modified":"2019-04-12T19:01:27","modified_gmt":"2019-04-12T21:01:27","slug":"parque-do-ibirapuera-recebe-segunda-edicao-do-evento-o-mercado-festival-gastronomico-das-estacoes","status":"publish","type":"post","link":"https:\/\/www.encontramoema.com.br\/sobre\/parque-do-ibirapuera-recebe-segunda-edicao-do-evento-o-mercado-festival-gastronomico-das-estacoes\/","title":{"rendered":"Parque do Ibirapuera recebe segunda edi\u00e7\u00e3o do evento O Mercado Festival Gastron\u00f4mico das Esta\u00e7\u00f5es"},"content":{"rendered":"<div class=\"b7f545a958fd6350ffae2d30a84cafb8\" data-index=\"1\" style=\"float: none; margin:0px;\">\n<!-- Anuncio display - global -->\r\n<ins class=\"adsbygoogle\"\r\n     style=\"display:block\"\r\n     data-ad-client=\"ca-pub-8585364105181520\"\r\n     data-ad-slot=\"8789329856\"\r\n     data-ad-format=\"auto\"\r\n     data-full-width-responsive=\"true\"><\/ins>\r\n<script>\r\n     (adsbygoogle = window.adsbygoogle || []).push({});\r\n<\/script>\n<\/div>\n<p>No dia 16 de junho, todos aqueles que apreciaram as edi\u00e7\u00f5es anteriores da feira gastron\u00f4mica \u201cO Mercado\u201d ter\u00e3o a chance de repetir a \u201cdose gastron\u00f4mica\u201d. O\u00a0Festival Gastron\u00f4mico das Esta\u00e7\u00f5es\u00a0tem entrada gratuita e acontece no Model\u00f3dromo do Ibirapuera. O objetivo \u00e9 oferecer pratos a pre\u00e7os acess\u00edveis \u2013 com valor m\u00e1ximo de R$ 15 por prato \u2013 al\u00e9m de ceder espa\u00e7o \u00e0 produtores FLV (frutas, legumes e verduras), mestres queijeiros e cervejeiros para que comercializem seus produtos.<\/p>\n<p>Quem comparecer ao evento poder\u00e1 montar seu pr\u00f3prio menu com as op\u00e7\u00f5es oferecidas nas barracas. Al\u00e9m dos 63 participantes gastron\u00f4micos, Haver\u00e1 tamb\u00e9m apresenta\u00e7\u00e3o de bandas e DJ`s, artistas fazendo interven\u00e7\u00f5es durante todo o dia e coletores da Campanha do Agasalho. Entre as novidades est\u00e3o as Barracas Sociais da Institui\u00e7\u00e3o Chefs Especiais e da ONG Gastromotiva.<\/p>\n<p><strong>Evento no bairro de Moema<\/strong><\/p>\n<p>QUANDO:<br \/>\nDia 16 de junho (domingo) das 12h \u00e0s 20h<\/p>\n<p>ONDE<br \/>\n<a href=\"http:\/\/www.encontramoema.com.br\/moema\/parque-do-ibirapuera.shtml\" target=\"_blank\">Parque do Ibirapuera <\/a><br \/>\nhttp:\/\/parqueibirapuera.org<br \/>\nAvenida Pedro \u00c1lvares Cabral, s\/n\u00ba &#8211; Port\u00e3o 10<br \/>\nIbirapuera &#8211; Sul<br \/>\n(11) 5574-5177<\/p>\n<p><em>Fonte: Catraca Livre<\/em><\/p>\n\n<div style=\"font-size: 0px; height: 0px; line-height: 0px; margin: 0; padding: 0; clear: both;\"><\/div>","protected":false},"excerpt":{"rendered":"<p>No dia 16 de junho, todos aqueles que apreciaram as edi\u00e7\u00f5es anteriores da feira gastron\u00f4mica \u201cO Mercado\u201d ter\u00e3o a chance de repetir a \u201cdose gastron\u00f4mica\u201d. O\u00a0Festival Gastron\u00f4mico das Esta\u00e7\u00f5es\u00a0tem entrada gratuita e acontece no Model\u00f3dromo do Ibirapuera. O objetivo \u00e9 oferecer pratos a pre\u00e7os acess\u00edveis \u2013 com valor m\u00e1ximo de R$ 15 por prato \u2013 al\u00e9m de ceder espa\u00e7o \u00e0 produtores FLV (frutas, legumes e verduras), mestres queijeiros e cervejeiros para que comercializem seus produtos. Quem comparecer ao evento poder\u00e1 montar seu pr\u00f3prio menu com as op\u00e7\u00f5es oferecidas nas barracas. Al\u00e9m dos 63 participantes gastron\u00f4micos, Haver\u00e1 tamb\u00e9m apresenta\u00e7\u00e3o de bandas <\/p>\n","protected":false},"author":1,"featured_media":0,"comment_status":"open","ping_status":"closed","sticky":false,"template":"","format":"standard","meta":{"footnotes":""},"categories":[1],"tags":[7],"class_list":["post-17000","post","type-post","status-publish","format-standard","hentry","category-noticias-em-moema","tag-moema"],"yoast_head":"<!-- This site is optimized with the Yoast SEO plugin v26.3 - https:\/\/yoast.com\/wordpress\/plugins\/seo\/ -->\n<title>Parque do Ibirapuera recebe segunda edi\u00e7\u00e3o do evento O Mercado Festival Gastron\u00f4mico das Esta\u00e7\u00f5es - Encontra Moema<\/title>\n<meta name=\"robots\" content=\"index, follow, max-snippet:-1, max-image-preview:large, max-video-preview:-1\" \/>\n<link rel=\"canonical\" href=\"https:\/\/www.encontramoema.com.br\/sobre\/parque-do-ibirapuera-recebe-segunda-edicao-do-evento-o-mercado-festival-gastronomico-das-estacoes\/\" \/>\n<meta property=\"og:locale\" content=\"pt_BR\" \/>\n<meta property=\"og:type\" content=\"article\" \/>\n<meta property=\"og:title\" content=\"Parque do Ibirapuera recebe segunda edi\u00e7\u00e3o do evento O Mercado Festival Gastron\u00f4mico das Esta\u00e7\u00f5es - Encontra Moema\" \/>\n<meta property=\"og:description\" content=\"No dia 16 de junho, todos aqueles que apreciaram as edi\u00e7\u00f5es anteriores da feira gastron\u00f4mica \u201cO Mercado\u201d ter\u00e3o a chance de repetir a \u201cdose gastron\u00f4mica\u201d. O\u00a0Festival Gastron\u00f4mico das Esta\u00e7\u00f5es\u00a0tem entrada gratuita e acontece no Model\u00f3dromo do Ibirapuera. O objetivo \u00e9 oferecer pratos a pre\u00e7os acess\u00edveis \u2013 com valor m\u00e1ximo de R$ 15 por prato \u2013 al\u00e9m de ceder espa\u00e7o \u00e0 produtores FLV (frutas, legumes e verduras), mestres queijeiros e cervejeiros para que comercializem seus produtos. Quem comparecer ao evento poder\u00e1 montar seu pr\u00f3prio menu com as op\u00e7\u00f5es oferecidas nas barracas. Al\u00e9m dos 63 participantes gastron\u00f4micos, Haver\u00e1 tamb\u00e9m apresenta\u00e7\u00e3o de bandas\" \/>\n<meta property=\"og:url\" content=\"https:\/\/www.encontramoema.com.br\/sobre\/parque-do-ibirapuera-recebe-segunda-edicao-do-evento-o-mercado-festival-gastronomico-das-estacoes\/\" \/>\n<meta property=\"og:site_name\" content=\"Encontra Moema\" \/>\n<meta property=\"article:published_time\" content=\"2013-06-14T13:58:23+00:00\" \/>\n<meta property=\"article:modified_time\" content=\"2019-04-12T21:01:27+00:00\" \/>\n<meta name=\"author\" content=\"Encontra Moema\" \/>\n<meta name=\"twitter:card\" content=\"summary_large_image\" \/>\n<meta name=\"twitter:label1\" content=\"Escrito por\" \/>\n\t<meta name=\"twitter:data1\" content=\"Encontra Moema\" \/>\n\t<meta name=\"twitter:label2\" content=\"Est. tempo de leitura\" \/>\n\t<meta name=\"twitter:data2\" content=\"1 minuto\" \/>\n<script type=\"application\/ld+json\" class=\"yoast-schema-graph\">{\"@context\":\"https:\/\/schema.org\",\"@graph\":[{\"@type\":\"WebPage\",\"@id\":\"https:\/\/www.encontramoema.com.br\/sobre\/parque-do-ibirapuera-recebe-segunda-edicao-do-evento-o-mercado-festival-gastronomico-das-estacoes\/\",\"url\":\"https:\/\/www.encontramoema.com.br\/sobre\/parque-do-ibirapuera-recebe-segunda-edicao-do-evento-o-mercado-festival-gastronomico-das-estacoes\/\",\"name\":\"Parque do Ibirapuera recebe segunda edi\u00e7\u00e3o do evento O Mercado Festival Gastron\u00f4mico das Esta\u00e7\u00f5es - Encontra Moema\",\"isPartOf\":{\"@id\":\"https:\/\/www.encontramoema.com.br\/sobre\/#website\"},\"datePublished\":\"2013-06-14T13:58:23+00:00\",\"dateModified\":\"2019-04-12T21:01:27+00:00\",\"author\":{\"@id\":\"https:\/\/www.encontramoema.com.br\/sobre\/#\/schema\/person\/3c3656d12b82130d77eba13c4ef23efa\"},\"breadcrumb\":{\"@id\":\"https:\/\/www.encontramoema.com.br\/sobre\/parque-do-ibirapuera-recebe-segunda-edicao-do-evento-o-mercado-festival-gastronomico-das-estacoes\/#breadcrumb\"},\"inLanguage\":\"pt-BR\",\"potentialAction\":[{\"@type\":\"ReadAction\",\"target\":[\"https:\/\/www.encontramoema.com.br\/sobre\/parque-do-ibirapuera-recebe-segunda-edicao-do-evento-o-mercado-festival-gastronomico-das-estacoes\/\"]}]},{\"@type\":\"BreadcrumbList\",\"@id\":\"https:\/\/www.encontramoema.com.br\/sobre\/parque-do-ibirapuera-recebe-segunda-edicao-do-evento-o-mercado-festival-gastronomico-das-estacoes\/#breadcrumb\",\"itemListElement\":[{\"@type\":\"ListItem\",\"position\":1,\"name\":\"In\u00edcio\",\"item\":\"https:\/\/www.encontramoema.com.br\/sobre\/\"},{\"@type\":\"ListItem\",\"position\":2,\"name\":\"Parque do Ibirapuera recebe segunda edi\u00e7\u00e3o do evento O Mercado Festival Gastron\u00f4mico das Esta\u00e7\u00f5es\"}]},{\"@type\":\"WebSite\",\"@id\":\"https:\/\/www.encontramoema.com.br\/sobre\/#website\",\"url\":\"https:\/\/www.encontramoema.com.br\/sobre\/\",\"name\":\"Encontra Moema\",\"description\":\"Not\u00edcias, eventos, informa\u00e7\u00f5es e dicas no bairro de Moema e regi\u00e3o.\",\"potentialAction\":[{\"@type\":\"SearchAction\",\"target\":{\"@type\":\"EntryPoint\",\"urlTemplate\":\"https:\/\/www.encontramoema.com.br\/sobre\/?s={search_term_string}\"},\"query-input\":{\"@type\":\"PropertyValueSpecification\",\"valueRequired\":true,\"valueName\":\"search_term_string\"}}],\"inLanguage\":\"pt-BR\"},{\"@type\":\"Person\",\"@id\":\"https:\/\/www.encontramoema.com.br\/sobre\/#\/schema\/person\/3c3656d12b82130d77eba13c4ef23efa\",\"name\":\"Encontra Moema\",\"image\":{\"@type\":\"ImageObject\",\"inLanguage\":\"pt-BR\",\"@id\":\"https:\/\/www.encontramoema.com.br\/sobre\/#\/schema\/person\/image\/\",\"url\":\"https:\/\/secure.gravatar.com\/avatar\/0fbed662e37531ae23e68f85f9517b2454e50c1dfebf80eb9b721449ac95e0b9?s=96&d=mm&r=g\",\"contentUrl\":\"https:\/\/secure.gravatar.com\/avatar\/0fbed662e37531ae23e68f85f9517b2454e50c1dfebf80eb9b721449ac95e0b9?s=96&d=mm&r=g\",\"caption\":\"Encontra Moema\"},\"url\":\"https:\/\/www.encontramoema.com.br\/sobre\/author\/emoema\/\"}]}<\/script>\n<!-- \/ Yoast SEO plugin. -->","yoast_head_json":{"title":"Parque do Ibirapuera recebe segunda edi\u00e7\u00e3o do evento O Mercado Festival Gastron\u00f4mico das Esta\u00e7\u00f5es - Encontra Moema","robots":{"index":"index","follow":"follow","max-snippet":"max-snippet:-1","max-image-preview":"max-image-preview:large","max-video-preview":"max-video-preview:-1"},"canonical":"https:\/\/www.encontramoema.com.br\/sobre\/parque-do-ibirapuera-recebe-segunda-edicao-do-evento-o-mercado-festival-gastronomico-das-estacoes\/","og_locale":"pt_BR","og_type":"article","og_title":"Parque do Ibirapuera recebe segunda edi\u00e7\u00e3o do evento O Mercado Festival Gastron\u00f4mico das Esta\u00e7\u00f5es - Encontra Moema","og_description":"No dia 16 de junho, todos aqueles que apreciaram as edi\u00e7\u00f5es anteriores da feira gastron\u00f4mica \u201cO Mercado\u201d ter\u00e3o a chance de repetir a \u201cdose gastron\u00f4mica\u201d. O\u00a0Festival Gastron\u00f4mico das Esta\u00e7\u00f5es\u00a0tem entrada gratuita e acontece no Model\u00f3dromo do Ibirapuera. O objetivo \u00e9 oferecer pratos a pre\u00e7os acess\u00edveis \u2013 com valor m\u00e1ximo de R$ 15 por prato \u2013 al\u00e9m de ceder espa\u00e7o \u00e0 produtores FLV (frutas, legumes e verduras), mestres queijeiros e cervejeiros para que comercializem seus produtos. Quem comparecer ao evento poder\u00e1 montar seu pr\u00f3prio menu com as op\u00e7\u00f5es oferecidas nas barracas. Al\u00e9m dos 63 participantes gastron\u00f4micos, Haver\u00e1 tamb\u00e9m apresenta\u00e7\u00e3o de bandas","og_url":"https:\/\/www.encontramoema.com.br\/sobre\/parque-do-ibirapuera-recebe-segunda-edicao-do-evento-o-mercado-festival-gastronomico-das-estacoes\/","og_site_name":"Encontra Moema","article_published_time":"2013-06-14T13:58:23+00:00","article_modified_time":"2019-04-12T21:01:27+00:00","author":"Encontra Moema","twitter_card":"summary_large_image","twitter_misc":{"Escrito por":"Encontra Moema","Est. tempo de leitura":"1 minuto"},"schema":{"@context":"https:\/\/schema.org","@graph":[{"@type":"WebPage","@id":"https:\/\/www.encontramoema.com.br\/sobre\/parque-do-ibirapuera-recebe-segunda-edicao-do-evento-o-mercado-festival-gastronomico-das-estacoes\/","url":"https:\/\/www.encontramoema.com.br\/sobre\/parque-do-ibirapuera-recebe-segunda-edicao-do-evento-o-mercado-festival-gastronomico-das-estacoes\/","name":"Parque do Ibirapuera recebe segunda edi\u00e7\u00e3o do evento O Mercado Festival Gastron\u00f4mico das Esta\u00e7\u00f5es - Encontra Moema","isPartOf":{"@id":"https:\/\/www.encontramoema.com.br\/sobre\/#website"},"datePublished":"2013-06-14T13:58:23+00:00","dateModified":"2019-04-12T21:01:27+00:00","author":{"@id":"https:\/\/www.encontramoema.com.br\/sobre\/#\/schema\/person\/3c3656d12b82130d77eba13c4ef23efa"},"breadcrumb":{"@id":"https:\/\/www.encontramoema.com.br\/sobre\/parque-do-ibirapuera-recebe-segunda-edicao-do-evento-o-mercado-festival-gastronomico-das-estacoes\/#breadcrumb"},"inLanguage":"pt-BR","potentialAction":[{"@type":"ReadAction","target":["https:\/\/www.encontramoema.com.br\/sobre\/parque-do-ibirapuera-recebe-segunda-edicao-do-evento-o-mercado-festival-gastronomico-das-estacoes\/"]}]},{"@type":"BreadcrumbList","@id":"https:\/\/www.encontramoema.com.br\/sobre\/parque-do-ibirapuera-recebe-segunda-edicao-do-evento-o-mercado-festival-gastronomico-das-estacoes\/#breadcrumb","itemListElement":[{"@type":"ListItem","position":1,"name":"In\u00edcio","item":"https:\/\/www.encontramoema.com.br\/sobre\/"},{"@type":"ListItem","position":2,"name":"Parque do Ibirapuera recebe segunda edi\u00e7\u00e3o do evento O Mercado Festival Gastron\u00f4mico das Esta\u00e7\u00f5es"}]},{"@type":"WebSite","@id":"https:\/\/www.encontramoema.com.br\/sobre\/#website","url":"https:\/\/www.encontramoema.com.br\/sobre\/","name":"Encontra Moema","description":"Not\u00edcias, eventos, informa\u00e7\u00f5es e dicas no bairro de Moema e regi\u00e3o.","potentialAction":[{"@type":"SearchAction","target":{"@type":"EntryPoint","urlTemplate":"https:\/\/www.encontramoema.com.br\/sobre\/?s={search_term_string}"},"query-input":{"@type":"PropertyValueSpecification","valueRequired":true,"valueName":"search_term_string"}}],"inLanguage":"pt-BR"},{"@type":"Person","@id":"https:\/\/www.encontramoema.com.br\/sobre\/#\/schema\/person\/3c3656d12b82130d77eba13c4ef23efa","name":"Encontra Moema","image":{"@type":"ImageObject","inLanguage":"pt-BR","@id":"https:\/\/www.encontramoema.com.br\/sobre\/#\/schema\/person\/image\/","url":"https:\/\/secure.gravatar.com\/avatar\/0fbed662e37531ae23e68f85f9517b2454e50c1dfebf80eb9b721449ac95e0b9?s=96&d=mm&r=g","contentUrl":"https:\/\/secure.gravatar.com\/avatar\/0fbed662e37531ae23e68f85f9517b2454e50c1dfebf80eb9b721449ac95e0b9?s=96&d=mm&r=g","caption":"Encontra Moema"},"url":"https:\/\/www.encontramoema.com.br\/sobre\/author\/emoema\/"}]}},"_links":{"self":[{"href":"https:\/\/www.encontramoema.com.br\/sobre\/wp-json\/wp\/v2\/posts\/17000","targetHints":{"allow":["GET"]}}],"collection":[{"href":"https:\/\/www.encontramoema.com.br\/sobre\/wp-json\/wp\/v2\/posts"}],"about":[{"href":"https:\/\/www.encontramoema.com.br\/sobre\/wp-json\/wp\/v2\/types\/post"}],"author":[{"embeddable":true,"href":"https:\/\/www.encontramoema.com.br\/sobre\/wp-json\/wp\/v2\/users\/1"}],"replies":[{"embeddable":true,"href":"https:\/\/www.encontramoema.com.br\/sobre\/wp-json\/wp\/v2\/comments?post=17000"}],"version-history":[{"count":0,"href":"https:\/\/www.encontramoema.com.br\/sobre\/wp-json\/wp\/v2\/posts\/17000\/revisions"}],"wp:attachment":[{"href":"https:\/\/www.encontramoema.com.br\/sobre\/wp-json\/wp\/v2\/media?parent=17000"}],"wp:term":[{"taxonomy":"category","embeddable":true,"href":"https:\/\/www.encontramoema.com.br\/sobre\/wp-json\/wp\/v2\/categories?post=17000"},{"taxonomy":"post_tag","embeddable":true,"href":"https:\/\/www.encontramoema.com.br\/sobre\/wp-json\/wp\/v2\/tags?post=17000"}],"curies":[{"name":"wp","href":"https:\/\/api.w.org\/{rel}","templated":true}]}}