{"id":17026,"date":"2013-07-12T14:12:24","date_gmt":"2013-07-12T16:12:24","guid":{"rendered":"http:\/\/www.encontramoema.com.br\/blog\/?p=17026"},"modified":"2019-04-12T19:01:26","modified_gmt":"2019-04-12T21:01:26","slug":"paula-lima-se-apresenta-em-moema","status":"publish","type":"post","link":"https:\/\/www.encontramoema.com.br\/sobre\/paula-lima-se-apresenta-em-moema\/","title":{"rendered":"Paula Lima se apresenta em Moema"},"content":{"rendered":"<div class=\"b7f545a958fd6350ffae2d30a84cafb8\" data-index=\"1\" style=\"float: none; margin:0px;\">\n<!-- Anuncio display - global -->\r\n<ins class=\"adsbygoogle\"\r\n     style=\"display:block\"\r\n     data-ad-client=\"ca-pub-8585364105181520\"\r\n     data-ad-slot=\"8789329856\"\r\n     data-ad-format=\"auto\"\r\n     data-full-width-responsive=\"true\"><\/ins>\r\n<script>\r\n     (adsbygoogle = window.adsbygoogle || []).push({});\r\n<\/script>\n<\/div>\n<p>Para comemorar o anivers\u00e1rio do programa Chocolate Quente, da R\u00e1dio Eldorado FM, nada menos que a pr\u00f3pria apresentadora para conduzir as celebra\u00e7\u00f5es. E \u00e9 no dia 18\/07, no Bourbon Street, em S\u00e3o Paulo, que a cantora Paula Lima se apresenta na noite que, al\u00e9m de festejar o primeiro ano de vida do programa, tamb\u00e9m comemora a vit\u00f3ria do Chocolate Quente na categoria Melhor Programa Musical do Grande Pr\u00eamio da Cr\u00edtica da Associa\u00e7\u00e3o Paulista dos Cr\u00edticos de Arte \u2013 APCA -, em 2012.<\/p>\n<p>Com um disco de samba prestes a sair do forno, Paula mostra um pouco do novo trabalho ao lado da tamb\u00e9m nova banda, formada por Digo (bateria), Miro (baixo), Davidson (guitarra e viol\u00e3o), Robson Nogueira (teclado), e Fabinho e Raf\u00e3o (backing vocal) e Guto Boc\u00e3o Vai-Vai, Alem\u00e3o e Ricky (percuss\u00e3o). No repert\u00f3rio, can\u00e7\u00f5es do Samba Chic, primeiro DVD lan\u00e7ado por Paula, dividem o espa\u00e7o com faixas do novo \u00e1lbum, como \u201cTrilha Sem Fim\u201d e \u201cAlian\u00e7a das Mar\u00e9s\u201d. Um pout-pourri de samba tamb\u00e9m est\u00e1 entre as surpresas do show, que inclui no mix de m\u00fasicas a famosa \u201cConselho\u201d, de Jorge Arag\u00e3o.<\/p>\n<p>\u201c\u00c9 um delicioso experimento e em muito boa companhia\u201d, diz Paula. \u201cCantar em S\u00e3o Paulo \u00e9 sempre um prazer. E o melhor ainda \u00e9 unir o \u00fatil ao agrad\u00e1vel, j\u00e1 que a noite \u00e9 de pura comemora\u00e7\u00e3o!\u201d. Os ingressos para a apresenta\u00e7\u00e3o est\u00e3o \u00e0 venda na bilheteria da casa e no site\u00a0ingressorapido.com.br.<\/p>\n<p><strong>Servi\u00e7o<\/strong><br \/>\n<strong>Show da Paula Lima<\/strong><br \/>\n<strong>Data:<\/strong>\u00a018 de Julho de 2013<br \/>\n<strong>Hor\u00e1rio:<\/strong>\u00a023h30<br \/>\n<strong>Local:<\/strong>\u00a0Bourbon Street<br \/>\n<strong>Endere\u00e7o:<\/strong>\u00a0Rua Dos Chan\u00e9s, 127 \u2013 Moema<br \/>\n<strong>Bilheteria Bourbon Street:<\/strong>\u00a0Rua dos Chan\u00e9s 194 \u2013 de 2\u00aaf.a 6\u00aa.f das 9h \u00e0s 20h, s\u00e1bado e feriado das 14h \u00e0s 20h<br \/>\n<strong>Fone para reserva:<\/strong>\u00a0(11) 5095-6100 (Seg. a sexta) das 10h \u00e0s 18h<br \/>\n<strong>Abertura da casa:<\/strong>\u00a02\u00aa.f fechada p eventos; 3af, 4af e domingo 20h; 5\u00aa. a s\u00e1bado 21h.<br \/>\n<strong>Dura\u00e7\u00e3o:<\/strong>\u00a080 min. Aproximadamente<br \/>\n<strong>Couvert Artistico:<\/strong>\u00a0R$ 60,00 pista (1\u00ba.lote); R$ 80,00 mesa (1\u00ba.lote) |\u00a0R$ 75,00 pita (2\u00ba.lote); R$ 95,00 mesa (2\u00ba.lote)<br \/>\n<strong>Venda tamb\u00e9m pelo\u00a0Ingresso r\u00e1pido:<\/strong>\u00a0(11) 4003 1212 ou\u00a0ingressorapido.com.br<br \/>\n<strong>Censura:<\/strong>\u00a018 anos e 16 anos acompanhado de respons\u00e1vel<br \/>\n<strong>Capacidade:<\/strong>\u00a0400 pessoas<\/p>\n<p><em>Fonte: Blog Visite S\u00e3o Paulo<\/em><\/p>\n\n<div style=\"font-size: 0px; height: 0px; line-height: 0px; margin: 0; padding: 0; clear: both;\"><\/div>","protected":false},"excerpt":{"rendered":"<p>Para comemorar o anivers\u00e1rio do programa Chocolate Quente, da R\u00e1dio Eldorado FM, nada menos que a pr\u00f3pria apresentadora para conduzir as celebra\u00e7\u00f5es. E \u00e9 no dia 18\/07, no Bourbon Street, em S\u00e3o Paulo, que a cantora Paula Lima se apresenta na noite que, al\u00e9m de festejar o primeiro ano de vida do programa, tamb\u00e9m comemora a vit\u00f3ria do Chocolate Quente na categoria Melhor Programa Musical do Grande Pr\u00eamio da Cr\u00edtica da Associa\u00e7\u00e3o Paulista dos Cr\u00edticos de Arte \u2013 APCA -, em 2012. Com um disco de samba prestes a sair do forno, Paula mostra um pouco do novo trabalho ao <\/p>\n","protected":false},"author":1,"featured_media":0,"comment_status":"open","ping_status":"closed","sticky":false,"template":"","format":"standard","meta":{"footnotes":""},"categories":[10],"tags":[7],"class_list":["post-17026","post","type-post","status-publish","format-standard","hentry","category-shows-em-moema","tag-moema"],"yoast_head":"<!-- This site is optimized with the Yoast SEO plugin v26.3 - https:\/\/yoast.com\/wordpress\/plugins\/seo\/ -->\n<title>Paula Lima se apresenta em Moema - Encontra Moema<\/title>\n<meta name=\"robots\" content=\"index, follow, max-snippet:-1, max-image-preview:large, max-video-preview:-1\" \/>\n<link rel=\"canonical\" href=\"https:\/\/www.encontramoema.com.br\/sobre\/paula-lima-se-apresenta-em-moema\/\" \/>\n<meta property=\"og:locale\" content=\"pt_BR\" \/>\n<meta property=\"og:type\" content=\"article\" \/>\n<meta property=\"og:title\" content=\"Paula Lima se apresenta em Moema - Encontra Moema\" \/>\n<meta property=\"og:description\" content=\"Para comemorar o anivers\u00e1rio do programa Chocolate Quente, da R\u00e1dio Eldorado FM, nada menos que a pr\u00f3pria apresentadora para conduzir as celebra\u00e7\u00f5es. E \u00e9 no dia 18\/07, no Bourbon Street, em S\u00e3o Paulo, que a cantora Paula Lima se apresenta na noite que, al\u00e9m de festejar o primeiro ano de vida do programa, tamb\u00e9m comemora a vit\u00f3ria do Chocolate Quente na categoria Melhor Programa Musical do Grande Pr\u00eamio da Cr\u00edtica da Associa\u00e7\u00e3o Paulista dos Cr\u00edticos de Arte \u2013 APCA -, em 2012. Com um disco de samba prestes a sair do forno, Paula mostra um pouco do novo trabalho ao\" \/>\n<meta property=\"og:url\" content=\"https:\/\/www.encontramoema.com.br\/sobre\/paula-lima-se-apresenta-em-moema\/\" \/>\n<meta property=\"og:site_name\" content=\"Encontra Moema\" \/>\n<meta property=\"article:published_time\" content=\"2013-07-12T16:12:24+00:00\" \/>\n<meta property=\"article:modified_time\" content=\"2019-04-12T21:01:26+00:00\" \/>\n<meta name=\"author\" content=\"Encontra Moema\" \/>\n<meta name=\"twitter:card\" content=\"summary_large_image\" \/>\n<meta name=\"twitter:label1\" content=\"Escrito por\" \/>\n\t<meta name=\"twitter:data1\" content=\"Encontra Moema\" \/>\n\t<meta name=\"twitter:label2\" content=\"Est. tempo de leitura\" \/>\n\t<meta name=\"twitter:data2\" content=\"2 minutos\" \/>\n<script type=\"application\/ld+json\" class=\"yoast-schema-graph\">{\"@context\":\"https:\/\/schema.org\",\"@graph\":[{\"@type\":\"WebPage\",\"@id\":\"https:\/\/www.encontramoema.com.br\/sobre\/paula-lima-se-apresenta-em-moema\/\",\"url\":\"https:\/\/www.encontramoema.com.br\/sobre\/paula-lima-se-apresenta-em-moema\/\",\"name\":\"Paula Lima se apresenta em Moema - Encontra Moema\",\"isPartOf\":{\"@id\":\"https:\/\/www.encontramoema.com.br\/sobre\/#website\"},\"datePublished\":\"2013-07-12T16:12:24+00:00\",\"dateModified\":\"2019-04-12T21:01:26+00:00\",\"author\":{\"@id\":\"https:\/\/www.encontramoema.com.br\/sobre\/#\/schema\/person\/3c3656d12b82130d77eba13c4ef23efa\"},\"breadcrumb\":{\"@id\":\"https:\/\/www.encontramoema.com.br\/sobre\/paula-lima-se-apresenta-em-moema\/#breadcrumb\"},\"inLanguage\":\"pt-BR\",\"potentialAction\":[{\"@type\":\"ReadAction\",\"target\":[\"https:\/\/www.encontramoema.com.br\/sobre\/paula-lima-se-apresenta-em-moema\/\"]}]},{\"@type\":\"BreadcrumbList\",\"@id\":\"https:\/\/www.encontramoema.com.br\/sobre\/paula-lima-se-apresenta-em-moema\/#breadcrumb\",\"itemListElement\":[{\"@type\":\"ListItem\",\"position\":1,\"name\":\"In\u00edcio\",\"item\":\"https:\/\/www.encontramoema.com.br\/sobre\/\"},{\"@type\":\"ListItem\",\"position\":2,\"name\":\"Paula Lima se apresenta em Moema\"}]},{\"@type\":\"WebSite\",\"@id\":\"https:\/\/www.encontramoema.com.br\/sobre\/#website\",\"url\":\"https:\/\/www.encontramoema.com.br\/sobre\/\",\"name\":\"Encontra Moema\",\"description\":\"Not\u00edcias, eventos, informa\u00e7\u00f5es e dicas no bairro de Moema e regi\u00e3o.\",\"potentialAction\":[{\"@type\":\"SearchAction\",\"target\":{\"@type\":\"EntryPoint\",\"urlTemplate\":\"https:\/\/www.encontramoema.com.br\/sobre\/?s={search_term_string}\"},\"query-input\":{\"@type\":\"PropertyValueSpecification\",\"valueRequired\":true,\"valueName\":\"search_term_string\"}}],\"inLanguage\":\"pt-BR\"},{\"@type\":\"Person\",\"@id\":\"https:\/\/www.encontramoema.com.br\/sobre\/#\/schema\/person\/3c3656d12b82130d77eba13c4ef23efa\",\"name\":\"Encontra Moema\",\"image\":{\"@type\":\"ImageObject\",\"inLanguage\":\"pt-BR\",\"@id\":\"https:\/\/www.encontramoema.com.br\/sobre\/#\/schema\/person\/image\/\",\"url\":\"https:\/\/secure.gravatar.com\/avatar\/0fbed662e37531ae23e68f85f9517b2454e50c1dfebf80eb9b721449ac95e0b9?s=96&d=mm&r=g\",\"contentUrl\":\"https:\/\/secure.gravatar.com\/avatar\/0fbed662e37531ae23e68f85f9517b2454e50c1dfebf80eb9b721449ac95e0b9?s=96&d=mm&r=g\",\"caption\":\"Encontra Moema\"},\"url\":\"https:\/\/www.encontramoema.com.br\/sobre\/author\/emoema\/\"}]}<\/script>\n<!-- \/ Yoast SEO plugin. -->","yoast_head_json":{"title":"Paula Lima se apresenta em Moema - Encontra Moema","robots":{"index":"index","follow":"follow","max-snippet":"max-snippet:-1","max-image-preview":"max-image-preview:large","max-video-preview":"max-video-preview:-1"},"canonical":"https:\/\/www.encontramoema.com.br\/sobre\/paula-lima-se-apresenta-em-moema\/","og_locale":"pt_BR","og_type":"article","og_title":"Paula Lima se apresenta em Moema - Encontra Moema","og_description":"Para comemorar o anivers\u00e1rio do programa Chocolate Quente, da R\u00e1dio Eldorado FM, nada menos que a pr\u00f3pria apresentadora para conduzir as celebra\u00e7\u00f5es. E \u00e9 no dia 18\/07, no Bourbon Street, em S\u00e3o Paulo, que a cantora Paula Lima se apresenta na noite que, al\u00e9m de festejar o primeiro ano de vida do programa, tamb\u00e9m comemora a vit\u00f3ria do Chocolate Quente na categoria Melhor Programa Musical do Grande Pr\u00eamio da Cr\u00edtica da Associa\u00e7\u00e3o Paulista dos Cr\u00edticos de Arte \u2013 APCA -, em 2012. Com um disco de samba prestes a sair do forno, Paula mostra um pouco do novo trabalho ao","og_url":"https:\/\/www.encontramoema.com.br\/sobre\/paula-lima-se-apresenta-em-moema\/","og_site_name":"Encontra Moema","article_published_time":"2013-07-12T16:12:24+00:00","article_modified_time":"2019-04-12T21:01:26+00:00","author":"Encontra Moema","twitter_card":"summary_large_image","twitter_misc":{"Escrito por":"Encontra Moema","Est. tempo de leitura":"2 minutos"},"schema":{"@context":"https:\/\/schema.org","@graph":[{"@type":"WebPage","@id":"https:\/\/www.encontramoema.com.br\/sobre\/paula-lima-se-apresenta-em-moema\/","url":"https:\/\/www.encontramoema.com.br\/sobre\/paula-lima-se-apresenta-em-moema\/","name":"Paula Lima se apresenta em Moema - Encontra Moema","isPartOf":{"@id":"https:\/\/www.encontramoema.com.br\/sobre\/#website"},"datePublished":"2013-07-12T16:12:24+00:00","dateModified":"2019-04-12T21:01:26+00:00","author":{"@id":"https:\/\/www.encontramoema.com.br\/sobre\/#\/schema\/person\/3c3656d12b82130d77eba13c4ef23efa"},"breadcrumb":{"@id":"https:\/\/www.encontramoema.com.br\/sobre\/paula-lima-se-apresenta-em-moema\/#breadcrumb"},"inLanguage":"pt-BR","potentialAction":[{"@type":"ReadAction","target":["https:\/\/www.encontramoema.com.br\/sobre\/paula-lima-se-apresenta-em-moema\/"]}]},{"@type":"BreadcrumbList","@id":"https:\/\/www.encontramoema.com.br\/sobre\/paula-lima-se-apresenta-em-moema\/#breadcrumb","itemListElement":[{"@type":"ListItem","position":1,"name":"In\u00edcio","item":"https:\/\/www.encontramoema.com.br\/sobre\/"},{"@type":"ListItem","position":2,"name":"Paula Lima se apresenta em Moema"}]},{"@type":"WebSite","@id":"https:\/\/www.encontramoema.com.br\/sobre\/#website","url":"https:\/\/www.encontramoema.com.br\/sobre\/","name":"Encontra Moema","description":"Not\u00edcias, eventos, informa\u00e7\u00f5es e dicas no bairro de Moema e regi\u00e3o.","potentialAction":[{"@type":"SearchAction","target":{"@type":"EntryPoint","urlTemplate":"https:\/\/www.encontramoema.com.br\/sobre\/?s={search_term_string}"},"query-input":{"@type":"PropertyValueSpecification","valueRequired":true,"valueName":"search_term_string"}}],"inLanguage":"pt-BR"},{"@type":"Person","@id":"https:\/\/www.encontramoema.com.br\/sobre\/#\/schema\/person\/3c3656d12b82130d77eba13c4ef23efa","name":"Encontra Moema","image":{"@type":"ImageObject","inLanguage":"pt-BR","@id":"https:\/\/www.encontramoema.com.br\/sobre\/#\/schema\/person\/image\/","url":"https:\/\/secure.gravatar.com\/avatar\/0fbed662e37531ae23e68f85f9517b2454e50c1dfebf80eb9b721449ac95e0b9?s=96&d=mm&r=g","contentUrl":"https:\/\/secure.gravatar.com\/avatar\/0fbed662e37531ae23e68f85f9517b2454e50c1dfebf80eb9b721449ac95e0b9?s=96&d=mm&r=g","caption":"Encontra Moema"},"url":"https:\/\/www.encontramoema.com.br\/sobre\/author\/emoema\/"}]}},"_links":{"self":[{"href":"https:\/\/www.encontramoema.com.br\/sobre\/wp-json\/wp\/v2\/posts\/17026","targetHints":{"allow":["GET"]}}],"collection":[{"href":"https:\/\/www.encontramoema.com.br\/sobre\/wp-json\/wp\/v2\/posts"}],"about":[{"href":"https:\/\/www.encontramoema.com.br\/sobre\/wp-json\/wp\/v2\/types\/post"}],"author":[{"embeddable":true,"href":"https:\/\/www.encontramoema.com.br\/sobre\/wp-json\/wp\/v2\/users\/1"}],"replies":[{"embeddable":true,"href":"https:\/\/www.encontramoema.com.br\/sobre\/wp-json\/wp\/v2\/comments?post=17026"}],"version-history":[{"count":0,"href":"https:\/\/www.encontramoema.com.br\/sobre\/wp-json\/wp\/v2\/posts\/17026\/revisions"}],"wp:attachment":[{"href":"https:\/\/www.encontramoema.com.br\/sobre\/wp-json\/wp\/v2\/media?parent=17026"}],"wp:term":[{"taxonomy":"category","embeddable":true,"href":"https:\/\/www.encontramoema.com.br\/sobre\/wp-json\/wp\/v2\/categories?post=17026"},{"taxonomy":"post_tag","embeddable":true,"href":"https:\/\/www.encontramoema.com.br\/sobre\/wp-json\/wp\/v2\/tags?post=17026"}],"curies":[{"name":"wp","href":"https:\/\/api.w.org\/{rel}","templated":true}]}}