{"id":17042,"date":"2013-08-09T14:19:24","date_gmt":"2013-08-09T16:19:24","guid":{"rendered":"http:\/\/www.encontramoema.com.br\/blog\/?p=17042"},"modified":"2019-04-12T19:01:26","modified_gmt":"2019-04-12T21:01:26","slug":"moema-museu-afro-brasil-estreia-mostra-gratuita-neste-sabado","status":"publish","type":"post","link":"https:\/\/www.encontramoema.com.br\/sobre\/moema-museu-afro-brasil-estreia-mostra-gratuita-neste-sabado\/","title":{"rendered":"Moema: Museu Afro Brasil estreia mostra gratuita neste s\u00e1bado"},"content":{"rendered":"<div class=\"b7f545a958fd6350ffae2d30a84cafb8\" data-index=\"1\" style=\"float: none; margin:0px;\">\n<!-- Anuncio display - global -->\r\n<ins class=\"adsbygoogle\"\r\n     style=\"display:block\"\r\n     data-ad-client=\"ca-pub-8585364105181520\"\r\n     data-ad-slot=\"8789329856\"\r\n     data-ad-format=\"auto\"\r\n     data-full-width-responsive=\"true\"><\/ins>\r\n<script>\r\n     (adsbygoogle = window.adsbygoogle || []).push({});\r\n<\/script>\n<\/div>\n<p>O Museu Afro Brasil inaugura neste s\u00e1bado, 10, a exposi\u00e7\u00e3o &#8220;Varanda do Museu&#8221;. Com entrada franca, a exibi\u00e7\u00e3o sob a curadoria de Judith Pottecher apresenta o trabalho do designer Ricardo Almeida e sua refer\u00eancia ao universo mitol\u00f3gico afro-brasileiro.<\/p>\n<p>A apresenta\u00e7\u00e3o prop\u00f5e ao p\u00fablico uma reflex\u00e3o sobre a varanda como local de conv\u00edvio e, ao mesmo tempo, demonstra o papel do design na cria\u00e7\u00e3o de espa\u00e7os e equipamentos urbanos.<\/p>\n<p>Composto por poltronas, banco e lumin\u00e1ria, o conjunto da exposi\u00e7\u00e3o foi confeccionado a partir de cilindros e telas em a\u00e7o inox, fios, cordas, mi\u00e7angas e couro.<\/p>\n<p>As pe\u00e7as fazem uma refer\u00eancia ao culto do Ax\u00e9, pois trazem as ambival\u00eancias e oposi\u00e7\u00f5es caracter\u00edsticas do orix\u00e1 Exu, que representa o movimento.<\/p>\n<p><strong>SERVI\u00c7O<br \/>\nO que:<\/strong> Exposi\u00e7\u00e3o &#8220;Varanda do Museu &#8211; Mobili\u00e1rio de Rodrigo Almeida&#8221;<em><br \/>\n<\/em><strong>Onde:<\/strong> Museu Afro Brasil &#8211; Avenida Pedro \u00c1lvares Cabral, s\/n\u00ba &#8211; Parque do Ibirapuera, port\u00e3o 10, S\u00e3o Paulo<br \/>\n<strong>Informa\u00e7\u00f5es:<\/strong> (11) 3320-8900<br \/>\n<strong>Hor\u00e1rios:<\/strong> De ter\u00e7a a domingo, das 10h \u00e0s 17h com perman\u00eancia at\u00e9 as 18h (A partir de 10 de agosto)<br \/>\n<strong>Valor:<\/strong> Entrada gratuita<\/p>\n<p><em>Fonte: Do Portal do Governo do Estado<\/em><\/p>\n\n<div style=\"font-size: 0px; height: 0px; line-height: 0px; margin: 0; padding: 0; clear: both;\"><\/div>","protected":false},"excerpt":{"rendered":"<p>O Museu Afro Brasil inaugura neste s\u00e1bado, 10, a exposi\u00e7\u00e3o &#8220;Varanda do Museu&#8221;. Com entrada franca, a exibi\u00e7\u00e3o sob a curadoria de Judith Pottecher apresenta o trabalho do designer Ricardo Almeida e sua refer\u00eancia ao universo mitol\u00f3gico afro-brasileiro. A apresenta\u00e7\u00e3o prop\u00f5e ao p\u00fablico uma reflex\u00e3o sobre a varanda como local de conv\u00edvio e, ao mesmo tempo, demonstra o papel do design na cria\u00e7\u00e3o de espa\u00e7os e equipamentos urbanos. Composto por poltronas, banco e lumin\u00e1ria, o conjunto da exposi\u00e7\u00e3o foi confeccionado a partir de cilindros e telas em a\u00e7o inox, fios, cordas, mi\u00e7angas e couro. As pe\u00e7as fazem uma refer\u00eancia ao <\/p>\n","protected":false},"author":1,"featured_media":0,"comment_status":"open","ping_status":"closed","sticky":false,"template":"","format":"standard","meta":{"footnotes":""},"categories":[1],"tags":[],"class_list":["post-17042","post","type-post","status-publish","format-standard","hentry","category-noticias-em-moema"],"yoast_head":"<!-- This site is optimized with the Yoast SEO plugin v26.3 - https:\/\/yoast.com\/wordpress\/plugins\/seo\/ -->\n<title>Moema: Museu Afro Brasil estreia mostra gratuita neste s\u00e1bado - Encontra Moema<\/title>\n<meta name=\"robots\" content=\"index, follow, max-snippet:-1, max-image-preview:large, max-video-preview:-1\" \/>\n<link rel=\"canonical\" href=\"https:\/\/www.encontramoema.com.br\/sobre\/moema-museu-afro-brasil-estreia-mostra-gratuita-neste-sabado\/\" \/>\n<meta property=\"og:locale\" content=\"pt_BR\" \/>\n<meta property=\"og:type\" content=\"article\" \/>\n<meta property=\"og:title\" content=\"Moema: Museu Afro Brasil estreia mostra gratuita neste s\u00e1bado - Encontra Moema\" \/>\n<meta property=\"og:description\" content=\"O Museu Afro Brasil inaugura neste s\u00e1bado, 10, a exposi\u00e7\u00e3o &#8220;Varanda do Museu&#8221;. Com entrada franca, a exibi\u00e7\u00e3o sob a curadoria de Judith Pottecher apresenta o trabalho do designer Ricardo Almeida e sua refer\u00eancia ao universo mitol\u00f3gico afro-brasileiro. A apresenta\u00e7\u00e3o prop\u00f5e ao p\u00fablico uma reflex\u00e3o sobre a varanda como local de conv\u00edvio e, ao mesmo tempo, demonstra o papel do design na cria\u00e7\u00e3o de espa\u00e7os e equipamentos urbanos. Composto por poltronas, banco e lumin\u00e1ria, o conjunto da exposi\u00e7\u00e3o foi confeccionado a partir de cilindros e telas em a\u00e7o inox, fios, cordas, mi\u00e7angas e couro. As pe\u00e7as fazem uma refer\u00eancia ao\" \/>\n<meta property=\"og:url\" content=\"https:\/\/www.encontramoema.com.br\/sobre\/moema-museu-afro-brasil-estreia-mostra-gratuita-neste-sabado\/\" \/>\n<meta property=\"og:site_name\" content=\"Encontra Moema\" \/>\n<meta property=\"article:published_time\" content=\"2013-08-09T16:19:24+00:00\" \/>\n<meta property=\"article:modified_time\" content=\"2019-04-12T21:01:26+00:00\" \/>\n<meta name=\"author\" content=\"Encontra Moema\" \/>\n<meta name=\"twitter:card\" content=\"summary_large_image\" \/>\n<meta name=\"twitter:label1\" content=\"Escrito por\" \/>\n\t<meta name=\"twitter:data1\" content=\"Encontra Moema\" \/>\n\t<meta name=\"twitter:label2\" content=\"Est. tempo de leitura\" \/>\n\t<meta name=\"twitter:data2\" content=\"1 minuto\" \/>\n<script type=\"application\/ld+json\" class=\"yoast-schema-graph\">{\"@context\":\"https:\/\/schema.org\",\"@graph\":[{\"@type\":\"WebPage\",\"@id\":\"https:\/\/www.encontramoema.com.br\/sobre\/moema-museu-afro-brasil-estreia-mostra-gratuita-neste-sabado\/\",\"url\":\"https:\/\/www.encontramoema.com.br\/sobre\/moema-museu-afro-brasil-estreia-mostra-gratuita-neste-sabado\/\",\"name\":\"Moema: Museu Afro Brasil estreia mostra gratuita neste s\u00e1bado - Encontra Moema\",\"isPartOf\":{\"@id\":\"https:\/\/www.encontramoema.com.br\/sobre\/#website\"},\"datePublished\":\"2013-08-09T16:19:24+00:00\",\"dateModified\":\"2019-04-12T21:01:26+00:00\",\"author\":{\"@id\":\"https:\/\/www.encontramoema.com.br\/sobre\/#\/schema\/person\/3c3656d12b82130d77eba13c4ef23efa\"},\"breadcrumb\":{\"@id\":\"https:\/\/www.encontramoema.com.br\/sobre\/moema-museu-afro-brasil-estreia-mostra-gratuita-neste-sabado\/#breadcrumb\"},\"inLanguage\":\"pt-BR\",\"potentialAction\":[{\"@type\":\"ReadAction\",\"target\":[\"https:\/\/www.encontramoema.com.br\/sobre\/moema-museu-afro-brasil-estreia-mostra-gratuita-neste-sabado\/\"]}]},{\"@type\":\"BreadcrumbList\",\"@id\":\"https:\/\/www.encontramoema.com.br\/sobre\/moema-museu-afro-brasil-estreia-mostra-gratuita-neste-sabado\/#breadcrumb\",\"itemListElement\":[{\"@type\":\"ListItem\",\"position\":1,\"name\":\"In\u00edcio\",\"item\":\"https:\/\/www.encontramoema.com.br\/sobre\/\"},{\"@type\":\"ListItem\",\"position\":2,\"name\":\"Moema: Museu Afro Brasil estreia mostra gratuita neste s\u00e1bado\"}]},{\"@type\":\"WebSite\",\"@id\":\"https:\/\/www.encontramoema.com.br\/sobre\/#website\",\"url\":\"https:\/\/www.encontramoema.com.br\/sobre\/\",\"name\":\"Encontra Moema\",\"description\":\"Not\u00edcias, eventos, informa\u00e7\u00f5es e dicas no bairro de Moema e regi\u00e3o.\",\"potentialAction\":[{\"@type\":\"SearchAction\",\"target\":{\"@type\":\"EntryPoint\",\"urlTemplate\":\"https:\/\/www.encontramoema.com.br\/sobre\/?s={search_term_string}\"},\"query-input\":{\"@type\":\"PropertyValueSpecification\",\"valueRequired\":true,\"valueName\":\"search_term_string\"}}],\"inLanguage\":\"pt-BR\"},{\"@type\":\"Person\",\"@id\":\"https:\/\/www.encontramoema.com.br\/sobre\/#\/schema\/person\/3c3656d12b82130d77eba13c4ef23efa\",\"name\":\"Encontra Moema\",\"image\":{\"@type\":\"ImageObject\",\"inLanguage\":\"pt-BR\",\"@id\":\"https:\/\/www.encontramoema.com.br\/sobre\/#\/schema\/person\/image\/\",\"url\":\"https:\/\/secure.gravatar.com\/avatar\/0fbed662e37531ae23e68f85f9517b2454e50c1dfebf80eb9b721449ac95e0b9?s=96&d=mm&r=g\",\"contentUrl\":\"https:\/\/secure.gravatar.com\/avatar\/0fbed662e37531ae23e68f85f9517b2454e50c1dfebf80eb9b721449ac95e0b9?s=96&d=mm&r=g\",\"caption\":\"Encontra Moema\"},\"url\":\"https:\/\/www.encontramoema.com.br\/sobre\/author\/emoema\/\"}]}<\/script>\n<!-- \/ Yoast SEO plugin. -->","yoast_head_json":{"title":"Moema: Museu Afro Brasil estreia mostra gratuita neste s\u00e1bado - Encontra Moema","robots":{"index":"index","follow":"follow","max-snippet":"max-snippet:-1","max-image-preview":"max-image-preview:large","max-video-preview":"max-video-preview:-1"},"canonical":"https:\/\/www.encontramoema.com.br\/sobre\/moema-museu-afro-brasil-estreia-mostra-gratuita-neste-sabado\/","og_locale":"pt_BR","og_type":"article","og_title":"Moema: Museu Afro Brasil estreia mostra gratuita neste s\u00e1bado - Encontra Moema","og_description":"O Museu Afro Brasil inaugura neste s\u00e1bado, 10, a exposi\u00e7\u00e3o &#8220;Varanda do Museu&#8221;. Com entrada franca, a exibi\u00e7\u00e3o sob a curadoria de Judith Pottecher apresenta o trabalho do designer Ricardo Almeida e sua refer\u00eancia ao universo mitol\u00f3gico afro-brasileiro. A apresenta\u00e7\u00e3o prop\u00f5e ao p\u00fablico uma reflex\u00e3o sobre a varanda como local de conv\u00edvio e, ao mesmo tempo, demonstra o papel do design na cria\u00e7\u00e3o de espa\u00e7os e equipamentos urbanos. Composto por poltronas, banco e lumin\u00e1ria, o conjunto da exposi\u00e7\u00e3o foi confeccionado a partir de cilindros e telas em a\u00e7o inox, fios, cordas, mi\u00e7angas e couro. As pe\u00e7as fazem uma refer\u00eancia ao","og_url":"https:\/\/www.encontramoema.com.br\/sobre\/moema-museu-afro-brasil-estreia-mostra-gratuita-neste-sabado\/","og_site_name":"Encontra Moema","article_published_time":"2013-08-09T16:19:24+00:00","article_modified_time":"2019-04-12T21:01:26+00:00","author":"Encontra Moema","twitter_card":"summary_large_image","twitter_misc":{"Escrito por":"Encontra Moema","Est. tempo de leitura":"1 minuto"},"schema":{"@context":"https:\/\/schema.org","@graph":[{"@type":"WebPage","@id":"https:\/\/www.encontramoema.com.br\/sobre\/moema-museu-afro-brasil-estreia-mostra-gratuita-neste-sabado\/","url":"https:\/\/www.encontramoema.com.br\/sobre\/moema-museu-afro-brasil-estreia-mostra-gratuita-neste-sabado\/","name":"Moema: Museu Afro Brasil estreia mostra gratuita neste s\u00e1bado - Encontra Moema","isPartOf":{"@id":"https:\/\/www.encontramoema.com.br\/sobre\/#website"},"datePublished":"2013-08-09T16:19:24+00:00","dateModified":"2019-04-12T21:01:26+00:00","author":{"@id":"https:\/\/www.encontramoema.com.br\/sobre\/#\/schema\/person\/3c3656d12b82130d77eba13c4ef23efa"},"breadcrumb":{"@id":"https:\/\/www.encontramoema.com.br\/sobre\/moema-museu-afro-brasil-estreia-mostra-gratuita-neste-sabado\/#breadcrumb"},"inLanguage":"pt-BR","potentialAction":[{"@type":"ReadAction","target":["https:\/\/www.encontramoema.com.br\/sobre\/moema-museu-afro-brasil-estreia-mostra-gratuita-neste-sabado\/"]}]},{"@type":"BreadcrumbList","@id":"https:\/\/www.encontramoema.com.br\/sobre\/moema-museu-afro-brasil-estreia-mostra-gratuita-neste-sabado\/#breadcrumb","itemListElement":[{"@type":"ListItem","position":1,"name":"In\u00edcio","item":"https:\/\/www.encontramoema.com.br\/sobre\/"},{"@type":"ListItem","position":2,"name":"Moema: Museu Afro Brasil estreia mostra gratuita neste s\u00e1bado"}]},{"@type":"WebSite","@id":"https:\/\/www.encontramoema.com.br\/sobre\/#website","url":"https:\/\/www.encontramoema.com.br\/sobre\/","name":"Encontra Moema","description":"Not\u00edcias, eventos, informa\u00e7\u00f5es e dicas no bairro de Moema e regi\u00e3o.","potentialAction":[{"@type":"SearchAction","target":{"@type":"EntryPoint","urlTemplate":"https:\/\/www.encontramoema.com.br\/sobre\/?s={search_term_string}"},"query-input":{"@type":"PropertyValueSpecification","valueRequired":true,"valueName":"search_term_string"}}],"inLanguage":"pt-BR"},{"@type":"Person","@id":"https:\/\/www.encontramoema.com.br\/sobre\/#\/schema\/person\/3c3656d12b82130d77eba13c4ef23efa","name":"Encontra Moema","image":{"@type":"ImageObject","inLanguage":"pt-BR","@id":"https:\/\/www.encontramoema.com.br\/sobre\/#\/schema\/person\/image\/","url":"https:\/\/secure.gravatar.com\/avatar\/0fbed662e37531ae23e68f85f9517b2454e50c1dfebf80eb9b721449ac95e0b9?s=96&d=mm&r=g","contentUrl":"https:\/\/secure.gravatar.com\/avatar\/0fbed662e37531ae23e68f85f9517b2454e50c1dfebf80eb9b721449ac95e0b9?s=96&d=mm&r=g","caption":"Encontra Moema"},"url":"https:\/\/www.encontramoema.com.br\/sobre\/author\/emoema\/"}]}},"_links":{"self":[{"href":"https:\/\/www.encontramoema.com.br\/sobre\/wp-json\/wp\/v2\/posts\/17042","targetHints":{"allow":["GET"]}}],"collection":[{"href":"https:\/\/www.encontramoema.com.br\/sobre\/wp-json\/wp\/v2\/posts"}],"about":[{"href":"https:\/\/www.encontramoema.com.br\/sobre\/wp-json\/wp\/v2\/types\/post"}],"author":[{"embeddable":true,"href":"https:\/\/www.encontramoema.com.br\/sobre\/wp-json\/wp\/v2\/users\/1"}],"replies":[{"embeddable":true,"href":"https:\/\/www.encontramoema.com.br\/sobre\/wp-json\/wp\/v2\/comments?post=17042"}],"version-history":[{"count":0,"href":"https:\/\/www.encontramoema.com.br\/sobre\/wp-json\/wp\/v2\/posts\/17042\/revisions"}],"wp:attachment":[{"href":"https:\/\/www.encontramoema.com.br\/sobre\/wp-json\/wp\/v2\/media?parent=17042"}],"wp:term":[{"taxonomy":"category","embeddable":true,"href":"https:\/\/www.encontramoema.com.br\/sobre\/wp-json\/wp\/v2\/categories?post=17042"},{"taxonomy":"post_tag","embeddable":true,"href":"https:\/\/www.encontramoema.com.br\/sobre\/wp-json\/wp\/v2\/tags?post=17042"}],"curies":[{"name":"wp","href":"https:\/\/api.w.org\/{rel}","templated":true}]}}