{"id":17044,"date":"2013-08-12T12:37:17","date_gmt":"2013-08-12T14:37:17","guid":{"rendered":"http:\/\/www.encontramoema.com.br\/blog\/?p=17044"},"modified":"2019-04-12T19:01:26","modified_gmt":"2019-04-12T21:01:26","slug":"parque-do-ibirapuera-recebera-virada-ambiental","status":"publish","type":"post","link":"https:\/\/www.encontramoema.com.br\/sobre\/parque-do-ibirapuera-recebera-virada-ambiental\/","title":{"rendered":"Parque do Ibirapuera receber\u00e1 Virada Ambiental"},"content":{"rendered":"<div class=\"b7f545a958fd6350ffae2d30a84cafb8\" data-index=\"1\" style=\"float: none; margin:0px;\">\n<!-- Anuncio display - global -->\r\n<ins class=\"adsbygoogle\"\r\n     style=\"display:block\"\r\n     data-ad-client=\"ca-pub-8585364105181520\"\r\n     data-ad-slot=\"8789329856\"\r\n     data-ad-format=\"auto\"\r\n     data-full-width-responsive=\"true\"><\/ins>\r\n<script>\r\n     (adsbygoogle = window.adsbygoogle || []).push({});\r\n<\/script>\n<\/div>\n<p>A Secretaria do Verde e do Meio Ambiente (SVMA) realizar\u00e1, de 16 a 18 de agosto, a 1\u00aa Virada Ambiental da cidade de S\u00e3o Paulo. A iniciativa, que acontecer\u00e1 nos parques municipais, tem o objetivo de incentivar a intera\u00e7\u00e3o da sociedade, compartilhando a\u00e7\u00f5es para um estilo de vida mais saud\u00e1vel e sustent\u00e1vel.<\/p>\n<p>As atividades promovidas, gratuitamente, durante a virada ser\u00e3o divididas por tem\u00e1ticas, como: educa\u00e7\u00e3o ambiental, artes, esportes, astronomia, coleta seletiva e incentivo \u00e0 arboriza\u00e7\u00e3o.<\/p>\n<p>O p\u00fablico poder\u00e1 conferir palestras sobre meio ambiente e diversas atividades ao ar livre nos parques da cidade, que buscam a conscientiza\u00e7\u00e3o, o conhecimento e a sensibiliza\u00e7\u00e3o ambiental. A programa\u00e7\u00e3o completa da 1\u00aa Virada Ambiental est\u00e1 dispon\u00edvel na p\u00e1gina Programa\u00e7\u00e3o deste Blog.<br \/>\nParque Ibirapuera<\/p>\n<p>Durante a Virada Ambiental, o Parque Ibirapuera funcionar\u00e1 24 horas promovendo atra\u00e7\u00f5es de educa\u00e7\u00e3o ambiental, de sa\u00fade e de lazer. Dentre as atividades previstas est\u00e3o: ciclorrota e trilhas noturnas e exposi\u00e7\u00f5es, como o trabalho da ONG SOS Mata Atl\u00e2ntica.<\/p>\n<p>J\u00e1 o p\u00fablico infanto-juvenil poder\u00e1 assistir ao espet\u00e1culo \u201cO Segredo da Arca de Trancoso\u201d, encenado pelo Grupo Vilavox de Salvador, que retrata a cultura popular e folcl\u00f3rica nordestina.<\/p>\n<p><strong>Semin\u00e1rio sobre Licenciamento Ambiental<\/strong><\/p>\n<p>A abertura oficial da 1\u00ba Virada Ambiental de S\u00e3o Paulo acontecer\u00e1 dia 16 de agosto durante o 1\u00ba Semin\u00e1rio sobre Licenciamento Ambiental, que ser\u00e1 realizado na Escola Municipal de Astrof\u00edsica, localizada no Parque Ibirapuera.<\/p>\n<p>Durante o semin\u00e1rio, ser\u00e3o ministradas palestras que visam esclarecer as aplica\u00e7\u00f5es das legisla\u00e7\u00f5es ambientais no munic\u00edpio de S\u00e3o Paulo. Acesse o site da SVMA para obter mais informa\u00e7\u00f5es sobre o semin\u00e1rio: prefeitura.sp.gov.br\/meio_ambiente<\/p>\n<p><strong>Programa\u00e7\u00e3o:<\/strong><\/p>\n<p>PARQUE IBIRAPUERA<\/p>\n<p><strong>Dia 16\/08 (sexta-feira)<\/strong><\/p>\n<p>I Semin\u00e1rio sobre \u201cLicenciamento ambiental, autoriza\u00e7\u00e3o para manejo de vegeta\u00e7\u00e3o arb\u00f3rea e interven\u00e7\u00f5es em \u00c1rea de Preserva\u00e7\u00e3o Ambiental no munic\u00edpio de S\u00e3o Paulo\u201d<\/p>\n<p>Hor\u00e1rio: 8h30 \u00e0s 9h | Atividade: Recep\u00e7\u00e3o e inscri\u00e7\u00e3o \u2013 Caf\u00e9<\/p>\n<p>Hor\u00e1rio: 9h \u00e0s 9h30 | Atividade: Sess\u00e3o de Abertura<\/p>\n<p>Hor\u00e1rio: 9h30 \u00e0s 10h20 | Atividade: Licenciamento Ambiental<\/p>\n<p>Hor\u00e1rio: 10h20 \u00e0s 10h50 | Atividade: Coffee break<\/p>\n<p>Hor\u00e1rio: 10h50 \u00e0s 11h40 | Atividade: TAC (Termo de Ajustamento de Conduta) \u2013 Por Luciene Lopes Lacerda<\/p>\n<p>Hor\u00e1rio: 11h40 \u00e0s 12h10 | Atividade: Perguntas<\/p>\n<p>Hor\u00e1rio: 12h10 \u00e0s 13h10 | Atividade: Almo\u00e7o<\/p>\n<p><strong>Dia 17\/08 (s\u00e1bado)<\/strong><\/p>\n<p>Hor\u00e1rio: 7h \u00e0s 13h<\/p>\n<p>Atividade: Programa Sa\u00fade no Esporte<\/p>\n<p>Local: Quiosque da Sa\u00fade<\/p>\n<p>Hor\u00e1rio: 8h \u00e0 0h<\/p>\n<p>Atividade: Exibi\u00e7\u00e3o de v\u00eddeos da Divis\u00e3o<\/p>\n<p>Local: Escola Mun. de Astrof\u00edsica (sala 1)<\/p>\n<p>Atividade: Exposi\u00e7\u00e3o: Ecossistemas (Faculdade Cantareira)<\/p>\n<p>Local: Marquise<\/p>\n<p>Atividade: Exposi\u00e7\u00e3o: Atividades da Divis\u00e3o de Fauna<\/p>\n<p>Local: Marquise<\/p>\n<p>Atividade: Exposi\u00e7\u00e3o: Instituto Mobilidade Verde<\/p>\n<p>Local: Marquise<\/p>\n<p>Atividade: Exposi\u00e7\u00e3o: Atividades da Div. de Produ\u00e7\u00e3o e Arboriza\u00e7\u00e3o<\/p>\n<p>Local: Marquise<\/p>\n<p>Atividade: Distribui\u00e7\u00e3o de mudas<\/p>\n<p>Local: Marquise<\/p>\n<p>Atividade: Exposi\u00e7\u00e3o: GCM Ambiental<\/p>\n<p>Local: Marquise<\/p>\n<p>Atividade: Exposi\u00e7\u00e3o: Projeto Rolha Verde<\/p>\n<p>Local: Marquise<\/p>\n<p>Atividade: Oficina de observa\u00e7\u00e3o das aves<\/p>\n<p>Local: Marquise<\/p>\n<p>Atividade: Coleta de \u00f3leo de cozinha e pilhas<\/p>\n<p>Local: Marquise, Administra\u00e7\u00e3o e Viveiro Manequinho Lopes<\/p>\n<p>Hor\u00e1rio: 8h \u00e0 18h<\/p>\n<p>Atividade: Semana Bandeirante 2013<\/p>\n<p>Local: Marquise<\/p>\n<p>Hor\u00e1rio: 8h \u00e0s 20h<\/p>\n<p>Atividade: Workshop: Hugo Fran\u00e7a<\/p>\n<p>Local: Marquise<\/p>\n<p>Hor\u00e1rio: 9h \u00e0s 10h<\/p>\n<p>Atividade: Aulas do m\u00e9todo DeRose<\/p>\n<p>Local: Pra\u00e7a do Porquinho<\/p>\n<p>Atividade: Visita monitorada no viveiro<\/p>\n<p>Local: Viveiro Manequinho Lopes<\/p>\n<p>Hor\u00e1rio: 9h \u00e0s 11h<\/p>\n<p>Atividade: Visita monitorada no orquid\u00e1rio<\/p>\n<p>Local: Viveiro Manequinho Lopes<\/p>\n<p>Atividade: Oficina de semeadura para crian\u00e7as (Turma 1)<\/p>\n<p>Local: Viveiro Manequinho Lopez<\/p>\n<p>Hor\u00e1rio: 9h \u00e0s 11h30<\/p>\n<p>Atividade: Expressando a arte da natureza e da paz<\/p>\n<p>Local: Escola Mun. de Astrof\u00edsica<\/p>\n<p>Hor\u00e1rio: 9h \u00e0s 12h<\/p>\n<p>Atividade: Oficina de horta suspensa em garrafa Pet (Turma 1)<\/p>\n<p>Local: Escola Mun. de Astrof\u00edsica<\/p>\n<p>Atividade: Mini curso: Como manter um jardim bonito e saud\u00e1vel<\/p>\n<p>Local: Escola Mun. de Jardinagem<\/p>\n<p>Atividade: Arteterapia como promo\u00e7\u00e3o da sustentabilidade (Turma 1)<\/p>\n<p>Local: Viveiro Manequinho Lopes<\/p>\n<p>Hor\u00e1rio: 9h30 \u00e0s 16h<\/p>\n<p>Atividade: Bosque da Leitura<\/p>\n<p>Local: Pra\u00e7a Burle Marx<\/p>\n<p>Hor\u00e1rio: 10h \u00e0s 11h<\/p>\n<p>Atividade: Abertura oficial da Virada Ambiental e Comemora\u00e7\u00e3o do 59\u00ba Anivers\u00e1rio do Parque<\/p>\n<p>Local: Arena de eventos<\/p>\n<p>Atividade: Apresenta\u00e7\u00e3o da Banda da Guarda Civil Metropolitana (GCM)<\/p>\n<p>Local: Arena de eventos<\/p>\n<p>Atividade: Oficina de plantio de mudas<\/p>\n<p>Local: Viveiro Manequinho Lopes<\/p>\n<p>Atividade: Tai Chi nos parques<\/p>\n<p>Local: Viveiro Manequinho Lopes<\/p>\n<p>Hor\u00e1rio: 10h30 \u00e0s 11h30<\/p>\n<p>Atividade: Programa Sa\u00fade no Parque: Lian Gong e Tai Chi Qi Gong em 18 terapias<\/p>\n<p>Local: Pra\u00e7a Burle Marx<\/p>\n<p>Hor\u00e1rio: 11h \u00e0s 12h<\/p>\n<p>Atividade: Visita t\u00e9cnica ao parque e palestras (Turma 1)<\/p>\n<p>Local: Escola Mun. de Astrof\u00edsica<\/p>\n<p>Hor\u00e1rio: 11h \u00e0s 12h30<\/p>\n<p>Atividade: Aventura ambiental (Turma 1)<\/p>\n<p>Local: Marquise<\/p>\n<p>Hor\u00e1rio: 12h \u00e0s 13h<\/p>\n<p>Atividade: Palestra: Atividades da Divis\u00e3o de Fauna<\/p>\n<p>Local: Escola Mun. de Astrof\u00edsica<\/p>\n<p>Hor\u00e1rio: 14h \u00e0s 15h<\/p>\n<p>Atividade: Ciclorrota Tur\u00edstica \u2013 Instituto Mobilidade Verde<\/p>\n<p>Local: Marquise<\/p>\n<p>Atividade: Visita monitorada no viveiro (Turma 2)<\/p>\n<p>Local: Viveiro Manequinho Lopes<\/p>\n<p>Hor\u00e1rio: 14h \u00e0s 16h30<\/p>\n<p>Atividade: Oficina de compostagem dom\u00e9stica e minhocario<\/p>\n<p>Local: Escola Mun. de Jardinagem<\/p>\n<p>Hor\u00e1rio: 14h \u00e0s 17h<\/p>\n<p>Atividade: Oficina de horta suspensa em garrafa PET (Turma 2)<\/p>\n<p>Local: Escola Mun. de Astrof\u00edsica<\/p>\n<p>Atividade: Word Caf\u00e9 \u2013 Roda de conversa<\/p>\n<p>Local: Audit\u00f3rio \/ Escola Mun. de Astrof\u00edsica<\/p>\n<p>Hor\u00e1rio: 14h \u00e0s 18h<\/p>\n<p>Atividade: Jogo Planetarium<\/p>\n<p>Local: Escola Mun. de Astrof\u00edsica<\/p>\n<p>Hor\u00e1rio: 15h \u00e0s 16h<\/p>\n<p>Atividade: Oficina de plantio de mudas (Turma 2)<\/p>\n<p>Local: Viveiro Manequinho Lopes<\/p>\n<p>Hor\u00e1rio: 15h \u00e0s 16h30<\/p>\n<p>Atividade: Aventura ambiental (Turma 2)<\/p>\n<p>Local: Marquise<\/p>\n<p>Hor\u00e1rio: 17h30 \u00e0s 19h<\/p>\n<p>Atividade: Espet\u00e1culo infanto juvenil: O segredo da Arca de Trancoso<\/p>\n<p>Local: Gramado em frente \u00e0 Fonte Multim\u00eddia<\/p>\n<p>Hor\u00e1rio: 18h \u00e0s 19h<\/p>\n<p>Atividade: Palestra: Atividades da Divis\u00e3o de Fauna<\/p>\n<p>Local: Escola Mun. de Astrof\u00edsica<\/p>\n<p>Hor\u00e1rio: 19h \u00e0s 21h30<\/p>\n<p>Atividade: Trilha noturna<\/p>\n<p>Local: Em frente \u00e0 Escola Mun. de Jardinagem<\/p>\n<p>Hor\u00e1rio: 20h \u00e0s 22h<\/p>\n<p>Atividade: Fonte Multim\u00eddia<\/p>\n<p>Local: Lago<\/p>\n<p>Hor\u00e1rio: 21h \u00e0s 22h<\/p>\n<p>Atividade: Palestra: Atividades da Divis\u00e3o de Fauna<\/p>\n<p>Local: Audit\u00f3rio de Astrof\u00edsica \/ Marquise<\/p>\n<p>Hor\u00e1rio: 21h \u00e0s 23h<\/p>\n<p>Atividade: Trilhas urbanas com visualiza\u00e7\u00e3o do c\u00e9u<\/p>\n<p>Local: Terra\u00e7o da Escola Mun. de Astrof\u00edsica<\/p>\n<p>Hor\u00e1rio: 23h \u00e0 0h<\/p>\n<p>Atividade: Ciclovia noturna \u2013 Instituto Mobilidade Verde<\/p>\n<p>Local: Marquise<\/p>\n<p>Hor\u00e1rio: 23h \u00e0s 5h<\/p>\n<p>Atividade: Visualiza\u00e7\u00e3o do c\u00e9u com telesc\u00f3pio<\/p>\n<p>Local: Terra\u00e7o da Escola Mun. de Astrof\u00edsica<\/p>\n<p><strong>Dia 18\/08 (domingo)<\/strong><\/p>\n<p>Hor\u00e1rio: 0h \u00e0s 18h<\/p>\n<p>Atividade: Exposi\u00e7\u00e3o: Instituto Mobilidade Verde<\/p>\n<p>Local: Marquise<\/p>\n<p>Atividade: Exposi\u00e7\u00e3o: ONG Procuru<\/p>\n<p>Local: Marquise<\/p>\n<p>Hor\u00e1rio: 0h \u00e0s 23h<\/p>\n<p>Atividade: Exposi\u00e7\u00e3o: Atividades da Div. de Produ\u00e7\u00e3o e Arboriza\u00e7\u00e3o<\/p>\n<p>Local: Marquise<\/p>\n<p>Atividade: Distribui\u00e7\u00e3o de mudas<\/p>\n<p>Local: Marquise<\/p>\n<p>Hor\u00e1rio: 0h \u00e0s 18h<\/p>\n<p>Atividade: Exibi\u00e7\u00e3o de v\u00eddeos da Divis\u00e3o de Fauna<\/p>\n<p>Local: Escola Mun. de Astrof\u00edsica<\/p>\n<p>Atividade: Exposi\u00e7\u00e3o: ONG SOS Mata Atl\u00e2ntica<\/p>\n<p>Local: Marquise<\/p>\n<p>Atividade: Exposi\u00e7\u00e3o: Atividades da Divis\u00e3o de Fauna<\/p>\n<p>Local: Marquise<\/p>\n<p>Atividade: Exposi\u00e7\u00e3o: Projeto Rolha Verde<\/p>\n<p>Local: Marquise<\/p>\n<p>Hor\u00e1rio: 0h \u00e0s 19h<\/p>\n<p>Atividade: Exposi\u00e7\u00e3o da GCM Ambiental<\/p>\n<p>Local: Marquise<\/p>\n<p>Atividade: Exposi\u00e7\u00e3o: Ecossistemas (Faculdade Cantareira)<\/p>\n<p>Local: Marquise<\/p>\n<p>Atividade: Coleta de \u00f3leo de cozinha e pilhas<\/p>\n<p>Local: Marquise, Administra\u00e7\u00e3o e Viveiro Manequinho Lopes<\/p>\n<p>Hor\u00e1rio: 6h \u00e0s 7h30<\/p>\n<p>Atividade: Workshop: Regina Carmona<\/p>\n<p>Local: Marquise<\/p>\n<p>Hor\u00e1rio: 8h \u00e0s 10h<\/p>\n<p>Atividade: Oficina de observa\u00e7\u00e3o \u00e0s aves \u2013 Divis\u00e3o de Fauna<\/p>\n<p>Local: Marquise<\/p>\n<p>Hor\u00e1rio: 9h \u00e0s 10h<\/p>\n<p>Atividade: Oficina SOS Interestelar (Turma 1)<\/p>\n<p>Local: Escola Mun. de Astrof\u00edsica<\/p>\n<p>Hor\u00e1rio: 9h \u00e0s 10h<\/p>\n<p>Atividade: Aulas do M\u00e9todo DeRose<\/p>\n<p>Local: Pra\u00e7a Burle Marx<\/p>\n<p>Atividade: Visita monitorada no viveiro (Turma 3)<\/p>\n<p>Local: Viveiro Manequinho Lopes<\/p>\n<p>Hor\u00e1rio: 9h \u00e0s 12h<\/p>\n<p>Atividade: Oficina de horta suspensa em garrafa PET (Turma 3)<\/p>\n<p>Local: Escola Mun. de Astrof\u00edsica<\/p>\n<p>Atividade: Mini curso: como manter um jardim bonito e saud\u00e1vel<\/p>\n<p>Local: Escola Mun. Jardinagem<\/p>\n<p>Atividade: Arteterapia como promo\u00e7\u00e3o da sustentabilidade (Turma 2)<\/p>\n<p>Local: Viveiro Manequinho Lopes<\/p>\n<p>Hor\u00e1rio: 9h \u00e0s 15h<\/p>\n<p>Atividade: Oficina de zooterapia<\/p>\n<p>Local: Ao lado do Museu Afro<\/p>\n<p>Atividade: Bosque da Leitura<\/p>\n<p>Local: Pra\u00e7a Burle Marx<\/p>\n<p>Hor\u00e1rio: 10h \u00e0s 11h<\/p>\n<p>Atividade: Ciclorrota diurna \u2013 Instituto Mobilidade Verde<\/p>\n<p>Local: Marquise<\/p>\n<p>Atividade: Palestra: Atividades da Divis\u00e3o de Fauna<\/p>\n<p>Local: Audit\u00f3rio de Astrof\u00edsica \/ Marquise<\/p>\n<p>Atividade: Oficina: SOS Interestelar (Turma 2)<\/p>\n<p>Local: Escola Mun. de Astrof\u00edsica<\/p>\n<p>Atividade: Tai Chi nos parques \u2013 Tai Chi Pai Lin<\/p>\n<p>Local: Pra\u00e7a Burle Marx<\/p>\n<p>Atividade: Espet\u00e1culo infantil: Crian\u00e7a sob nossa guarda \u2013 GCM<\/p>\n<p>Local: Marquise<\/p>\n<p>Hor\u00e1rio: 10h30 \u00e0s 11h30<\/p>\n<p>Atividade: Mammafit: Gin\u00e1stica com o carrinho para beb\u00eas<\/p>\n<p>Local: Pra\u00e7a Burle Marx<\/p>\n<p>Hor\u00e1rio: 11h \u00e0s 12h<\/p>\n<p>Atividade: Visita t\u00e9cnica e palestras (Turma 2)<\/p>\n<p>Local: Escola Mun. de Astrof\u00edsica<\/p>\n<p>Hor\u00e1rio: 11h \u00e0s 12h30<\/p>\n<p>Atividade: Aventura Ambiental (Turma 3)<\/p>\n<p>Local: Marquise<\/p>\n<p>Hor\u00e1rio: 14h \u00e0s 15h<\/p>\n<p>Atividade: Palestra: Atividades da Divis\u00e3o de Fauna<\/p>\n<p>Local: Audit\u00f3rio de Astrof\u00edsica \/ Marquise<\/p>\n<p>Atividade: Visita monitor<\/p>\n<p>Local: Viveiro Manequinho Lopes<\/p>\n<p>Hor\u00e1rio: 14h \u00e0s 16h30<\/p>\n<p>Atividade: Oficina: O cultivo da semente ao vegetal adulto<\/p>\n<p>Local: Escola Municipal de Jardinagem<\/p>\n<p>Hor\u00e1rio: 14h \u00e0s 17h<\/p>\n<p>Atividade: Oficina de horta suspensa em garrafa PET<\/p>\n<p>Local: Escola Mun. de Astrof\u00edsica<\/p>\n<p>Atividade: Curso: Li\u00e7\u00f5es da \u00e1rvore e bichos<\/p>\n<p>Local: Escola Mun. de Astrof\u00edsica<\/p>\n<p>Hor\u00e1rio: 14h \u00e0s 18h<\/p>\n<p>Atividade: Jogo Carta da Terra<\/p>\n<p>Local: Escola Mun. Astrof\u00edsica<\/p>\n<p>Hor\u00e1rio: 15h \u00e0s 16h<\/p>\n<p>Atividade: Palestra: Plantio de \u00e1rvores na cidade de SP<\/p>\n<p>Local: Viveiro Manequinho Lopes<\/p>\n<p>Hor\u00e1rio: 15h \u00e0s 16h30<\/p>\n<p>Atividade: Aventura Ambiental (Turma 4)<\/p>\n<p>Local: Marquise<\/p>\n<p>Hor\u00e1rio: 15h30 \u00e0s 21h30<\/p>\n<p>Atividade: Bourbon Street Jazz Festival<\/p>\n<p>Local: Arena de eventos<\/p>\n<p>Hor\u00e1rio: 16h \u00e0s 17h<\/p>\n<p>Atividade: Palestra: Meio ambiente<\/p>\n<p>Local: Audit\u00f3rio de Astrof\u00edsica \/ Marquise<\/p>\n<p>Hor\u00e1rio: 17h30 \u00e0s 19h<\/p>\n<p>Atividade: Espet\u00e1culo infanto juvenil: O segredo da Arca de Trancoso<\/p>\n<p>Local: Gramado em frente \u00e0 Fonte Multim\u00eddia<\/p>\n<p>Hor\u00e1rio: 19h \u00e0s 20h<\/p>\n<p>Atividade: Papo de Anjo \u2013 Participa\u00e7\u00e3o especial de M\u00f4nica Salmaso<\/p>\n<p>Local: Audit\u00f3rio Ibirapuera<\/p>\n<p>Hor\u00e1rio: 20h \u00e0s 22h<\/p>\n<p>Atividade: Fonte Multim\u00eddia<\/p>\n<p>Local: Lago<\/p>\n<p><em>Fonte: Prefeitura de S. Paulo<\/em><\/p>\n\n<div style=\"font-size: 0px; height: 0px; line-height: 0px; margin: 0; padding: 0; clear: both;\"><\/div>","protected":false},"excerpt":{"rendered":"<p>A Secretaria do Verde e do Meio Ambiente (SVMA) realizar\u00e1, de 16 a 18 de agosto, a 1\u00aa Virada Ambiental da cidade de S\u00e3o Paulo. A iniciativa, que acontecer\u00e1 nos parques municipais, tem o objetivo de incentivar a intera\u00e7\u00e3o da sociedade, compartilhando a\u00e7\u00f5es para um estilo de vida mais saud\u00e1vel e sustent\u00e1vel. As atividades promovidas, gratuitamente, durante a virada ser\u00e3o divididas por tem\u00e1ticas, como: educa\u00e7\u00e3o ambiental, artes, esportes, astronomia, coleta seletiva e incentivo \u00e0 arboriza\u00e7\u00e3o. O p\u00fablico poder\u00e1 conferir palestras sobre meio ambiente e diversas atividades ao ar livre nos parques da cidade, que buscam a conscientiza\u00e7\u00e3o, o conhecimento e <\/p>\n","protected":false},"author":1,"featured_media":0,"comment_status":"open","ping_status":"closed","sticky":false,"template":"","format":"standard","meta":{"footnotes":""},"categories":[1],"tags":[],"class_list":["post-17044","post","type-post","status-publish","format-standard","hentry","category-noticias-em-moema"],"yoast_head":"<!-- This site is optimized with the Yoast SEO plugin v26.3 - https:\/\/yoast.com\/wordpress\/plugins\/seo\/ -->\n<title>Parque do Ibirapuera receber\u00e1 Virada Ambiental - Encontra Moema<\/title>\n<meta name=\"robots\" content=\"index, follow, max-snippet:-1, max-image-preview:large, max-video-preview:-1\" \/>\n<link rel=\"canonical\" href=\"https:\/\/www.encontramoema.com.br\/sobre\/parque-do-ibirapuera-recebera-virada-ambiental\/\" \/>\n<meta property=\"og:locale\" content=\"pt_BR\" \/>\n<meta property=\"og:type\" content=\"article\" \/>\n<meta property=\"og:title\" content=\"Parque do Ibirapuera receber\u00e1 Virada Ambiental - Encontra Moema\" \/>\n<meta property=\"og:description\" content=\"A Secretaria do Verde e do Meio Ambiente (SVMA) realizar\u00e1, de 16 a 18 de agosto, a 1\u00aa Virada Ambiental da cidade de S\u00e3o Paulo. A iniciativa, que acontecer\u00e1 nos parques municipais, tem o objetivo de incentivar a intera\u00e7\u00e3o da sociedade, compartilhando a\u00e7\u00f5es para um estilo de vida mais saud\u00e1vel e sustent\u00e1vel. As atividades promovidas, gratuitamente, durante a virada ser\u00e3o divididas por tem\u00e1ticas, como: educa\u00e7\u00e3o ambiental, artes, esportes, astronomia, coleta seletiva e incentivo \u00e0 arboriza\u00e7\u00e3o. O p\u00fablico poder\u00e1 conferir palestras sobre meio ambiente e diversas atividades ao ar livre nos parques da cidade, que buscam a conscientiza\u00e7\u00e3o, o conhecimento e\" \/>\n<meta property=\"og:url\" content=\"https:\/\/www.encontramoema.com.br\/sobre\/parque-do-ibirapuera-recebera-virada-ambiental\/\" \/>\n<meta property=\"og:site_name\" content=\"Encontra Moema\" \/>\n<meta property=\"article:published_time\" content=\"2013-08-12T14:37:17+00:00\" \/>\n<meta property=\"article:modified_time\" content=\"2019-04-12T21:01:26+00:00\" \/>\n<meta name=\"author\" content=\"Encontra Moema\" \/>\n<meta name=\"twitter:card\" content=\"summary_large_image\" \/>\n<meta name=\"twitter:label1\" content=\"Escrito por\" \/>\n\t<meta name=\"twitter:data1\" content=\"Encontra Moema\" \/>\n\t<meta name=\"twitter:label2\" content=\"Est. tempo de leitura\" \/>\n\t<meta name=\"twitter:data2\" content=\"8 minutos\" \/>\n<script type=\"application\/ld+json\" class=\"yoast-schema-graph\">{\"@context\":\"https:\/\/schema.org\",\"@graph\":[{\"@type\":\"WebPage\",\"@id\":\"https:\/\/www.encontramoema.com.br\/sobre\/parque-do-ibirapuera-recebera-virada-ambiental\/\",\"url\":\"https:\/\/www.encontramoema.com.br\/sobre\/parque-do-ibirapuera-recebera-virada-ambiental\/\",\"name\":\"Parque do Ibirapuera receber\u00e1 Virada Ambiental - Encontra Moema\",\"isPartOf\":{\"@id\":\"https:\/\/www.encontramoema.com.br\/sobre\/#website\"},\"datePublished\":\"2013-08-12T14:37:17+00:00\",\"dateModified\":\"2019-04-12T21:01:26+00:00\",\"author\":{\"@id\":\"https:\/\/www.encontramoema.com.br\/sobre\/#\/schema\/person\/3c3656d12b82130d77eba13c4ef23efa\"},\"breadcrumb\":{\"@id\":\"https:\/\/www.encontramoema.com.br\/sobre\/parque-do-ibirapuera-recebera-virada-ambiental\/#breadcrumb\"},\"inLanguage\":\"pt-BR\",\"potentialAction\":[{\"@type\":\"ReadAction\",\"target\":[\"https:\/\/www.encontramoema.com.br\/sobre\/parque-do-ibirapuera-recebera-virada-ambiental\/\"]}]},{\"@type\":\"BreadcrumbList\",\"@id\":\"https:\/\/www.encontramoema.com.br\/sobre\/parque-do-ibirapuera-recebera-virada-ambiental\/#breadcrumb\",\"itemListElement\":[{\"@type\":\"ListItem\",\"position\":1,\"name\":\"In\u00edcio\",\"item\":\"https:\/\/www.encontramoema.com.br\/sobre\/\"},{\"@type\":\"ListItem\",\"position\":2,\"name\":\"Parque do Ibirapuera receber\u00e1 Virada Ambiental\"}]},{\"@type\":\"WebSite\",\"@id\":\"https:\/\/www.encontramoema.com.br\/sobre\/#website\",\"url\":\"https:\/\/www.encontramoema.com.br\/sobre\/\",\"name\":\"Encontra Moema\",\"description\":\"Not\u00edcias, eventos, informa\u00e7\u00f5es e dicas no bairro de Moema e regi\u00e3o.\",\"potentialAction\":[{\"@type\":\"SearchAction\",\"target\":{\"@type\":\"EntryPoint\",\"urlTemplate\":\"https:\/\/www.encontramoema.com.br\/sobre\/?s={search_term_string}\"},\"query-input\":{\"@type\":\"PropertyValueSpecification\",\"valueRequired\":true,\"valueName\":\"search_term_string\"}}],\"inLanguage\":\"pt-BR\"},{\"@type\":\"Person\",\"@id\":\"https:\/\/www.encontramoema.com.br\/sobre\/#\/schema\/person\/3c3656d12b82130d77eba13c4ef23efa\",\"name\":\"Encontra Moema\",\"image\":{\"@type\":\"ImageObject\",\"inLanguage\":\"pt-BR\",\"@id\":\"https:\/\/www.encontramoema.com.br\/sobre\/#\/schema\/person\/image\/\",\"url\":\"https:\/\/secure.gravatar.com\/avatar\/0fbed662e37531ae23e68f85f9517b2454e50c1dfebf80eb9b721449ac95e0b9?s=96&d=mm&r=g\",\"contentUrl\":\"https:\/\/secure.gravatar.com\/avatar\/0fbed662e37531ae23e68f85f9517b2454e50c1dfebf80eb9b721449ac95e0b9?s=96&d=mm&r=g\",\"caption\":\"Encontra Moema\"},\"url\":\"https:\/\/www.encontramoema.com.br\/sobre\/author\/emoema\/\"}]}<\/script>\n<!-- \/ Yoast SEO plugin. -->","yoast_head_json":{"title":"Parque do Ibirapuera receber\u00e1 Virada Ambiental - Encontra Moema","robots":{"index":"index","follow":"follow","max-snippet":"max-snippet:-1","max-image-preview":"max-image-preview:large","max-video-preview":"max-video-preview:-1"},"canonical":"https:\/\/www.encontramoema.com.br\/sobre\/parque-do-ibirapuera-recebera-virada-ambiental\/","og_locale":"pt_BR","og_type":"article","og_title":"Parque do Ibirapuera receber\u00e1 Virada Ambiental - Encontra Moema","og_description":"A Secretaria do Verde e do Meio Ambiente (SVMA) realizar\u00e1, de 16 a 18 de agosto, a 1\u00aa Virada Ambiental da cidade de S\u00e3o Paulo. A iniciativa, que acontecer\u00e1 nos parques municipais, tem o objetivo de incentivar a intera\u00e7\u00e3o da sociedade, compartilhando a\u00e7\u00f5es para um estilo de vida mais saud\u00e1vel e sustent\u00e1vel. As atividades promovidas, gratuitamente, durante a virada ser\u00e3o divididas por tem\u00e1ticas, como: educa\u00e7\u00e3o ambiental, artes, esportes, astronomia, coleta seletiva e incentivo \u00e0 arboriza\u00e7\u00e3o. O p\u00fablico poder\u00e1 conferir palestras sobre meio ambiente e diversas atividades ao ar livre nos parques da cidade, que buscam a conscientiza\u00e7\u00e3o, o conhecimento e","og_url":"https:\/\/www.encontramoema.com.br\/sobre\/parque-do-ibirapuera-recebera-virada-ambiental\/","og_site_name":"Encontra Moema","article_published_time":"2013-08-12T14:37:17+00:00","article_modified_time":"2019-04-12T21:01:26+00:00","author":"Encontra Moema","twitter_card":"summary_large_image","twitter_misc":{"Escrito por":"Encontra Moema","Est. tempo de leitura":"8 minutos"},"schema":{"@context":"https:\/\/schema.org","@graph":[{"@type":"WebPage","@id":"https:\/\/www.encontramoema.com.br\/sobre\/parque-do-ibirapuera-recebera-virada-ambiental\/","url":"https:\/\/www.encontramoema.com.br\/sobre\/parque-do-ibirapuera-recebera-virada-ambiental\/","name":"Parque do Ibirapuera receber\u00e1 Virada Ambiental - Encontra Moema","isPartOf":{"@id":"https:\/\/www.encontramoema.com.br\/sobre\/#website"},"datePublished":"2013-08-12T14:37:17+00:00","dateModified":"2019-04-12T21:01:26+00:00","author":{"@id":"https:\/\/www.encontramoema.com.br\/sobre\/#\/schema\/person\/3c3656d12b82130d77eba13c4ef23efa"},"breadcrumb":{"@id":"https:\/\/www.encontramoema.com.br\/sobre\/parque-do-ibirapuera-recebera-virada-ambiental\/#breadcrumb"},"inLanguage":"pt-BR","potentialAction":[{"@type":"ReadAction","target":["https:\/\/www.encontramoema.com.br\/sobre\/parque-do-ibirapuera-recebera-virada-ambiental\/"]}]},{"@type":"BreadcrumbList","@id":"https:\/\/www.encontramoema.com.br\/sobre\/parque-do-ibirapuera-recebera-virada-ambiental\/#breadcrumb","itemListElement":[{"@type":"ListItem","position":1,"name":"In\u00edcio","item":"https:\/\/www.encontramoema.com.br\/sobre\/"},{"@type":"ListItem","position":2,"name":"Parque do Ibirapuera receber\u00e1 Virada Ambiental"}]},{"@type":"WebSite","@id":"https:\/\/www.encontramoema.com.br\/sobre\/#website","url":"https:\/\/www.encontramoema.com.br\/sobre\/","name":"Encontra Moema","description":"Not\u00edcias, eventos, informa\u00e7\u00f5es e dicas no bairro de Moema e regi\u00e3o.","potentialAction":[{"@type":"SearchAction","target":{"@type":"EntryPoint","urlTemplate":"https:\/\/www.encontramoema.com.br\/sobre\/?s={search_term_string}"},"query-input":{"@type":"PropertyValueSpecification","valueRequired":true,"valueName":"search_term_string"}}],"inLanguage":"pt-BR"},{"@type":"Person","@id":"https:\/\/www.encontramoema.com.br\/sobre\/#\/schema\/person\/3c3656d12b82130d77eba13c4ef23efa","name":"Encontra Moema","image":{"@type":"ImageObject","inLanguage":"pt-BR","@id":"https:\/\/www.encontramoema.com.br\/sobre\/#\/schema\/person\/image\/","url":"https:\/\/secure.gravatar.com\/avatar\/0fbed662e37531ae23e68f85f9517b2454e50c1dfebf80eb9b721449ac95e0b9?s=96&d=mm&r=g","contentUrl":"https:\/\/secure.gravatar.com\/avatar\/0fbed662e37531ae23e68f85f9517b2454e50c1dfebf80eb9b721449ac95e0b9?s=96&d=mm&r=g","caption":"Encontra Moema"},"url":"https:\/\/www.encontramoema.com.br\/sobre\/author\/emoema\/"}]}},"_links":{"self":[{"href":"https:\/\/www.encontramoema.com.br\/sobre\/wp-json\/wp\/v2\/posts\/17044","targetHints":{"allow":["GET"]}}],"collection":[{"href":"https:\/\/www.encontramoema.com.br\/sobre\/wp-json\/wp\/v2\/posts"}],"about":[{"href":"https:\/\/www.encontramoema.com.br\/sobre\/wp-json\/wp\/v2\/types\/post"}],"author":[{"embeddable":true,"href":"https:\/\/www.encontramoema.com.br\/sobre\/wp-json\/wp\/v2\/users\/1"}],"replies":[{"embeddable":true,"href":"https:\/\/www.encontramoema.com.br\/sobre\/wp-json\/wp\/v2\/comments?post=17044"}],"version-history":[{"count":0,"href":"https:\/\/www.encontramoema.com.br\/sobre\/wp-json\/wp\/v2\/posts\/17044\/revisions"}],"wp:attachment":[{"href":"https:\/\/www.encontramoema.com.br\/sobre\/wp-json\/wp\/v2\/media?parent=17044"}],"wp:term":[{"taxonomy":"category","embeddable":true,"href":"https:\/\/www.encontramoema.com.br\/sobre\/wp-json\/wp\/v2\/categories?post=17044"},{"taxonomy":"post_tag","embeddable":true,"href":"https:\/\/www.encontramoema.com.br\/sobre\/wp-json\/wp\/v2\/tags?post=17044"}],"curies":[{"name":"wp","href":"https:\/\/api.w.org\/{rel}","templated":true}]}}