{"id":174,"date":"2009-11-18T12:00:04","date_gmt":"2009-11-18T14:00:04","guid":{"rendered":"http:\/\/www.encontramoema.com.br\/blog\/?p=174"},"modified":"2019-04-12T19:06:29","modified_gmt":"2019-04-12T21:06:29","slug":"arvore-de-natal-do-ibirapuera-sera-5-metros-mais-alta-este-ano","status":"publish","type":"post","link":"https:\/\/www.encontramoema.com.br\/sobre\/arvore-de-natal-do-ibirapuera-sera-5-metros-mais-alta-este-ano\/","title":{"rendered":"\u00c1rvore de Natal do Ibirapuera ser\u00e1 5 metros mais alta este ano"},"content":{"rendered":"<div class=\"b7f545a958fd6350ffae2d30a84cafb8\" data-index=\"1\" style=\"float: none; margin:0px;\">\n<!-- Anuncio display - global -->\r\n<ins class=\"adsbygoogle\"\r\n     style=\"display:block\"\r\n     data-ad-client=\"ca-pub-8585364105181520\"\r\n     data-ad-slot=\"8789329856\"\r\n     data-ad-format=\"auto\"\r\n     data-full-width-responsive=\"true\"><\/ins>\r\n<script>\r\n     (adsbygoogle = window.adsbygoogle || []).push({});\r\n<\/script>\n<\/div>\n<p>Uma \u00e1rvore de Natal cinco metros mais alta que a do ano passado ser\u00e1 montada em frente ao Parque do Ibirapuera neste ano. A \u00e1rvore ter\u00e1 75 metros de altura. Al\u00e9m disso, uma grande \u00e1rvore iluminada, com um Papai Noel com cerca de 20 metros de altura, enfeitar\u00e1 a ponte Octavio Frias de Oliveira, a ponte Estaiada, na Zona Sul.<\/p>\n<p>A programa\u00e7\u00e3o da prefeitura de S\u00e3o Paulo tamb\u00e9m inclui o desfile &#8220;Momentos M\u00e1gicos da Disney&#8221;, com artistas e carros aleg\u00f3ricos pelas ruas da Zona Norte, e shows da cantora Maria Rita e do padre Marcelo Rossi. Haver\u00e1 ainda queima de fogos nas margens da Represa de Guarapiranga, na Zona Sul.<\/p>\n<p>Os festejos natalinos programados pela prefeitura come\u00e7ar\u00e3o em 5 de dezembro e v\u00e3o at\u00e9 6 de janeiro. Os paulistanos poder\u00e3o conhecer toda a decora\u00e7\u00e3o de Natal da cidade fazendo os Roteiros Natalinos, promovidos pela S\u00e3o Paulo Turismo (SPTuris), empresa respons\u00e1vel pelos eventos e turismo na cidade. Sete \u00f4nibus di\u00e1rios partir\u00e3o da pra\u00e7a do Patriarca, no Centro. Os ingressos custar\u00e3o R$ 10.<\/p>\n<p>A prefeitura promete espalhar mais de 25 milh\u00f5es de microl\u00e2mpadas, 3,5 mil refletores e 25 km de mangueiras iluminadas pela cidade.<\/p>\n<p><em>Fonte: JT<\/em><\/p>\n\n<div style=\"font-size: 0px; height: 0px; line-height: 0px; margin: 0; padding: 0; clear: both;\"><\/div>","protected":false},"excerpt":{"rendered":"<p>Uma \u00e1rvore de Natal cinco metros mais alta que a do ano passado ser\u00e1 montada em frente ao Parque do Ibirapuera neste ano. A \u00e1rvore ter\u00e1 75 metros de altura. Al\u00e9m disso, uma grande \u00e1rvore iluminada, com um Papai Noel com cerca de 20 metros de altura, enfeitar\u00e1 a ponte Octavio Frias de Oliveira, a ponte Estaiada, na Zona Sul. A programa\u00e7\u00e3o da prefeitura de S\u00e3o Paulo tamb\u00e9m inclui o desfile &#8220;Momentos M\u00e1gicos da Disney&#8221;, com artistas e carros aleg\u00f3ricos pelas ruas da Zona Norte, e shows da cantora Maria Rita e do padre Marcelo Rossi. Haver\u00e1 ainda queima de <\/p>\n","protected":false},"author":1,"featured_media":0,"comment_status":"open","ping_status":"closed","sticky":false,"template":"","format":"standard","meta":{"footnotes":""},"categories":[1],"tags":[9],"class_list":["post-174","post","type-post","status-publish","format-standard","hentry","category-noticias-em-moema","tag-ibirapuera"],"yoast_head":"<!-- This site is optimized with the Yoast SEO plugin v26.3 - https:\/\/yoast.com\/wordpress\/plugins\/seo\/ -->\n<title>\u00c1rvore de Natal do Ibirapuera ser\u00e1 5 metros mais alta este ano - Encontra Moema<\/title>\n<meta name=\"robots\" content=\"index, follow, max-snippet:-1, max-image-preview:large, max-video-preview:-1\" \/>\n<link rel=\"canonical\" href=\"https:\/\/www.encontramoema.com.br\/sobre\/arvore-de-natal-do-ibirapuera-sera-5-metros-mais-alta-este-ano\/\" \/>\n<meta property=\"og:locale\" content=\"pt_BR\" \/>\n<meta property=\"og:type\" content=\"article\" \/>\n<meta property=\"og:title\" content=\"\u00c1rvore de Natal do Ibirapuera ser\u00e1 5 metros mais alta este ano - Encontra Moema\" \/>\n<meta property=\"og:description\" content=\"Uma \u00e1rvore de Natal cinco metros mais alta que a do ano passado ser\u00e1 montada em frente ao Parque do Ibirapuera neste ano. A \u00e1rvore ter\u00e1 75 metros de altura. Al\u00e9m disso, uma grande \u00e1rvore iluminada, com um Papai Noel com cerca de 20 metros de altura, enfeitar\u00e1 a ponte Octavio Frias de Oliveira, a ponte Estaiada, na Zona Sul. A programa\u00e7\u00e3o da prefeitura de S\u00e3o Paulo tamb\u00e9m inclui o desfile &#8220;Momentos M\u00e1gicos da Disney&#8221;, com artistas e carros aleg\u00f3ricos pelas ruas da Zona Norte, e shows da cantora Maria Rita e do padre Marcelo Rossi. Haver\u00e1 ainda queima de\" \/>\n<meta property=\"og:url\" content=\"https:\/\/www.encontramoema.com.br\/sobre\/arvore-de-natal-do-ibirapuera-sera-5-metros-mais-alta-este-ano\/\" \/>\n<meta property=\"og:site_name\" content=\"Encontra Moema\" \/>\n<meta property=\"article:published_time\" content=\"2009-11-18T14:00:04+00:00\" \/>\n<meta property=\"article:modified_time\" content=\"2019-04-12T21:06:29+00:00\" \/>\n<meta name=\"author\" content=\"Encontra Moema\" \/>\n<meta name=\"twitter:card\" content=\"summary_large_image\" \/>\n<meta name=\"twitter:label1\" content=\"Escrito por\" \/>\n\t<meta name=\"twitter:data1\" content=\"Encontra Moema\" \/>\n\t<meta name=\"twitter:label2\" content=\"Est. tempo de leitura\" \/>\n\t<meta name=\"twitter:data2\" content=\"1 minuto\" \/>\n<script type=\"application\/ld+json\" class=\"yoast-schema-graph\">{\"@context\":\"https:\/\/schema.org\",\"@graph\":[{\"@type\":\"WebPage\",\"@id\":\"https:\/\/www.encontramoema.com.br\/sobre\/arvore-de-natal-do-ibirapuera-sera-5-metros-mais-alta-este-ano\/\",\"url\":\"https:\/\/www.encontramoema.com.br\/sobre\/arvore-de-natal-do-ibirapuera-sera-5-metros-mais-alta-este-ano\/\",\"name\":\"\u00c1rvore de Natal do Ibirapuera ser\u00e1 5 metros mais alta este ano - Encontra Moema\",\"isPartOf\":{\"@id\":\"https:\/\/www.encontramoema.com.br\/sobre\/#website\"},\"datePublished\":\"2009-11-18T14:00:04+00:00\",\"dateModified\":\"2019-04-12T21:06:29+00:00\",\"author\":{\"@id\":\"https:\/\/www.encontramoema.com.br\/sobre\/#\/schema\/person\/3c3656d12b82130d77eba13c4ef23efa\"},\"breadcrumb\":{\"@id\":\"https:\/\/www.encontramoema.com.br\/sobre\/arvore-de-natal-do-ibirapuera-sera-5-metros-mais-alta-este-ano\/#breadcrumb\"},\"inLanguage\":\"pt-BR\",\"potentialAction\":[{\"@type\":\"ReadAction\",\"target\":[\"https:\/\/www.encontramoema.com.br\/sobre\/arvore-de-natal-do-ibirapuera-sera-5-metros-mais-alta-este-ano\/\"]}]},{\"@type\":\"BreadcrumbList\",\"@id\":\"https:\/\/www.encontramoema.com.br\/sobre\/arvore-de-natal-do-ibirapuera-sera-5-metros-mais-alta-este-ano\/#breadcrumb\",\"itemListElement\":[{\"@type\":\"ListItem\",\"position\":1,\"name\":\"In\u00edcio\",\"item\":\"https:\/\/www.encontramoema.com.br\/sobre\/\"},{\"@type\":\"ListItem\",\"position\":2,\"name\":\"\u00c1rvore de Natal do Ibirapuera ser\u00e1 5 metros mais alta este ano\"}]},{\"@type\":\"WebSite\",\"@id\":\"https:\/\/www.encontramoema.com.br\/sobre\/#website\",\"url\":\"https:\/\/www.encontramoema.com.br\/sobre\/\",\"name\":\"Encontra Moema\",\"description\":\"Not\u00edcias, eventos, informa\u00e7\u00f5es e dicas no bairro de Moema e regi\u00e3o.\",\"potentialAction\":[{\"@type\":\"SearchAction\",\"target\":{\"@type\":\"EntryPoint\",\"urlTemplate\":\"https:\/\/www.encontramoema.com.br\/sobre\/?s={search_term_string}\"},\"query-input\":{\"@type\":\"PropertyValueSpecification\",\"valueRequired\":true,\"valueName\":\"search_term_string\"}}],\"inLanguage\":\"pt-BR\"},{\"@type\":\"Person\",\"@id\":\"https:\/\/www.encontramoema.com.br\/sobre\/#\/schema\/person\/3c3656d12b82130d77eba13c4ef23efa\",\"name\":\"Encontra Moema\",\"image\":{\"@type\":\"ImageObject\",\"inLanguage\":\"pt-BR\",\"@id\":\"https:\/\/www.encontramoema.com.br\/sobre\/#\/schema\/person\/image\/\",\"url\":\"https:\/\/secure.gravatar.com\/avatar\/0fbed662e37531ae23e68f85f9517b2454e50c1dfebf80eb9b721449ac95e0b9?s=96&d=mm&r=g\",\"contentUrl\":\"https:\/\/secure.gravatar.com\/avatar\/0fbed662e37531ae23e68f85f9517b2454e50c1dfebf80eb9b721449ac95e0b9?s=96&d=mm&r=g\",\"caption\":\"Encontra Moema\"},\"url\":\"https:\/\/www.encontramoema.com.br\/sobre\/author\/emoema\/\"}]}<\/script>\n<!-- \/ Yoast SEO plugin. -->","yoast_head_json":{"title":"\u00c1rvore de Natal do Ibirapuera ser\u00e1 5 metros mais alta este ano - Encontra Moema","robots":{"index":"index","follow":"follow","max-snippet":"max-snippet:-1","max-image-preview":"max-image-preview:large","max-video-preview":"max-video-preview:-1"},"canonical":"https:\/\/www.encontramoema.com.br\/sobre\/arvore-de-natal-do-ibirapuera-sera-5-metros-mais-alta-este-ano\/","og_locale":"pt_BR","og_type":"article","og_title":"\u00c1rvore de Natal do Ibirapuera ser\u00e1 5 metros mais alta este ano - Encontra Moema","og_description":"Uma \u00e1rvore de Natal cinco metros mais alta que a do ano passado ser\u00e1 montada em frente ao Parque do Ibirapuera neste ano. A \u00e1rvore ter\u00e1 75 metros de altura. Al\u00e9m disso, uma grande \u00e1rvore iluminada, com um Papai Noel com cerca de 20 metros de altura, enfeitar\u00e1 a ponte Octavio Frias de Oliveira, a ponte Estaiada, na Zona Sul. A programa\u00e7\u00e3o da prefeitura de S\u00e3o Paulo tamb\u00e9m inclui o desfile &#8220;Momentos M\u00e1gicos da Disney&#8221;, com artistas e carros aleg\u00f3ricos pelas ruas da Zona Norte, e shows da cantora Maria Rita e do padre Marcelo Rossi. Haver\u00e1 ainda queima de","og_url":"https:\/\/www.encontramoema.com.br\/sobre\/arvore-de-natal-do-ibirapuera-sera-5-metros-mais-alta-este-ano\/","og_site_name":"Encontra Moema","article_published_time":"2009-11-18T14:00:04+00:00","article_modified_time":"2019-04-12T21:06:29+00:00","author":"Encontra Moema","twitter_card":"summary_large_image","twitter_misc":{"Escrito por":"Encontra Moema","Est. tempo de leitura":"1 minuto"},"schema":{"@context":"https:\/\/schema.org","@graph":[{"@type":"WebPage","@id":"https:\/\/www.encontramoema.com.br\/sobre\/arvore-de-natal-do-ibirapuera-sera-5-metros-mais-alta-este-ano\/","url":"https:\/\/www.encontramoema.com.br\/sobre\/arvore-de-natal-do-ibirapuera-sera-5-metros-mais-alta-este-ano\/","name":"\u00c1rvore de Natal do Ibirapuera ser\u00e1 5 metros mais alta este ano - Encontra Moema","isPartOf":{"@id":"https:\/\/www.encontramoema.com.br\/sobre\/#website"},"datePublished":"2009-11-18T14:00:04+00:00","dateModified":"2019-04-12T21:06:29+00:00","author":{"@id":"https:\/\/www.encontramoema.com.br\/sobre\/#\/schema\/person\/3c3656d12b82130d77eba13c4ef23efa"},"breadcrumb":{"@id":"https:\/\/www.encontramoema.com.br\/sobre\/arvore-de-natal-do-ibirapuera-sera-5-metros-mais-alta-este-ano\/#breadcrumb"},"inLanguage":"pt-BR","potentialAction":[{"@type":"ReadAction","target":["https:\/\/www.encontramoema.com.br\/sobre\/arvore-de-natal-do-ibirapuera-sera-5-metros-mais-alta-este-ano\/"]}]},{"@type":"BreadcrumbList","@id":"https:\/\/www.encontramoema.com.br\/sobre\/arvore-de-natal-do-ibirapuera-sera-5-metros-mais-alta-este-ano\/#breadcrumb","itemListElement":[{"@type":"ListItem","position":1,"name":"In\u00edcio","item":"https:\/\/www.encontramoema.com.br\/sobre\/"},{"@type":"ListItem","position":2,"name":"\u00c1rvore de Natal do Ibirapuera ser\u00e1 5 metros mais alta este ano"}]},{"@type":"WebSite","@id":"https:\/\/www.encontramoema.com.br\/sobre\/#website","url":"https:\/\/www.encontramoema.com.br\/sobre\/","name":"Encontra Moema","description":"Not\u00edcias, eventos, informa\u00e7\u00f5es e dicas no bairro de Moema e regi\u00e3o.","potentialAction":[{"@type":"SearchAction","target":{"@type":"EntryPoint","urlTemplate":"https:\/\/www.encontramoema.com.br\/sobre\/?s={search_term_string}"},"query-input":{"@type":"PropertyValueSpecification","valueRequired":true,"valueName":"search_term_string"}}],"inLanguage":"pt-BR"},{"@type":"Person","@id":"https:\/\/www.encontramoema.com.br\/sobre\/#\/schema\/person\/3c3656d12b82130d77eba13c4ef23efa","name":"Encontra Moema","image":{"@type":"ImageObject","inLanguage":"pt-BR","@id":"https:\/\/www.encontramoema.com.br\/sobre\/#\/schema\/person\/image\/","url":"https:\/\/secure.gravatar.com\/avatar\/0fbed662e37531ae23e68f85f9517b2454e50c1dfebf80eb9b721449ac95e0b9?s=96&d=mm&r=g","contentUrl":"https:\/\/secure.gravatar.com\/avatar\/0fbed662e37531ae23e68f85f9517b2454e50c1dfebf80eb9b721449ac95e0b9?s=96&d=mm&r=g","caption":"Encontra Moema"},"url":"https:\/\/www.encontramoema.com.br\/sobre\/author\/emoema\/"}]}},"_links":{"self":[{"href":"https:\/\/www.encontramoema.com.br\/sobre\/wp-json\/wp\/v2\/posts\/174","targetHints":{"allow":["GET"]}}],"collection":[{"href":"https:\/\/www.encontramoema.com.br\/sobre\/wp-json\/wp\/v2\/posts"}],"about":[{"href":"https:\/\/www.encontramoema.com.br\/sobre\/wp-json\/wp\/v2\/types\/post"}],"author":[{"embeddable":true,"href":"https:\/\/www.encontramoema.com.br\/sobre\/wp-json\/wp\/v2\/users\/1"}],"replies":[{"embeddable":true,"href":"https:\/\/www.encontramoema.com.br\/sobre\/wp-json\/wp\/v2\/comments?post=174"}],"version-history":[{"count":0,"href":"https:\/\/www.encontramoema.com.br\/sobre\/wp-json\/wp\/v2\/posts\/174\/revisions"}],"wp:attachment":[{"href":"https:\/\/www.encontramoema.com.br\/sobre\/wp-json\/wp\/v2\/media?parent=174"}],"wp:term":[{"taxonomy":"category","embeddable":true,"href":"https:\/\/www.encontramoema.com.br\/sobre\/wp-json\/wp\/v2\/categories?post=174"},{"taxonomy":"post_tag","embeddable":true,"href":"https:\/\/www.encontramoema.com.br\/sobre\/wp-json\/wp\/v2\/tags?post=174"}],"curies":[{"name":"wp","href":"https:\/\/api.w.org\/{rel}","templated":true}]}}