{"id":180,"date":"2009-11-24T23:39:49","date_gmt":"2009-11-25T01:39:49","guid":{"rendered":"http:\/\/www.encontramoema.com.br\/blog\/?p=180"},"modified":"2019-04-12T19:06:29","modified_gmt":"2019-04-12T21:06:29","slug":"acidente-entre-dois-onibus-deixa-12-feridos-em-moema","status":"publish","type":"post","link":"https:\/\/www.encontramoema.com.br\/sobre\/acidente-entre-dois-onibus-deixa-12-feridos-em-moema\/","title":{"rendered":"Acidente entre dois \u00f4nibus deixa 12 feridos em Moema"},"content":{"rendered":"<div class=\"b7f545a958fd6350ffae2d30a84cafb8\" data-index=\"1\" style=\"float: none; margin:0px;\">\n<!-- Anuncio display - global -->\r\n<ins class=\"adsbygoogle\"\r\n     style=\"display:block\"\r\n     data-ad-client=\"ca-pub-8585364105181520\"\r\n     data-ad-slot=\"8789329856\"\r\n     data-ad-format=\"auto\"\r\n     data-full-width-responsive=\"true\"><\/ins>\r\n<script>\r\n     (adsbygoogle = window.adsbygoogle || []).push({});\r\n<\/script>\n<\/div>\n<p>Um acidente entre dois \u00f4nibus deixou pelo menos 12 pessoas feridas, na noite desta ter\u00e7a-feira, em Moema, na zona sul de S\u00e3o Paulo. A colis\u00e3o aconteceu no cruzamento da Avenida dos Imar\u00e9s com a Alameda dos Maracatins. Quatro pessoas, todas com ferimentos leves, foram socorridas pelo Corpo de Bombeiros. Os \u00f4nibus se chocaram contra um posto de combust\u00edveis. Houve vazamento do produto no local.<\/p>\n<p><em>Fonte: O Globo<\/em><\/p>\n\n<div style=\"font-size: 0px; height: 0px; line-height: 0px; margin: 0; padding: 0; clear: both;\"><\/div>","protected":false},"excerpt":{"rendered":"<p>Um acidente entre dois \u00f4nibus deixou pelo menos 12 pessoas feridas, na noite desta ter\u00e7a-feira, em Moema, na zona sul de S\u00e3o Paulo. A colis\u00e3o aconteceu no cruzamento da Avenida dos Imar\u00e9s com a Alameda dos Maracatins. Quatro pessoas, todas com ferimentos leves, foram socorridas pelo Corpo de Bombeiros. Os \u00f4nibus se chocaram contra um posto de combust\u00edveis. Houve vazamento do produto no local. Fonte: O Globo<\/p>\n","protected":false},"author":1,"featured_media":0,"comment_status":"open","ping_status":"closed","sticky":false,"template":"","format":"standard","meta":{"footnotes":""},"categories":[1],"tags":[7],"class_list":["post-180","post","type-post","status-publish","format-standard","hentry","category-noticias-em-moema","tag-moema"],"yoast_head":"<!-- This site is optimized with the Yoast SEO plugin v26.3 - https:\/\/yoast.com\/wordpress\/plugins\/seo\/ -->\n<title>Acidente entre dois \u00f4nibus deixa 12 feridos em Moema - Encontra Moema<\/title>\n<meta name=\"robots\" content=\"index, follow, max-snippet:-1, max-image-preview:large, max-video-preview:-1\" \/>\n<link rel=\"canonical\" href=\"https:\/\/www.encontramoema.com.br\/sobre\/acidente-entre-dois-onibus-deixa-12-feridos-em-moema\/\" \/>\n<meta property=\"og:locale\" content=\"pt_BR\" \/>\n<meta property=\"og:type\" content=\"article\" \/>\n<meta property=\"og:title\" content=\"Acidente entre dois \u00f4nibus deixa 12 feridos em Moema - Encontra Moema\" \/>\n<meta property=\"og:description\" content=\"Um acidente entre dois \u00f4nibus deixou pelo menos 12 pessoas feridas, na noite desta ter\u00e7a-feira, em Moema, na zona sul de S\u00e3o Paulo. A colis\u00e3o aconteceu no cruzamento da Avenida dos Imar\u00e9s com a Alameda dos Maracatins. Quatro pessoas, todas com ferimentos leves, foram socorridas pelo Corpo de Bombeiros. Os \u00f4nibus se chocaram contra um posto de combust\u00edveis. Houve vazamento do produto no local. Fonte: O Globo\" \/>\n<meta property=\"og:url\" content=\"https:\/\/www.encontramoema.com.br\/sobre\/acidente-entre-dois-onibus-deixa-12-feridos-em-moema\/\" \/>\n<meta property=\"og:site_name\" content=\"Encontra Moema\" \/>\n<meta property=\"article:published_time\" content=\"2009-11-25T01:39:49+00:00\" \/>\n<meta property=\"article:modified_time\" content=\"2019-04-12T21:06:29+00:00\" \/>\n<meta name=\"author\" content=\"Encontra Moema\" \/>\n<meta name=\"twitter:card\" content=\"summary_large_image\" \/>\n<meta name=\"twitter:label1\" content=\"Escrito por\" \/>\n\t<meta name=\"twitter:data1\" content=\"Encontra Moema\" \/>\n<script type=\"application\/ld+json\" class=\"yoast-schema-graph\">{\"@context\":\"https:\/\/schema.org\",\"@graph\":[{\"@type\":\"WebPage\",\"@id\":\"https:\/\/www.encontramoema.com.br\/sobre\/acidente-entre-dois-onibus-deixa-12-feridos-em-moema\/\",\"url\":\"https:\/\/www.encontramoema.com.br\/sobre\/acidente-entre-dois-onibus-deixa-12-feridos-em-moema\/\",\"name\":\"Acidente entre dois \u00f4nibus deixa 12 feridos em Moema - Encontra Moema\",\"isPartOf\":{\"@id\":\"https:\/\/www.encontramoema.com.br\/sobre\/#website\"},\"datePublished\":\"2009-11-25T01:39:49+00:00\",\"dateModified\":\"2019-04-12T21:06:29+00:00\",\"author\":{\"@id\":\"https:\/\/www.encontramoema.com.br\/sobre\/#\/schema\/person\/3c3656d12b82130d77eba13c4ef23efa\"},\"breadcrumb\":{\"@id\":\"https:\/\/www.encontramoema.com.br\/sobre\/acidente-entre-dois-onibus-deixa-12-feridos-em-moema\/#breadcrumb\"},\"inLanguage\":\"pt-BR\",\"potentialAction\":[{\"@type\":\"ReadAction\",\"target\":[\"https:\/\/www.encontramoema.com.br\/sobre\/acidente-entre-dois-onibus-deixa-12-feridos-em-moema\/\"]}]},{\"@type\":\"BreadcrumbList\",\"@id\":\"https:\/\/www.encontramoema.com.br\/sobre\/acidente-entre-dois-onibus-deixa-12-feridos-em-moema\/#breadcrumb\",\"itemListElement\":[{\"@type\":\"ListItem\",\"position\":1,\"name\":\"In\u00edcio\",\"item\":\"https:\/\/www.encontramoema.com.br\/sobre\/\"},{\"@type\":\"ListItem\",\"position\":2,\"name\":\"Acidente entre dois \u00f4nibus deixa 12 feridos em Moema\"}]},{\"@type\":\"WebSite\",\"@id\":\"https:\/\/www.encontramoema.com.br\/sobre\/#website\",\"url\":\"https:\/\/www.encontramoema.com.br\/sobre\/\",\"name\":\"Encontra Moema\",\"description\":\"Not\u00edcias, eventos, informa\u00e7\u00f5es e dicas no bairro de Moema e regi\u00e3o.\",\"potentialAction\":[{\"@type\":\"SearchAction\",\"target\":{\"@type\":\"EntryPoint\",\"urlTemplate\":\"https:\/\/www.encontramoema.com.br\/sobre\/?s={search_term_string}\"},\"query-input\":{\"@type\":\"PropertyValueSpecification\",\"valueRequired\":true,\"valueName\":\"search_term_string\"}}],\"inLanguage\":\"pt-BR\"},{\"@type\":\"Person\",\"@id\":\"https:\/\/www.encontramoema.com.br\/sobre\/#\/schema\/person\/3c3656d12b82130d77eba13c4ef23efa\",\"name\":\"Encontra Moema\",\"image\":{\"@type\":\"ImageObject\",\"inLanguage\":\"pt-BR\",\"@id\":\"https:\/\/www.encontramoema.com.br\/sobre\/#\/schema\/person\/image\/\",\"url\":\"https:\/\/secure.gravatar.com\/avatar\/0fbed662e37531ae23e68f85f9517b2454e50c1dfebf80eb9b721449ac95e0b9?s=96&d=mm&r=g\",\"contentUrl\":\"https:\/\/secure.gravatar.com\/avatar\/0fbed662e37531ae23e68f85f9517b2454e50c1dfebf80eb9b721449ac95e0b9?s=96&d=mm&r=g\",\"caption\":\"Encontra Moema\"},\"url\":\"https:\/\/www.encontramoema.com.br\/sobre\/author\/emoema\/\"}]}<\/script>\n<!-- \/ Yoast SEO plugin. -->","yoast_head_json":{"title":"Acidente entre dois \u00f4nibus deixa 12 feridos em Moema - Encontra Moema","robots":{"index":"index","follow":"follow","max-snippet":"max-snippet:-1","max-image-preview":"max-image-preview:large","max-video-preview":"max-video-preview:-1"},"canonical":"https:\/\/www.encontramoema.com.br\/sobre\/acidente-entre-dois-onibus-deixa-12-feridos-em-moema\/","og_locale":"pt_BR","og_type":"article","og_title":"Acidente entre dois \u00f4nibus deixa 12 feridos em Moema - Encontra Moema","og_description":"Um acidente entre dois \u00f4nibus deixou pelo menos 12 pessoas feridas, na noite desta ter\u00e7a-feira, em Moema, na zona sul de S\u00e3o Paulo. A colis\u00e3o aconteceu no cruzamento da Avenida dos Imar\u00e9s com a Alameda dos Maracatins. Quatro pessoas, todas com ferimentos leves, foram socorridas pelo Corpo de Bombeiros. Os \u00f4nibus se chocaram contra um posto de combust\u00edveis. Houve vazamento do produto no local. Fonte: O Globo","og_url":"https:\/\/www.encontramoema.com.br\/sobre\/acidente-entre-dois-onibus-deixa-12-feridos-em-moema\/","og_site_name":"Encontra Moema","article_published_time":"2009-11-25T01:39:49+00:00","article_modified_time":"2019-04-12T21:06:29+00:00","author":"Encontra Moema","twitter_card":"summary_large_image","twitter_misc":{"Escrito por":"Encontra Moema"},"schema":{"@context":"https:\/\/schema.org","@graph":[{"@type":"WebPage","@id":"https:\/\/www.encontramoema.com.br\/sobre\/acidente-entre-dois-onibus-deixa-12-feridos-em-moema\/","url":"https:\/\/www.encontramoema.com.br\/sobre\/acidente-entre-dois-onibus-deixa-12-feridos-em-moema\/","name":"Acidente entre dois \u00f4nibus deixa 12 feridos em Moema - Encontra Moema","isPartOf":{"@id":"https:\/\/www.encontramoema.com.br\/sobre\/#website"},"datePublished":"2009-11-25T01:39:49+00:00","dateModified":"2019-04-12T21:06:29+00:00","author":{"@id":"https:\/\/www.encontramoema.com.br\/sobre\/#\/schema\/person\/3c3656d12b82130d77eba13c4ef23efa"},"breadcrumb":{"@id":"https:\/\/www.encontramoema.com.br\/sobre\/acidente-entre-dois-onibus-deixa-12-feridos-em-moema\/#breadcrumb"},"inLanguage":"pt-BR","potentialAction":[{"@type":"ReadAction","target":["https:\/\/www.encontramoema.com.br\/sobre\/acidente-entre-dois-onibus-deixa-12-feridos-em-moema\/"]}]},{"@type":"BreadcrumbList","@id":"https:\/\/www.encontramoema.com.br\/sobre\/acidente-entre-dois-onibus-deixa-12-feridos-em-moema\/#breadcrumb","itemListElement":[{"@type":"ListItem","position":1,"name":"In\u00edcio","item":"https:\/\/www.encontramoema.com.br\/sobre\/"},{"@type":"ListItem","position":2,"name":"Acidente entre dois \u00f4nibus deixa 12 feridos em Moema"}]},{"@type":"WebSite","@id":"https:\/\/www.encontramoema.com.br\/sobre\/#website","url":"https:\/\/www.encontramoema.com.br\/sobre\/","name":"Encontra Moema","description":"Not\u00edcias, eventos, informa\u00e7\u00f5es e dicas no bairro de Moema e regi\u00e3o.","potentialAction":[{"@type":"SearchAction","target":{"@type":"EntryPoint","urlTemplate":"https:\/\/www.encontramoema.com.br\/sobre\/?s={search_term_string}"},"query-input":{"@type":"PropertyValueSpecification","valueRequired":true,"valueName":"search_term_string"}}],"inLanguage":"pt-BR"},{"@type":"Person","@id":"https:\/\/www.encontramoema.com.br\/sobre\/#\/schema\/person\/3c3656d12b82130d77eba13c4ef23efa","name":"Encontra Moema","image":{"@type":"ImageObject","inLanguage":"pt-BR","@id":"https:\/\/www.encontramoema.com.br\/sobre\/#\/schema\/person\/image\/","url":"https:\/\/secure.gravatar.com\/avatar\/0fbed662e37531ae23e68f85f9517b2454e50c1dfebf80eb9b721449ac95e0b9?s=96&d=mm&r=g","contentUrl":"https:\/\/secure.gravatar.com\/avatar\/0fbed662e37531ae23e68f85f9517b2454e50c1dfebf80eb9b721449ac95e0b9?s=96&d=mm&r=g","caption":"Encontra Moema"},"url":"https:\/\/www.encontramoema.com.br\/sobre\/author\/emoema\/"}]}},"_links":{"self":[{"href":"https:\/\/www.encontramoema.com.br\/sobre\/wp-json\/wp\/v2\/posts\/180","targetHints":{"allow":["GET"]}}],"collection":[{"href":"https:\/\/www.encontramoema.com.br\/sobre\/wp-json\/wp\/v2\/posts"}],"about":[{"href":"https:\/\/www.encontramoema.com.br\/sobre\/wp-json\/wp\/v2\/types\/post"}],"author":[{"embeddable":true,"href":"https:\/\/www.encontramoema.com.br\/sobre\/wp-json\/wp\/v2\/users\/1"}],"replies":[{"embeddable":true,"href":"https:\/\/www.encontramoema.com.br\/sobre\/wp-json\/wp\/v2\/comments?post=180"}],"version-history":[{"count":0,"href":"https:\/\/www.encontramoema.com.br\/sobre\/wp-json\/wp\/v2\/posts\/180\/revisions"}],"wp:attachment":[{"href":"https:\/\/www.encontramoema.com.br\/sobre\/wp-json\/wp\/v2\/media?parent=180"}],"wp:term":[{"taxonomy":"category","embeddable":true,"href":"https:\/\/www.encontramoema.com.br\/sobre\/wp-json\/wp\/v2\/categories?post=180"},{"taxonomy":"post_tag","embeddable":true,"href":"https:\/\/www.encontramoema.com.br\/sobre\/wp-json\/wp\/v2\/tags?post=180"}],"curies":[{"name":"wp","href":"https:\/\/api.w.org\/{rel}","templated":true}]}}