{"id":18831,"date":"2013-09-10T10:13:06","date_gmt":"2013-09-10T12:13:06","guid":{"rendered":"http:\/\/www.encontramoema.com.br\/blog\/?p=18831"},"modified":"2019-04-12T19:01:25","modified_gmt":"2019-04-12T21:01:25","slug":"banda-de-rock-garotas-suecas-se-apresenta-no-auditorio-do-ibirapuera","status":"publish","type":"post","link":"https:\/\/www.encontramoema.com.br\/sobre\/banda-de-rock-garotas-suecas-se-apresenta-no-auditorio-do-ibirapuera\/","title":{"rendered":"Banda de rock Garotas Su\u00e9cas se apresenta no Audit\u00f3rio do Ibirapuera"},"content":{"rendered":"<div class=\"b7f545a958fd6350ffae2d30a84cafb8\" data-index=\"1\" style=\"float: none; margin:0px;\">\n<!-- Anuncio display - global -->\r\n<ins class=\"adsbygoogle\"\r\n     style=\"display:block\"\r\n     data-ad-client=\"ca-pub-8585364105181520\"\r\n     data-ad-slot=\"8789329856\"\r\n     data-ad-format=\"auto\"\r\n     data-full-width-responsive=\"true\"><\/ins>\r\n<script>\r\n     (adsbygoogle = window.adsbygoogle || []).push({});\r\n<\/script>\n<\/div>\n<p>O Audit\u00f3rio Ibirapuera recebe, no dia 15 de setembro, a banda de rock Garotas Suecas.<\/p>\n<p>O show divulga o segundo \u00e1lbum, <em>Feras M\u00edticas.\u00a0<\/em><\/p>\n<p>Ap\u00f3s ganhar reconhecimento do p\u00fablico tocando rocks internacionais, a banda lan\u00e7ou dois \u00e1lbuns completos de m\u00fasicas de autoria pr\u00f3pria. Apesar do nome no feminino, h\u00e1 apenas uma garota na banda: o grupo \u00e9 formado por Guilherme Sal (voz), Tomaz Paoliello (guitarra e voz), Irina Bertolucci (teclado e voz), Fernando Freire (baixo) e Nico Paoliello (bateria e voz).<\/p>\n<p><strong>INFORMA\u00c7\u00d5ES DO EVENTO<\/strong><\/p>\n<p>Data(s): 15 de setembro de 2013<br \/>\nHor\u00e1rio(s): 19h<br \/>\nPre\u00e7o(s): R$20<br \/>\nOnde: Audit\u00f3rio Ibirapuera<br \/>\nEndere\u00e7o: Avenida Pedro \u00c1lvares Cabral, s\/n\u00b0 &#8211; Parque Ibirapuera<\/p>\n\n<div style=\"font-size: 0px; height: 0px; line-height: 0px; margin: 0; padding: 0; clear: both;\"><\/div>","protected":false},"excerpt":{"rendered":"<p>O Audit\u00f3rio Ibirapuera recebe, no dia 15 de setembro, a banda de rock Garotas Suecas. O show divulga o segundo \u00e1lbum, Feras M\u00edticas.\u00a0 Ap\u00f3s ganhar reconhecimento do p\u00fablico tocando rocks internacionais, a banda lan\u00e7ou dois \u00e1lbuns completos de m\u00fasicas de autoria pr\u00f3pria. Apesar do nome no feminino, h\u00e1 apenas uma garota na banda: o grupo \u00e9 formado por Guilherme Sal (voz), Tomaz Paoliello (guitarra e voz), Irina Bertolucci (teclado e voz), Fernando Freire (baixo) e Nico Paoliello (bateria e voz). INFORMA\u00c7\u00d5ES DO EVENTO Data(s): 15 de setembro de 2013 Hor\u00e1rio(s): 19h Pre\u00e7o(s): R$20 Onde: Audit\u00f3rio Ibirapuera Endere\u00e7o: Avenida Pedro \u00c1lvares <\/p>\n","protected":false},"author":1,"featured_media":0,"comment_status":"open","ping_status":"closed","sticky":false,"template":"","format":"standard","meta":{"footnotes":""},"categories":[1],"tags":[],"class_list":["post-18831","post","type-post","status-publish","format-standard","hentry","category-noticias-em-moema"],"yoast_head":"<!-- This site is optimized with the Yoast SEO plugin v26.3 - https:\/\/yoast.com\/wordpress\/plugins\/seo\/ -->\n<title>Banda de rock Garotas Su\u00e9cas se apresenta no Audit\u00f3rio do Ibirapuera - Encontra Moema<\/title>\n<meta name=\"robots\" content=\"index, follow, max-snippet:-1, max-image-preview:large, max-video-preview:-1\" \/>\n<link rel=\"canonical\" href=\"https:\/\/www.encontramoema.com.br\/sobre\/banda-de-rock-garotas-suecas-se-apresenta-no-auditorio-do-ibirapuera\/\" \/>\n<meta property=\"og:locale\" content=\"pt_BR\" \/>\n<meta property=\"og:type\" content=\"article\" \/>\n<meta property=\"og:title\" content=\"Banda de rock Garotas Su\u00e9cas se apresenta no Audit\u00f3rio do Ibirapuera - Encontra Moema\" \/>\n<meta property=\"og:description\" content=\"O Audit\u00f3rio Ibirapuera recebe, no dia 15 de setembro, a banda de rock Garotas Suecas. O show divulga o segundo \u00e1lbum, Feras M\u00edticas.\u00a0 Ap\u00f3s ganhar reconhecimento do p\u00fablico tocando rocks internacionais, a banda lan\u00e7ou dois \u00e1lbuns completos de m\u00fasicas de autoria pr\u00f3pria. Apesar do nome no feminino, h\u00e1 apenas uma garota na banda: o grupo \u00e9 formado por Guilherme Sal (voz), Tomaz Paoliello (guitarra e voz), Irina Bertolucci (teclado e voz), Fernando Freire (baixo) e Nico Paoliello (bateria e voz). INFORMA\u00c7\u00d5ES DO EVENTO Data(s): 15 de setembro de 2013 Hor\u00e1rio(s): 19h Pre\u00e7o(s): R$20 Onde: Audit\u00f3rio Ibirapuera Endere\u00e7o: Avenida Pedro \u00c1lvares\" \/>\n<meta property=\"og:url\" content=\"https:\/\/www.encontramoema.com.br\/sobre\/banda-de-rock-garotas-suecas-se-apresenta-no-auditorio-do-ibirapuera\/\" \/>\n<meta property=\"og:site_name\" content=\"Encontra Moema\" \/>\n<meta property=\"article:published_time\" content=\"2013-09-10T12:13:06+00:00\" \/>\n<meta property=\"article:modified_time\" content=\"2019-04-12T21:01:25+00:00\" \/>\n<meta name=\"author\" content=\"Encontra Moema\" \/>\n<meta name=\"twitter:card\" content=\"summary_large_image\" \/>\n<meta name=\"twitter:label1\" content=\"Escrito por\" \/>\n\t<meta name=\"twitter:data1\" content=\"Encontra Moema\" \/>\n\t<meta name=\"twitter:label2\" content=\"Est. tempo de leitura\" \/>\n\t<meta name=\"twitter:data2\" content=\"1 minuto\" \/>\n<script type=\"application\/ld+json\" class=\"yoast-schema-graph\">{\"@context\":\"https:\/\/schema.org\",\"@graph\":[{\"@type\":\"WebPage\",\"@id\":\"https:\/\/www.encontramoema.com.br\/sobre\/banda-de-rock-garotas-suecas-se-apresenta-no-auditorio-do-ibirapuera\/\",\"url\":\"https:\/\/www.encontramoema.com.br\/sobre\/banda-de-rock-garotas-suecas-se-apresenta-no-auditorio-do-ibirapuera\/\",\"name\":\"Banda de rock Garotas Su\u00e9cas se apresenta no Audit\u00f3rio do Ibirapuera - Encontra Moema\",\"isPartOf\":{\"@id\":\"https:\/\/www.encontramoema.com.br\/sobre\/#website\"},\"datePublished\":\"2013-09-10T12:13:06+00:00\",\"dateModified\":\"2019-04-12T21:01:25+00:00\",\"author\":{\"@id\":\"https:\/\/www.encontramoema.com.br\/sobre\/#\/schema\/person\/3c3656d12b82130d77eba13c4ef23efa\"},\"breadcrumb\":{\"@id\":\"https:\/\/www.encontramoema.com.br\/sobre\/banda-de-rock-garotas-suecas-se-apresenta-no-auditorio-do-ibirapuera\/#breadcrumb\"},\"inLanguage\":\"pt-BR\",\"potentialAction\":[{\"@type\":\"ReadAction\",\"target\":[\"https:\/\/www.encontramoema.com.br\/sobre\/banda-de-rock-garotas-suecas-se-apresenta-no-auditorio-do-ibirapuera\/\"]}]},{\"@type\":\"BreadcrumbList\",\"@id\":\"https:\/\/www.encontramoema.com.br\/sobre\/banda-de-rock-garotas-suecas-se-apresenta-no-auditorio-do-ibirapuera\/#breadcrumb\",\"itemListElement\":[{\"@type\":\"ListItem\",\"position\":1,\"name\":\"In\u00edcio\",\"item\":\"https:\/\/www.encontramoema.com.br\/sobre\/\"},{\"@type\":\"ListItem\",\"position\":2,\"name\":\"Banda de rock Garotas Su\u00e9cas se apresenta no Audit\u00f3rio do Ibirapuera\"}]},{\"@type\":\"WebSite\",\"@id\":\"https:\/\/www.encontramoema.com.br\/sobre\/#website\",\"url\":\"https:\/\/www.encontramoema.com.br\/sobre\/\",\"name\":\"Encontra Moema\",\"description\":\"Not\u00edcias, eventos, informa\u00e7\u00f5es e dicas no bairro de Moema e regi\u00e3o.\",\"potentialAction\":[{\"@type\":\"SearchAction\",\"target\":{\"@type\":\"EntryPoint\",\"urlTemplate\":\"https:\/\/www.encontramoema.com.br\/sobre\/?s={search_term_string}\"},\"query-input\":{\"@type\":\"PropertyValueSpecification\",\"valueRequired\":true,\"valueName\":\"search_term_string\"}}],\"inLanguage\":\"pt-BR\"},{\"@type\":\"Person\",\"@id\":\"https:\/\/www.encontramoema.com.br\/sobre\/#\/schema\/person\/3c3656d12b82130d77eba13c4ef23efa\",\"name\":\"Encontra Moema\",\"image\":{\"@type\":\"ImageObject\",\"inLanguage\":\"pt-BR\",\"@id\":\"https:\/\/www.encontramoema.com.br\/sobre\/#\/schema\/person\/image\/\",\"url\":\"https:\/\/secure.gravatar.com\/avatar\/0fbed662e37531ae23e68f85f9517b2454e50c1dfebf80eb9b721449ac95e0b9?s=96&d=mm&r=g\",\"contentUrl\":\"https:\/\/secure.gravatar.com\/avatar\/0fbed662e37531ae23e68f85f9517b2454e50c1dfebf80eb9b721449ac95e0b9?s=96&d=mm&r=g\",\"caption\":\"Encontra Moema\"},\"url\":\"https:\/\/www.encontramoema.com.br\/sobre\/author\/emoema\/\"}]}<\/script>\n<!-- \/ Yoast SEO plugin. -->","yoast_head_json":{"title":"Banda de rock Garotas Su\u00e9cas se apresenta no Audit\u00f3rio do Ibirapuera - Encontra Moema","robots":{"index":"index","follow":"follow","max-snippet":"max-snippet:-1","max-image-preview":"max-image-preview:large","max-video-preview":"max-video-preview:-1"},"canonical":"https:\/\/www.encontramoema.com.br\/sobre\/banda-de-rock-garotas-suecas-se-apresenta-no-auditorio-do-ibirapuera\/","og_locale":"pt_BR","og_type":"article","og_title":"Banda de rock Garotas Su\u00e9cas se apresenta no Audit\u00f3rio do Ibirapuera - Encontra Moema","og_description":"O Audit\u00f3rio Ibirapuera recebe, no dia 15 de setembro, a banda de rock Garotas Suecas. O show divulga o segundo \u00e1lbum, Feras M\u00edticas.\u00a0 Ap\u00f3s ganhar reconhecimento do p\u00fablico tocando rocks internacionais, a banda lan\u00e7ou dois \u00e1lbuns completos de m\u00fasicas de autoria pr\u00f3pria. Apesar do nome no feminino, h\u00e1 apenas uma garota na banda: o grupo \u00e9 formado por Guilherme Sal (voz), Tomaz Paoliello (guitarra e voz), Irina Bertolucci (teclado e voz), Fernando Freire (baixo) e Nico Paoliello (bateria e voz). INFORMA\u00c7\u00d5ES DO EVENTO Data(s): 15 de setembro de 2013 Hor\u00e1rio(s): 19h Pre\u00e7o(s): R$20 Onde: Audit\u00f3rio Ibirapuera Endere\u00e7o: Avenida Pedro \u00c1lvares","og_url":"https:\/\/www.encontramoema.com.br\/sobre\/banda-de-rock-garotas-suecas-se-apresenta-no-auditorio-do-ibirapuera\/","og_site_name":"Encontra Moema","article_published_time":"2013-09-10T12:13:06+00:00","article_modified_time":"2019-04-12T21:01:25+00:00","author":"Encontra Moema","twitter_card":"summary_large_image","twitter_misc":{"Escrito por":"Encontra Moema","Est. tempo de leitura":"1 minuto"},"schema":{"@context":"https:\/\/schema.org","@graph":[{"@type":"WebPage","@id":"https:\/\/www.encontramoema.com.br\/sobre\/banda-de-rock-garotas-suecas-se-apresenta-no-auditorio-do-ibirapuera\/","url":"https:\/\/www.encontramoema.com.br\/sobre\/banda-de-rock-garotas-suecas-se-apresenta-no-auditorio-do-ibirapuera\/","name":"Banda de rock Garotas Su\u00e9cas se apresenta no Audit\u00f3rio do Ibirapuera - Encontra Moema","isPartOf":{"@id":"https:\/\/www.encontramoema.com.br\/sobre\/#website"},"datePublished":"2013-09-10T12:13:06+00:00","dateModified":"2019-04-12T21:01:25+00:00","author":{"@id":"https:\/\/www.encontramoema.com.br\/sobre\/#\/schema\/person\/3c3656d12b82130d77eba13c4ef23efa"},"breadcrumb":{"@id":"https:\/\/www.encontramoema.com.br\/sobre\/banda-de-rock-garotas-suecas-se-apresenta-no-auditorio-do-ibirapuera\/#breadcrumb"},"inLanguage":"pt-BR","potentialAction":[{"@type":"ReadAction","target":["https:\/\/www.encontramoema.com.br\/sobre\/banda-de-rock-garotas-suecas-se-apresenta-no-auditorio-do-ibirapuera\/"]}]},{"@type":"BreadcrumbList","@id":"https:\/\/www.encontramoema.com.br\/sobre\/banda-de-rock-garotas-suecas-se-apresenta-no-auditorio-do-ibirapuera\/#breadcrumb","itemListElement":[{"@type":"ListItem","position":1,"name":"In\u00edcio","item":"https:\/\/www.encontramoema.com.br\/sobre\/"},{"@type":"ListItem","position":2,"name":"Banda de rock Garotas Su\u00e9cas se apresenta no Audit\u00f3rio do Ibirapuera"}]},{"@type":"WebSite","@id":"https:\/\/www.encontramoema.com.br\/sobre\/#website","url":"https:\/\/www.encontramoema.com.br\/sobre\/","name":"Encontra Moema","description":"Not\u00edcias, eventos, informa\u00e7\u00f5es e dicas no bairro de Moema e regi\u00e3o.","potentialAction":[{"@type":"SearchAction","target":{"@type":"EntryPoint","urlTemplate":"https:\/\/www.encontramoema.com.br\/sobre\/?s={search_term_string}"},"query-input":{"@type":"PropertyValueSpecification","valueRequired":true,"valueName":"search_term_string"}}],"inLanguage":"pt-BR"},{"@type":"Person","@id":"https:\/\/www.encontramoema.com.br\/sobre\/#\/schema\/person\/3c3656d12b82130d77eba13c4ef23efa","name":"Encontra Moema","image":{"@type":"ImageObject","inLanguage":"pt-BR","@id":"https:\/\/www.encontramoema.com.br\/sobre\/#\/schema\/person\/image\/","url":"https:\/\/secure.gravatar.com\/avatar\/0fbed662e37531ae23e68f85f9517b2454e50c1dfebf80eb9b721449ac95e0b9?s=96&d=mm&r=g","contentUrl":"https:\/\/secure.gravatar.com\/avatar\/0fbed662e37531ae23e68f85f9517b2454e50c1dfebf80eb9b721449ac95e0b9?s=96&d=mm&r=g","caption":"Encontra Moema"},"url":"https:\/\/www.encontramoema.com.br\/sobre\/author\/emoema\/"}]}},"_links":{"self":[{"href":"https:\/\/www.encontramoema.com.br\/sobre\/wp-json\/wp\/v2\/posts\/18831","targetHints":{"allow":["GET"]}}],"collection":[{"href":"https:\/\/www.encontramoema.com.br\/sobre\/wp-json\/wp\/v2\/posts"}],"about":[{"href":"https:\/\/www.encontramoema.com.br\/sobre\/wp-json\/wp\/v2\/types\/post"}],"author":[{"embeddable":true,"href":"https:\/\/www.encontramoema.com.br\/sobre\/wp-json\/wp\/v2\/users\/1"}],"replies":[{"embeddable":true,"href":"https:\/\/www.encontramoema.com.br\/sobre\/wp-json\/wp\/v2\/comments?post=18831"}],"version-history":[{"count":0,"href":"https:\/\/www.encontramoema.com.br\/sobre\/wp-json\/wp\/v2\/posts\/18831\/revisions"}],"wp:attachment":[{"href":"https:\/\/www.encontramoema.com.br\/sobre\/wp-json\/wp\/v2\/media?parent=18831"}],"wp:term":[{"taxonomy":"category","embeddable":true,"href":"https:\/\/www.encontramoema.com.br\/sobre\/wp-json\/wp\/v2\/categories?post=18831"},{"taxonomy":"post_tag","embeddable":true,"href":"https:\/\/www.encontramoema.com.br\/sobre\/wp-json\/wp\/v2\/tags?post=18831"}],"curies":[{"name":"wp","href":"https:\/\/api.w.org\/{rel}","templated":true}]}}