{"id":18898,"date":"2013-12-23T15:59:14","date_gmt":"2013-12-23T17:59:14","guid":{"rendered":"http:\/\/www.encontramoema.com.br\/blog\/?p=18898"},"modified":"2019-04-12T19:01:22","modified_gmt":"2019-04-12T21:01:22","slug":"pela-primeira-vez-parque-do-ibirapuera-tera-festa-de-ano-novo","status":"publish","type":"post","link":"https:\/\/www.encontramoema.com.br\/sobre\/pela-primeira-vez-parque-do-ibirapuera-tera-festa-de-ano-novo\/","title":{"rendered":"Pela primeira vez, Parque do Ibirapuera ter\u00e1 festa de Ano Novo"},"content":{"rendered":"<div class=\"b7f545a958fd6350ffae2d30a84cafb8\" data-index=\"1\" style=\"float: none; margin:0px;\">\n<!-- Anuncio display - global -->\r\n<ins class=\"adsbygoogle\"\r\n     style=\"display:block\"\r\n     data-ad-client=\"ca-pub-8585364105181520\"\r\n     data-ad-slot=\"8789329856\"\r\n     data-ad-format=\"auto\"\r\n     data-full-width-responsive=\"true\"><\/ins>\r\n<script>\r\n     (adsbygoogle = window.adsbygoogle || []).push({});\r\n<\/script>\n<\/div>\n<p>O Parque Ibirapuera realizar\u00e1 pela primeira vez uma festa de R\u00e9veillon. A partir das 20 horas do dia 31 de dezembro, o lugar oferecer\u00e1 atra\u00e7\u00f5es para a fam\u00edlia. O evento principal come\u00e7a \u00e0s 22 horas com o show da banda Dem\u00f4nios da Garoa.<\/p>\n<p>O grupo comemorar\u00e1 70 anos de carreira no primeiro R\u00e9veillon da Fam\u00edlia do Parque do Ibirapuera. Com apoio da Secretaria de Estado da Cultura (ProAC) e da Secretaria Municipal do Verde e Meio Ambiente, o evento tamb\u00e9m ter\u00e1 as apresenta\u00e7\u00f5es especiais de Claudio Zoli, Negra Li, Wilson Simoninha, Toninho Ferragutti, DJ Neggo Billy, entre outras surpresas.<\/p>\n<p>O p\u00fablico alvo do evento s\u00e3o fam\u00edlias que procuram uma op\u00e7\u00e3o diferente para passar o fim de ano, em um ambiente ao ar livre envolto de toda a natureza e calma do parque, sendo mais uma op\u00e7\u00e3o de lazer ao povo de S\u00e3o Paulo. A programa\u00e7\u00e3o ter\u00e1 in\u00edcio \u00e0s 20h, ao som do DJ Neggo Billy. Em seguida acontecer\u00e1 o pocket show do cantor Claudio Zoli, que abre o palco para o Dem\u00f4nios da Garoa. O evento tem dura\u00e7\u00e3o prevista de cinco horas e s\u00e3o esperadas cinco mil pessoas para a festa.<\/p>\n<p>Conhe\u00e7a as atra\u00e7\u00f5es:<\/p>\n<p>Dem\u00f4nios da Garoa: S\u00e3o sete d\u00e9cadas da mais pura representa\u00e7\u00e3o do samba paulistano. Com 70 \u00e1lbuns gravados e diversos pr\u00eamios nacionais e internacionais, o grupo mant\u00e9m viva a obra do genial Adoniran Barbosa (1910-1982), al\u00e9m de sempre renovar o trabalho com m\u00fasicas novas.<\/p>\n<p>Claudio Zoli: Cantor e compositor,Zoli coleciona mais de dez discos gravados e 30 anos de carreira. Se consagrou com as m\u00fasicas como \u201cCada Um, Cada Um (A Namoradeira)\u201d, \u201cNoite do Prazer\u201d e \u201c\u00c0 Francesa\u201d.<\/p>\n<p>Negra Li: nome art\u00edstico de Liliane de Carvalho, \u00e9 atriz, cantora e dan\u00e7arina. Solista do coral da Universidade de S\u00e3o Paulo, ela estuda m\u00fasica e piano e, com sua bela voz de contralto, \u00e9 considerada uma das principais cantoras.<\/p>\n<p>Sominha: Wilson Simoninha \u00e9 produtor, m\u00fasico e cantor. Trabalhou com \u00eddolos de diversas gera\u00e7\u00f5es como Jorge Ben Jor e Jair Rodrigues, al\u00e9m de ter produzido grandes eventos culturais. Ao longo de sua carreira lan\u00e7ou quatro \u00e1lbuns e dois DVD.<\/p>\n<p>Toninho Ferragutti: m\u00fasico, compositor e arranjador presente em shows e grava\u00e7\u00f5es de CDs de artistas da MPB. Participou, e continua participando, de diversas orquestras sinf\u00f4nicas, al\u00e9m de interpretar toda obra do compositor e Acordeonista Sivuca.<\/p>\n<p>DJ Neggo Billy: Toca estilos diferenciados e variados. Abriu shows nacionais e internacionais e, paralelamente, desenvolve seus projetos musicais em entidades sociais e ONGs, ensinando a profiss\u00e3o de DJ aos jovens.<\/p>\n<p><strong>Servi\u00e7o<\/strong><\/p>\n<p>R\u00e9veillon da Fam\u00edlia do <a title=\"Parque do Ibirapuera\" href=\"http:\/\/www.encontramoema.com.br\/moema\/parque-do-ibirapuera.shtml\" target=\"_blank\">Parque do Ibirapuera<\/a>, Entrada \u2013 Port\u00e3o 2 e 10. Line-up: 20h \u2013 DJ Neggo Billy; 20h30 \u2013 Claudio Zoli, 21h30 \u2013 DJ Neggo Billy, 22h00 \u2013 Dem\u00f4nios da Garoa e convidados ( Claudio Zoli, Simoninha, Negra Li e Toninho Ferragutti ), 23h50 \u2013 Contagem regressiva com Dem\u00f4nios da Garoa, 24h \u2013 DJ Negoo Billy<\/p>\n\n<div style=\"font-size: 0px; height: 0px; line-height: 0px; margin: 0; padding: 0; clear: both;\"><\/div>","protected":false},"excerpt":{"rendered":"<p>O Parque Ibirapuera realizar\u00e1 pela primeira vez uma festa de R\u00e9veillon. A partir das 20 horas do dia 31 de dezembro, o lugar oferecer\u00e1 atra\u00e7\u00f5es para a fam\u00edlia. O evento principal come\u00e7a \u00e0s 22 horas com o show da banda Dem\u00f4nios da Garoa. O grupo comemorar\u00e1 70 anos de carreira no primeiro R\u00e9veillon da Fam\u00edlia do Parque do Ibirapuera. Com apoio da Secretaria de Estado da Cultura (ProAC) e da Secretaria Municipal do Verde e Meio Ambiente, o evento tamb\u00e9m ter\u00e1 as apresenta\u00e7\u00f5es especiais de Claudio Zoli, Negra Li, Wilson Simoninha, Toninho Ferragutti, DJ Neggo Billy, entre outras surpresas. O <\/p>\n","protected":false},"author":1,"featured_media":0,"comment_status":"open","ping_status":"closed","sticky":false,"template":"","format":"standard","meta":{"footnotes":""},"categories":[1],"tags":[],"class_list":["post-18898","post","type-post","status-publish","format-standard","hentry","category-noticias-em-moema"],"yoast_head":"<!-- This site is optimized with the Yoast SEO plugin v26.3 - https:\/\/yoast.com\/wordpress\/plugins\/seo\/ -->\n<title>Pela primeira vez, Parque do Ibirapuera ter\u00e1 festa de Ano Novo - Encontra Moema<\/title>\n<meta name=\"robots\" content=\"index, follow, max-snippet:-1, max-image-preview:large, max-video-preview:-1\" \/>\n<link rel=\"canonical\" href=\"https:\/\/www.encontramoema.com.br\/sobre\/pela-primeira-vez-parque-do-ibirapuera-tera-festa-de-ano-novo\/\" \/>\n<meta property=\"og:locale\" content=\"pt_BR\" \/>\n<meta property=\"og:type\" content=\"article\" \/>\n<meta property=\"og:title\" content=\"Pela primeira vez, Parque do Ibirapuera ter\u00e1 festa de Ano Novo - Encontra Moema\" \/>\n<meta property=\"og:description\" content=\"O Parque Ibirapuera realizar\u00e1 pela primeira vez uma festa de R\u00e9veillon. A partir das 20 horas do dia 31 de dezembro, o lugar oferecer\u00e1 atra\u00e7\u00f5es para a fam\u00edlia. O evento principal come\u00e7a \u00e0s 22 horas com o show da banda Dem\u00f4nios da Garoa. O grupo comemorar\u00e1 70 anos de carreira no primeiro R\u00e9veillon da Fam\u00edlia do Parque do Ibirapuera. Com apoio da Secretaria de Estado da Cultura (ProAC) e da Secretaria Municipal do Verde e Meio Ambiente, o evento tamb\u00e9m ter\u00e1 as apresenta\u00e7\u00f5es especiais de Claudio Zoli, Negra Li, Wilson Simoninha, Toninho Ferragutti, DJ Neggo Billy, entre outras surpresas. O\" \/>\n<meta property=\"og:url\" content=\"https:\/\/www.encontramoema.com.br\/sobre\/pela-primeira-vez-parque-do-ibirapuera-tera-festa-de-ano-novo\/\" \/>\n<meta property=\"og:site_name\" content=\"Encontra Moema\" \/>\n<meta property=\"article:published_time\" content=\"2013-12-23T17:59:14+00:00\" \/>\n<meta property=\"article:modified_time\" content=\"2019-04-12T21:01:22+00:00\" \/>\n<meta name=\"author\" content=\"Encontra Moema\" \/>\n<meta name=\"twitter:card\" content=\"summary_large_image\" \/>\n<meta name=\"twitter:label1\" content=\"Escrito por\" \/>\n\t<meta name=\"twitter:data1\" content=\"Encontra Moema\" \/>\n\t<meta name=\"twitter:label2\" content=\"Est. tempo de leitura\" \/>\n\t<meta name=\"twitter:data2\" content=\"3 minutos\" \/>\n<script type=\"application\/ld+json\" class=\"yoast-schema-graph\">{\"@context\":\"https:\/\/schema.org\",\"@graph\":[{\"@type\":\"WebPage\",\"@id\":\"https:\/\/www.encontramoema.com.br\/sobre\/pela-primeira-vez-parque-do-ibirapuera-tera-festa-de-ano-novo\/\",\"url\":\"https:\/\/www.encontramoema.com.br\/sobre\/pela-primeira-vez-parque-do-ibirapuera-tera-festa-de-ano-novo\/\",\"name\":\"Pela primeira vez, Parque do Ibirapuera ter\u00e1 festa de Ano Novo - Encontra Moema\",\"isPartOf\":{\"@id\":\"https:\/\/www.encontramoema.com.br\/sobre\/#website\"},\"datePublished\":\"2013-12-23T17:59:14+00:00\",\"dateModified\":\"2019-04-12T21:01:22+00:00\",\"author\":{\"@id\":\"https:\/\/www.encontramoema.com.br\/sobre\/#\/schema\/person\/3c3656d12b82130d77eba13c4ef23efa\"},\"breadcrumb\":{\"@id\":\"https:\/\/www.encontramoema.com.br\/sobre\/pela-primeira-vez-parque-do-ibirapuera-tera-festa-de-ano-novo\/#breadcrumb\"},\"inLanguage\":\"pt-BR\",\"potentialAction\":[{\"@type\":\"ReadAction\",\"target\":[\"https:\/\/www.encontramoema.com.br\/sobre\/pela-primeira-vez-parque-do-ibirapuera-tera-festa-de-ano-novo\/\"]}]},{\"@type\":\"BreadcrumbList\",\"@id\":\"https:\/\/www.encontramoema.com.br\/sobre\/pela-primeira-vez-parque-do-ibirapuera-tera-festa-de-ano-novo\/#breadcrumb\",\"itemListElement\":[{\"@type\":\"ListItem\",\"position\":1,\"name\":\"In\u00edcio\",\"item\":\"https:\/\/www.encontramoema.com.br\/sobre\/\"},{\"@type\":\"ListItem\",\"position\":2,\"name\":\"Pela primeira vez, Parque do Ibirapuera ter\u00e1 festa de Ano Novo\"}]},{\"@type\":\"WebSite\",\"@id\":\"https:\/\/www.encontramoema.com.br\/sobre\/#website\",\"url\":\"https:\/\/www.encontramoema.com.br\/sobre\/\",\"name\":\"Encontra Moema\",\"description\":\"Not\u00edcias, eventos, informa\u00e7\u00f5es e dicas no bairro de Moema e regi\u00e3o.\",\"potentialAction\":[{\"@type\":\"SearchAction\",\"target\":{\"@type\":\"EntryPoint\",\"urlTemplate\":\"https:\/\/www.encontramoema.com.br\/sobre\/?s={search_term_string}\"},\"query-input\":{\"@type\":\"PropertyValueSpecification\",\"valueRequired\":true,\"valueName\":\"search_term_string\"}}],\"inLanguage\":\"pt-BR\"},{\"@type\":\"Person\",\"@id\":\"https:\/\/www.encontramoema.com.br\/sobre\/#\/schema\/person\/3c3656d12b82130d77eba13c4ef23efa\",\"name\":\"Encontra Moema\",\"image\":{\"@type\":\"ImageObject\",\"inLanguage\":\"pt-BR\",\"@id\":\"https:\/\/www.encontramoema.com.br\/sobre\/#\/schema\/person\/image\/\",\"url\":\"https:\/\/secure.gravatar.com\/avatar\/0fbed662e37531ae23e68f85f9517b2454e50c1dfebf80eb9b721449ac95e0b9?s=96&d=mm&r=g\",\"contentUrl\":\"https:\/\/secure.gravatar.com\/avatar\/0fbed662e37531ae23e68f85f9517b2454e50c1dfebf80eb9b721449ac95e0b9?s=96&d=mm&r=g\",\"caption\":\"Encontra Moema\"},\"url\":\"https:\/\/www.encontramoema.com.br\/sobre\/author\/emoema\/\"}]}<\/script>\n<!-- \/ Yoast SEO plugin. -->","yoast_head_json":{"title":"Pela primeira vez, Parque do Ibirapuera ter\u00e1 festa de Ano Novo - Encontra Moema","robots":{"index":"index","follow":"follow","max-snippet":"max-snippet:-1","max-image-preview":"max-image-preview:large","max-video-preview":"max-video-preview:-1"},"canonical":"https:\/\/www.encontramoema.com.br\/sobre\/pela-primeira-vez-parque-do-ibirapuera-tera-festa-de-ano-novo\/","og_locale":"pt_BR","og_type":"article","og_title":"Pela primeira vez, Parque do Ibirapuera ter\u00e1 festa de Ano Novo - Encontra Moema","og_description":"O Parque Ibirapuera realizar\u00e1 pela primeira vez uma festa de R\u00e9veillon. A partir das 20 horas do dia 31 de dezembro, o lugar oferecer\u00e1 atra\u00e7\u00f5es para a fam\u00edlia. O evento principal come\u00e7a \u00e0s 22 horas com o show da banda Dem\u00f4nios da Garoa. O grupo comemorar\u00e1 70 anos de carreira no primeiro R\u00e9veillon da Fam\u00edlia do Parque do Ibirapuera. Com apoio da Secretaria de Estado da Cultura (ProAC) e da Secretaria Municipal do Verde e Meio Ambiente, o evento tamb\u00e9m ter\u00e1 as apresenta\u00e7\u00f5es especiais de Claudio Zoli, Negra Li, Wilson Simoninha, Toninho Ferragutti, DJ Neggo Billy, entre outras surpresas. O","og_url":"https:\/\/www.encontramoema.com.br\/sobre\/pela-primeira-vez-parque-do-ibirapuera-tera-festa-de-ano-novo\/","og_site_name":"Encontra Moema","article_published_time":"2013-12-23T17:59:14+00:00","article_modified_time":"2019-04-12T21:01:22+00:00","author":"Encontra Moema","twitter_card":"summary_large_image","twitter_misc":{"Escrito por":"Encontra Moema","Est. tempo de leitura":"3 minutos"},"schema":{"@context":"https:\/\/schema.org","@graph":[{"@type":"WebPage","@id":"https:\/\/www.encontramoema.com.br\/sobre\/pela-primeira-vez-parque-do-ibirapuera-tera-festa-de-ano-novo\/","url":"https:\/\/www.encontramoema.com.br\/sobre\/pela-primeira-vez-parque-do-ibirapuera-tera-festa-de-ano-novo\/","name":"Pela primeira vez, Parque do Ibirapuera ter\u00e1 festa de Ano Novo - Encontra Moema","isPartOf":{"@id":"https:\/\/www.encontramoema.com.br\/sobre\/#website"},"datePublished":"2013-12-23T17:59:14+00:00","dateModified":"2019-04-12T21:01:22+00:00","author":{"@id":"https:\/\/www.encontramoema.com.br\/sobre\/#\/schema\/person\/3c3656d12b82130d77eba13c4ef23efa"},"breadcrumb":{"@id":"https:\/\/www.encontramoema.com.br\/sobre\/pela-primeira-vez-parque-do-ibirapuera-tera-festa-de-ano-novo\/#breadcrumb"},"inLanguage":"pt-BR","potentialAction":[{"@type":"ReadAction","target":["https:\/\/www.encontramoema.com.br\/sobre\/pela-primeira-vez-parque-do-ibirapuera-tera-festa-de-ano-novo\/"]}]},{"@type":"BreadcrumbList","@id":"https:\/\/www.encontramoema.com.br\/sobre\/pela-primeira-vez-parque-do-ibirapuera-tera-festa-de-ano-novo\/#breadcrumb","itemListElement":[{"@type":"ListItem","position":1,"name":"In\u00edcio","item":"https:\/\/www.encontramoema.com.br\/sobre\/"},{"@type":"ListItem","position":2,"name":"Pela primeira vez, Parque do Ibirapuera ter\u00e1 festa de Ano Novo"}]},{"@type":"WebSite","@id":"https:\/\/www.encontramoema.com.br\/sobre\/#website","url":"https:\/\/www.encontramoema.com.br\/sobre\/","name":"Encontra Moema","description":"Not\u00edcias, eventos, informa\u00e7\u00f5es e dicas no bairro de Moema e regi\u00e3o.","potentialAction":[{"@type":"SearchAction","target":{"@type":"EntryPoint","urlTemplate":"https:\/\/www.encontramoema.com.br\/sobre\/?s={search_term_string}"},"query-input":{"@type":"PropertyValueSpecification","valueRequired":true,"valueName":"search_term_string"}}],"inLanguage":"pt-BR"},{"@type":"Person","@id":"https:\/\/www.encontramoema.com.br\/sobre\/#\/schema\/person\/3c3656d12b82130d77eba13c4ef23efa","name":"Encontra Moema","image":{"@type":"ImageObject","inLanguage":"pt-BR","@id":"https:\/\/www.encontramoema.com.br\/sobre\/#\/schema\/person\/image\/","url":"https:\/\/secure.gravatar.com\/avatar\/0fbed662e37531ae23e68f85f9517b2454e50c1dfebf80eb9b721449ac95e0b9?s=96&d=mm&r=g","contentUrl":"https:\/\/secure.gravatar.com\/avatar\/0fbed662e37531ae23e68f85f9517b2454e50c1dfebf80eb9b721449ac95e0b9?s=96&d=mm&r=g","caption":"Encontra Moema"},"url":"https:\/\/www.encontramoema.com.br\/sobre\/author\/emoema\/"}]}},"_links":{"self":[{"href":"https:\/\/www.encontramoema.com.br\/sobre\/wp-json\/wp\/v2\/posts\/18898","targetHints":{"allow":["GET"]}}],"collection":[{"href":"https:\/\/www.encontramoema.com.br\/sobre\/wp-json\/wp\/v2\/posts"}],"about":[{"href":"https:\/\/www.encontramoema.com.br\/sobre\/wp-json\/wp\/v2\/types\/post"}],"author":[{"embeddable":true,"href":"https:\/\/www.encontramoema.com.br\/sobre\/wp-json\/wp\/v2\/users\/1"}],"replies":[{"embeddable":true,"href":"https:\/\/www.encontramoema.com.br\/sobre\/wp-json\/wp\/v2\/comments?post=18898"}],"version-history":[{"count":0,"href":"https:\/\/www.encontramoema.com.br\/sobre\/wp-json\/wp\/v2\/posts\/18898\/revisions"}],"wp:attachment":[{"href":"https:\/\/www.encontramoema.com.br\/sobre\/wp-json\/wp\/v2\/media?parent=18898"}],"wp:term":[{"taxonomy":"category","embeddable":true,"href":"https:\/\/www.encontramoema.com.br\/sobre\/wp-json\/wp\/v2\/categories?post=18898"},{"taxonomy":"post_tag","embeddable":true,"href":"https:\/\/www.encontramoema.com.br\/sobre\/wp-json\/wp\/v2\/tags?post=18898"}],"curies":[{"name":"wp","href":"https:\/\/api.w.org\/{rel}","templated":true}]}}