{"id":18956,"date":"2015-04-30T10:06:17","date_gmt":"2015-04-30T12:06:17","guid":{"rendered":"http:\/\/www.encontramoema.com.br\/blog\/?p=18956"},"modified":"2019-04-12T19:01:04","modified_gmt":"2019-04-12T21:01:04","slug":"apresentacoes-na-fonte-multimidia-do-ibirapuera-homenageiam-ayrton-senna","status":"publish","type":"post","link":"https:\/\/www.encontramoema.com.br\/sobre\/apresentacoes-na-fonte-multimidia-do-ibirapuera-homenageiam-ayrton-senna\/","title":{"rendered":"Apresenta\u00e7\u00f5es na Fonte Multim\u00eddia do Ibirapuera homenageiam Ayrton Senna"},"content":{"rendered":"<div class=\"b7f545a958fd6350ffae2d30a84cafb8\" data-index=\"1\" style=\"float: none; margin:0px;\">\n<!-- Anuncio display - global -->\r\n<ins class=\"adsbygoogle\"\r\n     style=\"display:block\"\r\n     data-ad-client=\"ca-pub-8585364105181520\"\r\n     data-ad-slot=\"8789329856\"\r\n     data-ad-format=\"auto\"\r\n     data-full-width-responsive=\"true\"><\/ins>\r\n<script>\r\n     (adsbygoogle = window.adsbygoogle || []).push({});\r\n<\/script>\n<\/div>\n<p style=\"text-align: justify;\">A Fonte Multim\u00eddia do Parque do Ibirapuera receber\u00e1 uma programa\u00e7\u00e3o especial no m\u00eas de maio para homenagear os 21 anos do legado de Ayrton Senna. A a\u00e7\u00e3o \u00e9 uma parceria do Instituto Ayrton Senna com a Divina Com\u00e9dia, empresa respons\u00e1vel pelos eventos na Fonte, com apoio do P\u00e3o de A\u00e7\u00facar e da Prefeitura de S\u00e3o Paulo. O espet\u00e1culo in\u00e9dito \u201cAyrton Senna &#8211; A Saga do Her\u00f3i\u201d ser\u00e1 inaugurado \u00e0s 20 horas do dia 1\u00ba de maio. As apresenta\u00e7\u00f5es acontecer\u00e3o nos dois fins de semana seguintes, sempre em duas proje\u00e7\u00f5es\u00a0di\u00e1rias. \u00c9 a primeira vez que um esportista recebe este tipo de homenagem de um dos principais s\u00edmbolos da cidade de S\u00e3o Paulo.<\/p>\n<p style=\"text-align: justify;\">Depois de muitas pesquisas de sons e imagens, o espet\u00e1culo vai fazer, principalmente, um paralelo entre Senna e a \u00e1gua, j\u00e1 que a chuva foi, muitas vezes, sua grande aliada nas pistas e ele ficou conhecido como &#8220;O Rei da Chuva&#8221;.<\/p>\n<p style=\"text-align: justify;\">A largada do espet\u00e1culo promete ser impactante. O roteiro do show segue os ensinamentos do estudioso americano Joseph Campbell, que dedicou seus estudos ao culto ao poder do mito, especialmente do her\u00f3i, e as diferentes mitologias das diversas culturas humanas.<\/p>\n<p style=\"text-align: justify;\">&#8220;Segundo Campbell, o her\u00f3i em todo mito \u00e9 aquele personagem que cumpre seu ciclo em tr\u00eas etapas &#8220;partida, realiza\u00e7\u00e3o e retorno&#8221;. Ele sofre, conquista e volta com uma mensagem. Uma mensagem para todos. Nada mais Ayrton Senna do que essa afirma\u00e7\u00e3o&#8221;, diz Ayrton Martini, diretor da Divina Com\u00e9dia.<\/p>\n<p style=\"text-align: justify;\">As apresenta\u00e7\u00f5es contar\u00e3o a hist\u00f3ria de Ayrton Senna, n\u00fameros importantes da carreira, corridas hist\u00f3ricas, a identifica\u00e7\u00e3o do piloto com as crian\u00e7as e cenas dele carregando a bandeira do Brasil. Entre as imagens projetadas na fonte\u00a0estar\u00e3o o primeiro triunfo de Senna na F\u00f3rmula 1, a vit\u00f3ria no Grande Pr\u00eamio do Brasil em 1991 e as imagens das conquistas dos tr\u00eas t\u00edtulos mundiais. Haver\u00e1 tamb\u00e9m um destaque para a chamada melhor volta de todos os tempos, quando Senna fez quatro ultrapassagens na primeira volta do Grande Pr\u00eamio da Europa de 1993, realizado no circuito de Donington Park, na Inglaterra. A fa\u00e7anha ser\u00e1 contada por meio de imagens, m\u00fasicas, dan\u00e7a das \u00e1guas e efeitos especiais da Fonte.<\/p>\n<p style=\"text-align: justify;\">\u201c\u00c9 muito especial ter essa homenagem para o Ayrton Senna em um local t\u00e3o emblem\u00e1tico da cidade, que \u00e9 o Parque do Ibirapuera. Tenho certeza de que os f\u00e3s v\u00e3o se emocionar, relembrar momentos hist\u00f3ricos e conhecer um pouco mais do legado do nosso tricampe\u00e3o\u201d, afirma Bianca Senna, diretora de Branding do Instituto Ayrton Senna e sobrinha do piloto.<\/p>\n<p style=\"text-align: justify;\">A trilha sonora foi baseada em m\u00fasicas eruditas e populares da \u00e9poca de sua inf\u00e2ncia e juventude. Um destaque para os artistas que Senna gostava, como por exemplo Phil Collins e em outras que fizeram parte de CDs em tributo a ele. Entre as can\u00e7\u00f5es escolhidas para a apresenta\u00e7\u00e3o estar\u00e3o trechos de grandes sinfonias, heavy metal e rocks progressivos. Uma m\u00fasica in\u00e9dita faz parte do show, a Cantata da trilha do filme Alexander Nevsky, composi\u00e7\u00e3o de Sergei Prokofiev, foi reinterpretada pelo m\u00fasico paulista Mizinho Carvalho, em est\u00e9tica heavy metal. A can\u00e7\u00e3o \u201cYou\u2019re Simply the Best\u201d (Tina Turner dedicou a m\u00fasica a Senna, em uma ocasi\u00e3o em que ele estava na plateia de um show) \u00e9 o motor sonoro das cenas em atos de coragem do homenageado, e dois sambas-enredos feitos em homenagem a ele (Gavi\u00f5es da Fiel e Unidos da Tijuca).<\/p>\n<p style=\"text-align: justify;\">A Fonte Multim\u00eddia contar\u00e1 com um sistema de som espalhado pelo lago, que ser\u00e1 programado para dar a impress\u00e3o de que o carro corre pela margem do lago.<\/p>\n<p style=\"text-align: justify;\">A dire\u00e7\u00e3o do espet\u00e1culo \u00e9 de Ayrton Martini (Divina Com\u00e9dia), roteiro e narra\u00e7\u00e3o de Cleston Teixeira, a edi\u00e7\u00e3o de imagens ficou a cargo da Mox Produ\u00e7\u00f5es e a edi\u00e7\u00e3o de trilha e programa da Fonte \u00e9 do Est\u00fadio A Gandaia.<\/p>\n<p><a href=\"http:\/\/www.encontramoema.com.br\/blog\/apresentacoes-na-fonte-multimidia-do-ibirapuera-homenageiam-ayrton-senna\/\" target=\"_blank\"><img loading=\"lazy\" decoding=\"async\" class=\"aligncenter wp-image-18961\" title=\"Apresenta\u00e7\u00f5es na Fonte Multim\u00eddia do Ibirapuera homenageiam Ayrton Senna (Foto: Daia Oliver\/R7)\" src=\"http:\/\/www.encontramoema.com.br\/blog\/wp-content\/uploads\/2015\/04\/ayrton-senna-fonte-ibirapuera1.jpg\" alt=\"ayrton-senna-fonte-ibirapuera\" width=\"500\" height=\"333\" srcset=\"https:\/\/www.encontramoema.com.br\/sobre\/wp-content\/uploads\/2015\/04\/ayrton-senna-fonte-ibirapuera1.jpg 600w, https:\/\/www.encontramoema.com.br\/sobre\/wp-content\/uploads\/2015\/04\/ayrton-senna-fonte-ibirapuera1-300x200.jpg 300w\" sizes=\"auto, (max-width: 500px) 100vw, 500px\" \/><\/a><\/p>\n<p style=\"text-align: justify;\"><strong>SERVI\u00c7O<\/strong><\/p>\n<p style=\"text-align: justify;\"><strong>Fonte Multim\u00eddia do Parque Ibirapuera &#8211; Programa\u00e7\u00e3o Especial em Homenagem a Ayrton Senna<\/strong><\/p>\n<p style=\"text-align: justify;\"><strong>Estreia:<\/strong> 1\u00ba de maio, \u00e0s 20h.<\/p>\n<p style=\"text-align: justify;\"><strong>Quando:<\/strong> dias 2, 3, 9 e 10 de maio<\/p>\n<p style=\"text-align: justify;\"><strong>Hor\u00e1rios:<\/strong> Duas apresenta\u00e7\u00f5es: \u00e0s 20h e 20h30.<\/p>\n<p style=\"text-align: justify;\"><strong>Local:<\/strong> Parque Ibirapuera &#8211; Avenida Pedro \u00c1lvares Cabral, s\/n.<\/p>\n<p style=\"text-align: justify;\"><strong>Valor:<\/strong> Gr\u00e1tis<\/p>\n\n<div style=\"font-size: 0px; height: 0px; line-height: 0px; margin: 0; padding: 0; clear: both;\"><\/div>","protected":false},"excerpt":{"rendered":"<p>A Fonte Multim\u00eddia do Parque do Ibirapuera receber\u00e1 uma programa\u00e7\u00e3o especial no m\u00eas de maio para homenagear os 21 anos do legado de Ayrton Senna. A a\u00e7\u00e3o \u00e9 uma parceria do Instituto Ayrton Senna com a Divina Com\u00e9dia, empresa respons\u00e1vel pelos eventos na Fonte, com apoio do P\u00e3o de A\u00e7\u00facar e da Prefeitura de S\u00e3o Paulo. O espet\u00e1culo in\u00e9dito \u201cAyrton Senna &#8211; A Saga do Her\u00f3i\u201d ser\u00e1 inaugurado \u00e0s 20 horas do dia 1\u00ba de maio. As apresenta\u00e7\u00f5es acontecer\u00e3o nos dois fins de semana seguintes, sempre em duas proje\u00e7\u00f5es\u00a0di\u00e1rias. \u00c9 a primeira vez que um esportista recebe este tipo de <\/p>\n","protected":false},"author":1,"featured_media":0,"comment_status":"open","ping_status":"closed","sticky":false,"template":"","format":"standard","meta":{"footnotes":""},"categories":[1],"tags":[5022,9,7],"class_list":["post-18956","post","type-post","status-publish","format-standard","hentry","category-noticias-em-moema","tag-ayrton-senna","tag-ibirapuera","tag-moema"],"yoast_head":"<!-- This site is optimized with the Yoast SEO plugin v26.3 - https:\/\/yoast.com\/wordpress\/plugins\/seo\/ -->\n<title>Apresenta\u00e7\u00f5es na Fonte Multim\u00eddia do Ibirapuera homenageiam Ayrton Senna - Encontra Moema<\/title>\n<meta name=\"robots\" content=\"index, follow, max-snippet:-1, max-image-preview:large, max-video-preview:-1\" \/>\n<link rel=\"canonical\" href=\"https:\/\/www.encontramoema.com.br\/sobre\/apresentacoes-na-fonte-multimidia-do-ibirapuera-homenageiam-ayrton-senna\/\" \/>\n<meta property=\"og:locale\" content=\"pt_BR\" \/>\n<meta property=\"og:type\" content=\"article\" \/>\n<meta property=\"og:title\" content=\"Apresenta\u00e7\u00f5es na Fonte Multim\u00eddia do Ibirapuera homenageiam Ayrton Senna - Encontra Moema\" \/>\n<meta property=\"og:description\" content=\"A Fonte Multim\u00eddia do Parque do Ibirapuera receber\u00e1 uma programa\u00e7\u00e3o especial no m\u00eas de maio para homenagear os 21 anos do legado de Ayrton Senna. A a\u00e7\u00e3o \u00e9 uma parceria do Instituto Ayrton Senna com a Divina Com\u00e9dia, empresa respons\u00e1vel pelos eventos na Fonte, com apoio do P\u00e3o de A\u00e7\u00facar e da Prefeitura de S\u00e3o Paulo. O espet\u00e1culo in\u00e9dito \u201cAyrton Senna &#8211; A Saga do Her\u00f3i\u201d ser\u00e1 inaugurado \u00e0s 20 horas do dia 1\u00ba de maio. As apresenta\u00e7\u00f5es acontecer\u00e3o nos dois fins de semana seguintes, sempre em duas proje\u00e7\u00f5es\u00a0di\u00e1rias. \u00c9 a primeira vez que um esportista recebe este tipo de\" \/>\n<meta property=\"og:url\" content=\"https:\/\/www.encontramoema.com.br\/sobre\/apresentacoes-na-fonte-multimidia-do-ibirapuera-homenageiam-ayrton-senna\/\" \/>\n<meta property=\"og:site_name\" content=\"Encontra Moema\" \/>\n<meta property=\"article:published_time\" content=\"2015-04-30T12:06:17+00:00\" \/>\n<meta property=\"article:modified_time\" content=\"2019-04-12T21:01:04+00:00\" \/>\n<meta property=\"og:image\" content=\"http:\/\/www.encontramoema.com.br\/blog\/wp-content\/uploads\/2015\/04\/ayrton-senna-fonte-ibirapuera1.jpg\" \/>\n<meta name=\"author\" content=\"Encontra Moema\" \/>\n<meta name=\"twitter:card\" content=\"summary_large_image\" \/>\n<meta name=\"twitter:label1\" content=\"Escrito por\" \/>\n\t<meta name=\"twitter:data1\" content=\"Encontra Moema\" \/>\n\t<meta name=\"twitter:label2\" content=\"Est. tempo de leitura\" \/>\n\t<meta name=\"twitter:data2\" content=\"4 minutos\" \/>\n<script type=\"application\/ld+json\" class=\"yoast-schema-graph\">{\"@context\":\"https:\/\/schema.org\",\"@graph\":[{\"@type\":\"WebPage\",\"@id\":\"https:\/\/www.encontramoema.com.br\/sobre\/apresentacoes-na-fonte-multimidia-do-ibirapuera-homenageiam-ayrton-senna\/\",\"url\":\"https:\/\/www.encontramoema.com.br\/sobre\/apresentacoes-na-fonte-multimidia-do-ibirapuera-homenageiam-ayrton-senna\/\",\"name\":\"Apresenta\u00e7\u00f5es na Fonte Multim\u00eddia do Ibirapuera homenageiam Ayrton Senna - Encontra Moema\",\"isPartOf\":{\"@id\":\"https:\/\/www.encontramoema.com.br\/sobre\/#website\"},\"primaryImageOfPage\":{\"@id\":\"https:\/\/www.encontramoema.com.br\/sobre\/apresentacoes-na-fonte-multimidia-do-ibirapuera-homenageiam-ayrton-senna\/#primaryimage\"},\"image\":{\"@id\":\"https:\/\/www.encontramoema.com.br\/sobre\/apresentacoes-na-fonte-multimidia-do-ibirapuera-homenageiam-ayrton-senna\/#primaryimage\"},\"thumbnailUrl\":\"http:\/\/www.encontramoema.com.br\/blog\/wp-content\/uploads\/2015\/04\/ayrton-senna-fonte-ibirapuera1.jpg\",\"datePublished\":\"2015-04-30T12:06:17+00:00\",\"dateModified\":\"2019-04-12T21:01:04+00:00\",\"author\":{\"@id\":\"https:\/\/www.encontramoema.com.br\/sobre\/#\/schema\/person\/3c3656d12b82130d77eba13c4ef23efa\"},\"breadcrumb\":{\"@id\":\"https:\/\/www.encontramoema.com.br\/sobre\/apresentacoes-na-fonte-multimidia-do-ibirapuera-homenageiam-ayrton-senna\/#breadcrumb\"},\"inLanguage\":\"pt-BR\",\"potentialAction\":[{\"@type\":\"ReadAction\",\"target\":[\"https:\/\/www.encontramoema.com.br\/sobre\/apresentacoes-na-fonte-multimidia-do-ibirapuera-homenageiam-ayrton-senna\/\"]}]},{\"@type\":\"ImageObject\",\"inLanguage\":\"pt-BR\",\"@id\":\"https:\/\/www.encontramoema.com.br\/sobre\/apresentacoes-na-fonte-multimidia-do-ibirapuera-homenageiam-ayrton-senna\/#primaryimage\",\"url\":\"http:\/\/www.encontramoema.com.br\/blog\/wp-content\/uploads\/2015\/04\/ayrton-senna-fonte-ibirapuera1.jpg\",\"contentUrl\":\"http:\/\/www.encontramoema.com.br\/blog\/wp-content\/uploads\/2015\/04\/ayrton-senna-fonte-ibirapuera1.jpg\"},{\"@type\":\"BreadcrumbList\",\"@id\":\"https:\/\/www.encontramoema.com.br\/sobre\/apresentacoes-na-fonte-multimidia-do-ibirapuera-homenageiam-ayrton-senna\/#breadcrumb\",\"itemListElement\":[{\"@type\":\"ListItem\",\"position\":1,\"name\":\"In\u00edcio\",\"item\":\"https:\/\/www.encontramoema.com.br\/sobre\/\"},{\"@type\":\"ListItem\",\"position\":2,\"name\":\"Apresenta\u00e7\u00f5es na Fonte Multim\u00eddia do Ibirapuera homenageiam Ayrton Senna\"}]},{\"@type\":\"WebSite\",\"@id\":\"https:\/\/www.encontramoema.com.br\/sobre\/#website\",\"url\":\"https:\/\/www.encontramoema.com.br\/sobre\/\",\"name\":\"Encontra Moema\",\"description\":\"Not\u00edcias, eventos, informa\u00e7\u00f5es e dicas no bairro de Moema e regi\u00e3o.\",\"potentialAction\":[{\"@type\":\"SearchAction\",\"target\":{\"@type\":\"EntryPoint\",\"urlTemplate\":\"https:\/\/www.encontramoema.com.br\/sobre\/?s={search_term_string}\"},\"query-input\":{\"@type\":\"PropertyValueSpecification\",\"valueRequired\":true,\"valueName\":\"search_term_string\"}}],\"inLanguage\":\"pt-BR\"},{\"@type\":\"Person\",\"@id\":\"https:\/\/www.encontramoema.com.br\/sobre\/#\/schema\/person\/3c3656d12b82130d77eba13c4ef23efa\",\"name\":\"Encontra Moema\",\"image\":{\"@type\":\"ImageObject\",\"inLanguage\":\"pt-BR\",\"@id\":\"https:\/\/www.encontramoema.com.br\/sobre\/#\/schema\/person\/image\/\",\"url\":\"https:\/\/secure.gravatar.com\/avatar\/0fbed662e37531ae23e68f85f9517b2454e50c1dfebf80eb9b721449ac95e0b9?s=96&d=mm&r=g\",\"contentUrl\":\"https:\/\/secure.gravatar.com\/avatar\/0fbed662e37531ae23e68f85f9517b2454e50c1dfebf80eb9b721449ac95e0b9?s=96&d=mm&r=g\",\"caption\":\"Encontra Moema\"},\"url\":\"https:\/\/www.encontramoema.com.br\/sobre\/author\/emoema\/\"}]}<\/script>\n<!-- \/ Yoast SEO plugin. -->","yoast_head_json":{"title":"Apresenta\u00e7\u00f5es na Fonte Multim\u00eddia do Ibirapuera homenageiam Ayrton Senna - Encontra Moema","robots":{"index":"index","follow":"follow","max-snippet":"max-snippet:-1","max-image-preview":"max-image-preview:large","max-video-preview":"max-video-preview:-1"},"canonical":"https:\/\/www.encontramoema.com.br\/sobre\/apresentacoes-na-fonte-multimidia-do-ibirapuera-homenageiam-ayrton-senna\/","og_locale":"pt_BR","og_type":"article","og_title":"Apresenta\u00e7\u00f5es na Fonte Multim\u00eddia do Ibirapuera homenageiam Ayrton Senna - Encontra Moema","og_description":"A Fonte Multim\u00eddia do Parque do Ibirapuera receber\u00e1 uma programa\u00e7\u00e3o especial no m\u00eas de maio para homenagear os 21 anos do legado de Ayrton Senna. A a\u00e7\u00e3o \u00e9 uma parceria do Instituto Ayrton Senna com a Divina Com\u00e9dia, empresa respons\u00e1vel pelos eventos na Fonte, com apoio do P\u00e3o de A\u00e7\u00facar e da Prefeitura de S\u00e3o Paulo. O espet\u00e1culo in\u00e9dito \u201cAyrton Senna &#8211; A Saga do Her\u00f3i\u201d ser\u00e1 inaugurado \u00e0s 20 horas do dia 1\u00ba de maio. As apresenta\u00e7\u00f5es acontecer\u00e3o nos dois fins de semana seguintes, sempre em duas proje\u00e7\u00f5es\u00a0di\u00e1rias. \u00c9 a primeira vez que um esportista recebe este tipo de","og_url":"https:\/\/www.encontramoema.com.br\/sobre\/apresentacoes-na-fonte-multimidia-do-ibirapuera-homenageiam-ayrton-senna\/","og_site_name":"Encontra Moema","article_published_time":"2015-04-30T12:06:17+00:00","article_modified_time":"2019-04-12T21:01:04+00:00","og_image":[{"url":"http:\/\/www.encontramoema.com.br\/blog\/wp-content\/uploads\/2015\/04\/ayrton-senna-fonte-ibirapuera1.jpg","type":"","width":"","height":""}],"author":"Encontra Moema","twitter_card":"summary_large_image","twitter_misc":{"Escrito por":"Encontra Moema","Est. tempo de leitura":"4 minutos"},"schema":{"@context":"https:\/\/schema.org","@graph":[{"@type":"WebPage","@id":"https:\/\/www.encontramoema.com.br\/sobre\/apresentacoes-na-fonte-multimidia-do-ibirapuera-homenageiam-ayrton-senna\/","url":"https:\/\/www.encontramoema.com.br\/sobre\/apresentacoes-na-fonte-multimidia-do-ibirapuera-homenageiam-ayrton-senna\/","name":"Apresenta\u00e7\u00f5es na Fonte Multim\u00eddia do Ibirapuera homenageiam Ayrton Senna - Encontra Moema","isPartOf":{"@id":"https:\/\/www.encontramoema.com.br\/sobre\/#website"},"primaryImageOfPage":{"@id":"https:\/\/www.encontramoema.com.br\/sobre\/apresentacoes-na-fonte-multimidia-do-ibirapuera-homenageiam-ayrton-senna\/#primaryimage"},"image":{"@id":"https:\/\/www.encontramoema.com.br\/sobre\/apresentacoes-na-fonte-multimidia-do-ibirapuera-homenageiam-ayrton-senna\/#primaryimage"},"thumbnailUrl":"http:\/\/www.encontramoema.com.br\/blog\/wp-content\/uploads\/2015\/04\/ayrton-senna-fonte-ibirapuera1.jpg","datePublished":"2015-04-30T12:06:17+00:00","dateModified":"2019-04-12T21:01:04+00:00","author":{"@id":"https:\/\/www.encontramoema.com.br\/sobre\/#\/schema\/person\/3c3656d12b82130d77eba13c4ef23efa"},"breadcrumb":{"@id":"https:\/\/www.encontramoema.com.br\/sobre\/apresentacoes-na-fonte-multimidia-do-ibirapuera-homenageiam-ayrton-senna\/#breadcrumb"},"inLanguage":"pt-BR","potentialAction":[{"@type":"ReadAction","target":["https:\/\/www.encontramoema.com.br\/sobre\/apresentacoes-na-fonte-multimidia-do-ibirapuera-homenageiam-ayrton-senna\/"]}]},{"@type":"ImageObject","inLanguage":"pt-BR","@id":"https:\/\/www.encontramoema.com.br\/sobre\/apresentacoes-na-fonte-multimidia-do-ibirapuera-homenageiam-ayrton-senna\/#primaryimage","url":"http:\/\/www.encontramoema.com.br\/blog\/wp-content\/uploads\/2015\/04\/ayrton-senna-fonte-ibirapuera1.jpg","contentUrl":"http:\/\/www.encontramoema.com.br\/blog\/wp-content\/uploads\/2015\/04\/ayrton-senna-fonte-ibirapuera1.jpg"},{"@type":"BreadcrumbList","@id":"https:\/\/www.encontramoema.com.br\/sobre\/apresentacoes-na-fonte-multimidia-do-ibirapuera-homenageiam-ayrton-senna\/#breadcrumb","itemListElement":[{"@type":"ListItem","position":1,"name":"In\u00edcio","item":"https:\/\/www.encontramoema.com.br\/sobre\/"},{"@type":"ListItem","position":2,"name":"Apresenta\u00e7\u00f5es na Fonte Multim\u00eddia do Ibirapuera homenageiam Ayrton Senna"}]},{"@type":"WebSite","@id":"https:\/\/www.encontramoema.com.br\/sobre\/#website","url":"https:\/\/www.encontramoema.com.br\/sobre\/","name":"Encontra Moema","description":"Not\u00edcias, eventos, informa\u00e7\u00f5es e dicas no bairro de Moema e regi\u00e3o.","potentialAction":[{"@type":"SearchAction","target":{"@type":"EntryPoint","urlTemplate":"https:\/\/www.encontramoema.com.br\/sobre\/?s={search_term_string}"},"query-input":{"@type":"PropertyValueSpecification","valueRequired":true,"valueName":"search_term_string"}}],"inLanguage":"pt-BR"},{"@type":"Person","@id":"https:\/\/www.encontramoema.com.br\/sobre\/#\/schema\/person\/3c3656d12b82130d77eba13c4ef23efa","name":"Encontra Moema","image":{"@type":"ImageObject","inLanguage":"pt-BR","@id":"https:\/\/www.encontramoema.com.br\/sobre\/#\/schema\/person\/image\/","url":"https:\/\/secure.gravatar.com\/avatar\/0fbed662e37531ae23e68f85f9517b2454e50c1dfebf80eb9b721449ac95e0b9?s=96&d=mm&r=g","contentUrl":"https:\/\/secure.gravatar.com\/avatar\/0fbed662e37531ae23e68f85f9517b2454e50c1dfebf80eb9b721449ac95e0b9?s=96&d=mm&r=g","caption":"Encontra Moema"},"url":"https:\/\/www.encontramoema.com.br\/sobre\/author\/emoema\/"}]}},"_links":{"self":[{"href":"https:\/\/www.encontramoema.com.br\/sobre\/wp-json\/wp\/v2\/posts\/18956","targetHints":{"allow":["GET"]}}],"collection":[{"href":"https:\/\/www.encontramoema.com.br\/sobre\/wp-json\/wp\/v2\/posts"}],"about":[{"href":"https:\/\/www.encontramoema.com.br\/sobre\/wp-json\/wp\/v2\/types\/post"}],"author":[{"embeddable":true,"href":"https:\/\/www.encontramoema.com.br\/sobre\/wp-json\/wp\/v2\/users\/1"}],"replies":[{"embeddable":true,"href":"https:\/\/www.encontramoema.com.br\/sobre\/wp-json\/wp\/v2\/comments?post=18956"}],"version-history":[{"count":0,"href":"https:\/\/www.encontramoema.com.br\/sobre\/wp-json\/wp\/v2\/posts\/18956\/revisions"}],"wp:attachment":[{"href":"https:\/\/www.encontramoema.com.br\/sobre\/wp-json\/wp\/v2\/media?parent=18956"}],"wp:term":[{"taxonomy":"category","embeddable":true,"href":"https:\/\/www.encontramoema.com.br\/sobre\/wp-json\/wp\/v2\/categories?post=18956"},{"taxonomy":"post_tag","embeddable":true,"href":"https:\/\/www.encontramoema.com.br\/sobre\/wp-json\/wp\/v2\/tags?post=18956"}],"curies":[{"name":"wp","href":"https:\/\/api.w.org\/{rel}","templated":true}]}}