{"id":19500,"date":"2017-07-04T11:51:20","date_gmt":"2017-07-04T13:51:20","guid":{"rendered":"http:\/\/www.encontramoema.com.br\/sobre\/?p=19500"},"modified":"2019-04-12T19:01:01","modified_gmt":"2019-04-12T21:01:01","slug":"bar-do-alemao-moema","status":"publish","type":"post","link":"https:\/\/www.encontramoema.com.br\/sobre\/bar-do-alemao-moema\/","title":{"rendered":"Bar do Alem\u00e3o Moema"},"content":{"rendered":"<div class=\"b7f545a958fd6350ffae2d30a84cafb8\" data-index=\"1\" style=\"float: none; margin:0px;\">\n<!-- Anuncio display - global -->\r\n<ins class=\"adsbygoogle\"\r\n     style=\"display:block\"\r\n     data-ad-client=\"ca-pub-8585364105181520\"\r\n     data-ad-slot=\"8789329856\"\r\n     data-ad-format=\"auto\"\r\n     data-full-width-responsive=\"true\"><\/ins>\r\n<script>\r\n     (adsbygoogle = window.adsbygoogle || []).push({});\r\n<\/script>\n<\/div>\n<p>Inaugurado em 2008 pelos bisnetos do fundador do <em>Bar do Alem\u00e3o de Itu<\/em>, o <strong>Bar do Alem\u00e3o Moema<\/strong> traz a tradi\u00e7\u00e3o centen\u00e1ria da <em>Fam\u00edlia Steiner<\/em> para um dos bairros mais charmosos da capital paulistana.<\/p>\n<p>Num ambiente acolhedor, o <em>Bar do Alem\u00e3o Moema<\/em> possui um amplo e aconchegante sal\u00e3o climatizado com capacidade para 200 lugares, projetado para acesso f\u00e1cil de cadeirantes e com acesso a internet sem fio.<\/p>\n<p><img loading=\"lazy\" decoding=\"async\" class=\"wp-image-19501 size-full alignnone\" title=\"Bar do Alem\u00e3o Moema\" src=\"http:\/\/www.encontramoema.com.br\/sobre\/wp-content\/uploads\/2017\/07\/bar-do-alemao-moema.jpg\" alt=\"Bar do Alem\u00e3o Moema\" width=\"680\" height=\"189\" srcset=\"https:\/\/www.encontramoema.com.br\/sobre\/wp-content\/uploads\/2017\/07\/bar-do-alemao-moema.jpg 680w, https:\/\/www.encontramoema.com.br\/sobre\/wp-content\/uploads\/2017\/07\/bar-do-alemao-moema-300x83.jpg 300w\" sizes=\"auto, (max-width: 680px) 100vw, 680px\" \/><\/p>\n<p>Em 1902, na cidade de Itu, o imigrante alem\u00e3o <em>Adolf Steiner<\/em>, no Brasil desde 1889, abre juntamente com seu filho Max, a Padaria e Confeitaria Alem\u00e3.<\/p>\n<p>\u00c9 nesta padaria que <em>Max<\/em>, depois do expediente de trabalho, reunia seus amigos para apreciar as bebidas de sua terra natal: a Cerveja e o Steinh\u00e4ger. Para acompanhar as bebidas, <em>Max<\/em> preparava sua especialidade, o Bife do Steiner: um delicioso corte de carne frito na manteiga e acebolado, com molho de tomate.<\/p>\n<p>Na d\u00e9cada de 30 eram tantos os apreciadores do Bife do Steiner, que <em>Max<\/em>, sempre atento \u00e0 demanda, agrega \u00e0 Padaria um Bar e Restaurante. \u00c9 nesta \u00e9poca que a Ant\u00e1rtica lan\u00e7a seu chope e o estabelecimento de Max se torna o \u00fanico do interior do estado a ter o <em>Chope Ant\u00e1rtica<\/em> e passa a ser mais um diferencial, pois o chope era um produto raro.<\/p>\n<p>Nos anos 60, deixa de funcionar a padaria, passando o <em>Bar e Restaurante<\/em> a ser o centro das aten\u00e7\u00f5es da terceira gera\u00e7\u00e3o da fam\u00edlia, o qual Marcos Netto e Paulo Jr. modernizam o <em>Bar do Alem\u00e3o<\/em>, com uma reforma que tornou o ambiente ainda mais acolhedor.<\/p>\n<p>Por volta de 1990 a quarta gera\u00e7\u00e3o assume o comando do restaurante e resolve levar a agora famosa Parmegiana a outros horizontes e abre o <em>Bar do Alem\u00e3o<\/em> em Campinas, Sorocaba e S\u00e3o Paulo.<br \/>\n\u00c9 a paix\u00e3o pela boa comida, boa bebida e o conv\u00edvio com os amigos que faz com que o <em>Bar do Alem\u00e3o<\/em>, em qualquer cidade, continue sendo o sucesso que sempre foi.<\/p>\n<h2>Bar do Alem\u00e3o Moema Card\u00e1pio<\/h2>\n<p>S\u00e3o muitas op\u00e7\u00f5es de pratos separadas em categorias como:<\/p>\n<ul>\n<li>Entradas e Saladas<\/li>\n<li>Parmegiana<\/li>\n<li>Especiais de Mignon<\/li>\n<li>Tradicionais Alem\u00e3es<\/li>\n<li>Aves e Peixes<\/li>\n<li>Massas<\/li>\n<li>Por\u00e7\u00f5es Frias<\/li>\n<li>Por\u00e7\u00f5es Quentes<\/li>\n<li>Card\u00e1pio Kids<\/li>\n<li>Sobremesas<\/li>\n<\/ul>\n<p>E claro n\u00e3o poderia faltar uma carta de cervejas nacionais e alem\u00e3s, com op\u00e7\u00f5es Ale e Lager.<\/p>\n<h3>Bar do Alem\u00e3o Moema Parmegiana<\/h3>\n<p>O famoso Parmegiana do Bar do Alem\u00e3o come\u00e7ou a ganhar vida em 1902 atrav\u00e9s das reuni\u00f5es que Max fazia com seus amigos, l\u00e1 ainda era um bife acebolado com molho de tomate, atrav\u00e9s dos anos e da pr\u00e1tica a receita foi aperfei\u00e7oada e se tornou o Parmegiana que todos apreciam hoje.<\/p>\n<h3>Bar do Alem\u00e3o\u00a0Moema\u00a0Delivery<\/h3>\n<p>Um diferencial do\u00a0<em>Bar do Alem\u00e3o\u00a0Moema<\/em>\u00a0\u00e9 o atendimento em domic\u00edlio, mediante pedidos pela internet, com o servi\u00e7o de delivery oferecido a empresas e resid\u00eancias de toda a regi\u00e3o de\u00a0<em>Moema<\/em>\u00a0e bairros adjacentes.<\/p>\n<h3>Hor\u00e1rio de Funcionamento Bar do Alem\u00e3o\u00a0Moema<\/h3>\n<ul>\n<li>Ter\u00e7a a Sexta das 12h \u00e0s 15h e das 18h \u00e0s 0h<\/li>\n<li>S\u00e1bado das 12h \u00e0s 0h e Domingo das 12h \u00e0s 22h<\/li>\n<\/ul>\n<h3>Endere\u00e7o e Telefone Bar do Alem\u00e3o\u00a0Moema<\/h3>\n<ul>\n<li>Av. Juriti, 651, Moema\u00a0&#8211; S\u00e3o Paulo &#8211; SP<\/li>\n<li>Telefone: (11)\u00a05052-8333<\/li>\n<\/ul>\n<h4>Site, Card\u00e1pio, Pre\u00e7o e Reservas<\/h4>\n<ul>\n<li>Mais informa\u00e7\u00f5es:\u00a0<a href=\"http:\/\/www.bardoalemaosp.com.br\/\" target=\"_blank\" rel=\"noopener noreferrer\">www.bardoalemaosp.com.br<\/a><\/li>\n<li><a href=\"http:\/\/www.encontramoema.com.br\/sobre\/os-melhores-restaurantes-em-moema\/\"><span style=\"text-decoration: underline;\">Veja outros Restaurantes em Moema aqui<\/span><\/a><\/li>\n<\/ul>\n<h4>Mapa de localiza\u00e7\u00e3o<\/h4>\n<a class=\"wp-colorbox-iframe\" href=\"https:\/\/www.google.com\/maps\/embed?pb=!1m14!1m8!1m3!1d14624.28261626652!2d-46.6618921!3d-23.6017989!3m2!1i1024!2i768!4f13.1!3m3!1m2!1s0x00xc659c5e8a48566b!2sBar+do+Alemo+de+So+Paulo+em+Moema!5e0!3m2!1spt-BR!2sbr!4v1499176258004\"><img decoding=\"async\" src=\"http:\/\/www.encontramoema.com.br\/imgs\/maps-post.png\"><\/a>\n\n<div style=\"font-size: 0px; height: 0px; line-height: 0px; margin: 0; padding: 0; clear: both;\"><\/div>","protected":false},"excerpt":{"rendered":"<p>Inaugurado em 2008 pelos bisnetos do fundador do Bar do Alem\u00e3o de Itu, o Bar do Alem\u00e3o Moema traz a tradi\u00e7\u00e3o centen\u00e1ria da Fam\u00edlia Steiner para um dos bairros mais charmosos da capital paulistana. Num ambiente acolhedor, o Bar do Alem\u00e3o Moema possui um amplo e aconchegante sal\u00e3o climatizado com capacidade para 200 lugares, projetado para acesso f\u00e1cil de cadeirantes e com acesso a internet sem fio. Em 1902, na cidade de Itu, o imigrante alem\u00e3o Adolf Steiner, no Brasil desde 1889, abre juntamente com seu filho Max, a Padaria e Confeitaria Alem\u00e3. \u00c9 nesta padaria que Max, depois do <\/p>\n","protected":false},"author":1,"featured_media":19501,"comment_status":"open","ping_status":"closed","sticky":false,"template":"","format":"standard","meta":{"footnotes":""},"categories":[5030],"tags":[],"class_list":["post-19500","post","type-post","status-publish","format-standard","has-post-thumbnail","hentry","category-lugares-para-comer-moema","has_thumb"],"yoast_head":"<!-- This site is optimized with the Yoast SEO plugin v26.3 - https:\/\/yoast.com\/wordpress\/plugins\/seo\/ -->\n<title>Bar do Alem\u00e3o Moema - Encontra Moema<\/title>\n<meta name=\"robots\" content=\"index, follow, max-snippet:-1, max-image-preview:large, max-video-preview:-1\" \/>\n<link rel=\"canonical\" href=\"https:\/\/www.encontramoema.com.br\/sobre\/bar-do-alemao-moema\/\" \/>\n<meta property=\"og:locale\" content=\"pt_BR\" \/>\n<meta property=\"og:type\" content=\"article\" \/>\n<meta property=\"og:title\" content=\"Bar do Alem\u00e3o Moema - Encontra Moema\" \/>\n<meta property=\"og:description\" content=\"Inaugurado em 2008 pelos bisnetos do fundador do Bar do Alem\u00e3o de Itu, o Bar do Alem\u00e3o Moema traz a tradi\u00e7\u00e3o centen\u00e1ria da Fam\u00edlia Steiner para um dos bairros mais charmosos da capital paulistana. Num ambiente acolhedor, o Bar do Alem\u00e3o Moema possui um amplo e aconchegante sal\u00e3o climatizado com capacidade para 200 lugares, projetado para acesso f\u00e1cil de cadeirantes e com acesso a internet sem fio. Em 1902, na cidade de Itu, o imigrante alem\u00e3o Adolf Steiner, no Brasil desde 1889, abre juntamente com seu filho Max, a Padaria e Confeitaria Alem\u00e3. \u00c9 nesta padaria que Max, depois do\" \/>\n<meta property=\"og:url\" content=\"https:\/\/www.encontramoema.com.br\/sobre\/bar-do-alemao-moema\/\" \/>\n<meta property=\"og:site_name\" content=\"Encontra Moema\" \/>\n<meta property=\"article:published_time\" content=\"2017-07-04T13:51:20+00:00\" \/>\n<meta property=\"article:modified_time\" content=\"2019-04-12T21:01:01+00:00\" \/>\n<meta property=\"og:image\" content=\"https:\/\/www.encontramoema.com.br\/sobre\/wp-content\/uploads\/2017\/07\/bar-do-alemao-moema.jpg\" \/>\n\t<meta property=\"og:image:width\" content=\"680\" \/>\n\t<meta property=\"og:image:height\" content=\"189\" \/>\n\t<meta property=\"og:image:type\" content=\"image\/jpeg\" \/>\n<meta name=\"author\" content=\"Encontra Moema\" \/>\n<meta name=\"twitter:card\" content=\"summary_large_image\" \/>\n<meta name=\"twitter:label1\" content=\"Escrito por\" \/>\n\t<meta name=\"twitter:data1\" content=\"Encontra Moema\" \/>\n\t<meta name=\"twitter:label2\" content=\"Est. tempo de leitura\" \/>\n\t<meta name=\"twitter:data2\" content=\"3 minutos\" \/>\n<script type=\"application\/ld+json\" class=\"yoast-schema-graph\">{\"@context\":\"https:\/\/schema.org\",\"@graph\":[{\"@type\":\"WebPage\",\"@id\":\"https:\/\/www.encontramoema.com.br\/sobre\/bar-do-alemao-moema\/\",\"url\":\"https:\/\/www.encontramoema.com.br\/sobre\/bar-do-alemao-moema\/\",\"name\":\"Bar do Alem\u00e3o Moema - Encontra Moema\",\"isPartOf\":{\"@id\":\"https:\/\/www.encontramoema.com.br\/sobre\/#website\"},\"primaryImageOfPage\":{\"@id\":\"https:\/\/www.encontramoema.com.br\/sobre\/bar-do-alemao-moema\/#primaryimage\"},\"image\":{\"@id\":\"https:\/\/www.encontramoema.com.br\/sobre\/bar-do-alemao-moema\/#primaryimage\"},\"thumbnailUrl\":\"https:\/\/www.encontramoema.com.br\/sobre\/wp-content\/uploads\/2017\/07\/bar-do-alemao-moema.jpg\",\"datePublished\":\"2017-07-04T13:51:20+00:00\",\"dateModified\":\"2019-04-12T21:01:01+00:00\",\"author\":{\"@id\":\"https:\/\/www.encontramoema.com.br\/sobre\/#\/schema\/person\/3c3656d12b82130d77eba13c4ef23efa\"},\"breadcrumb\":{\"@id\":\"https:\/\/www.encontramoema.com.br\/sobre\/bar-do-alemao-moema\/#breadcrumb\"},\"inLanguage\":\"pt-BR\",\"potentialAction\":[{\"@type\":\"ReadAction\",\"target\":[\"https:\/\/www.encontramoema.com.br\/sobre\/bar-do-alemao-moema\/\"]}]},{\"@type\":\"ImageObject\",\"inLanguage\":\"pt-BR\",\"@id\":\"https:\/\/www.encontramoema.com.br\/sobre\/bar-do-alemao-moema\/#primaryimage\",\"url\":\"https:\/\/www.encontramoema.com.br\/sobre\/wp-content\/uploads\/2017\/07\/bar-do-alemao-moema.jpg\",\"contentUrl\":\"https:\/\/www.encontramoema.com.br\/sobre\/wp-content\/uploads\/2017\/07\/bar-do-alemao-moema.jpg\",\"width\":680,\"height\":189},{\"@type\":\"BreadcrumbList\",\"@id\":\"https:\/\/www.encontramoema.com.br\/sobre\/bar-do-alemao-moema\/#breadcrumb\",\"itemListElement\":[{\"@type\":\"ListItem\",\"position\":1,\"name\":\"In\u00edcio\",\"item\":\"https:\/\/www.encontramoema.com.br\/sobre\/\"},{\"@type\":\"ListItem\",\"position\":2,\"name\":\"Bar do Alem\u00e3o Moema\"}]},{\"@type\":\"WebSite\",\"@id\":\"https:\/\/www.encontramoema.com.br\/sobre\/#website\",\"url\":\"https:\/\/www.encontramoema.com.br\/sobre\/\",\"name\":\"Encontra Moema\",\"description\":\"Not\u00edcias, eventos, informa\u00e7\u00f5es e dicas no bairro de Moema e regi\u00e3o.\",\"potentialAction\":[{\"@type\":\"SearchAction\",\"target\":{\"@type\":\"EntryPoint\",\"urlTemplate\":\"https:\/\/www.encontramoema.com.br\/sobre\/?s={search_term_string}\"},\"query-input\":{\"@type\":\"PropertyValueSpecification\",\"valueRequired\":true,\"valueName\":\"search_term_string\"}}],\"inLanguage\":\"pt-BR\"},{\"@type\":\"Person\",\"@id\":\"https:\/\/www.encontramoema.com.br\/sobre\/#\/schema\/person\/3c3656d12b82130d77eba13c4ef23efa\",\"name\":\"Encontra Moema\",\"image\":{\"@type\":\"ImageObject\",\"inLanguage\":\"pt-BR\",\"@id\":\"https:\/\/www.encontramoema.com.br\/sobre\/#\/schema\/person\/image\/\",\"url\":\"https:\/\/secure.gravatar.com\/avatar\/0fbed662e37531ae23e68f85f9517b2454e50c1dfebf80eb9b721449ac95e0b9?s=96&d=mm&r=g\",\"contentUrl\":\"https:\/\/secure.gravatar.com\/avatar\/0fbed662e37531ae23e68f85f9517b2454e50c1dfebf80eb9b721449ac95e0b9?s=96&d=mm&r=g\",\"caption\":\"Encontra Moema\"},\"url\":\"https:\/\/www.encontramoema.com.br\/sobre\/author\/emoema\/\"}]}<\/script>\n<!-- \/ Yoast SEO plugin. -->","yoast_head_json":{"title":"Bar do Alem\u00e3o Moema - Encontra Moema","robots":{"index":"index","follow":"follow","max-snippet":"max-snippet:-1","max-image-preview":"max-image-preview:large","max-video-preview":"max-video-preview:-1"},"canonical":"https:\/\/www.encontramoema.com.br\/sobre\/bar-do-alemao-moema\/","og_locale":"pt_BR","og_type":"article","og_title":"Bar do Alem\u00e3o Moema - Encontra Moema","og_description":"Inaugurado em 2008 pelos bisnetos do fundador do Bar do Alem\u00e3o de Itu, o Bar do Alem\u00e3o Moema traz a tradi\u00e7\u00e3o centen\u00e1ria da Fam\u00edlia Steiner para um dos bairros mais charmosos da capital paulistana. Num ambiente acolhedor, o Bar do Alem\u00e3o Moema possui um amplo e aconchegante sal\u00e3o climatizado com capacidade para 200 lugares, projetado para acesso f\u00e1cil de cadeirantes e com acesso a internet sem fio. Em 1902, na cidade de Itu, o imigrante alem\u00e3o Adolf Steiner, no Brasil desde 1889, abre juntamente com seu filho Max, a Padaria e Confeitaria Alem\u00e3. \u00c9 nesta padaria que Max, depois do","og_url":"https:\/\/www.encontramoema.com.br\/sobre\/bar-do-alemao-moema\/","og_site_name":"Encontra Moema","article_published_time":"2017-07-04T13:51:20+00:00","article_modified_time":"2019-04-12T21:01:01+00:00","og_image":[{"width":680,"height":189,"url":"https:\/\/www.encontramoema.com.br\/sobre\/wp-content\/uploads\/2017\/07\/bar-do-alemao-moema.jpg","type":"image\/jpeg"}],"author":"Encontra Moema","twitter_card":"summary_large_image","twitter_misc":{"Escrito por":"Encontra Moema","Est. tempo de leitura":"3 minutos"},"schema":{"@context":"https:\/\/schema.org","@graph":[{"@type":"WebPage","@id":"https:\/\/www.encontramoema.com.br\/sobre\/bar-do-alemao-moema\/","url":"https:\/\/www.encontramoema.com.br\/sobre\/bar-do-alemao-moema\/","name":"Bar do Alem\u00e3o Moema - Encontra Moema","isPartOf":{"@id":"https:\/\/www.encontramoema.com.br\/sobre\/#website"},"primaryImageOfPage":{"@id":"https:\/\/www.encontramoema.com.br\/sobre\/bar-do-alemao-moema\/#primaryimage"},"image":{"@id":"https:\/\/www.encontramoema.com.br\/sobre\/bar-do-alemao-moema\/#primaryimage"},"thumbnailUrl":"https:\/\/www.encontramoema.com.br\/sobre\/wp-content\/uploads\/2017\/07\/bar-do-alemao-moema.jpg","datePublished":"2017-07-04T13:51:20+00:00","dateModified":"2019-04-12T21:01:01+00:00","author":{"@id":"https:\/\/www.encontramoema.com.br\/sobre\/#\/schema\/person\/3c3656d12b82130d77eba13c4ef23efa"},"breadcrumb":{"@id":"https:\/\/www.encontramoema.com.br\/sobre\/bar-do-alemao-moema\/#breadcrumb"},"inLanguage":"pt-BR","potentialAction":[{"@type":"ReadAction","target":["https:\/\/www.encontramoema.com.br\/sobre\/bar-do-alemao-moema\/"]}]},{"@type":"ImageObject","inLanguage":"pt-BR","@id":"https:\/\/www.encontramoema.com.br\/sobre\/bar-do-alemao-moema\/#primaryimage","url":"https:\/\/www.encontramoema.com.br\/sobre\/wp-content\/uploads\/2017\/07\/bar-do-alemao-moema.jpg","contentUrl":"https:\/\/www.encontramoema.com.br\/sobre\/wp-content\/uploads\/2017\/07\/bar-do-alemao-moema.jpg","width":680,"height":189},{"@type":"BreadcrumbList","@id":"https:\/\/www.encontramoema.com.br\/sobre\/bar-do-alemao-moema\/#breadcrumb","itemListElement":[{"@type":"ListItem","position":1,"name":"In\u00edcio","item":"https:\/\/www.encontramoema.com.br\/sobre\/"},{"@type":"ListItem","position":2,"name":"Bar do Alem\u00e3o Moema"}]},{"@type":"WebSite","@id":"https:\/\/www.encontramoema.com.br\/sobre\/#website","url":"https:\/\/www.encontramoema.com.br\/sobre\/","name":"Encontra Moema","description":"Not\u00edcias, eventos, informa\u00e7\u00f5es e dicas no bairro de Moema e regi\u00e3o.","potentialAction":[{"@type":"SearchAction","target":{"@type":"EntryPoint","urlTemplate":"https:\/\/www.encontramoema.com.br\/sobre\/?s={search_term_string}"},"query-input":{"@type":"PropertyValueSpecification","valueRequired":true,"valueName":"search_term_string"}}],"inLanguage":"pt-BR"},{"@type":"Person","@id":"https:\/\/www.encontramoema.com.br\/sobre\/#\/schema\/person\/3c3656d12b82130d77eba13c4ef23efa","name":"Encontra Moema","image":{"@type":"ImageObject","inLanguage":"pt-BR","@id":"https:\/\/www.encontramoema.com.br\/sobre\/#\/schema\/person\/image\/","url":"https:\/\/secure.gravatar.com\/avatar\/0fbed662e37531ae23e68f85f9517b2454e50c1dfebf80eb9b721449ac95e0b9?s=96&d=mm&r=g","contentUrl":"https:\/\/secure.gravatar.com\/avatar\/0fbed662e37531ae23e68f85f9517b2454e50c1dfebf80eb9b721449ac95e0b9?s=96&d=mm&r=g","caption":"Encontra Moema"},"url":"https:\/\/www.encontramoema.com.br\/sobre\/author\/emoema\/"}]}},"_links":{"self":[{"href":"https:\/\/www.encontramoema.com.br\/sobre\/wp-json\/wp\/v2\/posts\/19500","targetHints":{"allow":["GET"]}}],"collection":[{"href":"https:\/\/www.encontramoema.com.br\/sobre\/wp-json\/wp\/v2\/posts"}],"about":[{"href":"https:\/\/www.encontramoema.com.br\/sobre\/wp-json\/wp\/v2\/types\/post"}],"author":[{"embeddable":true,"href":"https:\/\/www.encontramoema.com.br\/sobre\/wp-json\/wp\/v2\/users\/1"}],"replies":[{"embeddable":true,"href":"https:\/\/www.encontramoema.com.br\/sobre\/wp-json\/wp\/v2\/comments?post=19500"}],"version-history":[{"count":0,"href":"https:\/\/www.encontramoema.com.br\/sobre\/wp-json\/wp\/v2\/posts\/19500\/revisions"}],"wp:featuredmedia":[{"embeddable":true,"href":"https:\/\/www.encontramoema.com.br\/sobre\/wp-json\/wp\/v2\/media\/19501"}],"wp:attachment":[{"href":"https:\/\/www.encontramoema.com.br\/sobre\/wp-json\/wp\/v2\/media?parent=19500"}],"wp:term":[{"taxonomy":"category","embeddable":true,"href":"https:\/\/www.encontramoema.com.br\/sobre\/wp-json\/wp\/v2\/categories?post=19500"},{"taxonomy":"post_tag","embeddable":true,"href":"https:\/\/www.encontramoema.com.br\/sobre\/wp-json\/wp\/v2\/tags?post=19500"}],"curies":[{"name":"wp","href":"https:\/\/api.w.org\/{rel}","templated":true}]}}