{"id":20817,"date":"2025-11-11T11:55:00","date_gmt":"2025-11-11T14:55:00","guid":{"rendered":"https:\/\/www.encontramoema.com.br\/sobre\/sessao-solene-de-outorga-do-colar-de-honra-ao-merito-legislativo\/"},"modified":"2025-11-11T11:55:00","modified_gmt":"2025-11-11T14:55:00","slug":"sessao-solene-de-outorga-do-colar-de-honra-ao-merito-legislativo","status":"publish","type":"post","link":"https:\/\/www.encontramoema.com.br\/sobre\/sessao-solene-de-outorga-do-colar-de-honra-ao-merito-legislativo\/","title":{"rendered":"Sess\u00e3o Solene de Outorga do Colar de Honra ao M\u00e9rito Legislativo"},"content":{"rendered":"<div class=\"b7f545a958fd6350ffae2d30a84cafb8\" data-index=\"1\" style=\"float: none; margin:0px;\">\n<!-- Anuncio display - global -->\r\n<ins class=\"adsbygoogle\"\r\n     style=\"display:block\"\r\n     data-ad-client=\"ca-pub-8585364105181520\"\r\n     data-ad-slot=\"8789329856\"\r\n     data-ad-format=\"auto\"\r\n     data-full-width-responsive=\"true\"><\/ins>\r\n<script>\r\n     (adsbygoogle = window.adsbygoogle || []).push({});\r\n<\/script>\n<\/div>\n<h2>O Que \u00e9 o Colar de Honra ao M\u00e9rito Legislativo<\/h2>\n<p>O <strong>Colar de Honra ao M\u00e9rito Legislativo<\/strong> \u00e9 uma das mais altas honrarias concedidas na cidade de S\u00e3o Paulo. Esta distin\u00e7\u00e3o tem como objetivo reconhecer e premiar pessoas que se destacam em atividades que contribuem para o desenvolvimento social, econ\u00f4mico e cultural da cidade. A sua cria\u00e7\u00e3o reflete a import\u00e2ncia de valorizar a\u00e7\u00f5es que inspiram e transformam a vida de outras pessoas, al\u00e9m de estimular a participa\u00e7\u00e3o c\u00edvica e engajamento social.<\/p>\n<p>Esta honraria \u00e9 tradicionalmente entregue em uma cerim\u00f4nia solene, onde os homenageados s\u00e3o acolhidos com aplausos e reconhecimento p\u00fablico. O colar \u00e9 um s\u00edmbolo de respeito e gratid\u00e3o, destinado a aqueles que dedicaram esfor\u00e7os significativos para o bem-estar da coletividade, seja por meio da pol\u00edtica, do ativismo social, das artes, da ci\u00eancia ou de outras \u00e1reas que promovam melhorias na qualidade de vida dos cidad\u00e3os.<\/p>\n<h2>Import\u00e2ncia da Cerim\u00f4nia em S\u00e3o Paulo<\/h2>\n<p>A <strong>cerim\u00f4nia de outorga do Colar de Honra ao M\u00e9rito Legislativo<\/strong> \u00e9 um evento de grande relev\u00e2ncia para a cidade de S\u00e3o Paulo. Al\u00e9m de ser uma forma de reconhecimento oficial, representa um espa\u00e7o onde a comunidade se re\u00fane para celebrar conquistas e iniciativas que fazem a diferen\u00e7a na vida das pessoas. Este evento n\u00e3o s\u00f3 exalta os homenageados, mas tamb\u00e9m serve como uma fonte de inspira\u00e7\u00e3o para que outros sigam seus exemplos.<\/p>\n<p><img decoding=\"async\" src=\"https:\/\/www.encontramoema.com.br\/sobre\/wp-content\/uploads\/2025\/11\/sessao-solene-de-outorga-do-colar-de-honra-ao-merito-legislativo.webp\" alt=\"Sess\u00e3o Solene de Outorga do Colar de Honra ao M\u00e9rito Legislativo\" loading=\"lazy\" \/><\/p>\n<p>Durante a cerim\u00f4nia, situa\u00e7\u00f5es como a supera\u00e7\u00e3o de desafios sociais, o fortalecimento de la\u00e7os comunit\u00e1rios e a promo\u00e7\u00e3o de direitos humanos s\u00e3o glorificadas, mostrando \u00e0 popula\u00e7\u00e3o que um futuro melhor \u00e9 poss\u00edvel. Al\u00e9m disso, a presen\u00e7a de autoridades e personalidades, que se juntam ao evento, refor\u00e7a a import\u00e2ncia da uni\u00e3o em prol de causas sociais e coletivas, despertando um sentimento de esperan\u00e7a e responsabilidade entre os participantes.<\/p>\n<h2>Quem Pode Receber o Colar de Honra<\/h2>\n<p>O Colar de Honra ao M\u00e9rito Legislativo pode ser concedido a diversas personalidades, desde <strong>pol\u00edticos<\/strong> at\u00e9 <strong>cidad\u00e3os comuns<\/strong> que realizam trabalhos not\u00e1veis em suas comunidades. N\u00e3o h\u00e1 restri\u00e7\u00f5es r\u00edgidas sobre quem pode ser homenageado, desde que suas a\u00e7\u00f5es estejam alinhadas com os princ\u00edpios de benef\u00edcio \u00e0 sociedade.<\/p>\n<p>Dentre os grupos frequentemente homenageados est\u00e3o: defensores dos direitos humanos, educadores, artistas, cientistas e l\u00edderes comunit\u00e1rios. A escolha dos homenageados \u00e9 feita com base em suas contribui\u00e7\u00f5es significativas e impacto positivo nas \u00e1reas sociais, culturais, esportivas ou ambientais. Cada laureado carrega consigo uma hist\u00f3ria que merece ser contada, inspirando as novas gera\u00e7\u00f5es a buscar a transforma\u00e7\u00e3o social.<\/p>\n<h2>Momento Hist\u00f3rico: Homenagem a Ricardo Nunes<\/h2>\n<p>Um dos momentos significativos na hist\u00f3ria recente do Colar de Honra ao M\u00e9rito Legislativo foi a homenagem ao <strong>Prefeito Ricardo Nunes<\/strong>, marcada pela solenidade realizada na Assembleia Legislativa do Estado de S\u00e3o Paulo. Este evento n\u00e3o apenas celebrou a trajet\u00f3ria do prefeito, mas tamb\u00e9m simbolizou uma continuidade nas pol\u00edticas que buscam o bem-estar da popula\u00e7\u00e3o e o desenvolvimento sustent\u00e1vel da cidade.<\/p>\n<p>A escolha de Ricardo Nunes como homenageado reflete um reconhecimento do seu trabalho em \u00e1reas fundamentais como a sa\u00fade, educa\u00e7\u00e3o e meio ambiente. Sua atua\u00e7\u00e3o em momentos dif\u00edceis e sua capacidade de lideran\u00e7a foram apreciadas, destacando a import\u00e2ncia de gestores p\u00fablicos que se comprometem a ouvir e atender as demandas da popula\u00e7\u00e3o. Esta homenagem \u00e9 uma prova de que a lideran\u00e7a pode realmente fazer a diferen\u00e7a, gerando resultados impactantes na sociedade.<\/p>\n<h2>Localiza\u00e7\u00e3o e Detalhes do Evento<\/h2>\n<p>A cerim\u00f4nia de outorga do Colar de Honra ao M\u00e9rito Legislativo \u00e9 tipicamente realizada na <strong>Assembleia Legislativa do Estado de S\u00e3o Paulo<\/strong>, um espa\u00e7o emblem\u00e1tico que representa a hist\u00f3ria e a pol\u00edtica do estado. Localizado na Avenida Pedro \u00c1lvares Cabral, o pal\u00e1cio \u00e9 um ponto de refer\u00eancia na cidade, rodeado por belos jardins e constru\u00e7\u00f5es hist\u00f3ricas. O ambiente solene do evento \u00e9 complementado pela decora\u00e7\u00e3o especial, que transmite a import\u00e2ncia da ocasi\u00e3o aos convidados que assistem \u00e0 entrega das honrarias.<\/p>\n<p>Os detalhes do evento incluem discursos dos homenageados e de l\u00edderes pol\u00edticos, que refletem sobre a import\u00e2ncia do reconhecimento e da responsabilidade social. A cerim\u00f4nia \u00e9 promovida com grande pompa, atraindo a m\u00eddia e o p\u00fablico, o que ressalta a relev\u00e2ncia deste evento no calend\u00e1rio c\u00edvico da cidade.<\/p>\n<h2>Expectativas para o Evento de 2025<\/h2>\n<p>Com a proximidade do evento de 2025, as expectativas s\u00e3o altas. A cada ano, o Colar de Honra ao M\u00e9rito Legislativo se renova, trazendo novas hist\u00f3rias e experi\u00eancias \u00e0 tona. Os organizadores buscam sempre inovar e aprimorar a cerim\u00f4nia, mantendo a tradi\u00e7\u00e3o de reconhecer aqueles que mais contribuem para a sociedade.<\/p>\n<p>Espera-se que em 2025 novas vozes sejam honradas, representando \u00e1reas de atua\u00e7\u00e3o emergentes, como tecnologia e inova\u00e7\u00e3o, al\u00e9m das tradicionais refer\u00eancias em Direitos Humanos e cultura. A expectativa \u00e9 que a diversidade dos homenageados reflita a pluralidade da sociedade paulistana, destacando iniciativas que est\u00e3o mudando a cidade para melhor. O engajamento da popula\u00e7\u00e3o e a participa\u00e7\u00e3o ativa em ideias e propostas para a cerim\u00f4nia s\u00e3o tamb\u00e9m esperados, fortalecendo o conceito de que todos podem ser agentes ativos de mudan\u00e7a.<\/p>\n<h2>Como Participar da Cerim\u00f4nia<\/h2>\n<p>A participa\u00e7\u00e3o na cerim\u00f4nia de outorga do Colar de Honra ao M\u00e9rito Legislativo \u00e9 um privil\u00e9gio. O evento, em sua tradicional natureza, \u00e9 aberto ao p\u00fablico, permitindo que cidad\u00e3os comuns, familiares dos homenageados, e representantes da sociedade civil possam prestigiar os homenageados.<\/p>\n<p>Para os interessados, geralmente \u00e9 necess\u00e1rio realizar a inscri\u00e7\u00e3o antecipadamente. Informa\u00e7\u00f5es sobre a data e como se inscrever s\u00e3o divulgadas nas plataformas oficiais da Assembleia Legislativa e da Prefeitura de S\u00e3o Paulo. A presen\u00e7a de estudantes e jovens \u00e9 particularmente incentivada, j\u00e1 que essas gera\u00e7\u00f5es s\u00e3o fundamentais para o futuro da cidade e podem se inspirar nos exemplos de grandeza e cidadania dos homenageados.<\/p>\n<h2>Depoimentos de Antigos Homenageados<\/h2>\n<p>Os antigos homenageados frequentemente compartilham seus depoimentos sobre o que a concess\u00e3o do Colar de Honra ao M\u00e9rito Legislativo representa para eles. Muitos relatam que esse reconhecimento n\u00e3o \u00e9 apenas uma recompensa pessoal, mas sim uma responsabilidade acrescida. Ao receber a honraria, eles se sentem impulsionados a continuar suas obras de bem para a sociedade, inspirando outros a tomar a\u00e7\u00f5es positivas.<\/p>\n<p>Esses relatos enfatizam a import\u00e2ncia do engajamento social e voluntariado, incentivando a cria\u00e7\u00e3o de redes de apoio e a\u00e7\u00f5es colaborativas. Os homenageados tamb\u00e9m costumam ressaltar o quanto a experi\u00eancia da cerim\u00f4nia foi marcante e como a presen\u00e7a de diversos l\u00edderes sociais no evento refor\u00e7a a import\u00e2ncia de se lutar por um mundo melhor.<\/p>\n<h2>A Relev\u00e2ncia do Reconhecimento P\u00fablico<\/h2>\n<p>O <strong>reconhecimento p\u00fablico<\/strong> desempenha um papel crucial na motiva\u00e7\u00e3o e na continuidade de projetos sociais. Quando a\u00e7\u00f5es e iniciativas corajosas recebem um pr\u00eamio, outras pessoas ficam mais inclinadas a agir e a se envolver em suas comunidades. O Colar de Honra ao M\u00e9rito Legislativo adiciona valor ao trabalho de quem dedica tempo e esfor\u00e7o ao bem coletivo, mostrando que suas contribui\u00e7\u00f5es s\u00e3o vistas e apreciadas.<\/p>\n<p>Al\u00e9m disso, este reconhecimento gera um efeito multiplicador. Uma hist\u00f3ria de sucesso pode inspirar outras pessoas a buscarem a excel\u00eancia em suas respectivas \u00e1reas de atua\u00e7\u00e3o, criando uma cultura de solidariedade e inova\u00e7\u00e3o. Afinal, quando um ato de bondade ou coragem \u00e9 reconhecido, ele impulsiona outros a tamb\u00e9m fazerem a diferen\u00e7a.<\/p>\n<h2>Impacto Social do Colar de Honra<\/h2>\n<p>O impacto social do Colar de Honra ao M\u00e9rito Legislativo \u00e9 ineg\u00e1vel. Essa distin\u00e7\u00e3o n\u00e3o somente valoriza as a\u00e7\u00f5es individuais, mas tamb\u00e9m promove uma reflex\u00e3o coletiva sobre os desafios enfrentados pela sociedade. Ao celebrar aqueles que lutam por melhorias sociais, a comunidade \u00e9 convidada a considerar seu papel e responsabilidades.<\/p>\n<p>As hist\u00f3rias dos homenageados frequentemente trazem \u00e0 tona problemas que ainda precisam ser resolvidos, como desigualdade, pol\u00edticas p\u00fablicas e meio ambiente. Assim, o evento serve como uma plataforma para discutir solu\u00e7\u00f5es e estimular o envolvimento coletivo em prol de um futuro mais justo e sustent\u00e1vel. Reconhecer e premiar talentos e esfor\u00e7os \u00e9 um passo vital no caminho da mudan\u00e7a social.<\/p>\n\n<div style=\"font-size: 0px; height: 0px; line-height: 0px; margin: 0; padding: 0; clear: both;\"><\/div>","protected":false},"excerpt":{"rendered":"<p>A cerim\u00f4nia do Colar de Honra ao M\u00e9rito Legislativo destaca a import\u00e2ncia do reconhecimento p\u00fablico.<\/p>\n","protected":false},"author":1,"featured_media":20816,"comment_status":"closed","ping_status":"closed","sticky":false,"template":"","format":"standard","meta":{"footnotes":""},"categories":[1],"tags":[],"class_list":["post-20817","post","type-post","status-publish","format-standard","has-post-thumbnail","hentry","category-noticias-em-moema","has_thumb"],"yoast_head":"<!-- This site is optimized with the Yoast SEO plugin v26.3 - https:\/\/yoast.com\/wordpress\/plugins\/seo\/ -->\n<title>Sess\u00e3o Solene de Outorga do Colar de Honra ao M\u00e9rito Legislativo - Encontra Moema<\/title>\n<meta name=\"robots\" content=\"index, follow, max-snippet:-1, max-image-preview:large, max-video-preview:-1\" \/>\n<link rel=\"canonical\" href=\"https:\/\/www.encontramoema.com.br\/sobre\/sessao-solene-de-outorga-do-colar-de-honra-ao-merito-legislativo\/\" \/>\n<meta property=\"og:locale\" content=\"pt_BR\" \/>\n<meta property=\"og:type\" content=\"article\" \/>\n<meta property=\"og:title\" content=\"Sess\u00e3o Solene de Outorga do Colar de Honra ao M\u00e9rito Legislativo - Encontra Moema\" \/>\n<meta property=\"og:description\" content=\"A cerim\u00f4nia do Colar de Honra ao M\u00e9rito Legislativo destaca a import\u00e2ncia do reconhecimento p\u00fablico.\" \/>\n<meta property=\"og:url\" content=\"https:\/\/www.encontramoema.com.br\/sobre\/sessao-solene-de-outorga-do-colar-de-honra-ao-merito-legislativo\/\" \/>\n<meta property=\"og:site_name\" content=\"Encontra Moema\" \/>\n<meta property=\"article:published_time\" content=\"2025-11-11T14:55:00+00:00\" \/>\n<meta property=\"og:image\" content=\"https:\/\/www.encontramoema.com.br\/sobre\/wp-content\/uploads\/2025\/11\/sessao-solene-de-outorga-do-colar-de-honra-ao-merito-legislativo.webp\" \/>\n<meta name=\"author\" content=\"Encontra Moema\" \/>\n<meta name=\"twitter:card\" content=\"summary_large_image\" \/>\n<meta name=\"twitter:label1\" content=\"Escrito por\" \/>\n\t<meta name=\"twitter:data1\" content=\"Encontra Moema\" \/>\n\t<meta name=\"twitter:label2\" content=\"Est. tempo de leitura\" \/>\n\t<meta name=\"twitter:data2\" content=\"7 minutos\" \/>\n<script type=\"application\/ld+json\" class=\"yoast-schema-graph\">{\"@context\":\"https:\/\/schema.org\",\"@graph\":[{\"@type\":\"WebPage\",\"@id\":\"https:\/\/www.encontramoema.com.br\/sobre\/sessao-solene-de-outorga-do-colar-de-honra-ao-merito-legislativo\/\",\"url\":\"https:\/\/www.encontramoema.com.br\/sobre\/sessao-solene-de-outorga-do-colar-de-honra-ao-merito-legislativo\/\",\"name\":\"Sess\u00e3o Solene de Outorga do Colar de Honra ao M\u00e9rito Legislativo - Encontra Moema\",\"isPartOf\":{\"@id\":\"https:\/\/www.encontramoema.com.br\/sobre\/#website\"},\"primaryImageOfPage\":{\"@id\":\"https:\/\/www.encontramoema.com.br\/sobre\/sessao-solene-de-outorga-do-colar-de-honra-ao-merito-legislativo\/#primaryimage\"},\"image\":{\"@id\":\"https:\/\/www.encontramoema.com.br\/sobre\/sessao-solene-de-outorga-do-colar-de-honra-ao-merito-legislativo\/#primaryimage\"},\"thumbnailUrl\":\"https:\/\/www.encontramoema.com.br\/sobre\/wp-content\/uploads\/2025\/11\/sessao-solene-de-outorga-do-colar-de-honra-ao-merito-legislativo.webp\",\"datePublished\":\"2025-11-11T14:55:00+00:00\",\"author\":{\"@id\":\"https:\/\/www.encontramoema.com.br\/sobre\/#\/schema\/person\/3c3656d12b82130d77eba13c4ef23efa\"},\"breadcrumb\":{\"@id\":\"https:\/\/www.encontramoema.com.br\/sobre\/sessao-solene-de-outorga-do-colar-de-honra-ao-merito-legislativo\/#breadcrumb\"},\"inLanguage\":\"pt-BR\",\"potentialAction\":[{\"@type\":\"ReadAction\",\"target\":[\"https:\/\/www.encontramoema.com.br\/sobre\/sessao-solene-de-outorga-do-colar-de-honra-ao-merito-legislativo\/\"]}]},{\"@type\":\"ImageObject\",\"inLanguage\":\"pt-BR\",\"@id\":\"https:\/\/www.encontramoema.com.br\/sobre\/sessao-solene-de-outorga-do-colar-de-honra-ao-merito-legislativo\/#primaryimage\",\"url\":\"https:\/\/www.encontramoema.com.br\/sobre\/wp-content\/uploads\/2025\/11\/sessao-solene-de-outorga-do-colar-de-honra-ao-merito-legislativo.webp\",\"contentUrl\":\"https:\/\/www.encontramoema.com.br\/sobre\/wp-content\/uploads\/2025\/11\/sessao-solene-de-outorga-do-colar-de-honra-ao-merito-legislativo.webp\",\"width\":320,\"height\":280,\"caption\":\"Sess\u00e3o Solene de Outorga do Colar de Honra ao M\u00e9rito Legislativo\"},{\"@type\":\"BreadcrumbList\",\"@id\":\"https:\/\/www.encontramoema.com.br\/sobre\/sessao-solene-de-outorga-do-colar-de-honra-ao-merito-legislativo\/#breadcrumb\",\"itemListElement\":[{\"@type\":\"ListItem\",\"position\":1,\"name\":\"In\u00edcio\",\"item\":\"https:\/\/www.encontramoema.com.br\/sobre\/\"},{\"@type\":\"ListItem\",\"position\":2,\"name\":\"Sess\u00e3o Solene de Outorga do Colar de Honra ao M\u00e9rito Legislativo\"}]},{\"@type\":\"WebSite\",\"@id\":\"https:\/\/www.encontramoema.com.br\/sobre\/#website\",\"url\":\"https:\/\/www.encontramoema.com.br\/sobre\/\",\"name\":\"Encontra Moema\",\"description\":\"Not\u00edcias, eventos, informa\u00e7\u00f5es e dicas no bairro de Moema e regi\u00e3o.\",\"potentialAction\":[{\"@type\":\"SearchAction\",\"target\":{\"@type\":\"EntryPoint\",\"urlTemplate\":\"https:\/\/www.encontramoema.com.br\/sobre\/?s={search_term_string}\"},\"query-input\":{\"@type\":\"PropertyValueSpecification\",\"valueRequired\":true,\"valueName\":\"search_term_string\"}}],\"inLanguage\":\"pt-BR\"},{\"@type\":\"Person\",\"@id\":\"https:\/\/www.encontramoema.com.br\/sobre\/#\/schema\/person\/3c3656d12b82130d77eba13c4ef23efa\",\"name\":\"Encontra Moema\",\"image\":{\"@type\":\"ImageObject\",\"inLanguage\":\"pt-BR\",\"@id\":\"https:\/\/www.encontramoema.com.br\/sobre\/#\/schema\/person\/image\/\",\"url\":\"https:\/\/secure.gravatar.com\/avatar\/0fbed662e37531ae23e68f85f9517b2454e50c1dfebf80eb9b721449ac95e0b9?s=96&d=mm&r=g\",\"contentUrl\":\"https:\/\/secure.gravatar.com\/avatar\/0fbed662e37531ae23e68f85f9517b2454e50c1dfebf80eb9b721449ac95e0b9?s=96&d=mm&r=g\",\"caption\":\"Encontra Moema\"},\"url\":\"https:\/\/www.encontramoema.com.br\/sobre\/author\/emoema\/\"}]}<\/script>\n<!-- \/ Yoast SEO plugin. -->","yoast_head_json":{"title":"Sess\u00e3o Solene de Outorga do Colar de Honra ao M\u00e9rito Legislativo - Encontra Moema","robots":{"index":"index","follow":"follow","max-snippet":"max-snippet:-1","max-image-preview":"max-image-preview:large","max-video-preview":"max-video-preview:-1"},"canonical":"https:\/\/www.encontramoema.com.br\/sobre\/sessao-solene-de-outorga-do-colar-de-honra-ao-merito-legislativo\/","og_locale":"pt_BR","og_type":"article","og_title":"Sess\u00e3o Solene de Outorga do Colar de Honra ao M\u00e9rito Legislativo - Encontra Moema","og_description":"A cerim\u00f4nia do Colar de Honra ao M\u00e9rito Legislativo destaca a import\u00e2ncia do reconhecimento p\u00fablico.","og_url":"https:\/\/www.encontramoema.com.br\/sobre\/sessao-solene-de-outorga-do-colar-de-honra-ao-merito-legislativo\/","og_site_name":"Encontra Moema","article_published_time":"2025-11-11T14:55:00+00:00","og_image":[{"url":"https:\/\/www.encontramoema.com.br\/sobre\/wp-content\/uploads\/2025\/11\/sessao-solene-de-outorga-do-colar-de-honra-ao-merito-legislativo.webp","type":"","width":"","height":""}],"author":"Encontra Moema","twitter_card":"summary_large_image","twitter_misc":{"Escrito por":"Encontra Moema","Est. tempo de leitura":"7 minutos"},"schema":{"@context":"https:\/\/schema.org","@graph":[{"@type":"WebPage","@id":"https:\/\/www.encontramoema.com.br\/sobre\/sessao-solene-de-outorga-do-colar-de-honra-ao-merito-legislativo\/","url":"https:\/\/www.encontramoema.com.br\/sobre\/sessao-solene-de-outorga-do-colar-de-honra-ao-merito-legislativo\/","name":"Sess\u00e3o Solene de Outorga do Colar de Honra ao M\u00e9rito Legislativo - Encontra Moema","isPartOf":{"@id":"https:\/\/www.encontramoema.com.br\/sobre\/#website"},"primaryImageOfPage":{"@id":"https:\/\/www.encontramoema.com.br\/sobre\/sessao-solene-de-outorga-do-colar-de-honra-ao-merito-legislativo\/#primaryimage"},"image":{"@id":"https:\/\/www.encontramoema.com.br\/sobre\/sessao-solene-de-outorga-do-colar-de-honra-ao-merito-legislativo\/#primaryimage"},"thumbnailUrl":"https:\/\/www.encontramoema.com.br\/sobre\/wp-content\/uploads\/2025\/11\/sessao-solene-de-outorga-do-colar-de-honra-ao-merito-legislativo.webp","datePublished":"2025-11-11T14:55:00+00:00","author":{"@id":"https:\/\/www.encontramoema.com.br\/sobre\/#\/schema\/person\/3c3656d12b82130d77eba13c4ef23efa"},"breadcrumb":{"@id":"https:\/\/www.encontramoema.com.br\/sobre\/sessao-solene-de-outorga-do-colar-de-honra-ao-merito-legislativo\/#breadcrumb"},"inLanguage":"pt-BR","potentialAction":[{"@type":"ReadAction","target":["https:\/\/www.encontramoema.com.br\/sobre\/sessao-solene-de-outorga-do-colar-de-honra-ao-merito-legislativo\/"]}]},{"@type":"ImageObject","inLanguage":"pt-BR","@id":"https:\/\/www.encontramoema.com.br\/sobre\/sessao-solene-de-outorga-do-colar-de-honra-ao-merito-legislativo\/#primaryimage","url":"https:\/\/www.encontramoema.com.br\/sobre\/wp-content\/uploads\/2025\/11\/sessao-solene-de-outorga-do-colar-de-honra-ao-merito-legislativo.webp","contentUrl":"https:\/\/www.encontramoema.com.br\/sobre\/wp-content\/uploads\/2025\/11\/sessao-solene-de-outorga-do-colar-de-honra-ao-merito-legislativo.webp","width":320,"height":280,"caption":"Sess\u00e3o Solene de Outorga do Colar de Honra ao M\u00e9rito Legislativo"},{"@type":"BreadcrumbList","@id":"https:\/\/www.encontramoema.com.br\/sobre\/sessao-solene-de-outorga-do-colar-de-honra-ao-merito-legislativo\/#breadcrumb","itemListElement":[{"@type":"ListItem","position":1,"name":"In\u00edcio","item":"https:\/\/www.encontramoema.com.br\/sobre\/"},{"@type":"ListItem","position":2,"name":"Sess\u00e3o Solene de Outorga do Colar de Honra ao M\u00e9rito Legislativo"}]},{"@type":"WebSite","@id":"https:\/\/www.encontramoema.com.br\/sobre\/#website","url":"https:\/\/www.encontramoema.com.br\/sobre\/","name":"Encontra Moema","description":"Not\u00edcias, eventos, informa\u00e7\u00f5es e dicas no bairro de Moema e regi\u00e3o.","potentialAction":[{"@type":"SearchAction","target":{"@type":"EntryPoint","urlTemplate":"https:\/\/www.encontramoema.com.br\/sobre\/?s={search_term_string}"},"query-input":{"@type":"PropertyValueSpecification","valueRequired":true,"valueName":"search_term_string"}}],"inLanguage":"pt-BR"},{"@type":"Person","@id":"https:\/\/www.encontramoema.com.br\/sobre\/#\/schema\/person\/3c3656d12b82130d77eba13c4ef23efa","name":"Encontra Moema","image":{"@type":"ImageObject","inLanguage":"pt-BR","@id":"https:\/\/www.encontramoema.com.br\/sobre\/#\/schema\/person\/image\/","url":"https:\/\/secure.gravatar.com\/avatar\/0fbed662e37531ae23e68f85f9517b2454e50c1dfebf80eb9b721449ac95e0b9?s=96&d=mm&r=g","contentUrl":"https:\/\/secure.gravatar.com\/avatar\/0fbed662e37531ae23e68f85f9517b2454e50c1dfebf80eb9b721449ac95e0b9?s=96&d=mm&r=g","caption":"Encontra Moema"},"url":"https:\/\/www.encontramoema.com.br\/sobre\/author\/emoema\/"}]}},"_links":{"self":[{"href":"https:\/\/www.encontramoema.com.br\/sobre\/wp-json\/wp\/v2\/posts\/20817","targetHints":{"allow":["GET"]}}],"collection":[{"href":"https:\/\/www.encontramoema.com.br\/sobre\/wp-json\/wp\/v2\/posts"}],"about":[{"href":"https:\/\/www.encontramoema.com.br\/sobre\/wp-json\/wp\/v2\/types\/post"}],"author":[{"embeddable":true,"href":"https:\/\/www.encontramoema.com.br\/sobre\/wp-json\/wp\/v2\/users\/1"}],"replies":[{"embeddable":true,"href":"https:\/\/www.encontramoema.com.br\/sobre\/wp-json\/wp\/v2\/comments?post=20817"}],"version-history":[{"count":0,"href":"https:\/\/www.encontramoema.com.br\/sobre\/wp-json\/wp\/v2\/posts\/20817\/revisions"}],"wp:featuredmedia":[{"embeddable":true,"href":"https:\/\/www.encontramoema.com.br\/sobre\/wp-json\/wp\/v2\/media\/20816"}],"wp:attachment":[{"href":"https:\/\/www.encontramoema.com.br\/sobre\/wp-json\/wp\/v2\/media?parent=20817"}],"wp:term":[{"taxonomy":"category","embeddable":true,"href":"https:\/\/www.encontramoema.com.br\/sobre\/wp-json\/wp\/v2\/categories?post=20817"},{"taxonomy":"post_tag","embeddable":true,"href":"https:\/\/www.encontramoema.com.br\/sobre\/wp-json\/wp\/v2\/tags?post=20817"}],"curies":[{"name":"wp","href":"https:\/\/api.w.org\/{rel}","templated":true}]}}