{"id":20851,"date":"2025-11-23T07:31:00","date_gmt":"2025-11-23T10:31:00","guid":{"rendered":"https:\/\/www.encontramoema.com.br\/sobre\/passeio-ciclistico-pedala-green\/"},"modified":"2025-11-23T07:31:00","modified_gmt":"2025-11-23T10:31:00","slug":"passeio-ciclistico-pedala-green","status":"publish","type":"post","link":"https:\/\/www.encontramoema.com.br\/sobre\/passeio-ciclistico-pedala-green\/","title":{"rendered":"Passeio cicl\u00edstico Pedala Green"},"content":{"rendered":"<div class=\"b7f545a958fd6350ffae2d30a84cafb8\" data-index=\"1\" style=\"float: none; margin:0px;\">\n<!-- Anuncio display - global -->\r\n<ins class=\"adsbygoogle\"\r\n     style=\"display:block\"\r\n     data-ad-client=\"ca-pub-8585364105181520\"\r\n     data-ad-slot=\"8789329856\"\r\n     data-ad-format=\"auto\"\r\n     data-full-width-responsive=\"true\"><\/ins>\r\n<script>\r\n     (adsbygoogle = window.adsbygoogle || []).push({});\r\n<\/script>\n<\/div>\n<h2>O que \u00e9 o Pedala Green?<\/h2>\n<p>O <strong>Pedala Green<\/strong> \u00e9 um evento esportivo que visa promover o ciclismo e a conscientiza\u00e7\u00e3o ambiental, realizado na cidade de S\u00e3o Paulo. Organizado pela <strong>Associa\u00e7\u00e3o Pedala Brasil de Ciclismo<\/strong>, o evento chama a aten\u00e7\u00e3o de ciclistas e amantes do esporte, oferecendo uma experi\u00eancia \u00fanica que combina divers\u00e3o, atividade f\u00edsica e responsabilidade social. Em 2025, a edi\u00e7\u00e3o do passeio cicl\u00edstico ser\u00e1 especialmente voltada para a solidariedade, com uma campanha para arrecadar alimentos e promover o uso consciente de recursos energ\u00e9ticos.<\/p>\n<p>O Pedala Green n\u00e3o \u00e9 apenas um passeio de bicicleta; \u00e9 uma oportunidade de reunir pessoas de diferentes idades e habilidades em um ambiente de inclus\u00e3o e aprendizado. Durante o evento, os participantes t\u00eam a chance de se conectar com a natureza, destacando a import\u00e2ncia da preserva\u00e7\u00e3o ambiental atrav\u00e9s da pr\u00e1tica esportiva. Essa movimenta\u00e7\u00e3o \u00e9 essencial, pois, nos dias atuais, \u00e9 imperativo tratar temas como sustentabilidade e sa\u00fade p\u00fablica com seriedade e dedica\u00e7\u00e3o.<\/p>\n<h2>Quando e Onde Acontece?<\/h2>\n<p>A edi\u00e7\u00e3o de 2025 do Pedala Green ocorrer\u00e1 no dia <strong>26 de outubro<\/strong>, um domingo, com in\u00edcio programado para \u00e0s <strong>8h30<\/strong> no <strong>Parque das Bicicletas<\/strong>, localizado na zona sul de S\u00e3o Paulo. Este parque, escolhido como ponto de encontro, oferece uma infraestrutura adequada para eventos desse porte, com ampla \u00e1rea para os participantes e visitantes.<\/p>\n<p><img decoding=\"async\" src=\"https:\/\/www.encontramoema.com.br\/sobre\/wp-content\/uploads\/2025\/12\/passeio-ciclistico-pedala-green.webp\" alt=\"\" loading=\"lazy\" \/><\/p>\n<p>O Parque das Bicicletas facilita o acesso tanto por transporte p\u00fablico quanto por vias para ciclistas. Pr\u00f3ximo \u00e0 esta\u00e7\u00e3o de metr\u00f4 <strong>AACD-Servidor<\/strong>, o evento assegura que todos possam participar, eliminando barreiras de locomo\u00e7\u00e3o. Essa acessibilidade \u00e9 uma das prioridades da organiza\u00e7\u00e3o, pois acredita-se que o esporte deve ser disponibilizado para o maior n\u00famero de pessoas poss\u00edvel.<\/p>\n<h2>Como Participar do Evento?<\/h2>\n<p>A participa\u00e7\u00e3o no Pedala Green \u00e9 f\u00e1cil e inclusiva. As inscri\u00e7\u00f5es para o evento s\u00e3o gratuitas, seguindo a legisla\u00e7\u00e3o da <strong>Lei de Incentivo ao Esporte<\/strong>. As inscri\u00e7\u00f5es foram abertas no dia 19 de outubro de 2025, \u00e0s <strong>20h<\/strong>, e, embora sejam limitadas a mil participantes, os interessados devem ficar atentos \u00e0 confirma\u00e7\u00e3o da inscri\u00e7\u00e3o, pois em edi\u00e7\u00f5es anteriores, as vagas se esgotaram rapidamente.<\/p>\n<p>Os participantes devem realizar a inscri\u00e7\u00e3o atrav\u00e9s do site oficial do evento e estar\u00e3o prontos para viver uma experi\u00eancia memor\u00e1vel. Al\u00e9m disso, todos que se inscreverem receber\u00e3o um <strong>kit do participante<\/strong>, que inclui camiseta, sacochila, squeeze e medalha a ser retirada no dia anterior, 25 de outubro. Esta pr\u00e1tica de entrega de kits contribui para a organiza\u00e7\u00e3o e para a ansiedade positiva dos participantes, que recebem um lembrete f\u00edsico da sua participa\u00e7\u00e3o no evento.<\/p>\n<h2>Atra\u00e7\u00f5es e Atividades do Passeio<\/h2>\n<p>Uma das caracter\u00edsticas que tornam o <strong>Pedala Green<\/strong> um evento t\u00e3o especial s\u00e3o as diversas atra\u00e7\u00f5es e atividades dispostas ao longo do dia. Desde a abertura do evento, uma &#8220;arena&#8221; ser\u00e1 montada, proporcionando experi\u00eancias interativas totalmente gratuitas para todo o p\u00fablico. Dentre as atra\u00e7\u00f5es, h\u00e1 bicicletas estacion\u00e1rias conectadas a l\u00e2mpadas, que se acender\u00e3o conforme a dist\u00e2ncia pedalada pelos participantes, demonstrando, de forma l\u00fadica, a import\u00e2ncia da energia limpa.<\/p>\n<p>Al\u00e9m disso, o evento est\u00e1 alinhado com uma causa social, promovendo a doa\u00e7\u00e3o de um litro de leite para a ONG Banco de Alimentos a cada quil\u00f4metro pedalado nas bicicletas el\u00e9tricas. Essa iniciativa une a atividade f\u00edsica \u00e0 doa\u00e7\u00e3o e \u00e0 solidariedade, mostrando que cada giro de pedal pode ser um ato de generosidade.<\/p>\n<p>Outras atra\u00e7\u00f5es incluem um <strong>Espa\u00e7o Sa\u00fade<\/strong> com aferi\u00e7\u00e3o de press\u00e3o arterial e massagens, al\u00e9m do <strong>Espa\u00e7o Pequenos Reparos<\/strong>, onde mec\u00e2nicos estar\u00e3o dispon\u00edveis para dar apoio e realizar pequenos consertos nas bicicletas. Por fim, para as crian\u00e7as, existe o <strong>Espa\u00e7o Futuro<\/strong>, que apresenta um minicircuito de tr\u00e2nsito, permitindo que os pequenos aprendam as regras de circula\u00e7\u00e3o de forma divertida e segura.<\/p>\n<h2>Benef\u00edcios da Pr\u00e1tica do Ciclismo<\/h2>\n<p>Praticar ciclismo traz uma s\u00e9rie de benef\u00edcios tanto f\u00edsicos quanto psicol\u00f3gicos. Fisicamente, ande de bicicleta ajuda a fortalecer o sistema cardiovascular e a aumentar a resist\u00eancia muscular. Al\u00e9m disso, o ciclismo \u00e9 uma atividade de baixo impacto, perfeito para pessoas que buscam manter a forma sem exigir tanto das articula\u00e7\u00f5es em compara\u00e7\u00e3o a outras modalidades de exerc\u00edcio.<\/p>\n<p>Entre os benef\u00edcios psicol\u00f3gicos, o ciclismo se destaca pelo seu efeito positivo sobre o bem-estar mental. Estudos mostram que atividades f\u00edsicas como andar de bicicleta podem reduzir os n\u00edveis de estresse, ansiedade e depress\u00e3o. Pedalar ao ar livre proporciona uma conex\u00e3o \u00edntima com a natureza, o que pode ser especialmente terap\u00eautico. Ao liberar endorfinas, a sensa\u00e7\u00e3o de satisfa\u00e7\u00e3o e prazer durante e ap\u00f3s o exerc\u00edcio \u00e9 amplamente reconhecida.<\/p>\n<p>Al\u00e9m disso, o ciclismo \u00e9 uma excelente forma de transporte sustent\u00e1vel. Ao optar por um modo de locomo\u00e7\u00e3o alternativo, os ciclistas ajudam a diminuir a polui\u00e7\u00e3o e a de congestionamento urbano. Essa pr\u00e1tica, quando adotada em larga escala, contribui para a constru\u00e7\u00e3o de cidades mais saud\u00e1veis e acess\u00edveis.<\/p>\n<h2>Import\u00e2ncia da Solidariedade no Esporte<\/h2>\n<p>O fator solid\u00e1rio presente em eventos como o Pedala Green resulta em um impacto significativo tanto para os participantes quanto para a sociedade. Em um momento em que muitos enfrentam dificuldades devido a crises econ\u00f4micas e sociais, a uni\u00e3o entre praticar um esporte e contribuir com uma causa maior \u00e9 essencial. Isso enfatiza que o esporte pode ser um poderoso agente de mudan\u00e7a.<\/p>\n<p>Al\u00e9m de promover a sa\u00fade e o bem-estar, o Pedala Green une a comunidade atrav\u00e9s de uma causa comum. As doa\u00e7\u00f5es feitas a cada quil\u00f4metro pedalado refletem um compromisso com a solidariedade, mostrando que coletivamente, \u00e9 poss\u00edvel fazer a diferen\u00e7a. Esse aspecto de responsabilidade social desperta em muitos uma conscientiza\u00e7\u00e3o sobre a import\u00e2ncia de apoiar aqueles que est\u00e3o em situa\u00e7\u00f5es vulner\u00e1veis.<\/p>\n<p>O ato de pedalar se transforma em um processo educativo, n\u00e3o apenas sobre pr\u00e1ticas esportivas, mas tamb\u00e9m sobre a import\u00e2ncia de se envolver com a comunidade. Essa vis\u00e3o transformadora do esporte o torna n\u00e3o apenas uma atividade f\u00edsica, mas tamb\u00e9m uma ferramenta de conscientiza\u00e7\u00e3o social e mudan\u00e7a cultural.<\/p>\n<h2>Como a Energia Limpa \u00e9 Promovida<\/h2>\n<p>Um dos pilares do evento \u00e9 a promo\u00e7\u00e3o da energia limpa. O Pedala Green incorpora, em suas atividades, a ideia de que o esporte pode ser um forte aliado na conscientiza\u00e7\u00e3o ambiental. As bicicletas estacion\u00e1rias que se ativam ao serem pedaladas demonstram, de maneira l\u00fadica, o potencial da energia sustent\u00e1vel. Esse conceito educa os participantes sobre a import\u00e2ncia e as vantagens das fontes de energia renov\u00e1veis.<\/p>\n<p>O envolvimento de atividades que ligam o exerc\u00edcio f\u00edsico \u00e0 gera\u00e7\u00e3o de energia simboliza um passo significativo em dire\u00e7\u00e3o \u00e0 sustentabilidade. O evento sugere que pequenas a\u00e7\u00f5es podem ter um impacto significativo no meio ambiente. Os participantes n\u00e3o apenas se divertem; tamb\u00e9m se tornam embaixadores de uma mensagem importante: a transforma\u00e7\u00e3o do nosso consumo energ\u00e9tico.<\/p>\n<p>Al\u00e9m disso, ao promover essa intera\u00e7\u00e3o com o meio ambiente, o Pedala Green destaca a import\u00e2ncia de cuidar do planeta e o papel de cada um de n\u00f3s nesse processo. Ao entender como a energia pode ser gerada de maneira limpa, torna-se poss\u00edvel inspirar outros a adotarem pr\u00e1ticas mais sustent\u00e1veis em suas rotinas di\u00e1rias.<\/p>\n<h2>Espa\u00e7o Futuro para Crian\u00e7as<\/h2>\n<p>O <strong>Espa\u00e7o Futuro<\/strong> \u00e9 uma das iniciativas mais significativas do Pedala Green, dedicada especialmente \u00e0s crian\u00e7as. Nesse espa\u00e7o, um minicircuito de tr\u00e2nsito permite que os pequenos aprendam sobre regras de seguran\u00e7a e circula\u00e7\u00e3o urbana de maneira l\u00fadica e interativa. Com monitores prontos para auxiliar e ensinar, a experi\u00eancia se torna n\u00e3o apenas divertida, mas tamb\u00e9m educativa.<\/p>\n<p>Os benef\u00edcios de ensinar as crian\u00e7as sobre seguran\u00e7a no tr\u00e2nsito desde cedo s\u00e3o imensos. Isso promove uma cultura de respeito e cuidado no tr\u00e2nsito, preparando as futuras gera\u00e7\u00f5es para serem motoristas e ciclistas respons\u00e1veis. Ao proporcionar a crian\u00e7as um espa\u00e7o para aprender e vivenciar essas experi\u00eancias, o evento garante que a educa\u00e7\u00e3o e a pr\u00e1tica se entrela\u00e7am em um ambiente seguro.<\/p>\n<p>Al\u00e9m disso, o Espa\u00e7o Futuro contribui para a forma\u00e7\u00e3o de cidad\u00e3os conscientes. Em um tempo em que a educa\u00e7\u00e3o nas escolas enfrenta desafios, iniciativas como essa mostram a import\u00e2ncia de ensinar princ\u00edpios de cidadania e cuidados com os outros, formando assim adultos mais emp\u00e1ticos e informados.<\/p>\n<h2>Inscri\u00e7\u00f5es e Kits do Participante<\/h2>\n<p>Os interessados em participar do Pedala Green devem estar atentos ao processo de inscri\u00e7\u00e3o, que \u00e9 gratuito e feito pela internet. No dia da inscri\u00e7\u00e3o, os inscritos t\u00eam a experi\u00eancia de garantir um lugar em um evento que promete ser memor\u00e1vel. Os kits, que ser\u00e3o entregues no dia anterior ao evento, incluem uma camiseta, uma sacochila, um squeeze e uma medalha. Essa entrega antecipada \u00e9 estrat\u00e9gica para evitar aglomera\u00e7\u00f5es e garantir que todos recebam seus itens de forma organizada.<\/p>\n<p>O kit \u00e9 uma forma de valoriza\u00e7\u00e3o dos participantes, al\u00e9m de ser uma recorda\u00e7\u00e3o do evento. A camiseta, por exemplo, serve como uma pe\u00e7a de identifica\u00e7\u00e3o do evento, incentivando discuss\u00f5es sobre a iniciativa e os valores que o Pedala Green representa. Dessa maneira, a organiza\u00e7\u00e3o promove uma identidade visual que une todos os envolvidos no evento, fortalecendo o senso de comunidade.<\/p>\n<h2>Informa\u00e7\u00f5es de Transporte e Acesso<\/h2>\n<p>Para aqueles que desejam participar do Pedala Green, as informa\u00e7\u00f5es de transporte e acesso s\u00e3o essenciais. O Parque das Bicicletas, localizado na Alameda Ira\u00e9, na zona sul de S\u00e3o Paulo, \u00e9 facilmente acess\u00edvel atrav\u00e9s do transporte p\u00fablico. A esta\u00e7\u00e3o de metr\u00f4 mais pr\u00f3xima, a <strong>AACD-Servidor<\/strong>, garante que todos possam chegar ao evento sem dificuldades.<\/p>\n<p>Al\u00e9m disso, o evento incentivar\u00e1 o uso de bicicletas e, por isso, \u00e9 importante que os participantes considerem utilizar meios de transporte mais sustent\u00e1veis para se deslocar at\u00e9 o local. O evento estar\u00e1 preparado para receber os ciclistas, proporcionando \u00e1reas seguras para estacionamento de bicicletas.<\/p>\n<p>A promo\u00e7\u00e3o do uso de bicicletas n\u00e3o se restringe apenas ao evento; \u00e9 uma mensagem que, se disseminada, pode impactar o modo como as pessoas veem a locomo\u00e7\u00e3o nas grandes cidades. O Pedala Green, portanto, se prop\u00f5e, n\u00e3o s\u00f3 a ser um evento esportivo, mas um movimento que promove mudan\u00e7as culturais.<\/p>\n\n<div style=\"font-size: 0px; height: 0px; line-height: 0px; margin: 0; padding: 0; clear: both;\"><\/div>","protected":false},"excerpt":{"rendered":"<p>Pedala Green \u00e9 um passeio cicl\u00edstico que une esporte e solidariedade em S\u00e3o Paulo.<\/p>\n","protected":false},"author":1,"featured_media":20850,"comment_status":"closed","ping_status":"closed","sticky":false,"template":"","format":"standard","meta":{"footnotes":""},"categories":[1],"tags":[],"class_list":["post-20851","post","type-post","status-publish","format-standard","has-post-thumbnail","hentry","category-noticias-em-moema","has_thumb"],"yoast_head":"<!-- This site is optimized with the Yoast SEO plugin v26.3 - https:\/\/yoast.com\/wordpress\/plugins\/seo\/ -->\n<title>Passeio cicl\u00edstico Pedala Green - Encontra Moema<\/title>\n<meta name=\"robots\" content=\"index, follow, max-snippet:-1, max-image-preview:large, max-video-preview:-1\" \/>\n<link rel=\"canonical\" href=\"https:\/\/www.encontramoema.com.br\/sobre\/passeio-ciclistico-pedala-green\/\" \/>\n<meta property=\"og:locale\" content=\"pt_BR\" \/>\n<meta property=\"og:type\" content=\"article\" \/>\n<meta property=\"og:title\" content=\"Passeio cicl\u00edstico Pedala Green - Encontra Moema\" \/>\n<meta property=\"og:description\" content=\"Pedala Green \u00e9 um passeio cicl\u00edstico que une esporte e solidariedade em S\u00e3o Paulo.\" \/>\n<meta property=\"og:url\" content=\"https:\/\/www.encontramoema.com.br\/sobre\/passeio-ciclistico-pedala-green\/\" \/>\n<meta property=\"og:site_name\" content=\"Encontra Moema\" \/>\n<meta property=\"article:published_time\" content=\"2025-11-23T10:31:00+00:00\" \/>\n<meta property=\"og:image\" content=\"https:\/\/www.encontramoema.com.br\/sobre\/wp-content\/uploads\/2025\/12\/passeio-ciclistico-pedala-green.webp\" \/>\n<meta name=\"author\" content=\"Encontra Moema\" \/>\n<meta name=\"twitter:card\" content=\"summary_large_image\" \/>\n<meta name=\"twitter:label1\" content=\"Escrito por\" \/>\n\t<meta name=\"twitter:data1\" content=\"Encontra Moema\" \/>\n\t<meta name=\"twitter:label2\" content=\"Est. tempo de leitura\" \/>\n\t<meta name=\"twitter:data2\" content=\"9 minutos\" \/>\n<script type=\"application\/ld+json\" class=\"yoast-schema-graph\">{\"@context\":\"https:\/\/schema.org\",\"@graph\":[{\"@type\":\"WebPage\",\"@id\":\"https:\/\/www.encontramoema.com.br\/sobre\/passeio-ciclistico-pedala-green\/\",\"url\":\"https:\/\/www.encontramoema.com.br\/sobre\/passeio-ciclistico-pedala-green\/\",\"name\":\"Passeio cicl\u00edstico Pedala Green - Encontra Moema\",\"isPartOf\":{\"@id\":\"https:\/\/www.encontramoema.com.br\/sobre\/#website\"},\"primaryImageOfPage\":{\"@id\":\"https:\/\/www.encontramoema.com.br\/sobre\/passeio-ciclistico-pedala-green\/#primaryimage\"},\"image\":{\"@id\":\"https:\/\/www.encontramoema.com.br\/sobre\/passeio-ciclistico-pedala-green\/#primaryimage\"},\"thumbnailUrl\":\"https:\/\/www.encontramoema.com.br\/sobre\/wp-content\/uploads\/2025\/12\/passeio-ciclistico-pedala-green.webp\",\"datePublished\":\"2025-11-23T10:31:00+00:00\",\"author\":{\"@id\":\"https:\/\/www.encontramoema.com.br\/sobre\/#\/schema\/person\/3c3656d12b82130d77eba13c4ef23efa\"},\"breadcrumb\":{\"@id\":\"https:\/\/www.encontramoema.com.br\/sobre\/passeio-ciclistico-pedala-green\/#breadcrumb\"},\"inLanguage\":\"pt-BR\",\"potentialAction\":[{\"@type\":\"ReadAction\",\"target\":[\"https:\/\/www.encontramoema.com.br\/sobre\/passeio-ciclistico-pedala-green\/\"]}]},{\"@type\":\"ImageObject\",\"inLanguage\":\"pt-BR\",\"@id\":\"https:\/\/www.encontramoema.com.br\/sobre\/passeio-ciclistico-pedala-green\/#primaryimage\",\"url\":\"https:\/\/www.encontramoema.com.br\/sobre\/wp-content\/uploads\/2025\/12\/passeio-ciclistico-pedala-green.webp\",\"contentUrl\":\"https:\/\/www.encontramoema.com.br\/sobre\/wp-content\/uploads\/2025\/12\/passeio-ciclistico-pedala-green.webp\",\"width\":320,\"height\":280},{\"@type\":\"BreadcrumbList\",\"@id\":\"https:\/\/www.encontramoema.com.br\/sobre\/passeio-ciclistico-pedala-green\/#breadcrumb\",\"itemListElement\":[{\"@type\":\"ListItem\",\"position\":1,\"name\":\"In\u00edcio\",\"item\":\"https:\/\/www.encontramoema.com.br\/sobre\/\"},{\"@type\":\"ListItem\",\"position\":2,\"name\":\"Passeio cicl\u00edstico Pedala Green\"}]},{\"@type\":\"WebSite\",\"@id\":\"https:\/\/www.encontramoema.com.br\/sobre\/#website\",\"url\":\"https:\/\/www.encontramoema.com.br\/sobre\/\",\"name\":\"Encontra Moema\",\"description\":\"Not\u00edcias, eventos, informa\u00e7\u00f5es e dicas no bairro de Moema e regi\u00e3o.\",\"potentialAction\":[{\"@type\":\"SearchAction\",\"target\":{\"@type\":\"EntryPoint\",\"urlTemplate\":\"https:\/\/www.encontramoema.com.br\/sobre\/?s={search_term_string}\"},\"query-input\":{\"@type\":\"PropertyValueSpecification\",\"valueRequired\":true,\"valueName\":\"search_term_string\"}}],\"inLanguage\":\"pt-BR\"},{\"@type\":\"Person\",\"@id\":\"https:\/\/www.encontramoema.com.br\/sobre\/#\/schema\/person\/3c3656d12b82130d77eba13c4ef23efa\",\"name\":\"Encontra Moema\",\"image\":{\"@type\":\"ImageObject\",\"inLanguage\":\"pt-BR\",\"@id\":\"https:\/\/www.encontramoema.com.br\/sobre\/#\/schema\/person\/image\/\",\"url\":\"https:\/\/secure.gravatar.com\/avatar\/0fbed662e37531ae23e68f85f9517b2454e50c1dfebf80eb9b721449ac95e0b9?s=96&d=mm&r=g\",\"contentUrl\":\"https:\/\/secure.gravatar.com\/avatar\/0fbed662e37531ae23e68f85f9517b2454e50c1dfebf80eb9b721449ac95e0b9?s=96&d=mm&r=g\",\"caption\":\"Encontra Moema\"},\"url\":\"https:\/\/www.encontramoema.com.br\/sobre\/author\/emoema\/\"}]}<\/script>\n<!-- \/ Yoast SEO plugin. -->","yoast_head_json":{"title":"Passeio cicl\u00edstico Pedala Green - Encontra Moema","robots":{"index":"index","follow":"follow","max-snippet":"max-snippet:-1","max-image-preview":"max-image-preview:large","max-video-preview":"max-video-preview:-1"},"canonical":"https:\/\/www.encontramoema.com.br\/sobre\/passeio-ciclistico-pedala-green\/","og_locale":"pt_BR","og_type":"article","og_title":"Passeio cicl\u00edstico Pedala Green - Encontra Moema","og_description":"Pedala Green \u00e9 um passeio cicl\u00edstico que une esporte e solidariedade em S\u00e3o Paulo.","og_url":"https:\/\/www.encontramoema.com.br\/sobre\/passeio-ciclistico-pedala-green\/","og_site_name":"Encontra Moema","article_published_time":"2025-11-23T10:31:00+00:00","og_image":[{"url":"https:\/\/www.encontramoema.com.br\/sobre\/wp-content\/uploads\/2025\/12\/passeio-ciclistico-pedala-green.webp","type":"","width":"","height":""}],"author":"Encontra Moema","twitter_card":"summary_large_image","twitter_misc":{"Escrito por":"Encontra Moema","Est. tempo de leitura":"9 minutos"},"schema":{"@context":"https:\/\/schema.org","@graph":[{"@type":"WebPage","@id":"https:\/\/www.encontramoema.com.br\/sobre\/passeio-ciclistico-pedala-green\/","url":"https:\/\/www.encontramoema.com.br\/sobre\/passeio-ciclistico-pedala-green\/","name":"Passeio cicl\u00edstico Pedala Green - Encontra Moema","isPartOf":{"@id":"https:\/\/www.encontramoema.com.br\/sobre\/#website"},"primaryImageOfPage":{"@id":"https:\/\/www.encontramoema.com.br\/sobre\/passeio-ciclistico-pedala-green\/#primaryimage"},"image":{"@id":"https:\/\/www.encontramoema.com.br\/sobre\/passeio-ciclistico-pedala-green\/#primaryimage"},"thumbnailUrl":"https:\/\/www.encontramoema.com.br\/sobre\/wp-content\/uploads\/2025\/12\/passeio-ciclistico-pedala-green.webp","datePublished":"2025-11-23T10:31:00+00:00","author":{"@id":"https:\/\/www.encontramoema.com.br\/sobre\/#\/schema\/person\/3c3656d12b82130d77eba13c4ef23efa"},"breadcrumb":{"@id":"https:\/\/www.encontramoema.com.br\/sobre\/passeio-ciclistico-pedala-green\/#breadcrumb"},"inLanguage":"pt-BR","potentialAction":[{"@type":"ReadAction","target":["https:\/\/www.encontramoema.com.br\/sobre\/passeio-ciclistico-pedala-green\/"]}]},{"@type":"ImageObject","inLanguage":"pt-BR","@id":"https:\/\/www.encontramoema.com.br\/sobre\/passeio-ciclistico-pedala-green\/#primaryimage","url":"https:\/\/www.encontramoema.com.br\/sobre\/wp-content\/uploads\/2025\/12\/passeio-ciclistico-pedala-green.webp","contentUrl":"https:\/\/www.encontramoema.com.br\/sobre\/wp-content\/uploads\/2025\/12\/passeio-ciclistico-pedala-green.webp","width":320,"height":280},{"@type":"BreadcrumbList","@id":"https:\/\/www.encontramoema.com.br\/sobre\/passeio-ciclistico-pedala-green\/#breadcrumb","itemListElement":[{"@type":"ListItem","position":1,"name":"In\u00edcio","item":"https:\/\/www.encontramoema.com.br\/sobre\/"},{"@type":"ListItem","position":2,"name":"Passeio cicl\u00edstico Pedala Green"}]},{"@type":"WebSite","@id":"https:\/\/www.encontramoema.com.br\/sobre\/#website","url":"https:\/\/www.encontramoema.com.br\/sobre\/","name":"Encontra Moema","description":"Not\u00edcias, eventos, informa\u00e7\u00f5es e dicas no bairro de Moema e regi\u00e3o.","potentialAction":[{"@type":"SearchAction","target":{"@type":"EntryPoint","urlTemplate":"https:\/\/www.encontramoema.com.br\/sobre\/?s={search_term_string}"},"query-input":{"@type":"PropertyValueSpecification","valueRequired":true,"valueName":"search_term_string"}}],"inLanguage":"pt-BR"},{"@type":"Person","@id":"https:\/\/www.encontramoema.com.br\/sobre\/#\/schema\/person\/3c3656d12b82130d77eba13c4ef23efa","name":"Encontra Moema","image":{"@type":"ImageObject","inLanguage":"pt-BR","@id":"https:\/\/www.encontramoema.com.br\/sobre\/#\/schema\/person\/image\/","url":"https:\/\/secure.gravatar.com\/avatar\/0fbed662e37531ae23e68f85f9517b2454e50c1dfebf80eb9b721449ac95e0b9?s=96&d=mm&r=g","contentUrl":"https:\/\/secure.gravatar.com\/avatar\/0fbed662e37531ae23e68f85f9517b2454e50c1dfebf80eb9b721449ac95e0b9?s=96&d=mm&r=g","caption":"Encontra Moema"},"url":"https:\/\/www.encontramoema.com.br\/sobre\/author\/emoema\/"}]}},"_links":{"self":[{"href":"https:\/\/www.encontramoema.com.br\/sobre\/wp-json\/wp\/v2\/posts\/20851","targetHints":{"allow":["GET"]}}],"collection":[{"href":"https:\/\/www.encontramoema.com.br\/sobre\/wp-json\/wp\/v2\/posts"}],"about":[{"href":"https:\/\/www.encontramoema.com.br\/sobre\/wp-json\/wp\/v2\/types\/post"}],"author":[{"embeddable":true,"href":"https:\/\/www.encontramoema.com.br\/sobre\/wp-json\/wp\/v2\/users\/1"}],"replies":[{"embeddable":true,"href":"https:\/\/www.encontramoema.com.br\/sobre\/wp-json\/wp\/v2\/comments?post=20851"}],"version-history":[{"count":0,"href":"https:\/\/www.encontramoema.com.br\/sobre\/wp-json\/wp\/v2\/posts\/20851\/revisions"}],"wp:featuredmedia":[{"embeddable":true,"href":"https:\/\/www.encontramoema.com.br\/sobre\/wp-json\/wp\/v2\/media\/20850"}],"wp:attachment":[{"href":"https:\/\/www.encontramoema.com.br\/sobre\/wp-json\/wp\/v2\/media?parent=20851"}],"wp:term":[{"taxonomy":"category","embeddable":true,"href":"https:\/\/www.encontramoema.com.br\/sobre\/wp-json\/wp\/v2\/categories?post=20851"},{"taxonomy":"post_tag","embeddable":true,"href":"https:\/\/www.encontramoema.com.br\/sobre\/wp-json\/wp\/v2\/tags?post=20851"}],"curies":[{"name":"wp","href":"https:\/\/api.w.org\/{rel}","templated":true}]}}