{"id":20855,"date":"2025-11-26T12:09:00","date_gmt":"2025-11-26T15:09:00","guid":{"rendered":"https:\/\/www.encontramoema.com.br\/sobre\/bazar-de-natal-em-beneficio-da-ong-a-alternativa\/"},"modified":"2025-11-26T12:09:00","modified_gmt":"2025-11-26T15:09:00","slug":"bazar-de-natal-em-beneficio-da-ong-a-alternativa","status":"publish","type":"post","link":"https:\/\/www.encontramoema.com.br\/sobre\/bazar-de-natal-em-beneficio-da-ong-a-alternativa\/","title":{"rendered":"Bazar de Natal em Benef\u00edcio da ONG A Alternativa"},"content":{"rendered":"<div class=\"b7f545a958fd6350ffae2d30a84cafb8\" data-index=\"1\" style=\"float: none; margin:0px;\">\n<!-- Anuncio display - global -->\r\n<ins class=\"adsbygoogle\"\r\n     style=\"display:block\"\r\n     data-ad-client=\"ca-pub-8585364105181520\"\r\n     data-ad-slot=\"8789329856\"\r\n     data-ad-format=\"auto\"\r\n     data-full-width-responsive=\"true\"><\/ins>\r\n<script>\r\n     (adsbygoogle = window.adsbygoogle || []).push({});\r\n<\/script>\n<\/div>\n<h2>Quando e Onde Acontece<\/h2>\n<p>O <strong>Bazar de Natal<\/strong> da ONG A Alternativa \u00e9 um evento anual muito esperado que, em 2025, ocorrer\u00e1 nos dias <strong>12 e 13 de dezembro<\/strong>, uma sexta e um s\u00e1bado. O hor\u00e1rio de funcionamento ser\u00e1 das <strong>10h \u00e0s 19h<\/strong>, e o local do evento ser\u00e1 na sede da ONG, situada na Rua Joaquim Nabuco, 513, no Brooklin, S\u00e3o Paulo. Este bazar j\u00e1 se tornou uma tradi\u00e7\u00e3o, atraindo visitantes da regi\u00e3o e de outras localidades, que buscam n\u00e3o apenas um presente especial de Natal, mas tamb\u00e9m a oportunidade de contribuir para uma causa nobre.<\/p>\n<h2>Sobre a ONG A Alternativa<\/h2>\n<p>A ONG <strong>A Alternativa<\/strong> foi fundada h\u00e1 mais de 40 anos e se dedica a apoiar e capacitar pessoas com defici\u00eancia e necessidades especiais. A organiza\u00e7\u00e3o visa promover a inclus\u00e3o social, oferecendo orienta\u00e7\u00e3o, treinamento e atividades que ajudam na reabilita\u00e7\u00e3o e inclus\u00e3o no mercado de trabalho dessas pessoas. O trabalho da A Alternativa \u00e9 fundamental para garantir que seus assistidos possam desenvolver suas habilidades e se tornarem independentes, contribuindo tamb\u00e9m para a comunidade.<\/p>\n<p>Com suas atividades e programas, a ONG n\u00e3o apenas transforma vidas, mas tamb\u00e9m gera uma rede de apoio e solidariedade entre as pessoas. O Bazar de Natal, por sua vez, \u00e9 uma das iniciativas mais importantes da ONG, permitindo que a institui\u00e7\u00e3o arrecade fundos necess\u00e1rios para manter suas opera\u00e7\u00f5es e expandir seus projetos.<\/p>\n<p><img decoding=\"async\" src=\"https:\/\/www.encontramoema.com.br\/sobre\/wp-content\/uploads\/2025\/12\/bazar-de-natal-em-beneficio-da-ong-a-alternativa.webp\" alt=\"bazar de natal\" loading=\"lazy\" \/><\/p>\n<h2>Hist\u00f3ria do Bazar de Natal<\/h2>\n<p>O Bazar de Natal da A Alternativa j\u00e1 chegou \u00e0 sua <strong>22\u00aa edi\u00e7\u00e3o<\/strong>. Este evento foi iniciado com o objetivo de arrecadar fundos para a institui\u00e7\u00e3o, e ao longo dos anos, cresceu em popularidade e diversidade. O primeiro bazar aconteceu quando a ONG ainda estava em seus primeiros anos de exist\u00eancia, e desde ent\u00e3o, se tornou um ponto de encontro para aqueles que desejam celebrar o Natal de uma forma consciente e solid\u00e1ria.<\/p>\n<p>Ao longo do tempo, o Bazar se adaptou, mas sempre preservou seu esp\u00edrito comunit\u00e1rio, promovendo o trabalho de artes\u00e3os que s\u00e3o atendidos pela ONG. Os visitantes do bazar n\u00e3o apenas encontraram produtos \u00fanicos, mas tamb\u00e9m puderam conhecer de perto as hist\u00f3rias e conquistas dos participantes, criando um la\u00e7o de empatia e apoio entre consumidores e artes\u00e3os.<\/p>\n<h2>O Que Encontrar no Evento<\/h2>\n<p>No Bazar de Natal da A Alternativa, os visitantes podem esperar um ambiente acolhedor e festivo, repleto de produtos artesanais e exclusivos. Com a participa\u00e7\u00e3o de cerca de <strong>30 expositores<\/strong>, incluindo os pr\u00f3prios artes\u00e3os da ONG, o evento promete uma variedade rica de itens, como:<\/p>\n<ul>\n<li><strong>Pe\u00e7as de madeira:<\/strong> M\u00f3veis e objetos decorativos feitos com madeira nobre, representando o trabalho minucioso dos artes\u00e3os.<\/li>\n<li><strong>Mosaicos:<\/strong> Artigos coloridos e criativos, feitos com t\u00e9cnicas de mosaico que encantam pela beleza e detalhe.<\/li>\n<li><strong>Pintura em cer\u00e2mica:<\/strong> Produtos \u00fanicos e decorativos que trazem a beleza da cer\u00e2mica pintada \u00e0 m\u00e3o.<\/li>\n<li><strong>Macram\u00ea:<\/strong> Itens de decora\u00e7\u00e3o e acess\u00f3rios feitos com t\u00e9cnicas de n\u00f3s, oferecendo um toque r\u00fastico e artesanal ao lares.<\/li>\n<li><strong>Produtos doados:<\/strong> A mesa dos volunt\u00e1rios disponibiliza itens que foram doados para o bazar, que tamb\u00e9m s\u00e3o vendidos a pre\u00e7os simb\u00f3licos.<\/li>\n<li><strong>Lanchonete:<\/strong> Uma \u00e1rea para se refrescar e descansar, onde \u00e9 poss\u00edvel encontrar lanches e bebidas.<\/li>\n<\/ul>\n<p>A variedade de produtos n\u00e3o s\u00f3 proporciona op\u00e7\u00f5es diversificadas aos visitantes mas tamb\u00e9m garante que n\u00e3o haja produtos iguais \u00e0 venda, incentivando a compra e explora\u00e7\u00e3o do que cada artes\u00e3o tem a oferecer. <\/p>\n<h2>Artesanato e Produtos Oferecidos<\/h2>\n<p>O artesanato presente no Bazar de Natal \u00e9 um dos grandes atrativos do evento. Os produtos, todos feitos por pessoas assistidas pela ONG, refletem n\u00e3o s\u00f3 a habilidade e dedica\u00e7\u00e3o dos artes\u00e3os, mas tamb\u00e9m a originalidade que cada pe\u00e7a carrega. Entre os produtos que podem ser encontrados, destacam-se:<\/p>\n<ul>\n<li><strong>Caixas e organizadores:<\/strong> Feitos de material recicl\u00e1vel, decorados com t\u00e9cnicas que v\u00e3o desde a pintura at\u00e9 o mosaico.<\/li>\n<li><strong>Decora\u00e7\u00e3o para a casa:<\/strong> Itens como vasos, suportes para plantas, e enfeites de Natal, que trazem um toque especial para as festas de fim de ano.<\/li>\n<li><strong>Acess\u00f3rios e bijuterias:<\/strong> Pe\u00e7as \u00fanicas feitas com diversos materiais, promovendo a criatividade dos artes\u00e3os.<\/li>\n<li><strong>Brinquedos educacionais:<\/strong> Feitos de madeira, esses brinquedos s\u00e3o uma \u00f3tima op\u00e7\u00e3o para presentes que combinam divers\u00e3o com educa\u00e7\u00e3o.<\/li>\n<\/ul>\n<p>Al\u00e9m de serem exclusivos, esses produtos t\u00eam um significado especial: ao adquirir algo, o comprador contribui diretamente para a continuidade dos projetos da ONG, apoiando o desenvolvimento e a capacita\u00e7\u00e3o das pessoas atendidas.<\/p>\n<h2>Import\u00e2ncia dos Eventos Beneficentes<\/h2>\n<p>Eventos beneficentes como o Bazar de Natal desempenham um papel vital nas comunidades. Eles n\u00e3o apenas arrecadam fundos para institui\u00e7\u00f5es como a A Alternativa, mas tamb\u00e9m contribuem para a conscientiza\u00e7\u00e3o sobre a import\u00e2ncia da inclus\u00e3o e do apoio a pessoas com defici\u00eancia. Atrav\u00e9s dessa pr\u00e1tica, v\u00e1rias quest\u00f5es sociais s\u00e3o abordadas, promovendo uma cultura de solidariedade e apoio m\u00fatuo.<\/p>\n<p>Organizar um bazar ou evento similar traz v\u00e1rias vantagens:<\/p>\n<ul>\n<li><strong>Fortalecimento da Comunidade:<\/strong> O evento re\u00fane pessoas de diferentes origens, promovendo conex\u00f5es e relacionamentos que fortalecem o tecido social.<\/li>\n<li><strong>Visibilidade para a Causa:<\/strong> Ao divulgar as a\u00e7\u00f5es da ONG, mais pessoas se tornam cientes dos desafios enfrentados por pessoas com defici\u00eancia e como podem ajudar.<\/li>\n<li><strong>Desenvolvimento de Habilidades:<\/strong> Para os assistidos, participar de um bazar \u00e9 uma \u00f3tima oportunidade para praticar e desenvolver habilidades de trabalho e socializa\u00e7\u00f5es.<\/li>\n<li><strong>Com\u00e9rcio Justo:<\/strong> Os produtos s\u00e3o vendidos de forma justa, garantindo que os artes\u00e3os recebam um pagamento digno por seu trabalho.<\/li>\n<\/ul>\n<p>Esses eventos mostram que o com\u00e9rcio pode ser feito de forma \u00e9tica e que a solidariedade pode fazer a diferen\u00e7a na vida das pessoas.<\/p>\n<h2>Como Participar do Bazar<\/h2>\n<p>Participar do Bazar de Natal da A Alternativa \u00e9 simples e muito gratificante. O evento \u00e9 aberto ao p\u00fablico, portanto, qualquer pessoa pode comparecer e vivenciar a experi\u00eancia de comprar produtos artesanais enquanto apoia uma causa importante. Aqui est\u00e3o algumas dicas para quem deseja participar:<\/p>\n<ul>\n<li><strong>Marque na Agenda:<\/strong> Anote as datas e hor\u00e1rios do Bazar (12 e 13 de dezembro, das 10h \u00e0s 19h).<\/li>\n<li><strong>Convide Amigo e Fam\u00edlia:<\/strong> Compartilhe a experi\u00eancia, quanto mais pessoas participarem, mais visibilidade a causa ter\u00e1.<\/li>\n<li><strong>Explore Tudo:<\/strong> Reserve um tempo para caminhar pelo bazar, conhecer os artes\u00e3os e entender o significado de cada produto.<\/li>\n<li><strong>Considere Voluntariar-se:<\/strong> Mesmo se voc\u00ea n\u00e3o pode comprar, pode ajudar como volunt\u00e1rio, contribuindo com seu tempo e habilidades.<\/li>\n<\/ul>\n<p>Al\u00e9m de apoiar a ONG, o Bazar oferece uma oportunidade \u00fanica de humanizar as compras de Natal, fazendo com que cada presente tenha uma hist\u00f3ria e um prop\u00f3sito.<\/p>\n<h2>Voluntariado e Contribui\u00e7\u00f5es<\/h2>\n<p>A participa\u00e7\u00e3o como volunt\u00e1rio \u00e9 uma maneira impactante de contribuir para a A Alternativa e seus projetos. Ser volunt\u00e1rio permite que voc\u00ea conhe\u00e7a a fundo o trabalho da ONG e fa\u00e7a parte de uma rede de apoio. Existem v\u00e1rias formas de se voluntariar:<\/p>\n<ul>\n<li><strong>Aux\u00edlio na Organiza\u00e7\u00e3o do Bazar:<\/strong> Ajude a montar e desmontar o espa\u00e7o, organizar os produtos e atender os visitantes durante o evento.<\/li>\n<li><strong>Trabalho com os Artes\u00e3os:<\/strong> Se voc\u00ea possui habilidades que podem ajudar os artes\u00e3os a aprimorar suas t\u00e9cnicas ou produtos, essa \u00e9 uma forma valiosa de contribui\u00e7\u00e3o.<\/li>\n<li><strong>Divulga\u00e7\u00e3o:<\/strong> Compartilhar informa\u00e7\u00f5es sobre o bazar e as atividades da ONG nas redes sociais aumenta a visibilidade e atrai mais visitantes.<\/li>\n<li><strong>Oferecer Doa\u00e7\u00f5es:<\/strong> Tanto de produtos quanto de servi\u00e7os, a ajuda material ou financeira \u00e9 sempre bem-vinda e crucial para o funcionamento da ONG.<\/li>\n<\/ul>\n<p>Ser volunt\u00e1rio na A Alternativa n\u00e3o apenas traz benef\u00edcios \u00e0 comunidade, mas tamb\u00e9m proporciona um enorme senso de realiza\u00e7\u00e3o e conex\u00e3o com outras pessoas que compartilham do mesmo ideal.<\/p>\n<h2>Depoimentos de Participantes<\/h2>\n<p>Os depoimentos de participantes do Bazar de Natal ressaltam o impacto positivo que o evento causa tanto na comunidade quanto nos pr\u00f3prios assistidos da ONG. Muitas pessoas relatam um sentimento de satisfa\u00e7\u00e3o em saber que suas compras ajudam a melhorar a vida e a inclus\u00e3o de pessoas com defici\u00eancia.<\/p>\n<p>Por exemplo, uma visitante do bazar anterior comentou: &#8220;Eu fiquei emocionada ao ver como cada pe\u00e7a era trabalhada com amor. Eu n\u00e3o apenas comprei um presente, mas tamb\u00e9m senti que contribui para algo maior, algo que realmente faz a diferen\u00e7a na vida de algu\u00e9m&#8221;.<\/p>\n<p>Outro depoimento de um artes\u00e3o que participa do bazar h\u00e1 anos destaca: &#8220;Vender meus produtos aqui n\u00e3o tem apenas um valor econ\u00f4mico, \u00e9 um reconhecimento do meu esfor\u00e7o e da minha habilidade. Eu me sinto valorizado e parte da comunidade&#8221;.<\/p>\n<h2>Vantagens de Comprar de Artes\u00e3os Locais<\/h2>\n<p>Ao escolher comprar produtos no Bazar de Natal da A Alternativa, voc\u00ea n\u00e3o est\u00e1 apenas levando para casa um presente \u00fanico; tamb\u00e9m est\u00e1 apoiando a economia local e a sustentabilidade. Existem v\u00e1rias vantagens em comprar de artes\u00e3os locais:<\/p>\n<ul>\n<li><strong>Qualidade \u00danica:<\/strong> Os produtos artesanais geralmente apresentam uma qualidade superior e um toque pessoal que os diferencia das op\u00e7\u00f5es industrializadas.<\/li>\n<li><strong>Est\u00edmulo da Economia Local:<\/strong> Cada compra ajuda a fortalecer pequenas empresas e pessoas da sua comunidade, criando uma economia mais robusta.<\/li>\n<li><strong>Redu\u00e7\u00e3o de Impacto Ambiental:<\/strong> Produtos locais geralmente t\u00eam uma pegada de carbono menor do que aqueles que s\u00e3o importados ou fabricados em massa.<\/li>\n<li><strong>Conex\u00e3o Pessoal:<\/strong> Comprar diretamente dos artes\u00e3os permite interagir, ouvir suas hist\u00f3rias e entender o significado por tr\u00e1s de cada ???????.<\/li>\n<\/ul>\n<p>Portanto, ao participar do Bazar de Natal da A Alternativa, voc\u00ea n\u00e3o s\u00f3 adquire presentes especiais para suas festas, mas tamb\u00e9m promove um impacto positivo em sua comunidade, contribuindo para um futuro mais solid\u00e1rio e inclusivo.&#8221;<\/p>\n\n<div style=\"font-size: 0px; height: 0px; line-height: 0px; margin: 0; padding: 0; clear: both;\"><\/div>","protected":false},"excerpt":{"rendered":"<p>Bazar de Natal da ONG A Alternativa acontece em dezembro no Brooklin, S\u00e3o Paulo.<\/p>\n","protected":false},"author":1,"featured_media":20854,"comment_status":"closed","ping_status":"closed","sticky":false,"template":"","format":"standard","meta":{"footnotes":""},"categories":[1],"tags":[],"class_list":["post-20855","post","type-post","status-publish","format-standard","has-post-thumbnail","hentry","category-noticias-em-moema","has_thumb"],"yoast_head":"<!-- This site is optimized with the Yoast SEO plugin v26.3 - https:\/\/yoast.com\/wordpress\/plugins\/seo\/ -->\n<title>Bazar de Natal em Benef\u00edcio da ONG A Alternativa - Encontra Moema<\/title>\n<meta name=\"robots\" content=\"index, follow, max-snippet:-1, max-image-preview:large, max-video-preview:-1\" \/>\n<link rel=\"canonical\" href=\"https:\/\/www.encontramoema.com.br\/sobre\/bazar-de-natal-em-beneficio-da-ong-a-alternativa\/\" \/>\n<meta property=\"og:locale\" content=\"pt_BR\" \/>\n<meta property=\"og:type\" content=\"article\" \/>\n<meta property=\"og:title\" content=\"Bazar de Natal em Benef\u00edcio da ONG A Alternativa - Encontra Moema\" \/>\n<meta property=\"og:description\" content=\"Bazar de Natal da ONG A Alternativa acontece em dezembro no Brooklin, S\u00e3o Paulo.\" \/>\n<meta property=\"og:url\" content=\"https:\/\/www.encontramoema.com.br\/sobre\/bazar-de-natal-em-beneficio-da-ong-a-alternativa\/\" \/>\n<meta property=\"og:site_name\" content=\"Encontra Moema\" \/>\n<meta property=\"article:published_time\" content=\"2025-11-26T15:09:00+00:00\" \/>\n<meta property=\"og:image\" content=\"https:\/\/www.encontramoema.com.br\/sobre\/wp-content\/uploads\/2025\/12\/bazar-de-natal-em-beneficio-da-ong-a-alternativa.webp\" \/>\n<meta name=\"author\" content=\"Encontra Moema\" \/>\n<meta name=\"twitter:card\" content=\"summary_large_image\" \/>\n<meta name=\"twitter:label1\" content=\"Escrito por\" \/>\n\t<meta name=\"twitter:data1\" content=\"Encontra Moema\" \/>\n\t<meta name=\"twitter:label2\" content=\"Est. tempo de leitura\" \/>\n\t<meta name=\"twitter:data2\" content=\"8 minutos\" \/>\n<script type=\"application\/ld+json\" class=\"yoast-schema-graph\">{\"@context\":\"https:\/\/schema.org\",\"@graph\":[{\"@type\":\"WebPage\",\"@id\":\"https:\/\/www.encontramoema.com.br\/sobre\/bazar-de-natal-em-beneficio-da-ong-a-alternativa\/\",\"url\":\"https:\/\/www.encontramoema.com.br\/sobre\/bazar-de-natal-em-beneficio-da-ong-a-alternativa\/\",\"name\":\"Bazar de Natal em Benef\u00edcio da ONG A Alternativa - Encontra Moema\",\"isPartOf\":{\"@id\":\"https:\/\/www.encontramoema.com.br\/sobre\/#website\"},\"primaryImageOfPage\":{\"@id\":\"https:\/\/www.encontramoema.com.br\/sobre\/bazar-de-natal-em-beneficio-da-ong-a-alternativa\/#primaryimage\"},\"image\":{\"@id\":\"https:\/\/www.encontramoema.com.br\/sobre\/bazar-de-natal-em-beneficio-da-ong-a-alternativa\/#primaryimage\"},\"thumbnailUrl\":\"https:\/\/www.encontramoema.com.br\/sobre\/wp-content\/uploads\/2025\/12\/bazar-de-natal-em-beneficio-da-ong-a-alternativa.webp\",\"datePublished\":\"2025-11-26T15:09:00+00:00\",\"author\":{\"@id\":\"https:\/\/www.encontramoema.com.br\/sobre\/#\/schema\/person\/3c3656d12b82130d77eba13c4ef23efa\"},\"breadcrumb\":{\"@id\":\"https:\/\/www.encontramoema.com.br\/sobre\/bazar-de-natal-em-beneficio-da-ong-a-alternativa\/#breadcrumb\"},\"inLanguage\":\"pt-BR\",\"potentialAction\":[{\"@type\":\"ReadAction\",\"target\":[\"https:\/\/www.encontramoema.com.br\/sobre\/bazar-de-natal-em-beneficio-da-ong-a-alternativa\/\"]}]},{\"@type\":\"ImageObject\",\"inLanguage\":\"pt-BR\",\"@id\":\"https:\/\/www.encontramoema.com.br\/sobre\/bazar-de-natal-em-beneficio-da-ong-a-alternativa\/#primaryimage\",\"url\":\"https:\/\/www.encontramoema.com.br\/sobre\/wp-content\/uploads\/2025\/12\/bazar-de-natal-em-beneficio-da-ong-a-alternativa.webp\",\"contentUrl\":\"https:\/\/www.encontramoema.com.br\/sobre\/wp-content\/uploads\/2025\/12\/bazar-de-natal-em-beneficio-da-ong-a-alternativa.webp\",\"width\":320,\"height\":280,\"caption\":\"bazar de natal\"},{\"@type\":\"BreadcrumbList\",\"@id\":\"https:\/\/www.encontramoema.com.br\/sobre\/bazar-de-natal-em-beneficio-da-ong-a-alternativa\/#breadcrumb\",\"itemListElement\":[{\"@type\":\"ListItem\",\"position\":1,\"name\":\"In\u00edcio\",\"item\":\"https:\/\/www.encontramoema.com.br\/sobre\/\"},{\"@type\":\"ListItem\",\"position\":2,\"name\":\"Bazar de Natal em Benef\u00edcio da ONG A Alternativa\"}]},{\"@type\":\"WebSite\",\"@id\":\"https:\/\/www.encontramoema.com.br\/sobre\/#website\",\"url\":\"https:\/\/www.encontramoema.com.br\/sobre\/\",\"name\":\"Encontra Moema\",\"description\":\"Not\u00edcias, eventos, informa\u00e7\u00f5es e dicas no bairro de Moema e regi\u00e3o.\",\"potentialAction\":[{\"@type\":\"SearchAction\",\"target\":{\"@type\":\"EntryPoint\",\"urlTemplate\":\"https:\/\/www.encontramoema.com.br\/sobre\/?s={search_term_string}\"},\"query-input\":{\"@type\":\"PropertyValueSpecification\",\"valueRequired\":true,\"valueName\":\"search_term_string\"}}],\"inLanguage\":\"pt-BR\"},{\"@type\":\"Person\",\"@id\":\"https:\/\/www.encontramoema.com.br\/sobre\/#\/schema\/person\/3c3656d12b82130d77eba13c4ef23efa\",\"name\":\"Encontra Moema\",\"image\":{\"@type\":\"ImageObject\",\"inLanguage\":\"pt-BR\",\"@id\":\"https:\/\/www.encontramoema.com.br\/sobre\/#\/schema\/person\/image\/\",\"url\":\"https:\/\/secure.gravatar.com\/avatar\/0fbed662e37531ae23e68f85f9517b2454e50c1dfebf80eb9b721449ac95e0b9?s=96&d=mm&r=g\",\"contentUrl\":\"https:\/\/secure.gravatar.com\/avatar\/0fbed662e37531ae23e68f85f9517b2454e50c1dfebf80eb9b721449ac95e0b9?s=96&d=mm&r=g\",\"caption\":\"Encontra Moema\"},\"url\":\"https:\/\/www.encontramoema.com.br\/sobre\/author\/emoema\/\"}]}<\/script>\n<!-- \/ Yoast SEO plugin. -->","yoast_head_json":{"title":"Bazar de Natal em Benef\u00edcio da ONG A Alternativa - Encontra Moema","robots":{"index":"index","follow":"follow","max-snippet":"max-snippet:-1","max-image-preview":"max-image-preview:large","max-video-preview":"max-video-preview:-1"},"canonical":"https:\/\/www.encontramoema.com.br\/sobre\/bazar-de-natal-em-beneficio-da-ong-a-alternativa\/","og_locale":"pt_BR","og_type":"article","og_title":"Bazar de Natal em Benef\u00edcio da ONG A Alternativa - Encontra Moema","og_description":"Bazar de Natal da ONG A Alternativa acontece em dezembro no Brooklin, S\u00e3o Paulo.","og_url":"https:\/\/www.encontramoema.com.br\/sobre\/bazar-de-natal-em-beneficio-da-ong-a-alternativa\/","og_site_name":"Encontra Moema","article_published_time":"2025-11-26T15:09:00+00:00","og_image":[{"url":"https:\/\/www.encontramoema.com.br\/sobre\/wp-content\/uploads\/2025\/12\/bazar-de-natal-em-beneficio-da-ong-a-alternativa.webp","type":"","width":"","height":""}],"author":"Encontra Moema","twitter_card":"summary_large_image","twitter_misc":{"Escrito por":"Encontra Moema","Est. tempo de leitura":"8 minutos"},"schema":{"@context":"https:\/\/schema.org","@graph":[{"@type":"WebPage","@id":"https:\/\/www.encontramoema.com.br\/sobre\/bazar-de-natal-em-beneficio-da-ong-a-alternativa\/","url":"https:\/\/www.encontramoema.com.br\/sobre\/bazar-de-natal-em-beneficio-da-ong-a-alternativa\/","name":"Bazar de Natal em Benef\u00edcio da ONG A Alternativa - Encontra Moema","isPartOf":{"@id":"https:\/\/www.encontramoema.com.br\/sobre\/#website"},"primaryImageOfPage":{"@id":"https:\/\/www.encontramoema.com.br\/sobre\/bazar-de-natal-em-beneficio-da-ong-a-alternativa\/#primaryimage"},"image":{"@id":"https:\/\/www.encontramoema.com.br\/sobre\/bazar-de-natal-em-beneficio-da-ong-a-alternativa\/#primaryimage"},"thumbnailUrl":"https:\/\/www.encontramoema.com.br\/sobre\/wp-content\/uploads\/2025\/12\/bazar-de-natal-em-beneficio-da-ong-a-alternativa.webp","datePublished":"2025-11-26T15:09:00+00:00","author":{"@id":"https:\/\/www.encontramoema.com.br\/sobre\/#\/schema\/person\/3c3656d12b82130d77eba13c4ef23efa"},"breadcrumb":{"@id":"https:\/\/www.encontramoema.com.br\/sobre\/bazar-de-natal-em-beneficio-da-ong-a-alternativa\/#breadcrumb"},"inLanguage":"pt-BR","potentialAction":[{"@type":"ReadAction","target":["https:\/\/www.encontramoema.com.br\/sobre\/bazar-de-natal-em-beneficio-da-ong-a-alternativa\/"]}]},{"@type":"ImageObject","inLanguage":"pt-BR","@id":"https:\/\/www.encontramoema.com.br\/sobre\/bazar-de-natal-em-beneficio-da-ong-a-alternativa\/#primaryimage","url":"https:\/\/www.encontramoema.com.br\/sobre\/wp-content\/uploads\/2025\/12\/bazar-de-natal-em-beneficio-da-ong-a-alternativa.webp","contentUrl":"https:\/\/www.encontramoema.com.br\/sobre\/wp-content\/uploads\/2025\/12\/bazar-de-natal-em-beneficio-da-ong-a-alternativa.webp","width":320,"height":280,"caption":"bazar de natal"},{"@type":"BreadcrumbList","@id":"https:\/\/www.encontramoema.com.br\/sobre\/bazar-de-natal-em-beneficio-da-ong-a-alternativa\/#breadcrumb","itemListElement":[{"@type":"ListItem","position":1,"name":"In\u00edcio","item":"https:\/\/www.encontramoema.com.br\/sobre\/"},{"@type":"ListItem","position":2,"name":"Bazar de Natal em Benef\u00edcio da ONG A Alternativa"}]},{"@type":"WebSite","@id":"https:\/\/www.encontramoema.com.br\/sobre\/#website","url":"https:\/\/www.encontramoema.com.br\/sobre\/","name":"Encontra Moema","description":"Not\u00edcias, eventos, informa\u00e7\u00f5es e dicas no bairro de Moema e regi\u00e3o.","potentialAction":[{"@type":"SearchAction","target":{"@type":"EntryPoint","urlTemplate":"https:\/\/www.encontramoema.com.br\/sobre\/?s={search_term_string}"},"query-input":{"@type":"PropertyValueSpecification","valueRequired":true,"valueName":"search_term_string"}}],"inLanguage":"pt-BR"},{"@type":"Person","@id":"https:\/\/www.encontramoema.com.br\/sobre\/#\/schema\/person\/3c3656d12b82130d77eba13c4ef23efa","name":"Encontra Moema","image":{"@type":"ImageObject","inLanguage":"pt-BR","@id":"https:\/\/www.encontramoema.com.br\/sobre\/#\/schema\/person\/image\/","url":"https:\/\/secure.gravatar.com\/avatar\/0fbed662e37531ae23e68f85f9517b2454e50c1dfebf80eb9b721449ac95e0b9?s=96&d=mm&r=g","contentUrl":"https:\/\/secure.gravatar.com\/avatar\/0fbed662e37531ae23e68f85f9517b2454e50c1dfebf80eb9b721449ac95e0b9?s=96&d=mm&r=g","caption":"Encontra Moema"},"url":"https:\/\/www.encontramoema.com.br\/sobre\/author\/emoema\/"}]}},"_links":{"self":[{"href":"https:\/\/www.encontramoema.com.br\/sobre\/wp-json\/wp\/v2\/posts\/20855","targetHints":{"allow":["GET"]}}],"collection":[{"href":"https:\/\/www.encontramoema.com.br\/sobre\/wp-json\/wp\/v2\/posts"}],"about":[{"href":"https:\/\/www.encontramoema.com.br\/sobre\/wp-json\/wp\/v2\/types\/post"}],"author":[{"embeddable":true,"href":"https:\/\/www.encontramoema.com.br\/sobre\/wp-json\/wp\/v2\/users\/1"}],"replies":[{"embeddable":true,"href":"https:\/\/www.encontramoema.com.br\/sobre\/wp-json\/wp\/v2\/comments?post=20855"}],"version-history":[{"count":0,"href":"https:\/\/www.encontramoema.com.br\/sobre\/wp-json\/wp\/v2\/posts\/20855\/revisions"}],"wp:featuredmedia":[{"embeddable":true,"href":"https:\/\/www.encontramoema.com.br\/sobre\/wp-json\/wp\/v2\/media\/20854"}],"wp:attachment":[{"href":"https:\/\/www.encontramoema.com.br\/sobre\/wp-json\/wp\/v2\/media?parent=20855"}],"wp:term":[{"taxonomy":"category","embeddable":true,"href":"https:\/\/www.encontramoema.com.br\/sobre\/wp-json\/wp\/v2\/categories?post=20855"},{"taxonomy":"post_tag","embeddable":true,"href":"https:\/\/www.encontramoema.com.br\/sobre\/wp-json\/wp\/v2\/tags?post=20855"}],"curies":[{"name":"wp","href":"https:\/\/api.w.org\/{rel}","templated":true}]}}