{"id":20900,"date":"2026-01-11T07:34:25","date_gmt":"2026-01-11T10:34:25","guid":{"rendered":"https:\/\/www.encontramoema.com.br\/sobre\/papa-leao-xiv-nomeia-novo-bispo-coadjutor-de-criciuma\/"},"modified":"2026-01-11T07:34:25","modified_gmt":"2026-01-11T10:34:25","slug":"papa-leao-xiv-nomeia-novo-bispo-coadjutor-de-criciuma","status":"publish","type":"post","link":"https:\/\/www.encontramoema.com.br\/sobre\/papa-leao-xiv-nomeia-novo-bispo-coadjutor-de-criciuma\/","title":{"rendered":"Papa Le\u00e3o XIV nomeia novo bispo coadjutor de Crici\u00fama"},"content":{"rendered":"<div class=\"b7f545a958fd6350ffae2d30a84cafb8\" data-index=\"1\" style=\"float: none; margin:0px;\">\n<!-- Anuncio display - global -->\r\n<ins class=\"adsbygoogle\"\r\n     style=\"display:block\"\r\n     data-ad-client=\"ca-pub-8585364105181520\"\r\n     data-ad-slot=\"8789329856\"\r\n     data-ad-format=\"auto\"\r\n     data-full-width-responsive=\"true\"><\/ins>\r\n<script>\r\n     (adsbygoogle = window.adsbygoogle || []).push({});\r\n<\/script>\n<\/div>\n<h2>O Que Significa Ser Bispo Coadjutor?<\/h2>\n<p>O bispo coadjutor \u00e9 um membro do clero cat\u00f3lico que atua como auxiliar de um bispo titular, desempenhando fun\u00e7\u00f5es espec\u00edficas dentro da administra\u00e7\u00e3o de uma diocese. Ele \u00e9 designado pelo Papa para ajud\u00e1-lo em suas responsabilidades pastorais, especialmente quando o bispo titular est\u00e1 incapacitado ou pr\u00f3ximo da aposentadoria. O papel do bispo coadjutor \u00e9 essencial para garantir a continuidade da lideran\u00e7a e da pastoral na diocese, al\u00e9m de proporcionar suporte no minist\u00e9rio e na administra\u00e7\u00e3o dos assuntos eclesiais.<\/p>\n<p>Uma das principais caracter\u00edsticas de um bispo coadjutor \u00e9 sua forma\u00e7\u00e3o e experi\u00eancia. Ele geralmente possui uma vasta bagagem pastoral, que inclui a forma\u00e7\u00e3o teol\u00f3gica, experi\u00eancia em par\u00f3quias e, muitas vezes, cargos de lideran\u00e7a dentro da Igreja. Isso lhe confere a capacidade de atuar de maneira eficaz ao lado do bispo titular, contribuindo para a vida espiritual e administrativa da diocese.<\/p>\n<p>Al\u00e9m disso, o bispo coadjutor se torna o bispo titular da diocese uma vez que o bispo atual se aposenta ou falece. Assim, sua nomea\u00e7\u00e3o \u00e9 vista como uma forma de preparar e assegurar uma transi\u00e7\u00e3o suave na lideran\u00e7a da diocese. Isto tamb\u00e9m significa que o bispo coadjutor deve estar bem integrado \u00e0 vida da comunidade, conhecendo suas necessidades e desafios, para que quando assumir a lideran\u00e7a, esteja preparado para guiar a diocese com sabedoria e compaix\u00e3o.<\/p>\n<p><img decoding=\"async\" src=\"https:\/\/www.encontramoema.com.br\/sobre\/wp-content\/uploads\/2026\/01\/papa-leao-xiv-nomeia-novo-bispo-coadjutor-de-criciuma.webp\" alt=\"\" loading=\"lazy\" \/><\/p>\n<h2>A Trajet\u00f3ria de Monsenhor Milton Zonta<\/h2>\n<p>Monsenhor Milton Zonta tem uma trajet\u00f3ria exemplar dentro da Igreja cat\u00f3lica, que exemplifica a dedica\u00e7\u00e3o e o compromisso com a miss\u00e3o evangelizadora. Nascido em 2 de junho de 1960, em Videira, Santa Catarina, ele iniciou sua forma\u00e7\u00e3o vocacional aos 15 anos, tornando-se parte da Sociedade do Divino Salvador (Salvatorianos) em 1979. Sua trajet\u00f3ria inclui a ordena\u00e7\u00e3o como di\u00e1cono em 1986, seguida pela ordena\u00e7\u00e3o sacerdotal em 17 de janeiro de 1987. Ao longo das d\u00e9cadas, ele assumiu diversas fun\u00e7\u00f5es dentro da Igreja, demonstrando habilidade no trabalho pastoral e na gest\u00e3o comunit\u00e1ria.<\/p>\n<p>Milton Zonta \u00e9 formado em Orienta\u00e7\u00e3o e Supervis\u00e3o Pedag\u00f3gica, Filosofia e Teologia, com especializa\u00e7\u00f5es em Pastoral Juvenil e em Metodologia de Planejamento Pastoral Latino-americano. Esta base educacional s\u00f3lida permitiu que ele desenvolvesse uma vis\u00e3o abrangente sobre a miss\u00e3o da Igreja e a import\u00e2ncia da forma\u00e7\u00e3o cont\u00ednua, tanto para l\u00edderes quanto para leigos.<\/p>\n<p>Ao longo de sua carreira, Zonta exercitou a fun\u00e7\u00e3o de vig\u00e1rio paroquial na sua cidade natal, onde trabalhou em conson\u00e2ncia com as comunidades locais, levando sempre em conta as necessidades das pessoas e promovendo o acolhimento e a evangeliza\u00e7\u00e3o. Sua atua\u00e7\u00e3o tamb\u00e9m incluiu ser promotor vocacional provincial e mission\u00e1rio, demostrando seu empenho em cultivar e formar novas voca\u00e7\u00f5es para a vida religiosa.<\/p>\n<p>Em sua trajet\u00f3ria, ele foi Superior Provincial dos Salvatorianos no Brasil e exerceu a fun\u00e7\u00e3o de conselheiro geral e superior geral da Sociedade do Divino Salvador em Roma, onde acumulou experi\u00eancia e vis\u00e3o sobre a pastoral a n\u00edvel global. Desde 2025, ele atuava como vig\u00e1rio na Par\u00f3quia Imaculada Concei\u00e7\u00e3o em Videira, onde continuou a trabalhar em prol da comunidade, dando suporte e estimulando a participa\u00e7\u00e3o dos fi\u00e9is na vida da Igreja.<\/p>\n<h2>Rea\u00e7\u00f5es da Confer\u00eancia Nacional dos Bispos do Brasil<\/h2>\n<p>A nomea\u00e7\u00e3o de Monsenhor Milton Zonta como bispo coadjutor da Diocese de Crici\u00fama foi recebida com grande entusiasmo pela Confer\u00eancia Nacional dos Bispos do Brasil (CNBB). A CNBB destacou a experi\u00eancia e a forma\u00e7\u00e3o do novo bispo como um grande trunfo para a diocese e para a Igreja como um todo. Dom Jaime Cardeal Spengler, presidente da CNBB, declarou que a nomea\u00e7\u00e3o \u00e9 um reconhecimento do minist\u00e9rio apaixonado e silencioso de Zonta ao longo da sua vida sacerdotal.<\/p>\n<p>A CNBB enfatizou a import\u00e2ncia de apoiar a sa\u00fade e o bem-estar espiritual da comunidade em tempos desafiadores. Durante o an\u00fancio da nomea\u00e7\u00e3o, Dom Jaime relembrou as qualidades do novo bispo, elogiando sua miss\u00e3o de f\u00e9 e sua dedica\u00e7\u00e3o ao servi\u00e7o comunit\u00e1rio. Isso reflete a confian\u00e7a depositada na lideran\u00e7a de Zonta, que n\u00e3o apenas possui uma forma\u00e7\u00e3o acad\u00eamica s\u00f3lida, mas tamb\u00e9m uma experi\u00eancia pastoral rica, sempre ligada aos valores fundamentais do cristianismo.<\/p>\n<p>Al\u00e9m disso, a CNBB expressou sua gratid\u00e3o pela contribui\u00e7\u00e3o cont\u00ednua de Zonta \u00e0 Igreja no Brasil e sua disposi\u00e7\u00e3o para sacrificar-se em prol do crescimento e da evangeliza\u00e7\u00e3o. O apoio da confer\u00eancia representa um forte respaldo \u00e0 nomea\u00e7\u00e3o, o que incentivar\u00e1 Zonta \u00e0 frente da Diocese de Crici\u00fama e \u00e0 constru\u00e7\u00e3o de uma comunidade unida e vibrante.<\/p>\n<h2>Impacto da Nomea\u00e7\u00e3o na Diocese de Crici\u00fama<\/h2>\n<p>A nomea\u00e7\u00e3o de Monsenhor Milton Zonta como bispo coadjutor trar\u00e1 um impacto significativo \u00e0 Diocese de Crici\u00fama, n\u00e3o apenas em termos administrativos, mas tamb\u00e9m na vida espiritual dos fi\u00e9is. Ele chega em um momento em que a diocese busca renova\u00e7\u00e3o e engajamento da comunidade na f\u00e9. Com sua vasta experi\u00eancia, ele est\u00e1 bem posicionado para refor\u00e7ar e revitalizar iniciativas evangelizadoras, especialmente no que diz respeito \u00e0 forma\u00e7\u00e3o de lideran\u00e7as e \u00e0 promo\u00e7\u00e3o da participa\u00e7\u00e3o ativa dos leigos.<\/p>\n<p>A presen\u00e7a de Zonta \u00e9 vista como uma oportunidade para fortalecer a unidade da diocese. A sua capacidade de ouvir e acolher as vozes dos diferentes segmentos da comunidade ser\u00e1 fundamental para criar uma pastoral que responda \u00e0s necessidades vivas da popula\u00e7\u00e3o. Ele \u00e9 conhecido por sua abordagem inclusiva, que valoriza o di\u00e1logo, e isso pode resultar em novas parcerias, projetos e a revitaliza\u00e7\u00e3o de minist\u00e9rios existentes.<\/p>\n<p>Al\u00e9m disso, a nomea\u00e7\u00e3o traz um sentimento de esperan\u00e7a e continuidade. Os fi\u00e9is veem em Zonta um l\u00edder que compreende os desafios contempor\u00e2neos da Igreja, que vai do fortalecimento da uni\u00e3o entre as par\u00f3quias at\u00e9 a necessidade de evangeliza\u00e7\u00e3o em um mundo cada vez mais secularizado. A sua administra\u00e7\u00e3o poder\u00e1 proporcionar um novo impulso \u00e0s iniciativas j\u00e1 em andamento na diocese e incentivar novos projetos, pensando sempre na transforma\u00e7\u00e3o social e espiritual da comunidade.<\/p>\n<h2>A Import\u00e2ncia do Minist\u00e9rio Episcopal<\/h2>\n<p>O minist\u00e9rio episcopal \u00e9 de suprema import\u00e2ncia dentro da Igreja Cat\u00f3lica, pois \u00e9 por meio dele que a lideran\u00e7a espiritual \u00e9 exercida e a pastoral \u00e9 orientada. Os bispos possuem a responsabilidade de guiar, ensinar e santificar o povo de Deus, em conformidade com os ensinamentos do evangelho. O minist\u00e9rio episcopal \u00e9 um chamado n\u00e3o apenas \u00e0 autoridade e administra\u00e7\u00e3o, mas tamb\u00e9m a um profundo compromisso de servi\u00e7o \u00e0 comunidade e \u00e0 evangeliza\u00e7\u00e3o.<\/p>\n<p>A figura do bispo coadjutor, como no caso de Milton Zonta, \u00e9 crucial para assegurar a continuidade da pr\u00e1tica pastoral e o fortalecimento da Igreja local. Os bispos coadjutores t\u00eam a responsabilidade de aprender com o bispo titular e, quando necess\u00e1rio, assumir as fun\u00e7\u00f5es administrativas e pastorais, servindo como um elo vital na manuten\u00e7\u00e3o da uni\u00e3o e da miss\u00e3o evangelizadora da diocese.<\/p>\n<p>O papel do bispo tamb\u00e9m inclui o apoio a iniciativas sociais e o cuidado com os mais necessitados. \u00c9 atrav\u00e9s de a\u00e7\u00f5es caritativas que os bispos podem fazer a diferen\u00e7a na vida das pessoas e promover a justi\u00e7a social. Isso refor\u00e7a a miss\u00e3o da Igreja de estar presente em todas as esferas da sociedade, combatendo a exclus\u00e3o e oferecendo esperan\u00e7a.<\/p>\n<h2>Experi\u00eancia Pastoral de Milton Zonta<\/h2>\n<p>A experi\u00eancia pastoral de Monsenhor Milton Zonta \u00e9 marcada pela proximidade com as comunidades e pelo envolvimento em diversas atividades que visam a forma\u00e7\u00e3o e a inclus\u00e3o. Seu trabalho em Videira, sua cidade natal, \u00e9 um exemplo claro de sua dedica\u00e7\u00e3o, onde ele atuou de forma integrada com os grupos e minist\u00e9rios, promovendo um ambiente de acolhimento e espiritualidade.<\/p>\n<p>Zonta exerceu um papel ativo na promo\u00e7\u00e3o vocacional, incentivando jovens a considerar o chamado ao sacerd\u00f3cio e \u00e0 vida religiosa, uma miss\u00e3o que considera essencial, dado o contexto atual da Igreja. Ele cultivou relacionamentos s\u00f3lidos com a juventude local, oferecendo aconselhamento e apoio espiritual necess\u00e1rio para ajud\u00e1-los a descobrir seu caminho de f\u00e9.<\/p>\n<p>Al\u00e9m de sua atua\u00e7\u00e3o pastoral, a experi\u00eancia de Zonta na administra\u00e7\u00e3o e lideran\u00e7a de comunidades \u00e9 not\u00e1vel. Ele desenvolveu habilidades de planejamento pastoral, trabalhando em colabora\u00e7\u00e3o com outras institui\u00e7\u00f5es e organiza\u00e7\u00f5es para promover atividades que ajudem na forma\u00e7\u00e3o de l\u00edderes e na conscientiza\u00e7\u00e3o sobre a import\u00e2ncia da participa\u00e7\u00e3o laical.<\/p>\n<h2>A Caminhada do Novo Bispo at\u00e9 Aqui<\/h2>\n<p>A caminhada de Monsenhor Milton Zonta at\u00e9 o momento atual \u00e9 reflexo de comprometimento e perseveran\u00e7a. Desde sua juventude, ele se dedicou \u00e0 forma\u00e7\u00e3o religiosa, sempre aberto ao aprendizado e \u00e0s novas pastoralidades. Sua trajet\u00f3ria abrange tantos cargos como a vigaristado, a\u00e7\u00f5es mission\u00e1rias e trabalhos em n\u00edvel provincial e geral na sociedade salvatoriana, onde foi um colaborador ativo na evangeliza\u00e7\u00e3o e na anima\u00e7\u00e3o vocacional.<\/p>\n<p>O desejo de servir e liderar fez dele um religioso querido e respeitado, n\u00e3o s\u00f3 dentro de sua congrega\u00e7\u00e3o, mas tamb\u00e9m entre os leigos que formam a base da Igreja. Ele se destacou na constru\u00e7\u00e3o de uma comunidade que busca a inclus\u00e3o e a renova\u00e7\u00e3o da f\u00e9, sempre tendo em mente que a espiritualidade deve estar a servi\u00e7o da humanidade.<\/p>\n<p>\u00c0 medida que ele caminha para o episcopado, sua experi\u00eancia acumulada ao longo dos anos lhe proporciona a confian\u00e7a necess\u00e1ria para enfrentar os desafios que encontrar\u00e1. O relacionamento que cultivou ao longo de sua trajet\u00f3ria ser\u00e1 fundamental para estabelecer uma lideran\u00e7a eficaz e inspiradora em sua nova fun\u00e7\u00e3o.<\/p>\n<h2>Expectativas Para o Futuro da Diocese<\/h2>\n<p>As expectativas para o futuro da Diocese de Crici\u00fama sob a lideran\u00e7a de Monsenhor Milton Zonta s\u00e3o elevadas e repletas de esperan\u00e7a. Os fi\u00e9is e a comunidade eclesial veem nele um l\u00edder que poder\u00e1 contribuir significativamente para um renovado impulso mission\u00e1rio, promovendo um ambiente de f\u00e9 vivo e participativo. A sua capacidade de motivar e integrar diferentes grupos dentro da diocese indicam que haver\u00e1 um empenho para que todos se sintam parte da constru\u00e7\u00e3o da Igreja.<\/p>\n<p>Os desafios da modernidade, como a seculariza\u00e7\u00e3o, a diminui\u00e7\u00e3o do n\u00famero de fi\u00e9is e o engajamento da juventude, s\u00e3o preocupa\u00e7\u00f5es centrais, mas a lideran\u00e7a de Zonta \u00e9 considerada uma resposta proativa a estes problemas. Com sua viv\u00eancia pastoral e forte la\u00e7o com a comunidade, ele tem a oportunidade de revitalizar a f\u00e9 e criar um espa\u00e7o de di\u00e1logo e inclus\u00e3o.<\/p>\n<p>Al\u00e9m disso, a promo\u00e7\u00e3o de a\u00e7\u00f5es sociais, que s\u00e3o cada vez mais importantes, dever\u00e1 estar em destaque. A lideran\u00e7a de Zonta pode incrementar parcerias com organiza\u00e7\u00f5es e servi\u00e7os que respondam \u00e0s necessidades da popula\u00e7\u00e3o, especialmente nas \u00e1reas de educa\u00e7\u00e3o, sa\u00fade e assist\u00eancia social. Isso refletir\u00e1 um compromisso com a justi\u00e7a social, que \u00e9 um dos pilares da miss\u00e3o da Igreja.<\/p>\n<h2>Conhe\u00e7a a Sociedade do Divino Salvador<\/h2>\n<p>A Sociedade do Divino Salvador, \u00e0 qual Monsenhor Milton Zonta pertence, \u00e9 uma congrega\u00e7\u00e3o religiosa fundada por Santo Fernando de Hoz, cuja miss\u00e3o \u00e9 continuar a obra de Jesus Cristo atrav\u00e9s do servi\u00e7o, especialmente na evangeliza\u00e7\u00e3o e na forma\u00e7\u00e3o de disc\u00edpulos. A congrega\u00e7\u00e3o atua em diversas \u00e1reas, incluindo educa\u00e7\u00e3o, pastoral, servi\u00e7o social e promo\u00e7\u00e3o vocacional.<\/p>\n<p>Os membros da Sociedade dedicam-se a levar a mensagem do evangelho a comunidades, escolas e institui\u00e7\u00f5es, promovendo a f\u00e9 e a espiritualidade atrav\u00e9s de um minist\u00e9rio ativo. A forma\u00e7\u00e3o oferecida aos membros \u00e9 ampla, capacitando-os para que possam exercer sua miss\u00e3o com compet\u00eancia e amor, sempre em conex\u00e3o com a realidade social das comunidades nas quais atuam.<\/p>\n<p>Um dos focos da Sociedade do Divino Salvador \u00e9 o trabalho em parceria com as comunidades locais, desenvolvendo programas e projetos que visem \u00e0 promo\u00e7\u00e3o do bem comum. A congrega\u00e7\u00e3o busca inspirar seus membros a serem agentes de mudan\u00e7a, fomentando um esp\u00edrito de solidariedade e compaix\u00e3o em sua jornada de f\u00e9.<\/p>\n<h2>A Recep\u00e7\u00e3o da Comunidade Paroquial<\/h2>\n<p>A recep\u00e7\u00e3o de Monsenhor Milton Zonta pela comunidade paroquial em Crici\u00fama \u00e9 um aspecto crucial para seu minist\u00e9rio futuro. Os fi\u00e9is t\u00eam demonstrado apre\u00e7o e expectativa em rela\u00e7\u00e3o \u00e0 nova lideran\u00e7a, considerando n\u00e3o apenas o hist\u00f3rico do novo bispo, mas tamb\u00e9m sua capacidade de se relacionar e compreender as necessidades da comunidade.<\/p>\n<p>Os paroquianos j\u00e1 expressaram sua ansiedade em colaborar ativamente com ele, estabelecendo um compromisso de participa\u00e7\u00e3o e engajamento que \u00e9 essencial para o sucesso do minist\u00e9rio episcopal. Zonta \u00e9 visto como um verdadeiro pastor, algu\u00e9m que caminha lado a lado com seu rebanho, incentivando a coopera\u00e7\u00e3o e o amor fraternal entre todos os membros da diocese.<\/p>\n<p>Esse acolhimento caloroso \u00e9 fundamental, pois estabelece um ambiente que favorece a comunica\u00e7\u00e3o aberta e permite que a lideran\u00e7a seja confi\u00e1vel e respeitada. Ao mesmo tempo, esse suporte fortalece a miss\u00e3o da Igreja em um mundo que enfrenta desafios complexos, reafirmando a import\u00e2ncia do amor e da solidariedade ao pr\u00f3ximo, pilares centrais da f\u00e9 cat\u00f3lica.<\/p>\n\n<div style=\"font-size: 0px; height: 0px; line-height: 0px; margin: 0; padding: 0; clear: both;\"><\/div>","protected":false},"excerpt":{"rendered":"<p>Papa Le\u00e3o XIV anunciou a nomea\u00e7\u00e3o de um bispo coadjutor para Crici\u00fama.<\/p>\n","protected":false},"author":1,"featured_media":20899,"comment_status":"closed","ping_status":"closed","sticky":false,"template":"","format":"standard","meta":{"footnotes":""},"categories":[1],"tags":[],"class_list":["post-20900","post","type-post","status-publish","format-standard","has-post-thumbnail","hentry","category-noticias-em-moema","has_thumb"],"yoast_head":"<!-- This site is optimized with the Yoast SEO plugin v26.3 - https:\/\/yoast.com\/wordpress\/plugins\/seo\/ -->\n<title>Papa Le\u00e3o XIV nomeia novo bispo coadjutor de Crici\u00fama - Encontra Moema<\/title>\n<meta name=\"robots\" content=\"index, follow, max-snippet:-1, max-image-preview:large, max-video-preview:-1\" \/>\n<link rel=\"canonical\" href=\"https:\/\/www.encontramoema.com.br\/sobre\/papa-leao-xiv-nomeia-novo-bispo-coadjutor-de-criciuma\/\" \/>\n<meta property=\"og:locale\" content=\"pt_BR\" \/>\n<meta property=\"og:type\" content=\"article\" \/>\n<meta property=\"og:title\" content=\"Papa Le\u00e3o XIV nomeia novo bispo coadjutor de Crici\u00fama - Encontra Moema\" \/>\n<meta property=\"og:description\" content=\"Papa Le\u00e3o XIV anunciou a nomea\u00e7\u00e3o de um bispo coadjutor para Crici\u00fama.\" \/>\n<meta property=\"og:url\" content=\"https:\/\/www.encontramoema.com.br\/sobre\/papa-leao-xiv-nomeia-novo-bispo-coadjutor-de-criciuma\/\" \/>\n<meta property=\"og:site_name\" content=\"Encontra Moema\" \/>\n<meta property=\"article:published_time\" content=\"2026-01-11T10:34:25+00:00\" \/>\n<meta property=\"og:image\" content=\"https:\/\/www.encontramoema.com.br\/sobre\/wp-content\/uploads\/2026\/01\/papa-leao-xiv-nomeia-novo-bispo-coadjutor-de-criciuma.webp\" \/>\n<meta name=\"author\" content=\"Encontra Moema\" \/>\n<meta name=\"twitter:card\" content=\"summary_large_image\" \/>\n<meta name=\"twitter:label1\" content=\"Escrito por\" \/>\n\t<meta name=\"twitter:data1\" content=\"Encontra Moema\" \/>\n\t<meta name=\"twitter:label2\" content=\"Est. tempo de leitura\" \/>\n\t<meta name=\"twitter:data2\" content=\"11 minutos\" \/>\n<script type=\"application\/ld+json\" class=\"yoast-schema-graph\">{\"@context\":\"https:\/\/schema.org\",\"@graph\":[{\"@type\":\"WebPage\",\"@id\":\"https:\/\/www.encontramoema.com.br\/sobre\/papa-leao-xiv-nomeia-novo-bispo-coadjutor-de-criciuma\/\",\"url\":\"https:\/\/www.encontramoema.com.br\/sobre\/papa-leao-xiv-nomeia-novo-bispo-coadjutor-de-criciuma\/\",\"name\":\"Papa Le\u00e3o XIV nomeia novo bispo coadjutor de Crici\u00fama - Encontra Moema\",\"isPartOf\":{\"@id\":\"https:\/\/www.encontramoema.com.br\/sobre\/#website\"},\"primaryImageOfPage\":{\"@id\":\"https:\/\/www.encontramoema.com.br\/sobre\/papa-leao-xiv-nomeia-novo-bispo-coadjutor-de-criciuma\/#primaryimage\"},\"image\":{\"@id\":\"https:\/\/www.encontramoema.com.br\/sobre\/papa-leao-xiv-nomeia-novo-bispo-coadjutor-de-criciuma\/#primaryimage\"},\"thumbnailUrl\":\"https:\/\/www.encontramoema.com.br\/sobre\/wp-content\/uploads\/2026\/01\/papa-leao-xiv-nomeia-novo-bispo-coadjutor-de-criciuma.webp\",\"datePublished\":\"2026-01-11T10:34:25+00:00\",\"author\":{\"@id\":\"https:\/\/www.encontramoema.com.br\/sobre\/#\/schema\/person\/3c3656d12b82130d77eba13c4ef23efa\"},\"breadcrumb\":{\"@id\":\"https:\/\/www.encontramoema.com.br\/sobre\/papa-leao-xiv-nomeia-novo-bispo-coadjutor-de-criciuma\/#breadcrumb\"},\"inLanguage\":\"pt-BR\",\"potentialAction\":[{\"@type\":\"ReadAction\",\"target\":[\"https:\/\/www.encontramoema.com.br\/sobre\/papa-leao-xiv-nomeia-novo-bispo-coadjutor-de-criciuma\/\"]}]},{\"@type\":\"ImageObject\",\"inLanguage\":\"pt-BR\",\"@id\":\"https:\/\/www.encontramoema.com.br\/sobre\/papa-leao-xiv-nomeia-novo-bispo-coadjutor-de-criciuma\/#primaryimage\",\"url\":\"https:\/\/www.encontramoema.com.br\/sobre\/wp-content\/uploads\/2026\/01\/papa-leao-xiv-nomeia-novo-bispo-coadjutor-de-criciuma.webp\",\"contentUrl\":\"https:\/\/www.encontramoema.com.br\/sobre\/wp-content\/uploads\/2026\/01\/papa-leao-xiv-nomeia-novo-bispo-coadjutor-de-criciuma.webp\",\"width\":320,\"height\":280},{\"@type\":\"BreadcrumbList\",\"@id\":\"https:\/\/www.encontramoema.com.br\/sobre\/papa-leao-xiv-nomeia-novo-bispo-coadjutor-de-criciuma\/#breadcrumb\",\"itemListElement\":[{\"@type\":\"ListItem\",\"position\":1,\"name\":\"In\u00edcio\",\"item\":\"https:\/\/www.encontramoema.com.br\/sobre\/\"},{\"@type\":\"ListItem\",\"position\":2,\"name\":\"Papa Le\u00e3o XIV nomeia novo bispo coadjutor de Crici\u00fama\"}]},{\"@type\":\"WebSite\",\"@id\":\"https:\/\/www.encontramoema.com.br\/sobre\/#website\",\"url\":\"https:\/\/www.encontramoema.com.br\/sobre\/\",\"name\":\"Encontra Moema\",\"description\":\"Not\u00edcias, eventos, informa\u00e7\u00f5es e dicas no bairro de Moema e regi\u00e3o.\",\"potentialAction\":[{\"@type\":\"SearchAction\",\"target\":{\"@type\":\"EntryPoint\",\"urlTemplate\":\"https:\/\/www.encontramoema.com.br\/sobre\/?s={search_term_string}\"},\"query-input\":{\"@type\":\"PropertyValueSpecification\",\"valueRequired\":true,\"valueName\":\"search_term_string\"}}],\"inLanguage\":\"pt-BR\"},{\"@type\":\"Person\",\"@id\":\"https:\/\/www.encontramoema.com.br\/sobre\/#\/schema\/person\/3c3656d12b82130d77eba13c4ef23efa\",\"name\":\"Encontra Moema\",\"image\":{\"@type\":\"ImageObject\",\"inLanguage\":\"pt-BR\",\"@id\":\"https:\/\/www.encontramoema.com.br\/sobre\/#\/schema\/person\/image\/\",\"url\":\"https:\/\/secure.gravatar.com\/avatar\/0fbed662e37531ae23e68f85f9517b2454e50c1dfebf80eb9b721449ac95e0b9?s=96&d=mm&r=g\",\"contentUrl\":\"https:\/\/secure.gravatar.com\/avatar\/0fbed662e37531ae23e68f85f9517b2454e50c1dfebf80eb9b721449ac95e0b9?s=96&d=mm&r=g\",\"caption\":\"Encontra Moema\"},\"url\":\"https:\/\/www.encontramoema.com.br\/sobre\/author\/emoema\/\"}]}<\/script>\n<!-- \/ Yoast SEO plugin. -->","yoast_head_json":{"title":"Papa Le\u00e3o XIV nomeia novo bispo coadjutor de Crici\u00fama - Encontra Moema","robots":{"index":"index","follow":"follow","max-snippet":"max-snippet:-1","max-image-preview":"max-image-preview:large","max-video-preview":"max-video-preview:-1"},"canonical":"https:\/\/www.encontramoema.com.br\/sobre\/papa-leao-xiv-nomeia-novo-bispo-coadjutor-de-criciuma\/","og_locale":"pt_BR","og_type":"article","og_title":"Papa Le\u00e3o XIV nomeia novo bispo coadjutor de Crici\u00fama - Encontra Moema","og_description":"Papa Le\u00e3o XIV anunciou a nomea\u00e7\u00e3o de um bispo coadjutor para Crici\u00fama.","og_url":"https:\/\/www.encontramoema.com.br\/sobre\/papa-leao-xiv-nomeia-novo-bispo-coadjutor-de-criciuma\/","og_site_name":"Encontra Moema","article_published_time":"2026-01-11T10:34:25+00:00","og_image":[{"url":"https:\/\/www.encontramoema.com.br\/sobre\/wp-content\/uploads\/2026\/01\/papa-leao-xiv-nomeia-novo-bispo-coadjutor-de-criciuma.webp","type":"","width":"","height":""}],"author":"Encontra Moema","twitter_card":"summary_large_image","twitter_misc":{"Escrito por":"Encontra Moema","Est. tempo de leitura":"11 minutos"},"schema":{"@context":"https:\/\/schema.org","@graph":[{"@type":"WebPage","@id":"https:\/\/www.encontramoema.com.br\/sobre\/papa-leao-xiv-nomeia-novo-bispo-coadjutor-de-criciuma\/","url":"https:\/\/www.encontramoema.com.br\/sobre\/papa-leao-xiv-nomeia-novo-bispo-coadjutor-de-criciuma\/","name":"Papa Le\u00e3o XIV nomeia novo bispo coadjutor de Crici\u00fama - Encontra Moema","isPartOf":{"@id":"https:\/\/www.encontramoema.com.br\/sobre\/#website"},"primaryImageOfPage":{"@id":"https:\/\/www.encontramoema.com.br\/sobre\/papa-leao-xiv-nomeia-novo-bispo-coadjutor-de-criciuma\/#primaryimage"},"image":{"@id":"https:\/\/www.encontramoema.com.br\/sobre\/papa-leao-xiv-nomeia-novo-bispo-coadjutor-de-criciuma\/#primaryimage"},"thumbnailUrl":"https:\/\/www.encontramoema.com.br\/sobre\/wp-content\/uploads\/2026\/01\/papa-leao-xiv-nomeia-novo-bispo-coadjutor-de-criciuma.webp","datePublished":"2026-01-11T10:34:25+00:00","author":{"@id":"https:\/\/www.encontramoema.com.br\/sobre\/#\/schema\/person\/3c3656d12b82130d77eba13c4ef23efa"},"breadcrumb":{"@id":"https:\/\/www.encontramoema.com.br\/sobre\/papa-leao-xiv-nomeia-novo-bispo-coadjutor-de-criciuma\/#breadcrumb"},"inLanguage":"pt-BR","potentialAction":[{"@type":"ReadAction","target":["https:\/\/www.encontramoema.com.br\/sobre\/papa-leao-xiv-nomeia-novo-bispo-coadjutor-de-criciuma\/"]}]},{"@type":"ImageObject","inLanguage":"pt-BR","@id":"https:\/\/www.encontramoema.com.br\/sobre\/papa-leao-xiv-nomeia-novo-bispo-coadjutor-de-criciuma\/#primaryimage","url":"https:\/\/www.encontramoema.com.br\/sobre\/wp-content\/uploads\/2026\/01\/papa-leao-xiv-nomeia-novo-bispo-coadjutor-de-criciuma.webp","contentUrl":"https:\/\/www.encontramoema.com.br\/sobre\/wp-content\/uploads\/2026\/01\/papa-leao-xiv-nomeia-novo-bispo-coadjutor-de-criciuma.webp","width":320,"height":280},{"@type":"BreadcrumbList","@id":"https:\/\/www.encontramoema.com.br\/sobre\/papa-leao-xiv-nomeia-novo-bispo-coadjutor-de-criciuma\/#breadcrumb","itemListElement":[{"@type":"ListItem","position":1,"name":"In\u00edcio","item":"https:\/\/www.encontramoema.com.br\/sobre\/"},{"@type":"ListItem","position":2,"name":"Papa Le\u00e3o XIV nomeia novo bispo coadjutor de Crici\u00fama"}]},{"@type":"WebSite","@id":"https:\/\/www.encontramoema.com.br\/sobre\/#website","url":"https:\/\/www.encontramoema.com.br\/sobre\/","name":"Encontra Moema","description":"Not\u00edcias, eventos, informa\u00e7\u00f5es e dicas no bairro de Moema e regi\u00e3o.","potentialAction":[{"@type":"SearchAction","target":{"@type":"EntryPoint","urlTemplate":"https:\/\/www.encontramoema.com.br\/sobre\/?s={search_term_string}"},"query-input":{"@type":"PropertyValueSpecification","valueRequired":true,"valueName":"search_term_string"}}],"inLanguage":"pt-BR"},{"@type":"Person","@id":"https:\/\/www.encontramoema.com.br\/sobre\/#\/schema\/person\/3c3656d12b82130d77eba13c4ef23efa","name":"Encontra Moema","image":{"@type":"ImageObject","inLanguage":"pt-BR","@id":"https:\/\/www.encontramoema.com.br\/sobre\/#\/schema\/person\/image\/","url":"https:\/\/secure.gravatar.com\/avatar\/0fbed662e37531ae23e68f85f9517b2454e50c1dfebf80eb9b721449ac95e0b9?s=96&d=mm&r=g","contentUrl":"https:\/\/secure.gravatar.com\/avatar\/0fbed662e37531ae23e68f85f9517b2454e50c1dfebf80eb9b721449ac95e0b9?s=96&d=mm&r=g","caption":"Encontra Moema"},"url":"https:\/\/www.encontramoema.com.br\/sobre\/author\/emoema\/"}]}},"_links":{"self":[{"href":"https:\/\/www.encontramoema.com.br\/sobre\/wp-json\/wp\/v2\/posts\/20900","targetHints":{"allow":["GET"]}}],"collection":[{"href":"https:\/\/www.encontramoema.com.br\/sobre\/wp-json\/wp\/v2\/posts"}],"about":[{"href":"https:\/\/www.encontramoema.com.br\/sobre\/wp-json\/wp\/v2\/types\/post"}],"author":[{"embeddable":true,"href":"https:\/\/www.encontramoema.com.br\/sobre\/wp-json\/wp\/v2\/users\/1"}],"replies":[{"embeddable":true,"href":"https:\/\/www.encontramoema.com.br\/sobre\/wp-json\/wp\/v2\/comments?post=20900"}],"version-history":[{"count":0,"href":"https:\/\/www.encontramoema.com.br\/sobre\/wp-json\/wp\/v2\/posts\/20900\/revisions"}],"wp:featuredmedia":[{"embeddable":true,"href":"https:\/\/www.encontramoema.com.br\/sobre\/wp-json\/wp\/v2\/media\/20899"}],"wp:attachment":[{"href":"https:\/\/www.encontramoema.com.br\/sobre\/wp-json\/wp\/v2\/media?parent=20900"}],"wp:term":[{"taxonomy":"category","embeddable":true,"href":"https:\/\/www.encontramoema.com.br\/sobre\/wp-json\/wp\/v2\/categories?post=20900"},{"taxonomy":"post_tag","embeddable":true,"href":"https:\/\/www.encontramoema.com.br\/sobre\/wp-json\/wp\/v2\/tags?post=20900"}],"curies":[{"name":"wp","href":"https:\/\/api.w.org\/{rel}","templated":true}]}}