{"id":20908,"date":"2026-01-12T22:55:13","date_gmt":"2026-01-13T01:55:13","guid":{"rendered":"https:\/\/www.encontramoema.com.br\/sobre\/motociclista-fica-ferido-apos-bater-contra-onibus-na-zona-sul-de-sao-paulo\/"},"modified":"2026-01-12T22:55:13","modified_gmt":"2026-01-13T01:55:13","slug":"motociclista-fica-ferido-apos-bater-contra-onibus-na-zona-sul-de-sao-paulo","status":"publish","type":"post","link":"https:\/\/www.encontramoema.com.br\/sobre\/motociclista-fica-ferido-apos-bater-contra-onibus-na-zona-sul-de-sao-paulo\/","title":{"rendered":"Motociclista fica ferido ap\u00f3s bater contra \u00f4nibus na zona sul de S\u00e3o Paulo"},"content":{"rendered":"<div class=\"b7f545a958fd6350ffae2d30a84cafb8\" data-index=\"1\" style=\"float: none; margin:0px;\">\n<!-- Anuncio display - global -->\r\n<ins class=\"adsbygoogle\"\r\n     style=\"display:block\"\r\n     data-ad-client=\"ca-pub-8585364105181520\"\r\n     data-ad-slot=\"8789329856\"\r\n     data-ad-format=\"auto\"\r\n     data-full-width-responsive=\"true\"><\/ins>\r\n<script>\r\n     (adsbygoogle = window.adsbygoogle || []).push({});\r\n<\/script>\n<\/div>\n<h2>Causa do Acidente Atrai Aten\u00e7\u00e3o<\/h2>\n<p>\\n<\/p>\n<p>Um acidente envolvendo um motociclista e um \u00f4nibus pode ocorrer por diversas raz\u00f5es, e cada uma delas merece aten\u00e7\u00e3o especial para entender como prevenir que trag\u00e9dias semelhantes se repitam no futuro. A principal causa \u00e9 a falta de visibilidade e aten\u00e7\u00e3o nas vias. Muitas vezes, motociclistas s\u00e3o menos vis\u00edveis para motoristas de ve\u00edculos maiores, como \u00f4nibus, especialmente em interse\u00e7\u00f5es e cruzamentos. Por exemplo, em situa\u00e7\u00f5es de baixa visibilidade, como em dias de chuva ou durante a noite, o risco de acidentes aumenta significativamente.<\/p>\n<p>\\n<\/p>\n<p>Al\u00e9m disso, a imprud\u00eancia no tr\u00e2nsito \u00e9 um fator alarmante. Apressar-se e desrespeitar sinais de tr\u00e2nsito pode levar a colis\u00f5es devastadoras. Estat\u00edsticas indicam que a velocidade alta aumenta a gravidade dos acidentes. Outro aspecto relevante s\u00e3o os pontos cegos dos \u00f4nibus. Esses ve\u00edculos t\u00eam \u00e1reas d\u00fabias onde motociclistas podem n\u00e3o ser vistos, resultando em colis\u00f5es. Assim, \u00e9 fundamental que tanto motociclistas quanto motoristas de \u00f4nibus fiquem atentos e respeitem as normas de seguran\u00e7a. A implementa\u00e7\u00e3o de campanhas educativas pode ajudar a conscientizar ambos os grupos sobre a import\u00e2ncia de garantir a seguran\u00e7a nas estradas.<\/p>\n<p>\\n<\/p>\n<h2>Impacto Devastador na Motocicleta<\/h2>\n<p>\\n<\/p>\n<p>Quando um motociclista se envolve em um acidente com \u00f4nibus, o impacto \u00e9 muitas vezes destrutivo. Motocicletas n\u00e3o oferecem a mesma prote\u00e7\u00e3o que carros ou \u00f4nibus, e esse fator faz com que os danos sejam mais severos. Em muitos casos, a motocicleta pode ficar totalmente destru\u00edda, como frequentemente \u00e9 relatado em acidentes graves. Essa destrui\u00e7\u00e3o n\u00e3o apenas representa danos materiais significativos, mas tamb\u00e9m compromete a seguran\u00e7a do piloto.<\/p>\n<p><img decoding=\"async\" src=\"https:\/\/www.encontramoema.com.br\/sobre\/wp-content\/uploads\/2026\/01\/motociclista-fica-ferido-apos-bater-contra-onibus-na-zona-sul-de-sao-paulo.webp\" alt=\"motociclista\" loading=\"lazy\" \/><\/p>\n<p>\\n<\/p>\n<p>O reorganiza\u00e7\u00e3o da motocicleta ap\u00f3s um acidente pode ser um processo complicado e caro. A perda da moto pode significar um impacto econ\u00f4mico profundo para o motociclista, que pode depender do ve\u00edculo para o trabalho ou outras atividades di\u00e1rias. Al\u00e9m disso, a dor e o sofrimento emocional ap\u00f3s um acidente podem ser infelizes, perpassando pela experi\u00eancia de lidar com as consequ\u00eancias f\u00edsicas e financeiras.<\/p>\n<p>\\n<\/p>\n<h2>Atendimento de Emerg\u00eancia R\u00e1pido<\/h2>\n<p>\\n<\/p>\n<p>A rapidez do atendimento em emerg\u00eancias \u00e9 crucial em acidentes de tr\u00e2nsito, especialmente nos que envolvem motociclistas. O Servi\u00e7o de Atendimento M\u00f3vel de Urg\u00eancia (Samu) e a pol\u00edcia t\u00eam um papel vital na assist\u00eancia imediata \u00e0s v\u00edtimas. Quando a equipe de emerg\u00eancia chega o mais r\u00e1pido poss\u00edvel ao local do acidente, isso pode fazer uma enorme diferen\u00e7a na recupera\u00e7\u00e3o do paciente. Os primeiros socorros podem auxiliar na estabiliza\u00e7\u00e3o de les\u00f5es graves, que, se n\u00e3o tratadas rapidamente, podem resultar em risco de vida.<\/p>\n<p>\\n<\/p>\n<p>Ap\u00f3s o acidente, os profissionais de sa\u00fade t\u00eam a responsabilidade de avaliar a situa\u00e7\u00e3o e garantir que a v\u00edtima receba o tratamento adequado. Isso inclui, por exemplo, o transporte para um hospital onde possa receber cuidados mais detalhados. A import\u00e2ncia do tempo leva \u00e0 discuss\u00e3o sobre a necessidade de mais recursos para servi\u00e7os de emerg\u00eancia e a import\u00e2ncia de investimentos na capacita\u00e7\u00e3o dos profissionais de sa\u00fade.<\/p>\n<p>\\n<\/p>\n<h2>Efeitos dos Acidentes na Comunidade<\/h2>\n<p>\\n<\/p>\n<p>Os acidentes de motocicleta n\u00e3o afetam apenas as v\u00edtimas, mas toda a comunidade. Quando um acidente ocorre, h\u00e1 uma repercuss\u00e3o que vai al\u00e9m do impacto imediato. As fam\u00edlias das v\u00edtimas muitas vezes enfrentam dor emocional e consequ\u00eancias financeiras que podem durar anos. Al\u00e9m disso, a presen\u00e7a de acidentes nas vias pode gerar um clima de inseguran\u00e7a na comunidade, visando motoristas e pedestres.<\/p>\n<p>\\n<\/p>\n<p>Al\u00e9m disso, os acidentes geram sobrecarga para os servi\u00e7os de sa\u00fade e as opera\u00e7\u00f5es policiais. Cada acidente consome recursos valiosos que poderiam ser utilizados para outros objetivos. As autoridades locais e a comunidade devem trabalhar juntas para entender essas consequ\u00eancias e buscar solu\u00e7\u00f5es eficazes para a preven\u00e7\u00e3o de acidentes de tr\u00e2nsito.<\/p>\n<p>\\n<\/p>\n<h2>Seguran\u00e7a no Tr\u00e2nsito em Debate<\/h2>\n<p>\\n<\/p>\n<p>A seguran\u00e7a no tr\u00e2nsito \u00e9 um tema que deve ser constantemente debatido e priorizado em todas as \u00e1reas da sociedade. O envolvimento de motociclistas em acidentes leva a discuss\u00f5es sobre as melhores pr\u00e1ticas para garantir a seguran\u00e7a de todos os usu\u00e1rios das vias. Uma abordagem abrangente, que inclua campanhas educativas, treinamento de motoristas e melhorias na infraestrutura vi\u00e1ria, \u00e9 essencial para reduzir o n\u00famero de acidentes.<\/p>\n<p>\\n<\/p>\n<p>Debates sobre seguran\u00e7a no tr\u00e2nsito tamb\u00e9m envolvem a responsabilidade das autoridades locais em criar e manter vias seguras. Isso inclui a instala\u00e7\u00e3o de sinaliza\u00e7\u00f5es eficazes, faixas de pedestres e melhorias na ilumina\u00e7\u00e3o das vias, que s\u00e3o fundamentais para a preven\u00e7\u00e3o de acidentes.<\/p>\n<p>\\n<\/p>\n<h2>Estat\u00edsticas de Acidentes de Moto<\/h2>\n<p>\\n<\/p>\n<p>Estat\u00edsticas sobre acidentes de motocicleta s\u00e3o alarmantes e frequentemente revelam um quadro preocupante sobre a seguran\u00e7a no tr\u00e2nsito. De acordo com dados de \u00f3rg\u00e3os oficiais de tr\u00e2nsito, as colis\u00f5es com motociclistas s\u00e3o respons\u00e1veis por um percentual significativo de mortes em acidentes de tr\u00e2nsito. Cidades grandes tendem a registrar n\u00edveis ainda mais altos de ocorr\u00eancias, devido \u00e0 maior densidade de ve\u00edculos e pessoas nas vias.<\/p>\n<p>\\n<\/p>\n<p>Al\u00e9m disso, as taxas de mortalidade entre motociclistas s\u00e3o muito mais altas do que entre motoristas de carros, refletindo a vulnerabilidade desse grupo. Isso enfatiza a necessidade urgente de conscientiza\u00e7\u00e3o e a responsabilidade de todos os motoristas ao compartilhar a estrada.<\/p>\n<p>\\n<\/p>\n<h2>Import\u00e2ncia do Uso de Equipamentos de Seguran\u00e7a<\/h2>\n<p>\\n<\/p>\n<p>O uso de equipamentos de seguran\u00e7a, como capacetes, jaquetas, cal\u00e7as e botas, \u00e9 fundamental para a prote\u00e7\u00e3o dos motociclistas. Estudos mostram que, quando utilizados adequadamente, os equipamentos de seguran\u00e7a reduzem consideravelmente a gravidade das les\u00f5es em caso de acidentes.<\/p>\n<p>\\n<\/p>\n<p>A conscientiza\u00e7\u00e3o sobre a import\u00e2ncia do uso de equipamentos de prote\u00e7\u00e3o individual deve ser uma prioridade nas campanhas de seguran\u00e7a no tr\u00e2nsito. A venda e acesso f\u00e1cil a esses equipamentos s\u00e3o cruciais para garantir que os motociclistas estejam equipados para se proteger enquanto navegam nas ruas e estradas.<\/p>\n<p>\\n<\/p>\n<h2>A\u00e7\u00f5es de Preven\u00e7\u00e3o de Acidentes<\/h2>\n<p>\\n<\/p>\n<p>Prevenir acidentes de motocicleta \u00e9 uma tarefa que requer um esfor\u00e7o conjunto de motoristas, motociclistas e autoridades. Algumas a\u00e7\u00f5es de preven\u00e7\u00e3o incluem:<\/p>\n<p>\\n<\/p>\n<ul>\\n<\/p>\n<li><strong>Educa\u00e7\u00e3o e Conscientiza\u00e7\u00e3o:<\/strong> Campanhas informativas sobre seguran\u00e7a no tr\u00e2nsito podem reduzir o n\u00famero de acidentes. Informar motoristas e motociclistas sobre as regras de tr\u00e2nsito e os riscos envolvidos pode ser uma maneira eficaz de promover comportamentos mais seguros.<\/li>\n<p>\\n<\/p>\n<li><strong>Treinamento para Motociclistas:<\/strong> Cursos de forma\u00e7\u00e3o e reciclagem podem ajudar motociclistas a melhorar suas habilidades de condu\u00e7\u00e3o, tornando-os mais proficientes e seguros nas estradas.<\/li>\n<p>\\n<\/p>\n<li><strong>Fiscaliza\u00e7\u00e3o Rigorosa:<\/strong> A aplica\u00e7\u00e3o de leis e regulamentos de tr\u00e2nsito, como limites de velocidade, uso obrigat\u00f3rio de capacete e puni\u00e7\u00f5es para infra\u00e7\u00f5es, ajuda a garantir que todos respeitem as normas, promovendo um ambiente mais seguro para todos.<\/li>\n<p>\\n<\/p>\n<li><strong>Infraestrutura Segura:<\/strong> Investir em melhorias na infraestrutura vi\u00e1ria, como a cria\u00e7\u00e3o de pistas espec\u00edficas para motocicletas, \u00e9 uma maneira de proporcionar um ambiente mais seguro para os usu\u00e1rios de duas rodas.<\/li>\n<p>\\n<\/ul>\n<p>\\n<\/p>\n<h2>Depoimentos de Testemunhas<\/h2>\n<p>\\n<\/p>\n<p>Depoimentos de testemunhas podem oferecer uma vis\u00e3o valiosa sobre as circunst\u00e2ncias que cercam um acidente de motocicleta. Muitas vezes, essas observa\u00e7\u00f5es podem ajudar as autoridades a entender melhor como o acidente ocorreu, o que pode ser essencial para determinar responsabilidades e promover mudan\u00e7as na seguran\u00e7a vi\u00e1ria.<\/p>\n<p>\\n<\/p>\n<p>As testemunhas tamb\u00e9m podem contribuir com relatos que ajudam na conscientiza\u00e7\u00e3o sobre a import\u00e2ncia de respeitar as regras de tr\u00e2nsito. A altera\u00e7\u00e3o de comportamentos pode ser inspirada por relatos pessoais que evidenciam as consequ\u00eancias tr\u00e1gicas de um acidente, motivando motoristas e motociclistas a serem mais cautelosos nas estradas.<\/p>\n<p>\\n<\/p>\n<h2>Mudan\u00e7as Necess\u00e1rias nas Vias P\u00fablicas<\/h2>\n<p>\\n<\/p>\n<p>A an\u00e1lise de acidentes de motocicleta frequentemente revela que melhorias na infraestrutura vi\u00e1ria s\u00e3o essenciais para garantir a seguran\u00e7a. Mudan\u00e7as nas vias p\u00fablicas podem incluir a adi\u00e7\u00e3o de sinaliza\u00e7\u00f5es adequadas, melhorias nas faixas de pedestres, ilumina\u00e7\u00e3o eficiente e a implementa\u00e7\u00e3o de barreiras f\u00edsicas em \u00e1reas de risco. <\/p>\n<p>\\n<\/p>\n<p>Al\u00e9m disso, a implementa\u00e7\u00e3o de sistemas eficazes de monitoramento e fiscaliza\u00e7\u00e3o, como c\u00e2meras de seguran\u00e7a, pode ser uma ferramenta importante para promover o respeito \u00e0s normas de tr\u00e2nsito. As mudan\u00e7as no ambiente vi\u00e1rio s\u00e3o um passo crucial na luta por uma redu\u00e7\u00e3o nos acidentes de tr\u00e2nsito e na constru\u00e7\u00e3o de um clima de seguran\u00e7a para todos os usu\u00e1rios da via.<\/p>\n<p>\\n<\/p>\n\n<div style=\"font-size: 0px; height: 0px; line-height: 0px; margin: 0; padding: 0; clear: both;\"><\/div>","protected":false},"excerpt":{"rendered":"<p>Motociclista ficou ferido ap\u00f3s colis\u00e3o com \u00f4nibus em S\u00e3o Paulo.<\/p>\n","protected":false},"author":1,"featured_media":20907,"comment_status":"closed","ping_status":"closed","sticky":false,"template":"","format":"standard","meta":{"footnotes":""},"categories":[1],"tags":[],"class_list":["post-20908","post","type-post","status-publish","format-standard","has-post-thumbnail","hentry","category-noticias-em-moema","has_thumb"],"yoast_head":"<!-- This site is optimized with the Yoast SEO plugin v26.3 - https:\/\/yoast.com\/wordpress\/plugins\/seo\/ -->\n<title>Motociclista fica ferido ap\u00f3s bater contra \u00f4nibus na zona sul de S\u00e3o Paulo - Encontra Moema<\/title>\n<meta name=\"robots\" content=\"index, follow, max-snippet:-1, max-image-preview:large, max-video-preview:-1\" \/>\n<link rel=\"canonical\" href=\"https:\/\/www.encontramoema.com.br\/sobre\/motociclista-fica-ferido-apos-bater-contra-onibus-na-zona-sul-de-sao-paulo\/\" \/>\n<meta property=\"og:locale\" content=\"pt_BR\" \/>\n<meta property=\"og:type\" content=\"article\" \/>\n<meta property=\"og:title\" content=\"Motociclista fica ferido ap\u00f3s bater contra \u00f4nibus na zona sul de S\u00e3o Paulo - Encontra Moema\" \/>\n<meta property=\"og:description\" content=\"Motociclista ficou ferido ap\u00f3s colis\u00e3o com \u00f4nibus em S\u00e3o Paulo.\" \/>\n<meta property=\"og:url\" content=\"https:\/\/www.encontramoema.com.br\/sobre\/motociclista-fica-ferido-apos-bater-contra-onibus-na-zona-sul-de-sao-paulo\/\" \/>\n<meta property=\"og:site_name\" content=\"Encontra Moema\" \/>\n<meta property=\"article:published_time\" content=\"2026-01-13T01:55:13+00:00\" \/>\n<meta property=\"og:image\" content=\"https:\/\/www.encontramoema.com.br\/sobre\/wp-content\/uploads\/2026\/01\/motociclista-fica-ferido-apos-bater-contra-onibus-na-zona-sul-de-sao-paulo.webp\" \/>\n<meta name=\"author\" content=\"Encontra Moema\" \/>\n<meta name=\"twitter:card\" content=\"summary_large_image\" \/>\n<meta name=\"twitter:label1\" content=\"Escrito por\" \/>\n\t<meta name=\"twitter:data1\" content=\"Encontra Moema\" \/>\n\t<meta name=\"twitter:label2\" content=\"Est. tempo de leitura\" \/>\n\t<meta name=\"twitter:data2\" content=\"7 minutos\" \/>\n<script type=\"application\/ld+json\" class=\"yoast-schema-graph\">{\"@context\":\"https:\/\/schema.org\",\"@graph\":[{\"@type\":\"WebPage\",\"@id\":\"https:\/\/www.encontramoema.com.br\/sobre\/motociclista-fica-ferido-apos-bater-contra-onibus-na-zona-sul-de-sao-paulo\/\",\"url\":\"https:\/\/www.encontramoema.com.br\/sobre\/motociclista-fica-ferido-apos-bater-contra-onibus-na-zona-sul-de-sao-paulo\/\",\"name\":\"Motociclista fica ferido ap\u00f3s bater contra \u00f4nibus na zona sul de S\u00e3o Paulo - Encontra Moema\",\"isPartOf\":{\"@id\":\"https:\/\/www.encontramoema.com.br\/sobre\/#website\"},\"primaryImageOfPage\":{\"@id\":\"https:\/\/www.encontramoema.com.br\/sobre\/motociclista-fica-ferido-apos-bater-contra-onibus-na-zona-sul-de-sao-paulo\/#primaryimage\"},\"image\":{\"@id\":\"https:\/\/www.encontramoema.com.br\/sobre\/motociclista-fica-ferido-apos-bater-contra-onibus-na-zona-sul-de-sao-paulo\/#primaryimage\"},\"thumbnailUrl\":\"https:\/\/www.encontramoema.com.br\/sobre\/wp-content\/uploads\/2026\/01\/motociclista-fica-ferido-apos-bater-contra-onibus-na-zona-sul-de-sao-paulo.webp\",\"datePublished\":\"2026-01-13T01:55:13+00:00\",\"author\":{\"@id\":\"https:\/\/www.encontramoema.com.br\/sobre\/#\/schema\/person\/3c3656d12b82130d77eba13c4ef23efa\"},\"breadcrumb\":{\"@id\":\"https:\/\/www.encontramoema.com.br\/sobre\/motociclista-fica-ferido-apos-bater-contra-onibus-na-zona-sul-de-sao-paulo\/#breadcrumb\"},\"inLanguage\":\"pt-BR\",\"potentialAction\":[{\"@type\":\"ReadAction\",\"target\":[\"https:\/\/www.encontramoema.com.br\/sobre\/motociclista-fica-ferido-apos-bater-contra-onibus-na-zona-sul-de-sao-paulo\/\"]}]},{\"@type\":\"ImageObject\",\"inLanguage\":\"pt-BR\",\"@id\":\"https:\/\/www.encontramoema.com.br\/sobre\/motociclista-fica-ferido-apos-bater-contra-onibus-na-zona-sul-de-sao-paulo\/#primaryimage\",\"url\":\"https:\/\/www.encontramoema.com.br\/sobre\/wp-content\/uploads\/2026\/01\/motociclista-fica-ferido-apos-bater-contra-onibus-na-zona-sul-de-sao-paulo.webp\",\"contentUrl\":\"https:\/\/www.encontramoema.com.br\/sobre\/wp-content\/uploads\/2026\/01\/motociclista-fica-ferido-apos-bater-contra-onibus-na-zona-sul-de-sao-paulo.webp\",\"width\":320,\"height\":280,\"caption\":\"motociclista\"},{\"@type\":\"BreadcrumbList\",\"@id\":\"https:\/\/www.encontramoema.com.br\/sobre\/motociclista-fica-ferido-apos-bater-contra-onibus-na-zona-sul-de-sao-paulo\/#breadcrumb\",\"itemListElement\":[{\"@type\":\"ListItem\",\"position\":1,\"name\":\"In\u00edcio\",\"item\":\"https:\/\/www.encontramoema.com.br\/sobre\/\"},{\"@type\":\"ListItem\",\"position\":2,\"name\":\"Motociclista fica ferido ap\u00f3s bater contra \u00f4nibus na zona sul de S\u00e3o Paulo\"}]},{\"@type\":\"WebSite\",\"@id\":\"https:\/\/www.encontramoema.com.br\/sobre\/#website\",\"url\":\"https:\/\/www.encontramoema.com.br\/sobre\/\",\"name\":\"Encontra Moema\",\"description\":\"Not\u00edcias, eventos, informa\u00e7\u00f5es e dicas no bairro de Moema e regi\u00e3o.\",\"potentialAction\":[{\"@type\":\"SearchAction\",\"target\":{\"@type\":\"EntryPoint\",\"urlTemplate\":\"https:\/\/www.encontramoema.com.br\/sobre\/?s={search_term_string}\"},\"query-input\":{\"@type\":\"PropertyValueSpecification\",\"valueRequired\":true,\"valueName\":\"search_term_string\"}}],\"inLanguage\":\"pt-BR\"},{\"@type\":\"Person\",\"@id\":\"https:\/\/www.encontramoema.com.br\/sobre\/#\/schema\/person\/3c3656d12b82130d77eba13c4ef23efa\",\"name\":\"Encontra Moema\",\"image\":{\"@type\":\"ImageObject\",\"inLanguage\":\"pt-BR\",\"@id\":\"https:\/\/www.encontramoema.com.br\/sobre\/#\/schema\/person\/image\/\",\"url\":\"https:\/\/secure.gravatar.com\/avatar\/0fbed662e37531ae23e68f85f9517b2454e50c1dfebf80eb9b721449ac95e0b9?s=96&d=mm&r=g\",\"contentUrl\":\"https:\/\/secure.gravatar.com\/avatar\/0fbed662e37531ae23e68f85f9517b2454e50c1dfebf80eb9b721449ac95e0b9?s=96&d=mm&r=g\",\"caption\":\"Encontra Moema\"},\"url\":\"https:\/\/www.encontramoema.com.br\/sobre\/author\/emoema\/\"}]}<\/script>\n<!-- \/ Yoast SEO plugin. -->","yoast_head_json":{"title":"Motociclista fica ferido ap\u00f3s bater contra \u00f4nibus na zona sul de S\u00e3o Paulo - Encontra Moema","robots":{"index":"index","follow":"follow","max-snippet":"max-snippet:-1","max-image-preview":"max-image-preview:large","max-video-preview":"max-video-preview:-1"},"canonical":"https:\/\/www.encontramoema.com.br\/sobre\/motociclista-fica-ferido-apos-bater-contra-onibus-na-zona-sul-de-sao-paulo\/","og_locale":"pt_BR","og_type":"article","og_title":"Motociclista fica ferido ap\u00f3s bater contra \u00f4nibus na zona sul de S\u00e3o Paulo - Encontra Moema","og_description":"Motociclista ficou ferido ap\u00f3s colis\u00e3o com \u00f4nibus em S\u00e3o Paulo.","og_url":"https:\/\/www.encontramoema.com.br\/sobre\/motociclista-fica-ferido-apos-bater-contra-onibus-na-zona-sul-de-sao-paulo\/","og_site_name":"Encontra Moema","article_published_time":"2026-01-13T01:55:13+00:00","og_image":[{"url":"https:\/\/www.encontramoema.com.br\/sobre\/wp-content\/uploads\/2026\/01\/motociclista-fica-ferido-apos-bater-contra-onibus-na-zona-sul-de-sao-paulo.webp","type":"","width":"","height":""}],"author":"Encontra Moema","twitter_card":"summary_large_image","twitter_misc":{"Escrito por":"Encontra Moema","Est. tempo de leitura":"7 minutos"},"schema":{"@context":"https:\/\/schema.org","@graph":[{"@type":"WebPage","@id":"https:\/\/www.encontramoema.com.br\/sobre\/motociclista-fica-ferido-apos-bater-contra-onibus-na-zona-sul-de-sao-paulo\/","url":"https:\/\/www.encontramoema.com.br\/sobre\/motociclista-fica-ferido-apos-bater-contra-onibus-na-zona-sul-de-sao-paulo\/","name":"Motociclista fica ferido ap\u00f3s bater contra \u00f4nibus na zona sul de S\u00e3o Paulo - Encontra Moema","isPartOf":{"@id":"https:\/\/www.encontramoema.com.br\/sobre\/#website"},"primaryImageOfPage":{"@id":"https:\/\/www.encontramoema.com.br\/sobre\/motociclista-fica-ferido-apos-bater-contra-onibus-na-zona-sul-de-sao-paulo\/#primaryimage"},"image":{"@id":"https:\/\/www.encontramoema.com.br\/sobre\/motociclista-fica-ferido-apos-bater-contra-onibus-na-zona-sul-de-sao-paulo\/#primaryimage"},"thumbnailUrl":"https:\/\/www.encontramoema.com.br\/sobre\/wp-content\/uploads\/2026\/01\/motociclista-fica-ferido-apos-bater-contra-onibus-na-zona-sul-de-sao-paulo.webp","datePublished":"2026-01-13T01:55:13+00:00","author":{"@id":"https:\/\/www.encontramoema.com.br\/sobre\/#\/schema\/person\/3c3656d12b82130d77eba13c4ef23efa"},"breadcrumb":{"@id":"https:\/\/www.encontramoema.com.br\/sobre\/motociclista-fica-ferido-apos-bater-contra-onibus-na-zona-sul-de-sao-paulo\/#breadcrumb"},"inLanguage":"pt-BR","potentialAction":[{"@type":"ReadAction","target":["https:\/\/www.encontramoema.com.br\/sobre\/motociclista-fica-ferido-apos-bater-contra-onibus-na-zona-sul-de-sao-paulo\/"]}]},{"@type":"ImageObject","inLanguage":"pt-BR","@id":"https:\/\/www.encontramoema.com.br\/sobre\/motociclista-fica-ferido-apos-bater-contra-onibus-na-zona-sul-de-sao-paulo\/#primaryimage","url":"https:\/\/www.encontramoema.com.br\/sobre\/wp-content\/uploads\/2026\/01\/motociclista-fica-ferido-apos-bater-contra-onibus-na-zona-sul-de-sao-paulo.webp","contentUrl":"https:\/\/www.encontramoema.com.br\/sobre\/wp-content\/uploads\/2026\/01\/motociclista-fica-ferido-apos-bater-contra-onibus-na-zona-sul-de-sao-paulo.webp","width":320,"height":280,"caption":"motociclista"},{"@type":"BreadcrumbList","@id":"https:\/\/www.encontramoema.com.br\/sobre\/motociclista-fica-ferido-apos-bater-contra-onibus-na-zona-sul-de-sao-paulo\/#breadcrumb","itemListElement":[{"@type":"ListItem","position":1,"name":"In\u00edcio","item":"https:\/\/www.encontramoema.com.br\/sobre\/"},{"@type":"ListItem","position":2,"name":"Motociclista fica ferido ap\u00f3s bater contra \u00f4nibus na zona sul de S\u00e3o Paulo"}]},{"@type":"WebSite","@id":"https:\/\/www.encontramoema.com.br\/sobre\/#website","url":"https:\/\/www.encontramoema.com.br\/sobre\/","name":"Encontra Moema","description":"Not\u00edcias, eventos, informa\u00e7\u00f5es e dicas no bairro de Moema e regi\u00e3o.","potentialAction":[{"@type":"SearchAction","target":{"@type":"EntryPoint","urlTemplate":"https:\/\/www.encontramoema.com.br\/sobre\/?s={search_term_string}"},"query-input":{"@type":"PropertyValueSpecification","valueRequired":true,"valueName":"search_term_string"}}],"inLanguage":"pt-BR"},{"@type":"Person","@id":"https:\/\/www.encontramoema.com.br\/sobre\/#\/schema\/person\/3c3656d12b82130d77eba13c4ef23efa","name":"Encontra Moema","image":{"@type":"ImageObject","inLanguage":"pt-BR","@id":"https:\/\/www.encontramoema.com.br\/sobre\/#\/schema\/person\/image\/","url":"https:\/\/secure.gravatar.com\/avatar\/0fbed662e37531ae23e68f85f9517b2454e50c1dfebf80eb9b721449ac95e0b9?s=96&d=mm&r=g","contentUrl":"https:\/\/secure.gravatar.com\/avatar\/0fbed662e37531ae23e68f85f9517b2454e50c1dfebf80eb9b721449ac95e0b9?s=96&d=mm&r=g","caption":"Encontra Moema"},"url":"https:\/\/www.encontramoema.com.br\/sobre\/author\/emoema\/"}]}},"_links":{"self":[{"href":"https:\/\/www.encontramoema.com.br\/sobre\/wp-json\/wp\/v2\/posts\/20908","targetHints":{"allow":["GET"]}}],"collection":[{"href":"https:\/\/www.encontramoema.com.br\/sobre\/wp-json\/wp\/v2\/posts"}],"about":[{"href":"https:\/\/www.encontramoema.com.br\/sobre\/wp-json\/wp\/v2\/types\/post"}],"author":[{"embeddable":true,"href":"https:\/\/www.encontramoema.com.br\/sobre\/wp-json\/wp\/v2\/users\/1"}],"replies":[{"embeddable":true,"href":"https:\/\/www.encontramoema.com.br\/sobre\/wp-json\/wp\/v2\/comments?post=20908"}],"version-history":[{"count":0,"href":"https:\/\/www.encontramoema.com.br\/sobre\/wp-json\/wp\/v2\/posts\/20908\/revisions"}],"wp:featuredmedia":[{"embeddable":true,"href":"https:\/\/www.encontramoema.com.br\/sobre\/wp-json\/wp\/v2\/media\/20907"}],"wp:attachment":[{"href":"https:\/\/www.encontramoema.com.br\/sobre\/wp-json\/wp\/v2\/media?parent=20908"}],"wp:term":[{"taxonomy":"category","embeddable":true,"href":"https:\/\/www.encontramoema.com.br\/sobre\/wp-json\/wp\/v2\/categories?post=20908"},{"taxonomy":"post_tag","embeddable":true,"href":"https:\/\/www.encontramoema.com.br\/sobre\/wp-json\/wp\/v2\/tags?post=20908"}],"curies":[{"name":"wp","href":"https:\/\/api.w.org\/{rel}","templated":true}]}}