{"id":20918,"date":"2026-01-14T12:16:41","date_gmt":"2026-01-14T15:16:41","guid":{"rendered":"https:\/\/www.encontramoema.com.br\/sobre\/monsenhor-milton-zonta-e-nomeado-bispo-coadjutor-da-diocese-de-criciuma\/"},"modified":"2026-01-14T12:16:41","modified_gmt":"2026-01-14T15:16:41","slug":"monsenhor-milton-zonta-e-nomeado-bispo-coadjutor-da-diocese-de-criciuma","status":"publish","type":"post","link":"https:\/\/www.encontramoema.com.br\/sobre\/monsenhor-milton-zonta-e-nomeado-bispo-coadjutor-da-diocese-de-criciuma\/","title":{"rendered":"Monsenhor Milton Zonta \u00e9 nomeado bispo coadjutor da Diocese de Crici\u00fama"},"content":{"rendered":"<div class=\"b7f545a958fd6350ffae2d30a84cafb8\" data-index=\"1\" style=\"float: none; margin:0px;\">\n<!-- Anuncio display - global -->\r\n<ins class=\"adsbygoogle\"\r\n     style=\"display:block\"\r\n     data-ad-client=\"ca-pub-8585364105181520\"\r\n     data-ad-slot=\"8789329856\"\r\n     data-ad-format=\"auto\"\r\n     data-full-width-responsive=\"true\"><\/ins>\r\n<script>\r\n     (adsbygoogle = window.adsbygoogle || []).push({});\r\n<\/script>\n<\/div>\n<h2>O que \u00e9 um bispo coadjutor?<\/h2>\n<p>O bispo coadjutor desempenha um papel fundamental dentro da estrutura da Igreja Cat\u00f3lica, atuando como um assistente e sucessor do bispo titular da diocese. A figura do bispo coadjutor \u00e9 especialmente significativa em dioceses que podem enfrentar a necessidade de uma lideran\u00e7a adicional devido ao tamanho ou \u00e0s demandas pastorais da regi\u00e3o. Este bispo, por sua vez, \u00e9 designado diretamente pelo Papa e se torna parte da hierarquia eclesi\u00e1stica, com a responsabilidade de garantir a continuidade da lideran\u00e7a espiritual.<\/p>\n<p>Uma das principais diferen\u00e7as entre um bispo titular e um bispo coadjutor \u00e9 a presen\u00e7a de um direito especial. O bispo coadjutor, quando nomeado, possui o direito de succeeder automaticamente ao bispo titular quando este se retirar, falecer ou for transferido. Assim, esta posi\u00e7\u00e3o \u00e9 muitas vezes vista como uma prepara\u00e7\u00e3o para assumir a lideran\u00e7a diocesana, possibilitando ao coadjutor desempenhar fun\u00e7\u00f5es j\u00e1 como bispo e fornecer um suporte vital ao bispo titular durante seu minist\u00e9rio.<\/p>\n<p>Al\u00e9m disso, o bispo coadjutor tem a miss\u00e3o de partilhar as responsabilidades de governo e pastoral da diocese, envolvendo-se em trabalho lit\u00fargico, administra\u00e7\u00e3o e atendimento \u00e0s demandas da comunidade. Essa figura \u00e9 particularmente importante em momentos cr\u00edticos ou durante transi\u00e7\u00f5es de lideran\u00e7a na igreja, ajudando a manter a continuidade no minist\u00e9rio e na administra\u00e7\u00e3o da diocese.<\/p>\n<p><img decoding=\"async\" src=\"https:\/\/www.encontramoema.com.br\/sobre\/wp-content\/uploads\/2026\/01\/monsenhor-milton-zonta-e-nomeado-bispo-coadjutor-da-diocese-de-criciuma.webp\" alt=\"Monsenhor Milton Zonta\" loading=\"lazy\" \/><\/p>\n<h2>Quem \u00e9 Monsenhor Milton Zonta?<\/h2>\n<p>Monsenhor Milton Zonta \u00e9 um exemplo not\u00e1vel de lideran\u00e7a clerical na Igreja Cat\u00f3lica no Brasil. Natural de Videira, Santa Catarina, Zonta foi recentemente nomeado bispo coadjutor da Diocese de Crici\u00fama pelo Papa Le\u00e3o XIV. Sua trajet\u00f3ria ministerial \u00e9 marcada por um profundo compromisso com a evangeliza\u00e7\u00e3o e com a forma\u00e7\u00e3o espiritual da comunidade. Nascido em 2 de junho de 1960, Zonta possui uma s\u00f3lida forma\u00e7\u00e3o acad\u00eamica, com especializa\u00e7\u00f5es em Filosofia, Teologia e Pastoral Juvenil.<\/p>\n<p>O cl\u00e9rigo iniciou sua forma\u00e7\u00e3o religiosa no Semin\u00e1rio Menor da Sociedade do Divino Salvador, em 1975, e foi posteriormente ordenado di\u00e1cono e, finalmente, presb\u00edtero. Durante sua carreira, exercitou diversas fun\u00e7\u00f5es pastorais, atuando em congrega\u00e7\u00f5es e par\u00f3quias, desenvolvendo uma forte liga\u00e7\u00e3o com os fi\u00e9is locais e com as quest\u00f5es sociais que afetam a comunidade.<\/p>\n<p>Com quase quatro d\u00e9cadas de minist\u00e9rio, Monsenhor Milton Zonta tamb\u00e9m se destacou em cargos administrativos e educacionais dentro da Igreja, incluindo o papel de conselheiro geral da Sociedade do Divino Salvador em Roma. Essa experi\u00eancia proporcionou-lhe uma vis\u00e3o ampla sobre as quest\u00f5es da igreja cat\u00f3lica moderna, assim como o fortalecimento dos la\u00e7os com as comunidades que ele serve. A nomea\u00e7\u00e3o como bispo coadjutor representa um reconhecimento de sua dedica\u00e7\u00e3o e uma nova fase em seu minist\u00e9rio pastoral.<\/p>\n<h2>A rea\u00e7\u00e3o da CNBB \u00e0 nomea\u00e7\u00e3o<\/h2>\n<p>A nomea\u00e7\u00e3o de Monsenhor Milton Zonta como bispo coadjutor da Diocese de Crici\u00fama foi recebida com grande alegria pela Confer\u00eancia Nacional dos Bispos do Brasil (CNBB). A entidade expressou o entusiasmo em uma declara\u00e7\u00e3o oficial, destacando seu testemunho de f\u00e9 e servi\u00e7o \u00e0 Igreja. Essa rea\u00e7\u00e3o positiva n\u00e3o \u00e9 surpreendente, dado o hist\u00f3rico de Zonta, que sempre demonstrou um comprometimento s\u00f3lido com a evangeliza\u00e7\u00e3o e a forma\u00e7\u00e3o pastoral.<\/p>\n<p>Essencialmente, a CNBB reconhece que a contribui\u00e7\u00e3o de Monsenhor Zonta ao longo dos anos reflete os valores fundamentais da Igreja Cat\u00f3lica, e sua nomea\u00e7\u00e3o \u00e9 vista como um passo significativo para o fortalecimento da lideran\u00e7a na Diocese de Crici\u00fama. Al\u00e9m dos aspectos formais, a CNBB enfatiza a experi\u00eancia e a forma\u00e7\u00e3o teol\u00f3gica de Zonta, mencionando seu papel crucial em diferentes \u00e1reas, impactando positivamente as comunidades sob sua orienta\u00e7\u00e3o.<\/p>\n<p>A sauda\u00e7\u00e3o da CNBB n\u00e3o \u00e9 apenas um reconhecimento \u00e0 trajet\u00f3ria ministerial de Zonta, mas tamb\u00e9m um refor\u00e7o da import\u00e2ncia da colabora\u00e7\u00e3o entre os bispos e da unidade dentro da Igreja, algo que \u00e9 particularmente relevante em tempos de incerteza e desafio social. Esta nova fase de Zonta \u00e9 bem-vinda n\u00e3o apenas na diocese, mas serve de inspira\u00e7\u00e3o para todo o povo de Deus.<\/p>\n<h2>A import\u00e2ncia da Diocese de Crici\u00fama<\/h2>\n<p>A Diocese de Crici\u00fama, localizada no estado de Santa Catarina, \u00e9 um significativo centro de vida e atividade cat\u00f3lica. Com uma rica tradi\u00e7\u00e3o de f\u00e9 e um vibrante envolvimento comunit\u00e1rio, a diocese \u00e9 um reflexo da diversidade e da resili\u00eancia do povo catarinense. Fundada em 1939, a Diocese de Crici\u00fama ganhou relev\u00e2ncia ao longo dos anos atrav\u00e9s de suas diversas iniciativas sociais, pastorais e educativas, onde a igreja se destaca na promo\u00e7\u00e3o da justi\u00e7a social e no atendimento \u00e0s necessidades dos mais vulner\u00e1veis.<\/p>\n<p>Em sua constitui\u00e7\u00e3o, a diocese abrange v\u00e1rias par\u00f3quias, cada uma com suas pr\u00f3prias din\u00e2micas e quest\u00f5es espec\u00edficas, por\u00e9m interligadas em um prop\u00f3sito comum: servir a Deus e \u00e0 comunidade. A lideran\u00e7a episcopal, especialmente com a inclus\u00e3o de um bispo coadjutor, \u00e9 crucial para guiar a Diocese de Crici\u00fama no cumprimento de sua miss\u00e3o. Monsenhor Zonta chega em um momento em que as comunidades enfrentam desafios contempor\u00e2neos, tais como as mudan\u00e7as sociais e as quest\u00f5es de modernidade que impactam a vida religiosa.<\/p>\n<p>Um dos principais objetivos da diocese, sob a nova lideran\u00e7a, ser\u00e1 fortalecer la\u00e7os entre as par\u00f3quias, promover um di\u00e1logo inter-religioso e garantir que as vozes dos jovens sejam ouvidas nas quest\u00f5es que os afetam diretamente. O papel do bispo coadjutor \u00e9, portanto, essencial para garantir que a estrutura da diocese permane\u00e7a s\u00f3lida e unida, criando um espa\u00e7o prop\u00edcio para que a f\u00e9 se desenvolva e flores\u00e7a.<\/p>\n<h2>Atividades anteriores de Monsenhor Zonta<\/h2>\n<p>Antes de sua nomea\u00e7\u00e3o como bispo coadjutor, Monsenhor Milton Zonta exerceu diversas atividades que refletem seu compromisso com o servi\u00e7o pastoral e a forma\u00e7\u00e3o de lideran\u00e7as. Entre suas fun\u00e7\u00f5es mais marcantes, destaca-se sua atua\u00e7\u00e3o como vig\u00e1rio paroquial na Par\u00f3quia Imaculada Concei\u00e7\u00e3o, em Videira, onde trabalhou na orienta\u00e7\u00e3o espiritual e administrativa da par\u00f3quia, atendendo \u00e0s necessidades dos fi\u00e9is.<\/p>\n<p>Al\u00e9m disso, Zonta exerceu a fun\u00e7\u00e3o de promotor vocacional provincial, uma posi\u00e7\u00e3o que enfatiza a import\u00e2ncia de formar novas lideran\u00e7as dentro da Igreja. Este papel \u00e9 fundamental em um contexto onde o chamado sacerdotal deve ser cultivado e incentivado. A dedica\u00e7\u00e3o de Zonta ao desenvolvimento de novas voca\u00e7\u00f5es certamente ter\u00e1 impacto positivo na Igreja de Crici\u00fama, infundindo um novo esp\u00edrito de entusiasmo e esperan\u00e7a entre os jovens.<\/p>\n<p>Outro aspecto crucial do minist\u00e9rio de Zonta foi sua experi\u00eancia como mission\u00e1rio na Diocese de Brejo dos Anapurus, no Maranh\u00e3o. Essa viv\u00eancia essencial o ajudou a entender as v\u00e1rias realidades e desafios enfrentados pelo povo de Deus em diferentes contextos sociais, profundamente enriquecendo sua vis\u00e3o pastoral. A miss\u00e3o tamb\u00e9m proporcionou a Zonta a oportunidade de refletir sobre as quest\u00f5es sociais e de justi\u00e7a, a encorajar novos abordagens pastorais que respondam de forma mais eficaz \u00e0s necessidades das comunidades.<\/p>\n<h2>A forma\u00e7\u00e3o teol\u00f3gica de Monsenhor Zonta<\/h2>\n<p>A forma\u00e7\u00e3o teol\u00f3gica de Monsenhor Milton Zonta \u00e9 robusta e diversificada, tendo sido alcan\u00e7ada atrav\u00e9s de anos de estudo e dedica\u00e7\u00e3o. Ele se formou em Filosofia pela Universidade Salesiana de Lorena e completou o bacharelado em Teologia pelo Instituto Teol\u00f3gico S\u00e3o Paulo, onde tamb\u00e9m obteve uma especializa\u00e7\u00e3o em Pastoral Juvenil. Tal forma\u00e7\u00e3o n\u00e3o s\u00f3 conferiu a ele uma base s\u00f3lida em saberes teol\u00f3gicos e filos\u00f3ficos, mas tamb\u00e9m uma compreens\u00e3o aprofundada da import\u00e2ncia da pastoralidade juvenil na vida e no crescimento da Igreja.<\/p>\n<p>Posteriormente, Zonta tamb\u00e9m participou de um curso intensivo em Metodologia de Planejamento Pastoral Latino-Americano, na Pontif\u00edcia Universidade Javeriana, em Bogot\u00e1, Col\u00f4mbia. Essa forma\u00e7\u00e3o lhe proporcionou uma vis\u00e3o mais ampla sobre a pastoral n\u00e3o apenas em um \u00e2mbito local, mas tamb\u00e9m na persecu\u00e7\u00e3o das diretrizes da Igreja em n\u00edvel continental. O foco em planejamento pastoral \u00e9 extremamente importante em um contexto onde as necessidades das comunidades s\u00e3o din\u00e2micas e exigem uma abordagem flex\u00edvel e criativa.<\/p>\n<p>A latente voca\u00e7\u00e3o de Zonta foi esclarecida por sua forma\u00e7\u00e3o, pois isso permitiu a ele elaborar estrat\u00e9gias de evangeliza\u00e7\u00e3o que realmente conversam com a realidade da popula\u00e7\u00e3o. Essa forma\u00e7\u00e3o teol\u00f3gica \u00e9 um ativo indispens\u00e1vel, especialmente agora que ele assume a posi\u00e7\u00e3o de bispo coadjutor, onde sua vis\u00e3o e sua bagagem espiritual ser\u00e3o fundamentais no direcionamento da Diocese de Crici\u00fama.<\/p>\n<h2>Aspectos da miss\u00e3o episcopal<\/h2>\n<p>A miss\u00e3o episcopal \u00e9 um atributo essencial no contexto da Igreja Cat\u00f3lica, refletindo o chamado de Deus em prol do servi\u00e7o e da evangeliza\u00e7\u00e3o. O papel de um bispo garante a continuidade da administra\u00e7\u00e3o da Igreja, sendo respons\u00e1vel por transmitir a f\u00e9 e cuidar do bem-estar espiritual de seu rebanho. Monsenhor Milton Zonta, como bispo coadjutor, ter\u00e1 um papel relevante nesse tipo de miss\u00e3o, promovendo as diretrizes e convic\u00e7\u00f5es da Igreja, sempre alinhadas aos desafios contempor\u00e2neos.<\/p>\n<p>Um dos aspectos centrais da miss\u00e3o episcopal de Zonta ser\u00e1 o refor\u00e7o na promo\u00e7\u00e3o da unidade dentro da Igreja. Em tempos de divis\u00f5es e incertezas, a constru\u00e7\u00e3o de um espa\u00e7o inclusivo e acolhedor ser\u00e1 vital. Os bispos tamb\u00e9m t\u00eam a tarefa de educar e desenvolver disc\u00edpulos que estejam dispostos a assumir responsabilidades pastorais em suas comunidades, algo que Zonta j\u00e1 vem fazendo em atividades passadas.<\/p>\n<p>Ademais, a miss\u00e3o de um bispo exige constantemente uma postura de di\u00e1logo, reflex\u00e3o e discernimento. \u00c9 essencial que a nova lideran\u00e7a esteja em sintonia com as necessidades da comunidade, mostrando uma preocupa\u00e7\u00e3o cont\u00ednua pelas quest\u00f5es sociais, \u00e9ticas e espirituais que afetam a vida dos fi\u00e9is. Monsenhor Zonta, com suas qualifica\u00e7\u00f5es e experi\u00eancia, est\u00e1 bem posicionado para enfrentar esses desafios, oferecendo um horizonte de esperan\u00e7a e compromisso pastoral.<\/p>\n<h2>O papel dos bispos coadjutores<\/h2>\n<p>Os bispos coadjutores desempenham um papel vital dentro da estrutura da Igreja, n\u00e3o s\u00f3 como assistentes, mas como pe\u00e7as-chave na continuidade e renova\u00e7\u00e3o da lideran\u00e7a e espiritualidade. Ao atuar em colabora\u00e7\u00e3o com o bispo titular, o bispo coadjutor garante que a miss\u00e3o da Igreja seja cumprida com efic\u00e1cia e que as diretrizes pastorais sejam comunicadas e implementadas. Essa colabora\u00e7\u00e3o \u00e9 essencial para assegurar que o minist\u00e9rio episcopal permane\u00e7a din\u00e2mico e responsivo \u00e0s mudan\u00e7as culturais e sociais.<\/p>\n<p>O bispo coadjutor traz uma nova perspectiva e elementos de renova\u00e7\u00e3o ao seu minist\u00e9rio, em especial em uma diocese que enfrenta desafios vari\u00e1veis. Ele \u00e9 um facilitador de di\u00e1logo entre o bispo titular e o clero, ao mesmo tempo em que pode trazer \u00e0 luz novas ideias, abordagens e iniciativas que rejuvenescem a vida da diocese. Isso se d\u00e1 com o objetivo de fomentar um ambiente pastoral que realmente conecte os fi\u00e9is com a espiritualidade e a miss\u00e3o da Igreja.<\/p>\n<p>Al\u00e9m disso, a presen\u00e7a de um bispo coadjutor \u00e9 especialmente importante em uma diocese onde a popula\u00e7\u00e3o \u00e9 vasta e diversificada, como a Diocese de Crici\u00fama. A pr\u00e1tica de governar sob a orienta\u00e7\u00e3o do coadjutor tamb\u00e9m permite ao bispo titular passar um tempo de recupera\u00e7\u00e3o e renova\u00e7\u00e3o, enquanto ainda garante que as necessidades pastorais sejam atendidas. A dualidade de pap\u00e9is n\u00e3o apenas proporciona uma estrutura de apoio, mas tamb\u00e9m reafirma a import\u00e2ncia da forma\u00e7\u00e3o cont\u00ednua e dos v\u00ednculos de solidariedade no minist\u00e9rio episcopal.<\/p>\n<h2>A comunidade acolhe com alegria<\/h2>\n<p>A chegada de Monsenhor Milton Zonta como bispo coadjutor \u00e9 motivo de celebra\u00e7\u00e3o e esperan\u00e7a para a comunidade da Diocese de Crici\u00fama. Os fi\u00e9is expressam alegria e expectativa com a nova lideran\u00e7a, que promete trazer renova\u00e7\u00e3o e suporte espiritual para as comunidades. O envolvimento da comunidade nesse momento \u00e9 fundamental, pois a intera\u00e7\u00e3o entre o bispo e os fi\u00e9is fortalece os la\u00e7os de fraternidade e f\u00e9.<\/p>\n<p>As diversas par\u00f3quias da diocese j\u00e1 come\u00e7aram a se mobilizar para acolher Monsenhor Zonta, planejando eventos e celebra\u00e7\u00f5es que visam n\u00e3o apenas apresentar o novo bispo, mas tamb\u00e9m criar espa\u00e7os de di\u00e1logo e proximidade. Essa recep\u00e7\u00e3o calorosa reflete o desejo das comunidades em se reunirem em torno de sua miss\u00e3o comum de viver a f\u00e9 e promover a ajuda m\u00fatua entre os fi\u00e9is.<\/p>\n<p>A Elis\u00e3o de eventos de acolhida tamb\u00e9m representa a oportunidade de revisitar os valores compartilhados e reafirmar o compromisso pastoral que une as par\u00f3quias. A pr\u00e1tica de se reunir e celebrar a chegada de um novo bispo \u00e9 uma tradi\u00e7\u00e3o que ajuda a integrar as comunidades na vida da Igreja e a promover uma cultura de unidade e harmonia.<\/p>\n<h2>Expectativas para o novo minist\u00e9rio<\/h2>\n<p>A expectativa em rela\u00e7\u00e3o ao minist\u00e9rio de Monsenhor Milton Zonta como bispo coadjutor \u00e9 alta, e isso \u00e9 reflexo de sua trajet\u00f3ria, habilidades e forte forma\u00e7\u00e3o. As comunidades esperam que sua lideran\u00e7a promova um renovado esp\u00edrito de unidade, f\u00e9 e compromisso pastoral. Atrav\u00e9s de sua experi\u00eancia anterior e engrossamento do v\u00ednculo com os fi\u00e9is, muitos acreditam que ele trar\u00e1 uma nova din\u00e2mica para a Diocese de Crici\u00fama.<\/p>\n<p>Certa de que um bispo coadjutor \u00e9 essencial para atender \u00e0s chamadas contempor\u00e2neas, a diocese aguarda iniciativas que abordem as realidades sociais que os fi\u00e9is enfrentam, especialmente no que diz respeito \u00e0 juventude e \u00e0 promo\u00e7\u00e3o do di\u00e1logo inter-religioso. Os fi\u00e9is est\u00e3o ansiosos para ver Zonta construir parcerias significativas que ajudem a enfrentar os desafios sociais e espirituais da sociedade atual.<\/p>\n<p>Al\u00e9m disso, a expectativa \u00e9 que a lideran\u00e7a de Zonta impulsione um modelo de Igreja que seja atuante e n\u00e3o apenas contemplativa, promovendo a\u00e7\u00f5es que busquem justi\u00e7a social e envolvimento efetivo na vida comunit\u00e1ria. As pessoas desejam ver novas oportunidades para que a pastoral juvenil e adultos possam ser integrados na miss\u00e3o da Igreja, refor\u00e7ando assim uma viv\u00eancia mais ativa da f\u00e9.<\/p>\n\n<div style=\"font-size: 0px; height: 0px; line-height: 0px; margin: 0; padding: 0; clear: both;\"><\/div>","protected":false},"excerpt":{"rendered":"<p>Monsenhor Milton Zonta \u00e9 o novo bispo coadjutor da Diocese de Crici\u00fama.<\/p>\n","protected":false},"author":1,"featured_media":20917,"comment_status":"closed","ping_status":"closed","sticky":false,"template":"","format":"standard","meta":{"footnotes":""},"categories":[1],"tags":[],"class_list":["post-20918","post","type-post","status-publish","format-standard","has-post-thumbnail","hentry","category-noticias-em-moema","has_thumb"],"yoast_head":"<!-- This site is optimized with the Yoast SEO plugin v26.3 - https:\/\/yoast.com\/wordpress\/plugins\/seo\/ -->\n<title>Monsenhor Milton Zonta \u00e9 nomeado bispo coadjutor da Diocese de Crici\u00fama - Encontra Moema<\/title>\n<meta name=\"robots\" content=\"index, follow, max-snippet:-1, max-image-preview:large, max-video-preview:-1\" \/>\n<link rel=\"canonical\" href=\"https:\/\/www.encontramoema.com.br\/sobre\/monsenhor-milton-zonta-e-nomeado-bispo-coadjutor-da-diocese-de-criciuma\/\" \/>\n<meta property=\"og:locale\" content=\"pt_BR\" \/>\n<meta property=\"og:type\" content=\"article\" \/>\n<meta property=\"og:title\" content=\"Monsenhor Milton Zonta \u00e9 nomeado bispo coadjutor da Diocese de Crici\u00fama - Encontra Moema\" \/>\n<meta property=\"og:description\" content=\"Monsenhor Milton Zonta \u00e9 o novo bispo coadjutor da Diocese de Crici\u00fama.\" \/>\n<meta property=\"og:url\" content=\"https:\/\/www.encontramoema.com.br\/sobre\/monsenhor-milton-zonta-e-nomeado-bispo-coadjutor-da-diocese-de-criciuma\/\" \/>\n<meta property=\"og:site_name\" content=\"Encontra Moema\" \/>\n<meta property=\"article:published_time\" content=\"2026-01-14T15:16:41+00:00\" \/>\n<meta property=\"og:image\" content=\"https:\/\/www.encontramoema.com.br\/sobre\/wp-content\/uploads\/2026\/01\/monsenhor-milton-zonta-e-nomeado-bispo-coadjutor-da-diocese-de-criciuma.webp\" \/>\n<meta name=\"author\" content=\"Encontra Moema\" \/>\n<meta name=\"twitter:card\" content=\"summary_large_image\" \/>\n<meta name=\"twitter:label1\" content=\"Escrito por\" \/>\n\t<meta name=\"twitter:data1\" content=\"Encontra Moema\" \/>\n\t<meta name=\"twitter:label2\" content=\"Est. tempo de leitura\" \/>\n\t<meta name=\"twitter:data2\" content=\"12 minutos\" \/>\n<script type=\"application\/ld+json\" class=\"yoast-schema-graph\">{\"@context\":\"https:\/\/schema.org\",\"@graph\":[{\"@type\":\"WebPage\",\"@id\":\"https:\/\/www.encontramoema.com.br\/sobre\/monsenhor-milton-zonta-e-nomeado-bispo-coadjutor-da-diocese-de-criciuma\/\",\"url\":\"https:\/\/www.encontramoema.com.br\/sobre\/monsenhor-milton-zonta-e-nomeado-bispo-coadjutor-da-diocese-de-criciuma\/\",\"name\":\"Monsenhor Milton Zonta \u00e9 nomeado bispo coadjutor da Diocese de Crici\u00fama - Encontra Moema\",\"isPartOf\":{\"@id\":\"https:\/\/www.encontramoema.com.br\/sobre\/#website\"},\"primaryImageOfPage\":{\"@id\":\"https:\/\/www.encontramoema.com.br\/sobre\/monsenhor-milton-zonta-e-nomeado-bispo-coadjutor-da-diocese-de-criciuma\/#primaryimage\"},\"image\":{\"@id\":\"https:\/\/www.encontramoema.com.br\/sobre\/monsenhor-milton-zonta-e-nomeado-bispo-coadjutor-da-diocese-de-criciuma\/#primaryimage\"},\"thumbnailUrl\":\"https:\/\/www.encontramoema.com.br\/sobre\/wp-content\/uploads\/2026\/01\/monsenhor-milton-zonta-e-nomeado-bispo-coadjutor-da-diocese-de-criciuma.webp\",\"datePublished\":\"2026-01-14T15:16:41+00:00\",\"author\":{\"@id\":\"https:\/\/www.encontramoema.com.br\/sobre\/#\/schema\/person\/3c3656d12b82130d77eba13c4ef23efa\"},\"breadcrumb\":{\"@id\":\"https:\/\/www.encontramoema.com.br\/sobre\/monsenhor-milton-zonta-e-nomeado-bispo-coadjutor-da-diocese-de-criciuma\/#breadcrumb\"},\"inLanguage\":\"pt-BR\",\"potentialAction\":[{\"@type\":\"ReadAction\",\"target\":[\"https:\/\/www.encontramoema.com.br\/sobre\/monsenhor-milton-zonta-e-nomeado-bispo-coadjutor-da-diocese-de-criciuma\/\"]}]},{\"@type\":\"ImageObject\",\"inLanguage\":\"pt-BR\",\"@id\":\"https:\/\/www.encontramoema.com.br\/sobre\/monsenhor-milton-zonta-e-nomeado-bispo-coadjutor-da-diocese-de-criciuma\/#primaryimage\",\"url\":\"https:\/\/www.encontramoema.com.br\/sobre\/wp-content\/uploads\/2026\/01\/monsenhor-milton-zonta-e-nomeado-bispo-coadjutor-da-diocese-de-criciuma.webp\",\"contentUrl\":\"https:\/\/www.encontramoema.com.br\/sobre\/wp-content\/uploads\/2026\/01\/monsenhor-milton-zonta-e-nomeado-bispo-coadjutor-da-diocese-de-criciuma.webp\",\"width\":280,\"height\":280,\"caption\":\"Monsenhor Milton Zonta\"},{\"@type\":\"BreadcrumbList\",\"@id\":\"https:\/\/www.encontramoema.com.br\/sobre\/monsenhor-milton-zonta-e-nomeado-bispo-coadjutor-da-diocese-de-criciuma\/#breadcrumb\",\"itemListElement\":[{\"@type\":\"ListItem\",\"position\":1,\"name\":\"In\u00edcio\",\"item\":\"https:\/\/www.encontramoema.com.br\/sobre\/\"},{\"@type\":\"ListItem\",\"position\":2,\"name\":\"Monsenhor Milton Zonta \u00e9 nomeado bispo coadjutor da Diocese de Crici\u00fama\"}]},{\"@type\":\"WebSite\",\"@id\":\"https:\/\/www.encontramoema.com.br\/sobre\/#website\",\"url\":\"https:\/\/www.encontramoema.com.br\/sobre\/\",\"name\":\"Encontra Moema\",\"description\":\"Not\u00edcias, eventos, informa\u00e7\u00f5es e dicas no bairro de Moema e regi\u00e3o.\",\"potentialAction\":[{\"@type\":\"SearchAction\",\"target\":{\"@type\":\"EntryPoint\",\"urlTemplate\":\"https:\/\/www.encontramoema.com.br\/sobre\/?s={search_term_string}\"},\"query-input\":{\"@type\":\"PropertyValueSpecification\",\"valueRequired\":true,\"valueName\":\"search_term_string\"}}],\"inLanguage\":\"pt-BR\"},{\"@type\":\"Person\",\"@id\":\"https:\/\/www.encontramoema.com.br\/sobre\/#\/schema\/person\/3c3656d12b82130d77eba13c4ef23efa\",\"name\":\"Encontra Moema\",\"image\":{\"@type\":\"ImageObject\",\"inLanguage\":\"pt-BR\",\"@id\":\"https:\/\/www.encontramoema.com.br\/sobre\/#\/schema\/person\/image\/\",\"url\":\"https:\/\/secure.gravatar.com\/avatar\/0fbed662e37531ae23e68f85f9517b2454e50c1dfebf80eb9b721449ac95e0b9?s=96&d=mm&r=g\",\"contentUrl\":\"https:\/\/secure.gravatar.com\/avatar\/0fbed662e37531ae23e68f85f9517b2454e50c1dfebf80eb9b721449ac95e0b9?s=96&d=mm&r=g\",\"caption\":\"Encontra Moema\"},\"url\":\"https:\/\/www.encontramoema.com.br\/sobre\/author\/emoema\/\"}]}<\/script>\n<!-- \/ Yoast SEO plugin. -->","yoast_head_json":{"title":"Monsenhor Milton Zonta \u00e9 nomeado bispo coadjutor da Diocese de Crici\u00fama - Encontra Moema","robots":{"index":"index","follow":"follow","max-snippet":"max-snippet:-1","max-image-preview":"max-image-preview:large","max-video-preview":"max-video-preview:-1"},"canonical":"https:\/\/www.encontramoema.com.br\/sobre\/monsenhor-milton-zonta-e-nomeado-bispo-coadjutor-da-diocese-de-criciuma\/","og_locale":"pt_BR","og_type":"article","og_title":"Monsenhor Milton Zonta \u00e9 nomeado bispo coadjutor da Diocese de Crici\u00fama - Encontra Moema","og_description":"Monsenhor Milton Zonta \u00e9 o novo bispo coadjutor da Diocese de Crici\u00fama.","og_url":"https:\/\/www.encontramoema.com.br\/sobre\/monsenhor-milton-zonta-e-nomeado-bispo-coadjutor-da-diocese-de-criciuma\/","og_site_name":"Encontra Moema","article_published_time":"2026-01-14T15:16:41+00:00","og_image":[{"url":"https:\/\/www.encontramoema.com.br\/sobre\/wp-content\/uploads\/2026\/01\/monsenhor-milton-zonta-e-nomeado-bispo-coadjutor-da-diocese-de-criciuma.webp","type":"","width":"","height":""}],"author":"Encontra Moema","twitter_card":"summary_large_image","twitter_misc":{"Escrito por":"Encontra Moema","Est. tempo de leitura":"12 minutos"},"schema":{"@context":"https:\/\/schema.org","@graph":[{"@type":"WebPage","@id":"https:\/\/www.encontramoema.com.br\/sobre\/monsenhor-milton-zonta-e-nomeado-bispo-coadjutor-da-diocese-de-criciuma\/","url":"https:\/\/www.encontramoema.com.br\/sobre\/monsenhor-milton-zonta-e-nomeado-bispo-coadjutor-da-diocese-de-criciuma\/","name":"Monsenhor Milton Zonta \u00e9 nomeado bispo coadjutor da Diocese de Crici\u00fama - Encontra Moema","isPartOf":{"@id":"https:\/\/www.encontramoema.com.br\/sobre\/#website"},"primaryImageOfPage":{"@id":"https:\/\/www.encontramoema.com.br\/sobre\/monsenhor-milton-zonta-e-nomeado-bispo-coadjutor-da-diocese-de-criciuma\/#primaryimage"},"image":{"@id":"https:\/\/www.encontramoema.com.br\/sobre\/monsenhor-milton-zonta-e-nomeado-bispo-coadjutor-da-diocese-de-criciuma\/#primaryimage"},"thumbnailUrl":"https:\/\/www.encontramoema.com.br\/sobre\/wp-content\/uploads\/2026\/01\/monsenhor-milton-zonta-e-nomeado-bispo-coadjutor-da-diocese-de-criciuma.webp","datePublished":"2026-01-14T15:16:41+00:00","author":{"@id":"https:\/\/www.encontramoema.com.br\/sobre\/#\/schema\/person\/3c3656d12b82130d77eba13c4ef23efa"},"breadcrumb":{"@id":"https:\/\/www.encontramoema.com.br\/sobre\/monsenhor-milton-zonta-e-nomeado-bispo-coadjutor-da-diocese-de-criciuma\/#breadcrumb"},"inLanguage":"pt-BR","potentialAction":[{"@type":"ReadAction","target":["https:\/\/www.encontramoema.com.br\/sobre\/monsenhor-milton-zonta-e-nomeado-bispo-coadjutor-da-diocese-de-criciuma\/"]}]},{"@type":"ImageObject","inLanguage":"pt-BR","@id":"https:\/\/www.encontramoema.com.br\/sobre\/monsenhor-milton-zonta-e-nomeado-bispo-coadjutor-da-diocese-de-criciuma\/#primaryimage","url":"https:\/\/www.encontramoema.com.br\/sobre\/wp-content\/uploads\/2026\/01\/monsenhor-milton-zonta-e-nomeado-bispo-coadjutor-da-diocese-de-criciuma.webp","contentUrl":"https:\/\/www.encontramoema.com.br\/sobre\/wp-content\/uploads\/2026\/01\/monsenhor-milton-zonta-e-nomeado-bispo-coadjutor-da-diocese-de-criciuma.webp","width":280,"height":280,"caption":"Monsenhor Milton Zonta"},{"@type":"BreadcrumbList","@id":"https:\/\/www.encontramoema.com.br\/sobre\/monsenhor-milton-zonta-e-nomeado-bispo-coadjutor-da-diocese-de-criciuma\/#breadcrumb","itemListElement":[{"@type":"ListItem","position":1,"name":"In\u00edcio","item":"https:\/\/www.encontramoema.com.br\/sobre\/"},{"@type":"ListItem","position":2,"name":"Monsenhor Milton Zonta \u00e9 nomeado bispo coadjutor da Diocese de Crici\u00fama"}]},{"@type":"WebSite","@id":"https:\/\/www.encontramoema.com.br\/sobre\/#website","url":"https:\/\/www.encontramoema.com.br\/sobre\/","name":"Encontra Moema","description":"Not\u00edcias, eventos, informa\u00e7\u00f5es e dicas no bairro de Moema e regi\u00e3o.","potentialAction":[{"@type":"SearchAction","target":{"@type":"EntryPoint","urlTemplate":"https:\/\/www.encontramoema.com.br\/sobre\/?s={search_term_string}"},"query-input":{"@type":"PropertyValueSpecification","valueRequired":true,"valueName":"search_term_string"}}],"inLanguage":"pt-BR"},{"@type":"Person","@id":"https:\/\/www.encontramoema.com.br\/sobre\/#\/schema\/person\/3c3656d12b82130d77eba13c4ef23efa","name":"Encontra Moema","image":{"@type":"ImageObject","inLanguage":"pt-BR","@id":"https:\/\/www.encontramoema.com.br\/sobre\/#\/schema\/person\/image\/","url":"https:\/\/secure.gravatar.com\/avatar\/0fbed662e37531ae23e68f85f9517b2454e50c1dfebf80eb9b721449ac95e0b9?s=96&d=mm&r=g","contentUrl":"https:\/\/secure.gravatar.com\/avatar\/0fbed662e37531ae23e68f85f9517b2454e50c1dfebf80eb9b721449ac95e0b9?s=96&d=mm&r=g","caption":"Encontra Moema"},"url":"https:\/\/www.encontramoema.com.br\/sobre\/author\/emoema\/"}]}},"_links":{"self":[{"href":"https:\/\/www.encontramoema.com.br\/sobre\/wp-json\/wp\/v2\/posts\/20918","targetHints":{"allow":["GET"]}}],"collection":[{"href":"https:\/\/www.encontramoema.com.br\/sobre\/wp-json\/wp\/v2\/posts"}],"about":[{"href":"https:\/\/www.encontramoema.com.br\/sobre\/wp-json\/wp\/v2\/types\/post"}],"author":[{"embeddable":true,"href":"https:\/\/www.encontramoema.com.br\/sobre\/wp-json\/wp\/v2\/users\/1"}],"replies":[{"embeddable":true,"href":"https:\/\/www.encontramoema.com.br\/sobre\/wp-json\/wp\/v2\/comments?post=20918"}],"version-history":[{"count":0,"href":"https:\/\/www.encontramoema.com.br\/sobre\/wp-json\/wp\/v2\/posts\/20918\/revisions"}],"wp:featuredmedia":[{"embeddable":true,"href":"https:\/\/www.encontramoema.com.br\/sobre\/wp-json\/wp\/v2\/media\/20917"}],"wp:attachment":[{"href":"https:\/\/www.encontramoema.com.br\/sobre\/wp-json\/wp\/v2\/media?parent=20918"}],"wp:term":[{"taxonomy":"category","embeddable":true,"href":"https:\/\/www.encontramoema.com.br\/sobre\/wp-json\/wp\/v2\/categories?post=20918"},{"taxonomy":"post_tag","embeddable":true,"href":"https:\/\/www.encontramoema.com.br\/sobre\/wp-json\/wp\/v2\/tags?post=20918"}],"curies":[{"name":"wp","href":"https:\/\/api.w.org\/{rel}","templated":true}]}}