{"id":20942,"date":"2026-01-19T12:15:56","date_gmt":"2026-01-19T15:15:56","guid":{"rendered":"https:\/\/www.encontramoema.com.br\/sobre\/de-moema-a-perdizes-desvio-de-imovel-popular-para-classe-media-gera-onda-de-devolucoes-na-justica\/"},"modified":"2026-01-19T12:15:56","modified_gmt":"2026-01-19T15:15:56","slug":"de-moema-a-perdizes-desvio-de-imovel-popular-para-classe-media-gera-onda-de-devolucoes-na-justica","status":"publish","type":"post","link":"https:\/\/www.encontramoema.com.br\/sobre\/de-moema-a-perdizes-desvio-de-imovel-popular-para-classe-media-gera-onda-de-devolucoes-na-justica\/","title":{"rendered":"De Moema a Perdizes, \u2018desvio\u2019 de im\u00f3vel popular para classe m\u00e9dia gera onda de devolu\u00e7\u00f5es na Justi\u00e7a"},"content":{"rendered":"<div class=\"b7f545a958fd6350ffae2d30a84cafb8\" data-index=\"1\" style=\"float: none; margin:0px;\">\n<!-- Anuncio display - global -->\r\n<ins class=\"adsbygoogle\"\r\n     style=\"display:block\"\r\n     data-ad-client=\"ca-pub-8585364105181520\"\r\n     data-ad-slot=\"8789329856\"\r\n     data-ad-format=\"auto\"\r\n     data-full-width-responsive=\"true\"><\/ins>\r\n<script>\r\n     (adsbygoogle = window.adsbygoogle || []).push({});\r\n<\/script>\n<\/div>\n<h2>Entenda o que s\u00e3o Im\u00f3veis Populares<\/h2>\n<p>Os im\u00f3veis populares representam uma solu\u00e7\u00e3o habitacional destinada a fam\u00edlias de baixa renda, oferecendo acesso \u00e0 moradia a um custo mais acess\u00edvel. Isso \u00e9 fundamental em um pa\u00eds como o Brasil, onde a desigualdade social ainda \u00e9 um grande problema. As unidades habitacionais populares s\u00e3o constru\u00eddas com incentivos estatais, visando suprir a car\u00eancia habitacional em \u00e1reas urbanas.<\/p>\n<p>Essas moradias s\u00e3o classificadas em diferentes categorias, dependendo da renda familiar, e s\u00e3o regulamentadas por legisla\u00e7\u00f5es locais. No caso de S\u00e3o Paulo, temos as Habita\u00e7\u00f5es de Interesse Social (HIS) e as Habita\u00e7\u00f5es de Mercado Popular (HMP), que variam em termos de pre\u00e7o e requisitos de renda familiar.<\/p>\n<p>A compra desses im\u00f3veis geralmente envolve procedimentos mais burocr\u00e1ticos e exig\u00eancias espec\u00edficas em rela\u00e7\u00e3o \u00e0 renda dos compradores. Al\u00e9m disso, h\u00e1 restri\u00e7\u00f5es que limitam a revenda e a loca\u00e7\u00e3o, com o intuito de garantir que esses im\u00f3veis sejam ocupados por fam\u00edlias que realmente necessitam de habita\u00e7\u00e3o.<\/p>\n<p><img decoding=\"async\" src=\"https:\/\/www.encontramoema.com.br\/sobre\/wp-content\/uploads\/2026\/01\/de-moema-a-perdizes-desvio-de-imovel-popular-para-classe-media-gera-onda-de-devolucoes-na-justica.webp\" alt=\"desvio de im\u00f3vel popular\" loading=\"lazy\" \/><\/p>\n<h2>Contexto do Desvio Imobili\u00e1rio em S\u00e3o Paulo<\/h2>\n<p>Nos \u00faltimos anos, o cen\u00e1rio de desvio de im\u00f3veis populares em S\u00e3o Paulo tornou-se um tema bastante pol\u00eamico e preocupante. V\u00e1rias den\u00fancias surgiram a respeito da venda de apartamentos destinados a classe m\u00e9dia e alta, utilizando unidades que deveriam ser ocupadas por fam\u00edlias de baixa renda, mas que estavam sendo comercializadas a pre\u00e7os mais elevados.<\/p>\n<p>Esses desvios ocorrem quando incorporadoras e construtoras burlam as normas estabelecidas para a venda e loca\u00e7\u00e3o de im\u00f3veis populares. Eles foram projetados para atender uma demanda espec\u00edfica, mas ao serem direcionados a pessoas fora do p\u00fablico-alvo, violam os princ\u00edpios b\u00e1sicos da pol\u00edtica habitacional. O Minist\u00e9rio P\u00fablico e a C\u00e2mara Municipal, em decorr\u00eancia disso, iniciaram investiga\u00e7\u00f5es para apurar a legalidade dessas pr\u00e1ticas.<\/p>\n<p>A aus\u00eancia de fiscaliza\u00e7\u00e3o severa durante o processo de licenciamento permitiu que muitos empreendimentos entrassem no mercado sem o devido controle, resultando em abusos. A legisla\u00e7\u00e3o existente, embora restritiva, muitas vezes n\u00e3o \u00e9 aplicada de forma eficaz, permitindo essas manobras que prejudicam quem realmente necessita de moradia.<\/p>\n<h2>Impacto das Decis\u00f5es Judiciais<\/h2>\n<p>Nos \u00faltimos anos, as decis\u00f5es judiciais t\u00eam se mostrado um mecanismo fundamental na luta contra os desvios de im\u00f3veis populares. Diversas a\u00e7\u00f5es t\u00eam sido movidas por compradores que se sentiram enganados ao adquirir im\u00f3veis classificado como popular, mas que, na pr\u00e1tica, eram direcionados a quem n\u00e3o se enquadrava na faixa de renda estipulada.<\/p>\n<p>A Justi\u00e7a tem atendido, em muitas inst\u00e2ncias, as reclama\u00e7\u00f5es dos consumidores, assegurando direitos e determinando a restitui\u00e7\u00e3o de valores pagos. Essas decis\u00f5es t\u00eam um impacto significativo no mercado imobili\u00e1rio, uma vez que criam precedentes que podem inibir pr\u00e1ticas abusivas e proporcionar uma maior transpar\u00eancia nas transa\u00e7\u00f5es.<\/p>\n<p>Al\u00e9m disso, a condena\u00e7\u00e3o de empresas construtoras e incorporadoras a pagarem multas e indeniza\u00e7\u00f5es reflete um movimento de prote\u00e7\u00e3o ao consumidor e de responsabiliza\u00e7\u00e3o. Essas senten\u00e7as s\u00e3o fundamentais para garantir que as informa\u00e7\u00f5es sobre as restri\u00e7\u00f5es dos im\u00f3veis sejam informadas de forma clara e inequ\u00edvoca aos compradores.<\/p>\n<h2>Direitos dos Compradores de Im\u00f3veis Populares<\/h2>\n<p>Os compradores de im\u00f3veis populares t\u00eam direitos espec\u00edficos garantidos por legisla\u00e7\u00f5es que visam proteger aqueles que necessitam de habita\u00e7\u00e3o digna e acess\u00edvel. A transpar\u00eancia nas informa\u00e7\u00f5es \u00e9 um dos pilares desses direitos. Os consumidores devem ser devidamente informados sobre as caracter\u00edsticas do im\u00f3vel, incluindo suas limita\u00e7\u00f5es e requisitos legais.<\/p>\n<p>Al\u00e9m disso, h\u00e1 o direito \u00e0 restitui\u00e7\u00e3o de valores pagos em caso de irregularidades. Se um comprador for levado a acreditar que um im\u00f3vel n\u00e3o possui restri\u00e7\u00f5es que, de fato, existem, ele deve ter o direito de pleitear a devolu\u00e7\u00e3o de seu investimento, al\u00e9m de indeniza\u00e7\u00f5es por danos morais, se aplic\u00e1vel.<\/p>\n<p>Esses direitos tamb\u00e9m envolvem a possibilidade de destitui\u00e7\u00e3o do contrato, caso se prove a m\u00e1-f\u00e9 da incorporadora ou a m\u00e1 informa\u00e7\u00e3o por parte da empresa. A Justi\u00e7a tem reconhecido a vulnerabilidade dos consumidores no mercado imobili\u00e1rio e tem se posicionado a favor deles em diversas decis\u00f5es.<\/p>\n<h2>Obriga\u00e7\u00f5es das Incorporadoras<\/h2>\n<p>As incorporadoras t\u00eam a obriga\u00e7\u00e3o legal de prestar informa\u00e7\u00f5es claras e precisas sobre a categoriza\u00e7\u00e3o dos im\u00f3veis que comercializam. Isso inclui informar os compradores sobre a classifica\u00e7\u00e3o do im\u00f3vel, assim como as restri\u00e7\u00f5es que isso implica, como limites de renda, taxa de financiamento, e a impossibilidade de aluguel para fins comerciais, como os servi\u00e7os de hospedagem.<\/p>\n<p>\u00c9 essencial que as empresas do setor imobili\u00e1rio realizem exerc\u00edcios de \u00e9tica e transpar\u00eancia em suas pr\u00e1ticas. Ao n\u00e3o cumprirem essas obriga\u00e7\u00f5es, as incorporadoras podem se expor a processos judiciais e penalidades, al\u00e9m de comprometerem sua reputa\u00e7\u00e3o no mercado.<\/p>\n<p>A legisla\u00e7\u00e3o estabelece que o registro em cart\u00f3rio dos im\u00f3veis populares deve incluir averba\u00e7\u00e3o como HIS ou HMP. Assim, cada comprador deve ter conhecimento das diretrizes legais que cercam a aquisi\u00e7\u00e3o e o uso de tais propriedades mas, para isso, \u00e9 fundamental que as incorporadoras cumpram seu dever de informar corretamente.<\/p>\n<h2>Casos Not\u00e1veis na Justi\u00e7a<\/h2>\n<p>Diversos casos ganharam notoriedade na Justi\u00e7a relacionada ao desvio de im\u00f3veis populares em S\u00e3o Paulo. Um exemplo \u00e9 o caso que envolveu o empreendimento &#8220;My One Vila Mariana&#8221;, onde a Justi\u00e7a determinou a devolu\u00e7\u00e3o integral dos valores pagos por um comprador que alegou n\u00e3o ter conhecimento das restri\u00e7\u00f5es do im\u00f3vel.<\/p>\n<p>Outro caso significativo foi o de um comprador no &#8220;New Town SP&#8221;, onde a Justi\u00e7a acolheu a argumenta\u00e7\u00e3o de que as informa\u00e7\u00f5es n\u00e3o foram prestadas de forma clara e determinou a devolu\u00e7\u00e3o &#8211; e tamb\u00e9m indeniza\u00e7\u00f5es por danos materiais. Esses exemplos mostram como a Justi\u00e7a v\u00ea com preocupa\u00e7\u00e3o o tratamento dispensado aos consumidores no mercado imobili\u00e1rio.<\/p>\n<p>As decis\u00f5es t\u00eam sido variadas, mas a tend\u00eancia \u00e9 reconhecer o direito do consumidor \u00e0 informa\u00e7\u00e3o adequada. Isso refor\u00e7a a necessidade de transpar\u00eancia e de responsabiliza\u00e7\u00e3o das incorporadoras que n\u00e3o se at\u00eam aos princ\u00edpios b\u00e1sicos da \u00e9tica em seus neg\u00f3cios.<\/p>\n<h2>Consequ\u00eancias para o Mercado Imobili\u00e1rio<\/h2>\n<p>As pr\u00e1ticas de desvio envolvendo im\u00f3veis populares t\u00eam consequ\u00eancias de longo alcance para o mercado imobili\u00e1rio. Primeiro, elas minam a confian\u00e7a do consumidor, que pode ficar receoso de realizar investimentos em im\u00f3veis populares, temendo enganos e fraudes.<\/p>\n<p>Al\u00e9m disso, a a\u00e7\u00e3o crescente do Judici\u00e1rio em favor dos consumidores e as condena\u00e7\u00f5es financeiras imposta \u00e0s incorporadoras podem gerar um efeito inibidor sobre a cria\u00e7\u00e3o de novos projetos de habita\u00e7\u00e3o popular. A incerteza sobre a aplica\u00e7\u00e3o das legisla\u00e7\u00f5es e os riscos associados a investimentos em im\u00f3veis populares aumentam o custo do capital no setor, refletindo em novos empreendimentos.<\/p>\n<p>As construtoras tamb\u00e9m poder\u00e3o migrar suas aten\u00e7\u00f5es para \u00e1reas onde a regulamenta\u00e7\u00e3o \u00e9 mais branda, o que pode limitar ainda mais op\u00e7\u00f5es de moradia para as popula\u00e7\u00f5es carentes. A necessidade de uma pol\u00edtica habitacional clara e eficaz permanece crucial em um cen\u00e1rio onde os interesses financeiros e sociais frequentemente colidem.<\/p>\n<h2>Legisla\u00e7\u00e3o sobre Habita\u00e7\u00e3o de Interesse Social<\/h2>\n<p>A legisla\u00e7\u00e3o relacionada \u00e0 Habita\u00e7\u00e3o de Interesse Social (HIS) e \u00e0 Habita\u00e7\u00e3o de Mercado Popular (HMP) estabelece diretrizes r\u00edgidas sobre a constru\u00e7\u00e3o e a comercializa\u00e7\u00e3o desses im\u00f3veis. Em S\u00e3o Paulo, por exemplo, h\u00e1 san\u00e7\u00f5es rigorosas para empresas que desvirtuam essas normas.<\/p>\n<p>Al\u00e9m de estabelecer tetos de valor de venda e requisitos de renda para os compradores, as leis buscam garantir que as moradias sejam efetivamente ocupadas por fam\u00edlias com necessidade de habita\u00e7\u00e3o. H\u00e1 iniciativas para revisar e atualizar constantemente essas legisla\u00e7\u00f5es, visando adequ\u00e1-las \u00e0s realidades do mercado.<\/p>\n<p>A aplica\u00e7\u00e3o efetiva dessas leis pode ser um desafio, devido \u00e0 complexidade do setor imobili\u00e1rio e \u00e0 falta de supervis\u00e3o consistente. Por isso, muitos advogados e defensores da habita\u00e7\u00e3o popular clamam por um refor\u00e7o na fiscaliza\u00e7\u00e3o e maior rigor na aplica\u00e7\u00e3o das normas existentes, a fim de efetivar os direitos de quem realmente precisa de moradia.<\/p>\n<h2>Como Evitar a Compra de um Im\u00f3vel com Restri\u00e7\u00e3o<\/h2>\n<p>Para evitar a compra de um im\u00f3vel que possa vir a apresentar restri\u00e7\u00f5es ou problemas legais, os compradores devem estar bem informados e precavidos. Primeiro, \u00e9 essencial realizar uma due diligence, que inclui consultar o registro de propriedades no cart\u00f3rio, verificar as taxas de legalidade, e avaliar a t\u00edtulo de categoria do im\u00f3vel.<\/p>\n<p>Entender a classifica\u00e7\u00e3o do im\u00f3vel pode evitar surpresas desagrad\u00e1veis no futuro. Em muitos casos, o contrato pode ter informa\u00e7\u00f5es complexas que os compradores n\u00e3o percebem. Portanto, \u00e9 prudente que os investidores busquem assessoria jur\u00eddica para uma melhor compreens\u00e3o dos processos envolvidos em uma transa\u00e7\u00e3o imobili\u00e1ria.<\/p>\n<p>Al\u00e9m disso, a transpar\u00eancia no relacionamento com profissionais do setor, como corretores e incorporadoras, \u00e9 crucial. Perguntas-chave sobre a origem da propriedade e as regras que a cercam devem ser feitas. Um processo de compra informado n\u00e3o apenas protege o comprador, mas tamb\u00e9m eleva a qualidade geral do mercado, incentivando melhores pr\u00e1ticas entre as empresas.<\/p>\n<h2>O Futuro da Habita\u00e7\u00e3o Popular em S\u00e3o Paulo<\/h2>\n<p>O futuro da habita\u00e7\u00e3o popular em S\u00e3o Paulo \u00e9 um tema que suscita muitas discuss\u00f5es e esperan\u00e7as. Por um lado, a demanda por moradias adequadas para fam\u00edlias de baixa renda \u00e9 crescente, enquanto, por outro, os desafios associados ao desvio e \u00e0 corrup\u00e7\u00e3o fazem parte do cotidiano desse segmento.<\/p>\n<p>Entretanto, \u00e9 poss\u00edvel ser otimista quanto \u00e0 evolu\u00e7\u00e3o das pol\u00edticas habitacionais. A press\u00e3o social e os movimentos da sociedade civil t\u00eam levado a uma maior conscientiza\u00e7\u00e3o sobre a import\u00e2ncia de direitos humanos no acesso \u00e0 habita\u00e7\u00e3o, criando um ambiente prop\u00edcio para a mudan\u00e7a.<\/p>\n<p>A aprova\u00e7\u00e3o de novas legisla\u00e7\u00f5es que reforcem os direitos dos compradores e a cobran\u00e7a de responsabilidade proativa das incorporadoras pode gerar um ambiente mais seguro para a aquisi\u00e7\u00e3o de im\u00f3veis populares. Transforma\u00e7\u00f5es na mentalidade dos investidores, que olhem al\u00e9m do lucro financeiro, e que se preocupem mais com a contribui\u00e7\u00e3o social, tamb\u00e9m s\u00e3o cruciais para a evolu\u00e7\u00e3o do setor.<\/p>\n\n<div style=\"font-size: 0px; height: 0px; line-height: 0px; margin: 0; padding: 0; clear: both;\"><\/div>","protected":false},"excerpt":{"rendered":"<p>Desvio de im\u00f3veis populares gera devolu\u00e7\u00f5es e pol\u00eamicas na Justi\u00e7a.<\/p>\n","protected":false},"author":1,"featured_media":20941,"comment_status":"closed","ping_status":"closed","sticky":false,"template":"","format":"standard","meta":{"footnotes":""},"categories":[1],"tags":[],"class_list":["post-20942","post","type-post","status-publish","format-standard","has-post-thumbnail","hentry","category-noticias-em-moema","has_thumb"],"yoast_head":"<!-- This site is optimized with the Yoast SEO plugin v26.3 - https:\/\/yoast.com\/wordpress\/plugins\/seo\/ -->\n<title>De Moema a Perdizes, \u2018desvio\u2019 de im\u00f3vel popular para classe m\u00e9dia gera onda de devolu\u00e7\u00f5es na Justi\u00e7a - Encontra Moema<\/title>\n<meta name=\"robots\" content=\"index, follow, max-snippet:-1, max-image-preview:large, max-video-preview:-1\" \/>\n<link rel=\"canonical\" href=\"https:\/\/www.encontramoema.com.br\/sobre\/de-moema-a-perdizes-desvio-de-imovel-popular-para-classe-media-gera-onda-de-devolucoes-na-justica\/\" \/>\n<meta property=\"og:locale\" content=\"pt_BR\" \/>\n<meta property=\"og:type\" content=\"article\" \/>\n<meta property=\"og:title\" content=\"De Moema a Perdizes, \u2018desvio\u2019 de im\u00f3vel popular para classe m\u00e9dia gera onda de devolu\u00e7\u00f5es na Justi\u00e7a - Encontra Moema\" \/>\n<meta property=\"og:description\" content=\"Desvio de im\u00f3veis populares gera devolu\u00e7\u00f5es e pol\u00eamicas na Justi\u00e7a.\" \/>\n<meta property=\"og:url\" content=\"https:\/\/www.encontramoema.com.br\/sobre\/de-moema-a-perdizes-desvio-de-imovel-popular-para-classe-media-gera-onda-de-devolucoes-na-justica\/\" \/>\n<meta property=\"og:site_name\" content=\"Encontra Moema\" \/>\n<meta property=\"article:published_time\" content=\"2026-01-19T15:15:56+00:00\" \/>\n<meta property=\"og:image\" content=\"https:\/\/www.encontramoema.com.br\/sobre\/wp-content\/uploads\/2026\/01\/de-moema-a-perdizes-desvio-de-imovel-popular-para-classe-media-gera-onda-de-devolucoes-na-justica.webp\" \/>\n<meta name=\"author\" content=\"Encontra Moema\" \/>\n<meta name=\"twitter:card\" content=\"summary_large_image\" \/>\n<meta name=\"twitter:label1\" content=\"Escrito por\" \/>\n\t<meta name=\"twitter:data1\" content=\"Encontra Moema\" \/>\n\t<meta name=\"twitter:label2\" content=\"Est. tempo de leitura\" \/>\n\t<meta name=\"twitter:data2\" content=\"9 minutos\" \/>\n<script type=\"application\/ld+json\" class=\"yoast-schema-graph\">{\"@context\":\"https:\/\/schema.org\",\"@graph\":[{\"@type\":\"WebPage\",\"@id\":\"https:\/\/www.encontramoema.com.br\/sobre\/de-moema-a-perdizes-desvio-de-imovel-popular-para-classe-media-gera-onda-de-devolucoes-na-justica\/\",\"url\":\"https:\/\/www.encontramoema.com.br\/sobre\/de-moema-a-perdizes-desvio-de-imovel-popular-para-classe-media-gera-onda-de-devolucoes-na-justica\/\",\"name\":\"De Moema a Perdizes, \u2018desvio\u2019 de im\u00f3vel popular para classe m\u00e9dia gera onda de devolu\u00e7\u00f5es na Justi\u00e7a - Encontra Moema\",\"isPartOf\":{\"@id\":\"https:\/\/www.encontramoema.com.br\/sobre\/#website\"},\"primaryImageOfPage\":{\"@id\":\"https:\/\/www.encontramoema.com.br\/sobre\/de-moema-a-perdizes-desvio-de-imovel-popular-para-classe-media-gera-onda-de-devolucoes-na-justica\/#primaryimage\"},\"image\":{\"@id\":\"https:\/\/www.encontramoema.com.br\/sobre\/de-moema-a-perdizes-desvio-de-imovel-popular-para-classe-media-gera-onda-de-devolucoes-na-justica\/#primaryimage\"},\"thumbnailUrl\":\"https:\/\/www.encontramoema.com.br\/sobre\/wp-content\/uploads\/2026\/01\/de-moema-a-perdizes-desvio-de-imovel-popular-para-classe-media-gera-onda-de-devolucoes-na-justica.webp\",\"datePublished\":\"2026-01-19T15:15:56+00:00\",\"author\":{\"@id\":\"https:\/\/www.encontramoema.com.br\/sobre\/#\/schema\/person\/3c3656d12b82130d77eba13c4ef23efa\"},\"breadcrumb\":{\"@id\":\"https:\/\/www.encontramoema.com.br\/sobre\/de-moema-a-perdizes-desvio-de-imovel-popular-para-classe-media-gera-onda-de-devolucoes-na-justica\/#breadcrumb\"},\"inLanguage\":\"pt-BR\",\"potentialAction\":[{\"@type\":\"ReadAction\",\"target\":[\"https:\/\/www.encontramoema.com.br\/sobre\/de-moema-a-perdizes-desvio-de-imovel-popular-para-classe-media-gera-onda-de-devolucoes-na-justica\/\"]}]},{\"@type\":\"ImageObject\",\"inLanguage\":\"pt-BR\",\"@id\":\"https:\/\/www.encontramoema.com.br\/sobre\/de-moema-a-perdizes-desvio-de-imovel-popular-para-classe-media-gera-onda-de-devolucoes-na-justica\/#primaryimage\",\"url\":\"https:\/\/www.encontramoema.com.br\/sobre\/wp-content\/uploads\/2026\/01\/de-moema-a-perdizes-desvio-de-imovel-popular-para-classe-media-gera-onda-de-devolucoes-na-justica.webp\",\"contentUrl\":\"https:\/\/www.encontramoema.com.br\/sobre\/wp-content\/uploads\/2026\/01\/de-moema-a-perdizes-desvio-de-imovel-popular-para-classe-media-gera-onda-de-devolucoes-na-justica.webp\",\"width\":280,\"height\":280,\"caption\":\"desvio de im\u00f3vel popular\"},{\"@type\":\"BreadcrumbList\",\"@id\":\"https:\/\/www.encontramoema.com.br\/sobre\/de-moema-a-perdizes-desvio-de-imovel-popular-para-classe-media-gera-onda-de-devolucoes-na-justica\/#breadcrumb\",\"itemListElement\":[{\"@type\":\"ListItem\",\"position\":1,\"name\":\"In\u00edcio\",\"item\":\"https:\/\/www.encontramoema.com.br\/sobre\/\"},{\"@type\":\"ListItem\",\"position\":2,\"name\":\"De Moema a Perdizes, \u2018desvio\u2019 de im\u00f3vel popular para classe m\u00e9dia gera onda de devolu\u00e7\u00f5es na Justi\u00e7a\"}]},{\"@type\":\"WebSite\",\"@id\":\"https:\/\/www.encontramoema.com.br\/sobre\/#website\",\"url\":\"https:\/\/www.encontramoema.com.br\/sobre\/\",\"name\":\"Encontra Moema\",\"description\":\"Not\u00edcias, eventos, informa\u00e7\u00f5es e dicas no bairro de Moema e regi\u00e3o.\",\"potentialAction\":[{\"@type\":\"SearchAction\",\"target\":{\"@type\":\"EntryPoint\",\"urlTemplate\":\"https:\/\/www.encontramoema.com.br\/sobre\/?s={search_term_string}\"},\"query-input\":{\"@type\":\"PropertyValueSpecification\",\"valueRequired\":true,\"valueName\":\"search_term_string\"}}],\"inLanguage\":\"pt-BR\"},{\"@type\":\"Person\",\"@id\":\"https:\/\/www.encontramoema.com.br\/sobre\/#\/schema\/person\/3c3656d12b82130d77eba13c4ef23efa\",\"name\":\"Encontra Moema\",\"image\":{\"@type\":\"ImageObject\",\"inLanguage\":\"pt-BR\",\"@id\":\"https:\/\/www.encontramoema.com.br\/sobre\/#\/schema\/person\/image\/\",\"url\":\"https:\/\/secure.gravatar.com\/avatar\/0fbed662e37531ae23e68f85f9517b2454e50c1dfebf80eb9b721449ac95e0b9?s=96&d=mm&r=g\",\"contentUrl\":\"https:\/\/secure.gravatar.com\/avatar\/0fbed662e37531ae23e68f85f9517b2454e50c1dfebf80eb9b721449ac95e0b9?s=96&d=mm&r=g\",\"caption\":\"Encontra Moema\"},\"url\":\"https:\/\/www.encontramoema.com.br\/sobre\/author\/emoema\/\"}]}<\/script>\n<!-- \/ Yoast SEO plugin. -->","yoast_head_json":{"title":"De Moema a Perdizes, \u2018desvio\u2019 de im\u00f3vel popular para classe m\u00e9dia gera onda de devolu\u00e7\u00f5es na Justi\u00e7a - Encontra Moema","robots":{"index":"index","follow":"follow","max-snippet":"max-snippet:-1","max-image-preview":"max-image-preview:large","max-video-preview":"max-video-preview:-1"},"canonical":"https:\/\/www.encontramoema.com.br\/sobre\/de-moema-a-perdizes-desvio-de-imovel-popular-para-classe-media-gera-onda-de-devolucoes-na-justica\/","og_locale":"pt_BR","og_type":"article","og_title":"De Moema a Perdizes, \u2018desvio\u2019 de im\u00f3vel popular para classe m\u00e9dia gera onda de devolu\u00e7\u00f5es na Justi\u00e7a - Encontra Moema","og_description":"Desvio de im\u00f3veis populares gera devolu\u00e7\u00f5es e pol\u00eamicas na Justi\u00e7a.","og_url":"https:\/\/www.encontramoema.com.br\/sobre\/de-moema-a-perdizes-desvio-de-imovel-popular-para-classe-media-gera-onda-de-devolucoes-na-justica\/","og_site_name":"Encontra Moema","article_published_time":"2026-01-19T15:15:56+00:00","og_image":[{"url":"https:\/\/www.encontramoema.com.br\/sobre\/wp-content\/uploads\/2026\/01\/de-moema-a-perdizes-desvio-de-imovel-popular-para-classe-media-gera-onda-de-devolucoes-na-justica.webp","type":"","width":"","height":""}],"author":"Encontra Moema","twitter_card":"summary_large_image","twitter_misc":{"Escrito por":"Encontra Moema","Est. tempo de leitura":"9 minutos"},"schema":{"@context":"https:\/\/schema.org","@graph":[{"@type":"WebPage","@id":"https:\/\/www.encontramoema.com.br\/sobre\/de-moema-a-perdizes-desvio-de-imovel-popular-para-classe-media-gera-onda-de-devolucoes-na-justica\/","url":"https:\/\/www.encontramoema.com.br\/sobre\/de-moema-a-perdizes-desvio-de-imovel-popular-para-classe-media-gera-onda-de-devolucoes-na-justica\/","name":"De Moema a Perdizes, \u2018desvio\u2019 de im\u00f3vel popular para classe m\u00e9dia gera onda de devolu\u00e7\u00f5es na Justi\u00e7a - Encontra Moema","isPartOf":{"@id":"https:\/\/www.encontramoema.com.br\/sobre\/#website"},"primaryImageOfPage":{"@id":"https:\/\/www.encontramoema.com.br\/sobre\/de-moema-a-perdizes-desvio-de-imovel-popular-para-classe-media-gera-onda-de-devolucoes-na-justica\/#primaryimage"},"image":{"@id":"https:\/\/www.encontramoema.com.br\/sobre\/de-moema-a-perdizes-desvio-de-imovel-popular-para-classe-media-gera-onda-de-devolucoes-na-justica\/#primaryimage"},"thumbnailUrl":"https:\/\/www.encontramoema.com.br\/sobre\/wp-content\/uploads\/2026\/01\/de-moema-a-perdizes-desvio-de-imovel-popular-para-classe-media-gera-onda-de-devolucoes-na-justica.webp","datePublished":"2026-01-19T15:15:56+00:00","author":{"@id":"https:\/\/www.encontramoema.com.br\/sobre\/#\/schema\/person\/3c3656d12b82130d77eba13c4ef23efa"},"breadcrumb":{"@id":"https:\/\/www.encontramoema.com.br\/sobre\/de-moema-a-perdizes-desvio-de-imovel-popular-para-classe-media-gera-onda-de-devolucoes-na-justica\/#breadcrumb"},"inLanguage":"pt-BR","potentialAction":[{"@type":"ReadAction","target":["https:\/\/www.encontramoema.com.br\/sobre\/de-moema-a-perdizes-desvio-de-imovel-popular-para-classe-media-gera-onda-de-devolucoes-na-justica\/"]}]},{"@type":"ImageObject","inLanguage":"pt-BR","@id":"https:\/\/www.encontramoema.com.br\/sobre\/de-moema-a-perdizes-desvio-de-imovel-popular-para-classe-media-gera-onda-de-devolucoes-na-justica\/#primaryimage","url":"https:\/\/www.encontramoema.com.br\/sobre\/wp-content\/uploads\/2026\/01\/de-moema-a-perdizes-desvio-de-imovel-popular-para-classe-media-gera-onda-de-devolucoes-na-justica.webp","contentUrl":"https:\/\/www.encontramoema.com.br\/sobre\/wp-content\/uploads\/2026\/01\/de-moema-a-perdizes-desvio-de-imovel-popular-para-classe-media-gera-onda-de-devolucoes-na-justica.webp","width":280,"height":280,"caption":"desvio de im\u00f3vel popular"},{"@type":"BreadcrumbList","@id":"https:\/\/www.encontramoema.com.br\/sobre\/de-moema-a-perdizes-desvio-de-imovel-popular-para-classe-media-gera-onda-de-devolucoes-na-justica\/#breadcrumb","itemListElement":[{"@type":"ListItem","position":1,"name":"In\u00edcio","item":"https:\/\/www.encontramoema.com.br\/sobre\/"},{"@type":"ListItem","position":2,"name":"De Moema a Perdizes, \u2018desvio\u2019 de im\u00f3vel popular para classe m\u00e9dia gera onda de devolu\u00e7\u00f5es na Justi\u00e7a"}]},{"@type":"WebSite","@id":"https:\/\/www.encontramoema.com.br\/sobre\/#website","url":"https:\/\/www.encontramoema.com.br\/sobre\/","name":"Encontra Moema","description":"Not\u00edcias, eventos, informa\u00e7\u00f5es e dicas no bairro de Moema e regi\u00e3o.","potentialAction":[{"@type":"SearchAction","target":{"@type":"EntryPoint","urlTemplate":"https:\/\/www.encontramoema.com.br\/sobre\/?s={search_term_string}"},"query-input":{"@type":"PropertyValueSpecification","valueRequired":true,"valueName":"search_term_string"}}],"inLanguage":"pt-BR"},{"@type":"Person","@id":"https:\/\/www.encontramoema.com.br\/sobre\/#\/schema\/person\/3c3656d12b82130d77eba13c4ef23efa","name":"Encontra Moema","image":{"@type":"ImageObject","inLanguage":"pt-BR","@id":"https:\/\/www.encontramoema.com.br\/sobre\/#\/schema\/person\/image\/","url":"https:\/\/secure.gravatar.com\/avatar\/0fbed662e37531ae23e68f85f9517b2454e50c1dfebf80eb9b721449ac95e0b9?s=96&d=mm&r=g","contentUrl":"https:\/\/secure.gravatar.com\/avatar\/0fbed662e37531ae23e68f85f9517b2454e50c1dfebf80eb9b721449ac95e0b9?s=96&d=mm&r=g","caption":"Encontra Moema"},"url":"https:\/\/www.encontramoema.com.br\/sobre\/author\/emoema\/"}]}},"_links":{"self":[{"href":"https:\/\/www.encontramoema.com.br\/sobre\/wp-json\/wp\/v2\/posts\/20942","targetHints":{"allow":["GET"]}}],"collection":[{"href":"https:\/\/www.encontramoema.com.br\/sobre\/wp-json\/wp\/v2\/posts"}],"about":[{"href":"https:\/\/www.encontramoema.com.br\/sobre\/wp-json\/wp\/v2\/types\/post"}],"author":[{"embeddable":true,"href":"https:\/\/www.encontramoema.com.br\/sobre\/wp-json\/wp\/v2\/users\/1"}],"replies":[{"embeddable":true,"href":"https:\/\/www.encontramoema.com.br\/sobre\/wp-json\/wp\/v2\/comments?post=20942"}],"version-history":[{"count":0,"href":"https:\/\/www.encontramoema.com.br\/sobre\/wp-json\/wp\/v2\/posts\/20942\/revisions"}],"wp:featuredmedia":[{"embeddable":true,"href":"https:\/\/www.encontramoema.com.br\/sobre\/wp-json\/wp\/v2\/media\/20941"}],"wp:attachment":[{"href":"https:\/\/www.encontramoema.com.br\/sobre\/wp-json\/wp\/v2\/media?parent=20942"}],"wp:term":[{"taxonomy":"category","embeddable":true,"href":"https:\/\/www.encontramoema.com.br\/sobre\/wp-json\/wp\/v2\/categories?post=20942"},{"taxonomy":"post_tag","embeddable":true,"href":"https:\/\/www.encontramoema.com.br\/sobre\/wp-json\/wp\/v2\/tags?post=20942"}],"curies":[{"name":"wp","href":"https:\/\/api.w.org\/{rel}","templated":true}]}}