{"id":20960,"date":"2026-01-22T12:16:48","date_gmt":"2026-01-22T15:16:48","guid":{"rendered":"https:\/\/www.encontramoema.com.br\/sobre\/papa-nomeia-bispo-coadjutor-para-a-diocese-de-criciuma-sc\/"},"modified":"2026-01-22T12:16:48","modified_gmt":"2026-01-22T15:16:48","slug":"papa-nomeia-bispo-coadjutor-para-a-diocese-de-criciuma-sc","status":"publish","type":"post","link":"https:\/\/www.encontramoema.com.br\/sobre\/papa-nomeia-bispo-coadjutor-para-a-diocese-de-criciuma-sc\/","title":{"rendered":"Papa nomeia bispo coadjutor para a diocese de Crici\u00fama (SC)"},"content":{"rendered":"<div class=\"b7f545a958fd6350ffae2d30a84cafb8\" data-index=\"1\" style=\"float: none; margin:0px;\">\n<!-- Anuncio display - global -->\r\n<ins class=\"adsbygoogle\"\r\n     style=\"display:block\"\r\n     data-ad-client=\"ca-pub-8585364105181520\"\r\n     data-ad-slot=\"8789329856\"\r\n     data-ad-format=\"auto\"\r\n     data-full-width-responsive=\"true\"><\/ins>\r\n<script>\r\n     (adsbygoogle = window.adsbygoogle || []).push({});\r\n<\/script>\n<\/div>\n<h2>Quem \u00e9 o monsenhor Milton Zonta?<\/h2>\n<p>O monsenhor Milton Zonta, S.D.S, \u00e9 um religioso da Sociedade do Divino Salvador, conhecido por sua s\u00f3lida forma\u00e7\u00e3o teol\u00f3gica e longa trajet\u00f3ria na Igreja Cat\u00f3lica brasileira. Ele nasceu em 2 de junho de 1960, em Videira, Santa Catarina, e sua vida religiosa come\u00e7ou cedo, com a entrada no Semin\u00e1rio Menor dos Salvatorianos em 1975. Zonta foi ordenado di\u00e1cono em 29 de junho de 1986 e presb\u00edtero em 17 de janeiro de 1987, em sua cidade natal, e desde ent\u00e3o tem se dedicado ao minist\u00e9rio, ocupando diversas fun\u00e7\u00f5es tanto em sua diocese quanto em contextos mais amplos.<\/p>\n<p>A forma\u00e7\u00e3o acad\u00eamica de Zonta \u00e9 diversificada e inclui gradua\u00e7\u00e3o em Orienta\u00e7\u00e3o e Supervis\u00e3o Pedag\u00f3gica, Filosofia e Teologia, al\u00e9m de cursos de especializa\u00e7\u00e3o, como um curso intensivo em Metodologia de Planejamento Pastoral Latino-americano na Pontif\u00edcia Universidade Javeriana, em Bogot\u00e1. Essa bagagem teol\u00f3gica e pr\u00e1tica influenciou significativamente seu trabalho pastoral ao longo dos anos.<\/p>\n<p>Antes de ser nomeado bispo coadjutor para a diocese de Crici\u00fama, Zonta exerceu variados pap\u00e9is, incluindo vig\u00e1rio paroquial, promotor vocacional provincial e superior geral da Sociedade do Divino Salvador. Como superior geral, Zonta estava baseado em Roma entre 2012 e 2024, o que lhe proporcionou uma vis\u00e3o ampla das necessidades da Igreja em diferentes contextos. Sua nomea\u00e7\u00e3o, anunciada pelo Papa Le\u00e3o XIV, ocorre em um momento em que ele retorna a um papel mais direto na pastoral brasileira ap\u00f3s uma significativa experi\u00eancia internacional.<\/p>\n<p><img decoding=\"async\" src=\"https:\/\/www.encontramoema.com.br\/sobre\/wp-content\/uploads\/2026\/01\/papa-nomeia-bispo-coadjutor-para-a-diocese-de-criciuma-sc.webp\" alt=\"bispo coadjutor\" loading=\"lazy\" \/><\/p>\n<h2>A import\u00e2ncia do bispo coadjutor<\/h2>\n<p>A figura do bispo coadjutor \u00e9 de suma import\u00e2ncia dentro da estrutura da Igreja Cat\u00f3lica, principalmente em dioceses que necessitam de uma gest\u00e3o pastoral robusta e colaborativa. O bispo coadjutor tem como fun\u00e7\u00e3o principal auxiliar o bispo diocesano, que, neste caso, \u00e9 Dom Jacinto In\u00e1cio Flach, e est\u00e1 incumbido de ajudar no gerenciamento das atividades diocesanas, bem como na lideran\u00e7a espiritual e pastoral da comunidade cat\u00f3lica local.<\/p>\n<p>Uma das caracter\u00edsticas distintivas do bispo coadjutor \u00e9 o direito \u00e0 sucess\u00e3o, ou seja, quando o bispo diocesano se aposenta ou \u00e9 transferido, o coadjutor automaticamente assume a lideran\u00e7a da diocese. Isso n\u00e3o apenas garante continuidade na lideran\u00e7a, mas tamb\u00e9m representa um per\u00edodo de transi\u00e7\u00e3o mais suave, pois o coadjutor j\u00e1 est\u00e1 familiarizado com os desafios e necessidades da comunidade.<\/p>\n<p>Al\u00e9m disso, a nomea\u00e7\u00e3o de um bispo coadjutor permite \u00e0 diocese refor\u00e7ar suas atividades pastorais e mission\u00e1rias. O novo bispo auxilia nas visitas \u00e0s par\u00f3quias, na celebra\u00e7\u00e3o de sacramentos e na promo\u00e7\u00e3o de atividades sociais e espirituais. Essa presen\u00e7a ativa \u00e9 crucial para fortalecer a liga\u00e7\u00e3o da Igreja com os fi\u00e9is, responder \u00e0s necessidades da comunidade e promover um ambiente de di\u00e1logo e crescimento espiritual.<\/p>\n<h2>O papel da CNBB na nomea\u00e7\u00e3o<\/h2>\n<p>A Confer\u00eancia Nacional dos Bispos do Brasil (CNBB) desempenha um papel vital na estrutura organizacional da Igreja Cat\u00f3lica no Brasil, sendo um canal de comunica\u00e7\u00e3o e coordena\u00e7\u00e3o entre as dioceses e o Vaticano. A CNBB \u00e9 respons\u00e1vel por diversas atribui\u00e7\u00f5es administrativas, sociais e pastorais que visam n\u00e3o apenas governar a Igreja de forma eficiente, mas tamb\u00e9m promover a evangeliza\u00e7\u00e3o e o servi\u00e7o social dentro da sociedade brasileira.<\/p>\n<p>No caso da nomea\u00e7\u00e3o do novo bispo coadjutor Milton Zonta, a CNBB teve um papel importante ao assegurar que pessoas qualificadas e com experi\u00eancia comprovada sejam escolhidas para posi\u00e7\u00f5es de lideran\u00e7a. A sauda\u00e7\u00e3o oficial da CNBB ao novo bispo evidencia o reconhecimento da experi\u00eancia espiritual e pastoral de Zonta. A confer\u00eancia expressou sua confian\u00e7a na capacidade do novo bispo de contribuir positivamente para a evangeliza\u00e7\u00e3o e o fortalecimento da pastoral na Diocese de Crici\u00fama.<\/p>\n<p>Al\u00e9m disso, a CNBB organiza eventos, encontros e forma\u00e7\u00f5es que facilitam a integra\u00e7\u00e3o entre os bispos e a atualiza\u00e7\u00e3o nas tem\u00e1ticas relevantes para a Igreja e a sociedade. Isso ajuda a construir uma rede de apoio entre os l\u00edderes e fortalece a comunica\u00e7\u00e3o sobre os desafios que a Igreja enfrenta em territ\u00f3rio nacional.<\/p>\n<h2>Como ser\u00e1 a transi\u00e7\u00e3o na diocese?<\/h2>\n<p>A transi\u00e7\u00e3o na Diocese de Crici\u00fama, agora com a inclus\u00e3o de Milton Zonta como bispo coadjutor, \u00e9 um processo que acontece de maneira planejada e gradual. Em geral, o bispo coadjutor inicia suas atividades observando e colaborando com o bispo diocesano, aprendendo sobre a cultura local, as necessidades da comunidade e as pr\u00e1ticas pastorais vigentes.<\/p>\n<p>Durante esse tempo inicial, espera-se que Zonta se familiarize ainda mais com as par\u00f3quias, grupos de f\u00e9 e movimentos sociais da diocese. Essa intera\u00e7\u00e3o \u00e9 essencial para que ele possa entender melhor o funcionamento da Igreja local e formar la\u00e7os com os fi\u00e9is. Meetings regulares e encontros com l\u00edderes comunit\u00e1rios e coordenadores de pastorais s\u00e3o componentes cr\u00edticos neste per\u00edodo de transi\u00e7\u00e3o.<\/p>\n<p>\u00c9 importante tamb\u00e9m que a comunica\u00e7\u00e3o entre a lideran\u00e7a atual e o novo bispo coadjutor seja frequente e transparente. Isso n\u00e3o apenas assentar\u00e1 um ambiente de confian\u00e7a, mas tamb\u00e9m permitir\u00e1 que a comunidade se sinta inclu\u00edda no processo. Assim, a transi\u00e7\u00e3o se transforma em uma oportunidade n\u00e3o apenas de mudan\u00e7a, mas de crescimento e renova\u00e7\u00e3o espiritual para toda a diocese.<\/p>\n<h2>As expectativas para a comunidade de Crici\u00fama<\/h2>\n<p>Com a chegada do monsenhor Milton Zonta, as expectativas para a comunidade de Crici\u00fama s\u00e3o positivas e promissoras. Os fi\u00e9is da diocese esperam que o novo bispo coadjutor traga uma renova\u00e7\u00e3o no entusiasmo mission\u00e1rio e uma maior proximidade com as vidas e desafios enfrentados pelos paroquianos. Sua vasta experi\u00eancia em diferentes contextos e seu forte compromisso com a evangeliza\u00e7\u00e3o devem reverberar em a\u00e7\u00f5es concretas que beneficiem a comunidade local.<\/p>\n<p>A presen\u00e7a de Zonta na diocese poder\u00e1 conduzir a um fortalecimento das atividades de forma\u00e7\u00e3o religiosa, especialmente entre os jovens. Uma abordagem focada na pastoral juvenil pode inspirar novas gera\u00e7\u00f5es a se envolverem ativamente na vida da Igreja, garantindo uma continuidade da f\u00e9 entre os mais novos. Al\u00e9m disso, espera-se que haja um suporte mais forte para iniciativas sociais, como as que lidam com pobreza, educa\u00e7\u00e3o e sa\u00fade, refletindo o compromisso da Igreja Cat\u00f3lica com a justi\u00e7a social e a solidariedade.<\/p>\n<p>Os desafios sociais enfrentados pela comunidade, como quest\u00f5es de desigualdade, juventude em risco e a necessidade de inclus\u00e3o social, tamb\u00e9m est\u00e3o nas pautas das expectativas dos fi\u00e9is. Com a lideran\u00e7a do novo bispo coadjutor, a Diocese de Crici\u00fama poder\u00e1 encontrar novas maneiras de confrontar essas quest\u00f5es, oferecendo respostas pr\u00e1ticas e espirituais que atendam \u00e0s necessidades da popula\u00e7\u00e3o local. Assim, a comunidade pode esperar n\u00e3o somente deslocamentos dentro da concreto espiritual, mas uma renovada esperan\u00e7a no futuro.<\/p>\n<h2>Perfil e trajet\u00f3ria de Milton Zonta<\/h2>\n<p>O perfil de Milton Zonta \u00e9 um testemunho de dedica\u00e7\u00e3o e perseveran\u00e7a. Desde sua juventude, Zonta se mostrou comprometido com a miss\u00e3o de servir aos outros. Sua forma\u00e7\u00e3o acad\u00eamica mostra n\u00e3o apenas uma \u00eanfase em conhecimentos teol\u00f3gicos, mas tamb\u00e9m uma forte educa\u00e7\u00e3o pastoral, essencial para lidar com as complexidades da vida moderna enfrentadas pelos cat\u00f3licos.<\/p>\n<p>Al\u00e9m das credenciais acad\u00eamicas, seu trabalho na Sociedade do Divino Salvador contribuiu significativamente para sua trajet\u00f3ria. Como superior geral, Zonta estava em um papel de lideran\u00e7a que demandava vis\u00e3o estrat\u00e9gica e capacidade de inspirar outros religiosos. Esse papel lhe proporcionou a oportunidade de estar em contato com realidades diversas e desafiadoras na Igreja Cat\u00f3lica ao redor do mundo, o que o municiou com uma perspectiva global. Essa experi\u00eancia \u00e9 particularmente relevante na atualidade, j\u00e1 que muitas dioceses enfrentam mudan\u00e7as sociais e culturais r\u00e1pidas.<\/p>\n<p>\u00c9 tamb\u00e9m de destacar sua atua\u00e7\u00e3o como mission\u00e1rio e promotor vocacional. Zonta tem um hist\u00f3rico de incentivo ao fortalecimento de voca\u00e7\u00f5es, que s\u00e3o essenciais para a continuidade e sa\u00fade da Igreja. Essa caracter\u00edstica mostra um comprometimento com o futuro da vida religiosa e uma sensibilidade para o chamado de jovens a servir na f\u00e9. O fato de ter servido como promotor vocacional tamb\u00e9m indica que ele est\u00e1 intimamente conectado com as preocupa\u00e7\u00f5es e necessidades das novas gera\u00e7\u00f5es dentro da Igreja.<\/p>\n<h2>O que faz um bispo coadjutor?<\/h2>\n<p>A fun\u00e7\u00e3o de um bispo coadjutor pode ser entendida como uma extens\u00e3o do trabalho de um bispo diocesano, embora com algumas diferen\u00e7as significativas. O bispo coadjutor tem especificamente a responsabilidade de auxiliar o bispo titular nas tarefas diocesanas, o que envolve um amplo leque de atividades pastorais, administrativas e de lideran\u00e7a.<\/p>\n<p>Uma das principais tarefas de um bispo coadjutor \u00e9 participar ativamente das celebra\u00e7\u00f5es lit\u00fargicas e outros eventos diocesanos. Essa presen\u00e7a \u00e9 importante para fortalecer a vida espiritual da comunidade e incentivar a participa\u00e7\u00e3o dos fi\u00e9is. O bispo coadjutor tamb\u00e9m age como um elo vital entre a lideran\u00e7a da diocese e os paroquianos, frequentemente ouvindo suas preocupa\u00e7\u00f5es e trabalhando para abord\u00e1-las de maneira efetiva.<\/p>\n<p>Al\u00e9m disso, o bispo coadjutor tende a se envolver na coordena\u00e7\u00e3o de diversas pastorais e movimentos, garantindo que as diferentes \u00e1reas da a\u00e7\u00e3o e evangeliza\u00e7\u00e3o da diocese estejam alinhadas com a miss\u00e3o da Igreja. Essa coordena\u00e7\u00e3o tamb\u00e9m \u00e9 essencial para a implementa\u00e7\u00e3o de projetos sociais e pastorais mais amplos.<\/p>\n<p>Uma fun\u00e7\u00e3o importante tamb\u00e9m \u00e9 a de pregar e ensinar, o que \u00e9 fundamental para a forma\u00e7\u00e3o cont\u00ednua dos sacerdotes e dos leigos da diocese. Essa responsabilidade educacional permite que um bispo coadjutor contribua para a solidifica\u00e7\u00e3o da doutrina cat\u00f3lica e o fortalecimento da vida espiritual da comunidade de f\u00e9.<\/p>\n<h2>Implica\u00e7\u00f5es da nomea\u00e7\u00e3o para a diocese<\/h2>\n<p>A nomea\u00e7\u00e3o do monsenhor Milton Zonta como bispo coadjutor para a Diocese de Crici\u00fama traz consigo v\u00e1rias implica\u00e7\u00f5es significativas para a comunidade e para a estrutura organizacional da diocese. Em primeiro lugar, a presen\u00e7a de Zonta deve contribuir para a moderniza\u00e7\u00e3o e revitaliza\u00e7\u00e3o das pr\u00e1ticas pastorais. Sua explora\u00e7\u00e3o de novos m\u00e9todos de evangeliza\u00e7\u00e3o e abordagens inovadoras pode estimular um crescimento din\u00e2mico na comunidade cat\u00f3lica local.<\/p>\n<p>Al\u00e9m disso, a nomea\u00e7\u00e3o possui um car\u00e1cter estrat\u00e9gico em termos de sucess\u00e3o episcopal. Com a defini\u00e7\u00e3o de um coadjutor, a diocese se estabelece em um per\u00edodo de estabilidade, evitando potenciais lacunas na lideran\u00e7a e na continuidade dos projetos e iniciativas em andamento. Isso \u00e9 particularmente importante em uma \u00e9poca em que a Igreja busca se adaptar \u00e0s crescentes demandas sociais e \u00e0s transforma\u00e7\u00f5es nos costumes e nas expectativas dos fi\u00e9is.<\/p>\n<p>Outro ponto importante \u00e9 o fortalecimento da inclus\u00e3o social e do di\u00e1logo inter-religioso. Zonta, com sua experi\u00eancia em miss\u00e3o e orienta\u00e7\u00e3o pastoral, est\u00e1 apto a promover conex\u00f5es mais fortes com diferentes grupos dentro da sociedade. A Igreja Cat\u00f3lica, por meio desse dialogo, pode se posicionar como um agente de mudan\u00e7a positiva em quest\u00f5es sociais cr\u00edticas que afetam a comunidade.<\/p>\n<h2>A hist\u00f3ria da Diocese de Crici\u00fama<\/h2>\n<p>A Diocese de Crici\u00fama, situada no estado de Santa Catarina, tem uma rica hist\u00f3ria que remonta \u00e0 d\u00e9cada de 1950, quando foi criada a partir da divis\u00e3o da ent\u00e3o Diocese de Florian\u00f3polis. Com o objetivo de atender a crescente popula\u00e7\u00e3o cat\u00f3lica na regi\u00e3o, a diocese foi oficialmente estabelecida em 1956. Desde ent\u00e3o, sua evolu\u00e7\u00e3o acompanhou o desenvolvimento econ\u00f4mico e social da regi\u00e3o, principalmente ligado \u00e0 industrializa\u00e7\u00e3o que caracterizou o sul do Brasil.<\/p>\n<p>Ao longo das d\u00e9cadas, a Diocese de Crici\u00fama cresceu e se diversificou, com a funda\u00e7\u00e3o de v\u00e1rias par\u00f3quias, institui\u00e7\u00f5es educativas e obras sociais. Este crescimento \u00e9 um reflexo da intensa atividade mission\u00e1ria, que sempre foi uma prioridade para a diocese. A presen\u00e7a de comunidades imigrantes, especialmente de origem italiana, tamb\u00e9m contribuiu para a forma\u00e7\u00e3o de uma identidade \u00fanica dentro da Igreja Cat\u00f3lica no Brasil.<\/p>\n<p>Nos dias atuais, a diocese enfrenta desafios t\u00edpicos de muitas outras comunidades de f\u00e9, como a diminui\u00e7\u00e3o do n\u00famero de voca\u00e7\u00f5es e a necessidade de encontrar novas maneiras de engajar a juventude e as fam\u00edlias. Entretanto, a diocese se mostra resiliente, continuando a buscar formas de se adaptar e permanecer relevante em um mundo em constante mudan\u00e7a.<\/p>\n<h2>O impacto nas atividades mission\u00e1rias<\/h2>\n<p>Com a nomea\u00e7\u00e3o do monsenhor Milton Zonta como bispo coadjutor, espera-se que haja um impacto positivo e revigorante nas atividades mission\u00e1rias da Diocese de Crici\u00fama. A experi\u00eancia de Zonta em v\u00e1rias frentes pastorais e miss\u00f5es leigas pode trazer novas diretrizes e energias para as equipes mission\u00e1rias que atuam na diocese.<\/p>\n<p>As atividades mission\u00e1rias s\u00e3o fundamentais para a Igreja, pois s\u00e3o muitas das vezes a primeiro contato que pessoas n\u00e3o cat\u00f3licas t\u00eam com a atua\u00e7\u00e3o da Igreja. Portanto, a abordagem humana e acess\u00edvel que Zonta pode proporcionar ser\u00e1 vital para alcan\u00e7ar novos fi\u00e9is e nutrir aqueles que j\u00e1 fazem parte da comunidade. Essas atividades podem incluir desde campanhas de evangeliza\u00e7\u00e3o at\u00e9 servi\u00e7os sociais que abordem quest\u00f5es como pobreza e educa\u00e7\u00e3o.<\/p>\n<p>Al\u00e9m disso, a experi\u00eancia de Zonta em planejamento pastoral pode ajudar na estrutura\u00e7\u00e3o de projetos de longo prazo, garantido que estejam alinhados com as necessidades da comunidade. Isso \u00e9 especialmente relevante considerando os desafios contempor\u00e2neos enfrentados pela sociedade brasileira, onde a determina\u00e7\u00e3o da Igreja em ser um agente de transforma\u00e7\u00e3o social precisa ser um princ\u00edpio em todas as fazendas da vida religiosa.<\/p>\n<p>Embora o cen\u00e1rio apresenta desafios, a expectativa \u00e9 que a chegada do novo bispo coadjutor ser\u00e1 um ponto de virada significativo para a diocese de Crici\u00fama, permitindo que ela continue a miss\u00e3o de evangeliza\u00e7\u00e3o com renovado vigor e sentido, impactando de maneira positiva todos os \u00e2mbitos de atua\u00e7\u00e3o social e espiritual na regi\u00e3o.<\/p>\n\n<div style=\"font-size: 0px; height: 0px; line-height: 0px; margin: 0; padding: 0; clear: both;\"><\/div>","protected":false},"excerpt":{"rendered":"<p>Papa nomeia bispo coadjutor para a Diocese de Crici\u00fama, trazendo mudan\u00e7a significativa.<\/p>\n","protected":false},"author":1,"featured_media":20959,"comment_status":"closed","ping_status":"closed","sticky":false,"template":"","format":"standard","meta":{"footnotes":""},"categories":[1],"tags":[],"class_list":["post-20960","post","type-post","status-publish","format-standard","has-post-thumbnail","hentry","category-noticias-em-moema","has_thumb"],"yoast_head":"<!-- This site is optimized with the Yoast SEO plugin v26.3 - https:\/\/yoast.com\/wordpress\/plugins\/seo\/ -->\n<title>Papa nomeia bispo coadjutor para a diocese de Crici\u00fama (SC) - Encontra Moema<\/title>\n<meta name=\"robots\" content=\"index, follow, max-snippet:-1, max-image-preview:large, max-video-preview:-1\" \/>\n<link rel=\"canonical\" href=\"https:\/\/www.encontramoema.com.br\/sobre\/papa-nomeia-bispo-coadjutor-para-a-diocese-de-criciuma-sc\/\" \/>\n<meta property=\"og:locale\" content=\"pt_BR\" \/>\n<meta property=\"og:type\" content=\"article\" \/>\n<meta property=\"og:title\" content=\"Papa nomeia bispo coadjutor para a diocese de Crici\u00fama (SC) - Encontra Moema\" \/>\n<meta property=\"og:description\" content=\"Papa nomeia bispo coadjutor para a Diocese de Crici\u00fama, trazendo mudan\u00e7a significativa.\" \/>\n<meta property=\"og:url\" content=\"https:\/\/www.encontramoema.com.br\/sobre\/papa-nomeia-bispo-coadjutor-para-a-diocese-de-criciuma-sc\/\" \/>\n<meta property=\"og:site_name\" content=\"Encontra Moema\" \/>\n<meta property=\"article:published_time\" content=\"2026-01-22T15:16:48+00:00\" \/>\n<meta property=\"og:image\" content=\"https:\/\/www.encontramoema.com.br\/sobre\/wp-content\/uploads\/2026\/01\/papa-nomeia-bispo-coadjutor-para-a-diocese-de-criciuma-sc.webp\" \/>\n<meta name=\"author\" content=\"Encontra Moema\" \/>\n<meta name=\"twitter:card\" content=\"summary_large_image\" \/>\n<meta name=\"twitter:label1\" content=\"Escrito por\" \/>\n\t<meta name=\"twitter:data1\" content=\"Encontra Moema\" \/>\n\t<meta name=\"twitter:label2\" content=\"Est. tempo de leitura\" \/>\n\t<meta name=\"twitter:data2\" content=\"12 minutos\" \/>\n<script type=\"application\/ld+json\" class=\"yoast-schema-graph\">{\"@context\":\"https:\/\/schema.org\",\"@graph\":[{\"@type\":\"WebPage\",\"@id\":\"https:\/\/www.encontramoema.com.br\/sobre\/papa-nomeia-bispo-coadjutor-para-a-diocese-de-criciuma-sc\/\",\"url\":\"https:\/\/www.encontramoema.com.br\/sobre\/papa-nomeia-bispo-coadjutor-para-a-diocese-de-criciuma-sc\/\",\"name\":\"Papa nomeia bispo coadjutor para a diocese de Crici\u00fama (SC) - Encontra Moema\",\"isPartOf\":{\"@id\":\"https:\/\/www.encontramoema.com.br\/sobre\/#website\"},\"primaryImageOfPage\":{\"@id\":\"https:\/\/www.encontramoema.com.br\/sobre\/papa-nomeia-bispo-coadjutor-para-a-diocese-de-criciuma-sc\/#primaryimage\"},\"image\":{\"@id\":\"https:\/\/www.encontramoema.com.br\/sobre\/papa-nomeia-bispo-coadjutor-para-a-diocese-de-criciuma-sc\/#primaryimage\"},\"thumbnailUrl\":\"https:\/\/www.encontramoema.com.br\/sobre\/wp-content\/uploads\/2026\/01\/papa-nomeia-bispo-coadjutor-para-a-diocese-de-criciuma-sc.webp\",\"datePublished\":\"2026-01-22T15:16:48+00:00\",\"author\":{\"@id\":\"https:\/\/www.encontramoema.com.br\/sobre\/#\/schema\/person\/3c3656d12b82130d77eba13c4ef23efa\"},\"breadcrumb\":{\"@id\":\"https:\/\/www.encontramoema.com.br\/sobre\/papa-nomeia-bispo-coadjutor-para-a-diocese-de-criciuma-sc\/#breadcrumb\"},\"inLanguage\":\"pt-BR\",\"potentialAction\":[{\"@type\":\"ReadAction\",\"target\":[\"https:\/\/www.encontramoema.com.br\/sobre\/papa-nomeia-bispo-coadjutor-para-a-diocese-de-criciuma-sc\/\"]}]},{\"@type\":\"ImageObject\",\"inLanguage\":\"pt-BR\",\"@id\":\"https:\/\/www.encontramoema.com.br\/sobre\/papa-nomeia-bispo-coadjutor-para-a-diocese-de-criciuma-sc\/#primaryimage\",\"url\":\"https:\/\/www.encontramoema.com.br\/sobre\/wp-content\/uploads\/2026\/01\/papa-nomeia-bispo-coadjutor-para-a-diocese-de-criciuma-sc.webp\",\"contentUrl\":\"https:\/\/www.encontramoema.com.br\/sobre\/wp-content\/uploads\/2026\/01\/papa-nomeia-bispo-coadjutor-para-a-diocese-de-criciuma-sc.webp\",\"width\":280,\"height\":280,\"caption\":\"bispo coadjutor\"},{\"@type\":\"BreadcrumbList\",\"@id\":\"https:\/\/www.encontramoema.com.br\/sobre\/papa-nomeia-bispo-coadjutor-para-a-diocese-de-criciuma-sc\/#breadcrumb\",\"itemListElement\":[{\"@type\":\"ListItem\",\"position\":1,\"name\":\"In\u00edcio\",\"item\":\"https:\/\/www.encontramoema.com.br\/sobre\/\"},{\"@type\":\"ListItem\",\"position\":2,\"name\":\"Papa nomeia bispo coadjutor para a diocese de Crici\u00fama (SC)\"}]},{\"@type\":\"WebSite\",\"@id\":\"https:\/\/www.encontramoema.com.br\/sobre\/#website\",\"url\":\"https:\/\/www.encontramoema.com.br\/sobre\/\",\"name\":\"Encontra Moema\",\"description\":\"Not\u00edcias, eventos, informa\u00e7\u00f5es e dicas no bairro de Moema e regi\u00e3o.\",\"potentialAction\":[{\"@type\":\"SearchAction\",\"target\":{\"@type\":\"EntryPoint\",\"urlTemplate\":\"https:\/\/www.encontramoema.com.br\/sobre\/?s={search_term_string}\"},\"query-input\":{\"@type\":\"PropertyValueSpecification\",\"valueRequired\":true,\"valueName\":\"search_term_string\"}}],\"inLanguage\":\"pt-BR\"},{\"@type\":\"Person\",\"@id\":\"https:\/\/www.encontramoema.com.br\/sobre\/#\/schema\/person\/3c3656d12b82130d77eba13c4ef23efa\",\"name\":\"Encontra Moema\",\"image\":{\"@type\":\"ImageObject\",\"inLanguage\":\"pt-BR\",\"@id\":\"https:\/\/www.encontramoema.com.br\/sobre\/#\/schema\/person\/image\/\",\"url\":\"https:\/\/secure.gravatar.com\/avatar\/0fbed662e37531ae23e68f85f9517b2454e50c1dfebf80eb9b721449ac95e0b9?s=96&d=mm&r=g\",\"contentUrl\":\"https:\/\/secure.gravatar.com\/avatar\/0fbed662e37531ae23e68f85f9517b2454e50c1dfebf80eb9b721449ac95e0b9?s=96&d=mm&r=g\",\"caption\":\"Encontra Moema\"},\"url\":\"https:\/\/www.encontramoema.com.br\/sobre\/author\/emoema\/\"}]}<\/script>\n<!-- \/ Yoast SEO plugin. -->","yoast_head_json":{"title":"Papa nomeia bispo coadjutor para a diocese de Crici\u00fama (SC) - Encontra Moema","robots":{"index":"index","follow":"follow","max-snippet":"max-snippet:-1","max-image-preview":"max-image-preview:large","max-video-preview":"max-video-preview:-1"},"canonical":"https:\/\/www.encontramoema.com.br\/sobre\/papa-nomeia-bispo-coadjutor-para-a-diocese-de-criciuma-sc\/","og_locale":"pt_BR","og_type":"article","og_title":"Papa nomeia bispo coadjutor para a diocese de Crici\u00fama (SC) - Encontra Moema","og_description":"Papa nomeia bispo coadjutor para a Diocese de Crici\u00fama, trazendo mudan\u00e7a significativa.","og_url":"https:\/\/www.encontramoema.com.br\/sobre\/papa-nomeia-bispo-coadjutor-para-a-diocese-de-criciuma-sc\/","og_site_name":"Encontra Moema","article_published_time":"2026-01-22T15:16:48+00:00","og_image":[{"url":"https:\/\/www.encontramoema.com.br\/sobre\/wp-content\/uploads\/2026\/01\/papa-nomeia-bispo-coadjutor-para-a-diocese-de-criciuma-sc.webp","type":"","width":"","height":""}],"author":"Encontra Moema","twitter_card":"summary_large_image","twitter_misc":{"Escrito por":"Encontra Moema","Est. tempo de leitura":"12 minutos"},"schema":{"@context":"https:\/\/schema.org","@graph":[{"@type":"WebPage","@id":"https:\/\/www.encontramoema.com.br\/sobre\/papa-nomeia-bispo-coadjutor-para-a-diocese-de-criciuma-sc\/","url":"https:\/\/www.encontramoema.com.br\/sobre\/papa-nomeia-bispo-coadjutor-para-a-diocese-de-criciuma-sc\/","name":"Papa nomeia bispo coadjutor para a diocese de Crici\u00fama (SC) - Encontra Moema","isPartOf":{"@id":"https:\/\/www.encontramoema.com.br\/sobre\/#website"},"primaryImageOfPage":{"@id":"https:\/\/www.encontramoema.com.br\/sobre\/papa-nomeia-bispo-coadjutor-para-a-diocese-de-criciuma-sc\/#primaryimage"},"image":{"@id":"https:\/\/www.encontramoema.com.br\/sobre\/papa-nomeia-bispo-coadjutor-para-a-diocese-de-criciuma-sc\/#primaryimage"},"thumbnailUrl":"https:\/\/www.encontramoema.com.br\/sobre\/wp-content\/uploads\/2026\/01\/papa-nomeia-bispo-coadjutor-para-a-diocese-de-criciuma-sc.webp","datePublished":"2026-01-22T15:16:48+00:00","author":{"@id":"https:\/\/www.encontramoema.com.br\/sobre\/#\/schema\/person\/3c3656d12b82130d77eba13c4ef23efa"},"breadcrumb":{"@id":"https:\/\/www.encontramoema.com.br\/sobre\/papa-nomeia-bispo-coadjutor-para-a-diocese-de-criciuma-sc\/#breadcrumb"},"inLanguage":"pt-BR","potentialAction":[{"@type":"ReadAction","target":["https:\/\/www.encontramoema.com.br\/sobre\/papa-nomeia-bispo-coadjutor-para-a-diocese-de-criciuma-sc\/"]}]},{"@type":"ImageObject","inLanguage":"pt-BR","@id":"https:\/\/www.encontramoema.com.br\/sobre\/papa-nomeia-bispo-coadjutor-para-a-diocese-de-criciuma-sc\/#primaryimage","url":"https:\/\/www.encontramoema.com.br\/sobre\/wp-content\/uploads\/2026\/01\/papa-nomeia-bispo-coadjutor-para-a-diocese-de-criciuma-sc.webp","contentUrl":"https:\/\/www.encontramoema.com.br\/sobre\/wp-content\/uploads\/2026\/01\/papa-nomeia-bispo-coadjutor-para-a-diocese-de-criciuma-sc.webp","width":280,"height":280,"caption":"bispo coadjutor"},{"@type":"BreadcrumbList","@id":"https:\/\/www.encontramoema.com.br\/sobre\/papa-nomeia-bispo-coadjutor-para-a-diocese-de-criciuma-sc\/#breadcrumb","itemListElement":[{"@type":"ListItem","position":1,"name":"In\u00edcio","item":"https:\/\/www.encontramoema.com.br\/sobre\/"},{"@type":"ListItem","position":2,"name":"Papa nomeia bispo coadjutor para a diocese de Crici\u00fama (SC)"}]},{"@type":"WebSite","@id":"https:\/\/www.encontramoema.com.br\/sobre\/#website","url":"https:\/\/www.encontramoema.com.br\/sobre\/","name":"Encontra Moema","description":"Not\u00edcias, eventos, informa\u00e7\u00f5es e dicas no bairro de Moema e regi\u00e3o.","potentialAction":[{"@type":"SearchAction","target":{"@type":"EntryPoint","urlTemplate":"https:\/\/www.encontramoema.com.br\/sobre\/?s={search_term_string}"},"query-input":{"@type":"PropertyValueSpecification","valueRequired":true,"valueName":"search_term_string"}}],"inLanguage":"pt-BR"},{"@type":"Person","@id":"https:\/\/www.encontramoema.com.br\/sobre\/#\/schema\/person\/3c3656d12b82130d77eba13c4ef23efa","name":"Encontra Moema","image":{"@type":"ImageObject","inLanguage":"pt-BR","@id":"https:\/\/www.encontramoema.com.br\/sobre\/#\/schema\/person\/image\/","url":"https:\/\/secure.gravatar.com\/avatar\/0fbed662e37531ae23e68f85f9517b2454e50c1dfebf80eb9b721449ac95e0b9?s=96&d=mm&r=g","contentUrl":"https:\/\/secure.gravatar.com\/avatar\/0fbed662e37531ae23e68f85f9517b2454e50c1dfebf80eb9b721449ac95e0b9?s=96&d=mm&r=g","caption":"Encontra Moema"},"url":"https:\/\/www.encontramoema.com.br\/sobre\/author\/emoema\/"}]}},"_links":{"self":[{"href":"https:\/\/www.encontramoema.com.br\/sobre\/wp-json\/wp\/v2\/posts\/20960","targetHints":{"allow":["GET"]}}],"collection":[{"href":"https:\/\/www.encontramoema.com.br\/sobre\/wp-json\/wp\/v2\/posts"}],"about":[{"href":"https:\/\/www.encontramoema.com.br\/sobre\/wp-json\/wp\/v2\/types\/post"}],"author":[{"embeddable":true,"href":"https:\/\/www.encontramoema.com.br\/sobre\/wp-json\/wp\/v2\/users\/1"}],"replies":[{"embeddable":true,"href":"https:\/\/www.encontramoema.com.br\/sobre\/wp-json\/wp\/v2\/comments?post=20960"}],"version-history":[{"count":0,"href":"https:\/\/www.encontramoema.com.br\/sobre\/wp-json\/wp\/v2\/posts\/20960\/revisions"}],"wp:featuredmedia":[{"embeddable":true,"href":"https:\/\/www.encontramoema.com.br\/sobre\/wp-json\/wp\/v2\/media\/20959"}],"wp:attachment":[{"href":"https:\/\/www.encontramoema.com.br\/sobre\/wp-json\/wp\/v2\/media?parent=20960"}],"wp:term":[{"taxonomy":"category","embeddable":true,"href":"https:\/\/www.encontramoema.com.br\/sobre\/wp-json\/wp\/v2\/categories?post=20960"},{"taxonomy":"post_tag","embeddable":true,"href":"https:\/\/www.encontramoema.com.br\/sobre\/wp-json\/wp\/v2\/tags?post=20960"}],"curies":[{"name":"wp","href":"https:\/\/api.w.org\/{rel}","templated":true}]}}