{"id":21018,"date":"2026-02-03T12:17:31","date_gmt":"2026-02-03T15:17:31","guid":{"rendered":"https:\/\/www.encontramoema.com.br\/sobre\/moema-diversifica-perfil-com-apartamentos-compactos\/"},"modified":"2026-02-03T12:17:31","modified_gmt":"2026-02-03T15:17:31","slug":"moema-diversifica-perfil-com-apartamentos-compactos","status":"publish","type":"post","link":"https:\/\/www.encontramoema.com.br\/sobre\/moema-diversifica-perfil-com-apartamentos-compactos\/","title":{"rendered":"Moema diversifica perfil com apartamentos compactos"},"content":{"rendered":"<div class=\"b7f545a958fd6350ffae2d30a84cafb8\" data-index=\"1\" style=\"float: none; margin:0px;\">\n<!-- Anuncio display - global -->\r\n<ins class=\"adsbygoogle\"\r\n     style=\"display:block\"\r\n     data-ad-client=\"ca-pub-8585364105181520\"\r\n     data-ad-slot=\"8789329856\"\r\n     data-ad-format=\"auto\"\r\n     data-full-width-responsive=\"true\"><\/ins>\r\n<script>\r\n     (adsbygoogle = window.adsbygoogle || []).push({});\r\n<\/script>\n<\/div>\n<h2>O Novo Perfil de Moema<\/h2>\n<p>O bairro de <strong>Moema<\/strong>, localizado na <strong>zona sul de S\u00e3o Paulo<\/strong>, est\u00e1 passando por uma not\u00e1vel transforma\u00e7\u00e3o. Tradicionalmente reconhecido por seus im\u00f3veis amplos e altos padr\u00f5es de vida, Moema agora come\u00e7a a oferecer uma nova gama de produtos imobili\u00e1rios, especialmente <strong>apartamentos compactos<\/strong>. Essa mudan\u00e7a reflete uma tend\u00eancia crescente em S\u00e3o Paulo, onde h\u00e1 uma busca por moradias que atendem \u00e0s necessidades de um p\u00fablico diversificado, incluindo jovens profissionais e casais sem filhos.<\/p>\n<h2>Impacto dos Apartamentos Compactos<\/h2>\n<p>Com a disponibiliza\u00e7\u00e3o de <strong>13.722 novas unidades<\/strong> entre 2019 e 2025, Moema come\u00e7a a diversificar sua oferta habitacional. Este aumento nas op\u00e7\u00f5es habitacionais \u00e9 uma resposta direta \u00e0 mudan\u00e7a das prefer\u00eancias dos compradores, que cada vez mais buscam <strong>espa\u00e7os menores<\/strong> que oferecem conveni\u00eancia e acessibilidade. Os apartamentos compactos s\u00e3o especialmente atraentes para aqueles que desejam estar pr\u00f3ximos a centros urbanos sem a necessidade de espa\u00e7os excessivamente grandes.<\/p>\n<h2>Mudan\u00e7as nas Prefer\u00eancias dos Compradores<\/h2>\n<p>As novas demandas por apartamentos menores decorrem de diversas mudan\u00e7as sociais. De acordo com dados do <strong>Censo 2022<\/strong>, houve uma redu\u00e7\u00e3o no tamanho m\u00e9dio das fam\u00edlias, o que influencia a procura por apartamentos de apenas um dormit\u00f3rio. Essa realidade \u00e9 evidenciada nas novas constru\u00e7\u00f5es em Moema, onde <strong>64% das unidades em Moema P\u00e1ssaros<\/strong> e <strong>78% em Moema \u00cdndios<\/strong> est\u00e3o sendo projetadas com esse formato. Al\u00e9m disso, o aumento da popularidade de <strong>hospedagens tempor\u00e1rias<\/strong> resulta no comprometimento de mais comunidades com o aluguel de espa\u00e7os compactos para turistas e profissionais em tr\u00e2nsito.<\/p>\n<p><img decoding=\"async\" src=\"https:\/\/www.encontramoema.com.br\/sobre\/wp-content\/uploads\/2026\/02\/moema-diversifica-perfil-com-apartamentos-compactos.webp\" alt=\"apartamentos compactos\" loading=\"lazy\" \/><\/p>\n<h2>Crescimento da Oferta Imobili\u00e1ria<\/h2>\n<p>O mercado imobili\u00e1rio de Moema est\u00e1 se expandindo rapidamente, com a constru\u00e7\u00e3o de edif\u00edcios que incluem uma mistura de apartamentos de alto padr\u00e3o e unidades mais compactas e acess\u00edveis. A <strong>Tegra<\/strong> e outras incorporadoras est\u00e3o fazendo investimentos significativos nesta \u00e1rea, refletindo seu potencial de valoriza\u00e7\u00e3o. A variedade de produtos dispon\u00edveis visa atender tanto os compradores que procuram o luxo quanto aqueles em busca de acessibilidade e praticidade.<\/p>\n<h2>Valoriza\u00e7\u00e3o das Regi\u00f5es<\/h2>\n<p>A valoriza\u00e7\u00e3o imobili\u00e1ria em Moema \u00e9 not\u00e1vel, especialmente em \u00e1reas como <strong>Moema P\u00e1ssaros<\/strong> e <strong>Moema \u00cdndios<\/strong>, que t\u00eam visto um aumento nos pre\u00e7os por metro quadrado. Os dados indicam que em Moema P\u00e1ssaros, o valor m\u00e9dio por metro quadrado est\u00e1 em <strong>R$ 29.205<\/strong>, enquanto em Moema \u00cdndios, \u00e9 de aproximadamente <strong>R$ 22.983<\/strong>. Essa valoriza\u00e7\u00e3o \u00e9 refor\u00e7ada pela localiza\u00e7\u00e3o, pela infraestrutura e pelo apelo do <strong>Parque Ibirapuera<\/strong>, que proporciona um ambiente urbano atraente e acess\u00edvel.<\/p>\n<h2>A Influ\u00eancia do Parque Ibirapuera<\/h2>\n<p>O <strong>Parque Ibirapuera<\/strong> \u00e9 um dos principais atrativos do bairro, oferecendo um espa\u00e7o verde importante para atividades recreativas e culturais. A proximidade ao parque \u00e9 frequentemente citada como um dos principais motivos para a decis\u00e3o de compra, fazendo de Moema um local privilegiado para os novos moradores que buscam qualidade de vida e acesso \u00e0 natureza.<\/p>\n<h2>Estat\u00edsticas do Censo 2022<\/h2>\n<p>Os dados coletados no <strong>Censo 2022<\/strong> mostram uma m\u00e9dia de <strong>2,79 moradores por domic\u00edlio<\/strong>, indicando uma tend\u00eancia \u00e0 diminui\u00e7\u00e3o do tamanho familiar e a necessidade de moradias que atendam essas novas din\u00e2micas. Essas estat\u00edsticas est\u00e3o moldando a maneira como os incorporadores e agentes imobili\u00e1rios visualizam o futuro do mercado em Moema, incentivando a constru\u00e7\u00e3o de apartamentos mais compactos.<\/p>\n<h2>Incorporadoras em Moema<\/h2>\n<p>Incorporadoras de renome, como <strong>Even<\/strong>, <strong>Tarjab<\/strong>, e <strong>Exto<\/strong>, t\u00eam investido grandemente na regi\u00e3o. Seus empreendimentos se destacam pela inova\u00e7\u00e3o e pela capacidade de adapta\u00e7\u00e3o \u00e0s demandas do mercado. O projeto <strong>Bem Moema<\/strong>, da Tegra, por exemplo, apresenta uma s\u00e9rie de unidades que variam entre <strong>80 e 148 metros quadrados<\/strong>, com valores acess\u00edveis a partir de <strong>R$ 1,95 milh\u00e3o<\/strong>.<\/p>\n<h2>Diferencia\u00e7\u00e3o dos Produtos Imobili\u00e1rios<\/h2>\n<p>As incorporadoras est\u00e3o diversificando sua oferta, criando projetos que atendem diversas faixas et\u00e1rias e perfis de renda. Projetos de <strong>luxo<\/strong> coexistem com op\u00e7\u00f5es mais acess\u00edveis, visando um equil\u00edbrio que possa atrair um p\u00fablico mais amplo. Isso \u00e9 especialmente importante dado o atual cen\u00e1rio econ\u00f4mico e as mudan\u00e7as nas prefer\u00eancias de moradia.<\/p>\n<h2>Futuro do Mercado em Moema<\/h2>\n<p>O futuro do mercado imobili\u00e1rio em Moema aparenta ser promissor, com uma cont\u00ednua valoriza\u00e7\u00e3o impulsionada pela procura crescente por novos lan\u00e7amentos e a oferta diversificada. O crescimento em Moema reflete uma mudan\u00e7a maior em S\u00e3o Paulo, onde a busca por apartamentos compactos est\u00e1 se tornando cada vez mais comum, impulsionada por fatores sociais, econ\u00f4micos e demogr\u00e1ficos. As incorporadoras devem seguir atentas a essas tend\u00eancias para se manterem competitivas e atender as novas exig\u00eancias do mercado.<\/p>\n\n<div style=\"font-size: 0px; height: 0px; line-height: 0px; margin: 0; padding: 0; clear: both;\"><\/div>","protected":false},"excerpt":{"rendered":"<p>Moema se transforma ao diversificar perfil com apartamentos compactos.<\/p>\n","protected":false},"author":1,"featured_media":21017,"comment_status":"closed","ping_status":"closed","sticky":false,"template":"","format":"standard","meta":{"footnotes":""},"categories":[1],"tags":[],"class_list":["post-21018","post","type-post","status-publish","format-standard","has-post-thumbnail","hentry","category-noticias-em-moema","has_thumb"],"yoast_head":"<!-- This site is optimized with the Yoast SEO plugin v26.3 - https:\/\/yoast.com\/wordpress\/plugins\/seo\/ -->\n<title>Moema diversifica perfil com apartamentos compactos - Encontra Moema<\/title>\n<meta name=\"robots\" content=\"index, follow, max-snippet:-1, max-image-preview:large, max-video-preview:-1\" \/>\n<link rel=\"canonical\" href=\"https:\/\/www.encontramoema.com.br\/sobre\/moema-diversifica-perfil-com-apartamentos-compactos\/\" \/>\n<meta property=\"og:locale\" content=\"pt_BR\" \/>\n<meta property=\"og:type\" content=\"article\" \/>\n<meta property=\"og:title\" content=\"Moema diversifica perfil com apartamentos compactos - Encontra Moema\" \/>\n<meta property=\"og:description\" content=\"Moema se transforma ao diversificar perfil com apartamentos compactos.\" \/>\n<meta property=\"og:url\" content=\"https:\/\/www.encontramoema.com.br\/sobre\/moema-diversifica-perfil-com-apartamentos-compactos\/\" \/>\n<meta property=\"og:site_name\" content=\"Encontra Moema\" \/>\n<meta property=\"article:published_time\" content=\"2026-02-03T15:17:31+00:00\" \/>\n<meta property=\"og:image\" content=\"https:\/\/www.encontramoema.com.br\/sobre\/wp-content\/uploads\/2026\/02\/moema-diversifica-perfil-com-apartamentos-compactos.webp\" \/>\n<meta name=\"author\" content=\"Encontra Moema\" \/>\n<meta name=\"twitter:card\" content=\"summary_large_image\" \/>\n<meta name=\"twitter:label1\" content=\"Escrito por\" \/>\n\t<meta name=\"twitter:data1\" content=\"Encontra Moema\" \/>\n\t<meta name=\"twitter:label2\" content=\"Est. tempo de leitura\" \/>\n\t<meta name=\"twitter:data2\" content=\"4 minutos\" \/>\n<script type=\"application\/ld+json\" class=\"yoast-schema-graph\">{\"@context\":\"https:\/\/schema.org\",\"@graph\":[{\"@type\":\"WebPage\",\"@id\":\"https:\/\/www.encontramoema.com.br\/sobre\/moema-diversifica-perfil-com-apartamentos-compactos\/\",\"url\":\"https:\/\/www.encontramoema.com.br\/sobre\/moema-diversifica-perfil-com-apartamentos-compactos\/\",\"name\":\"Moema diversifica perfil com apartamentos compactos - Encontra Moema\",\"isPartOf\":{\"@id\":\"https:\/\/www.encontramoema.com.br\/sobre\/#website\"},\"primaryImageOfPage\":{\"@id\":\"https:\/\/www.encontramoema.com.br\/sobre\/moema-diversifica-perfil-com-apartamentos-compactos\/#primaryimage\"},\"image\":{\"@id\":\"https:\/\/www.encontramoema.com.br\/sobre\/moema-diversifica-perfil-com-apartamentos-compactos\/#primaryimage\"},\"thumbnailUrl\":\"https:\/\/www.encontramoema.com.br\/sobre\/wp-content\/uploads\/2026\/02\/moema-diversifica-perfil-com-apartamentos-compactos.webp\",\"datePublished\":\"2026-02-03T15:17:31+00:00\",\"author\":{\"@id\":\"https:\/\/www.encontramoema.com.br\/sobre\/#\/schema\/person\/3c3656d12b82130d77eba13c4ef23efa\"},\"breadcrumb\":{\"@id\":\"https:\/\/www.encontramoema.com.br\/sobre\/moema-diversifica-perfil-com-apartamentos-compactos\/#breadcrumb\"},\"inLanguage\":\"pt-BR\",\"potentialAction\":[{\"@type\":\"ReadAction\",\"target\":[\"https:\/\/www.encontramoema.com.br\/sobre\/moema-diversifica-perfil-com-apartamentos-compactos\/\"]}]},{\"@type\":\"ImageObject\",\"inLanguage\":\"pt-BR\",\"@id\":\"https:\/\/www.encontramoema.com.br\/sobre\/moema-diversifica-perfil-com-apartamentos-compactos\/#primaryimage\",\"url\":\"https:\/\/www.encontramoema.com.br\/sobre\/wp-content\/uploads\/2026\/02\/moema-diversifica-perfil-com-apartamentos-compactos.webp\",\"contentUrl\":\"https:\/\/www.encontramoema.com.br\/sobre\/wp-content\/uploads\/2026\/02\/moema-diversifica-perfil-com-apartamentos-compactos.webp\",\"width\":280,\"height\":280,\"caption\":\"apartamentos compactos\"},{\"@type\":\"BreadcrumbList\",\"@id\":\"https:\/\/www.encontramoema.com.br\/sobre\/moema-diversifica-perfil-com-apartamentos-compactos\/#breadcrumb\",\"itemListElement\":[{\"@type\":\"ListItem\",\"position\":1,\"name\":\"In\u00edcio\",\"item\":\"https:\/\/www.encontramoema.com.br\/sobre\/\"},{\"@type\":\"ListItem\",\"position\":2,\"name\":\"Moema diversifica perfil com apartamentos compactos\"}]},{\"@type\":\"WebSite\",\"@id\":\"https:\/\/www.encontramoema.com.br\/sobre\/#website\",\"url\":\"https:\/\/www.encontramoema.com.br\/sobre\/\",\"name\":\"Encontra Moema\",\"description\":\"Not\u00edcias, eventos, informa\u00e7\u00f5es e dicas no bairro de Moema e regi\u00e3o.\",\"potentialAction\":[{\"@type\":\"SearchAction\",\"target\":{\"@type\":\"EntryPoint\",\"urlTemplate\":\"https:\/\/www.encontramoema.com.br\/sobre\/?s={search_term_string}\"},\"query-input\":{\"@type\":\"PropertyValueSpecification\",\"valueRequired\":true,\"valueName\":\"search_term_string\"}}],\"inLanguage\":\"pt-BR\"},{\"@type\":\"Person\",\"@id\":\"https:\/\/www.encontramoema.com.br\/sobre\/#\/schema\/person\/3c3656d12b82130d77eba13c4ef23efa\",\"name\":\"Encontra Moema\",\"image\":{\"@type\":\"ImageObject\",\"inLanguage\":\"pt-BR\",\"@id\":\"https:\/\/www.encontramoema.com.br\/sobre\/#\/schema\/person\/image\/\",\"url\":\"https:\/\/secure.gravatar.com\/avatar\/0fbed662e37531ae23e68f85f9517b2454e50c1dfebf80eb9b721449ac95e0b9?s=96&d=mm&r=g\",\"contentUrl\":\"https:\/\/secure.gravatar.com\/avatar\/0fbed662e37531ae23e68f85f9517b2454e50c1dfebf80eb9b721449ac95e0b9?s=96&d=mm&r=g\",\"caption\":\"Encontra Moema\"},\"url\":\"https:\/\/www.encontramoema.com.br\/sobre\/author\/emoema\/\"}]}<\/script>\n<!-- \/ Yoast SEO plugin. -->","yoast_head_json":{"title":"Moema diversifica perfil com apartamentos compactos - Encontra Moema","robots":{"index":"index","follow":"follow","max-snippet":"max-snippet:-1","max-image-preview":"max-image-preview:large","max-video-preview":"max-video-preview:-1"},"canonical":"https:\/\/www.encontramoema.com.br\/sobre\/moema-diversifica-perfil-com-apartamentos-compactos\/","og_locale":"pt_BR","og_type":"article","og_title":"Moema diversifica perfil com apartamentos compactos - Encontra Moema","og_description":"Moema se transforma ao diversificar perfil com apartamentos compactos.","og_url":"https:\/\/www.encontramoema.com.br\/sobre\/moema-diversifica-perfil-com-apartamentos-compactos\/","og_site_name":"Encontra Moema","article_published_time":"2026-02-03T15:17:31+00:00","og_image":[{"url":"https:\/\/www.encontramoema.com.br\/sobre\/wp-content\/uploads\/2026\/02\/moema-diversifica-perfil-com-apartamentos-compactos.webp","type":"","width":"","height":""}],"author":"Encontra Moema","twitter_card":"summary_large_image","twitter_misc":{"Escrito por":"Encontra Moema","Est. tempo de leitura":"4 minutos"},"schema":{"@context":"https:\/\/schema.org","@graph":[{"@type":"WebPage","@id":"https:\/\/www.encontramoema.com.br\/sobre\/moema-diversifica-perfil-com-apartamentos-compactos\/","url":"https:\/\/www.encontramoema.com.br\/sobre\/moema-diversifica-perfil-com-apartamentos-compactos\/","name":"Moema diversifica perfil com apartamentos compactos - Encontra Moema","isPartOf":{"@id":"https:\/\/www.encontramoema.com.br\/sobre\/#website"},"primaryImageOfPage":{"@id":"https:\/\/www.encontramoema.com.br\/sobre\/moema-diversifica-perfil-com-apartamentos-compactos\/#primaryimage"},"image":{"@id":"https:\/\/www.encontramoema.com.br\/sobre\/moema-diversifica-perfil-com-apartamentos-compactos\/#primaryimage"},"thumbnailUrl":"https:\/\/www.encontramoema.com.br\/sobre\/wp-content\/uploads\/2026\/02\/moema-diversifica-perfil-com-apartamentos-compactos.webp","datePublished":"2026-02-03T15:17:31+00:00","author":{"@id":"https:\/\/www.encontramoema.com.br\/sobre\/#\/schema\/person\/3c3656d12b82130d77eba13c4ef23efa"},"breadcrumb":{"@id":"https:\/\/www.encontramoema.com.br\/sobre\/moema-diversifica-perfil-com-apartamentos-compactos\/#breadcrumb"},"inLanguage":"pt-BR","potentialAction":[{"@type":"ReadAction","target":["https:\/\/www.encontramoema.com.br\/sobre\/moema-diversifica-perfil-com-apartamentos-compactos\/"]}]},{"@type":"ImageObject","inLanguage":"pt-BR","@id":"https:\/\/www.encontramoema.com.br\/sobre\/moema-diversifica-perfil-com-apartamentos-compactos\/#primaryimage","url":"https:\/\/www.encontramoema.com.br\/sobre\/wp-content\/uploads\/2026\/02\/moema-diversifica-perfil-com-apartamentos-compactos.webp","contentUrl":"https:\/\/www.encontramoema.com.br\/sobre\/wp-content\/uploads\/2026\/02\/moema-diversifica-perfil-com-apartamentos-compactos.webp","width":280,"height":280,"caption":"apartamentos compactos"},{"@type":"BreadcrumbList","@id":"https:\/\/www.encontramoema.com.br\/sobre\/moema-diversifica-perfil-com-apartamentos-compactos\/#breadcrumb","itemListElement":[{"@type":"ListItem","position":1,"name":"In\u00edcio","item":"https:\/\/www.encontramoema.com.br\/sobre\/"},{"@type":"ListItem","position":2,"name":"Moema diversifica perfil com apartamentos compactos"}]},{"@type":"WebSite","@id":"https:\/\/www.encontramoema.com.br\/sobre\/#website","url":"https:\/\/www.encontramoema.com.br\/sobre\/","name":"Encontra Moema","description":"Not\u00edcias, eventos, informa\u00e7\u00f5es e dicas no bairro de Moema e regi\u00e3o.","potentialAction":[{"@type":"SearchAction","target":{"@type":"EntryPoint","urlTemplate":"https:\/\/www.encontramoema.com.br\/sobre\/?s={search_term_string}"},"query-input":{"@type":"PropertyValueSpecification","valueRequired":true,"valueName":"search_term_string"}}],"inLanguage":"pt-BR"},{"@type":"Person","@id":"https:\/\/www.encontramoema.com.br\/sobre\/#\/schema\/person\/3c3656d12b82130d77eba13c4ef23efa","name":"Encontra Moema","image":{"@type":"ImageObject","inLanguage":"pt-BR","@id":"https:\/\/www.encontramoema.com.br\/sobre\/#\/schema\/person\/image\/","url":"https:\/\/secure.gravatar.com\/avatar\/0fbed662e37531ae23e68f85f9517b2454e50c1dfebf80eb9b721449ac95e0b9?s=96&d=mm&r=g","contentUrl":"https:\/\/secure.gravatar.com\/avatar\/0fbed662e37531ae23e68f85f9517b2454e50c1dfebf80eb9b721449ac95e0b9?s=96&d=mm&r=g","caption":"Encontra Moema"},"url":"https:\/\/www.encontramoema.com.br\/sobre\/author\/emoema\/"}]}},"_links":{"self":[{"href":"https:\/\/www.encontramoema.com.br\/sobre\/wp-json\/wp\/v2\/posts\/21018","targetHints":{"allow":["GET"]}}],"collection":[{"href":"https:\/\/www.encontramoema.com.br\/sobre\/wp-json\/wp\/v2\/posts"}],"about":[{"href":"https:\/\/www.encontramoema.com.br\/sobre\/wp-json\/wp\/v2\/types\/post"}],"author":[{"embeddable":true,"href":"https:\/\/www.encontramoema.com.br\/sobre\/wp-json\/wp\/v2\/users\/1"}],"replies":[{"embeddable":true,"href":"https:\/\/www.encontramoema.com.br\/sobre\/wp-json\/wp\/v2\/comments?post=21018"}],"version-history":[{"count":0,"href":"https:\/\/www.encontramoema.com.br\/sobre\/wp-json\/wp\/v2\/posts\/21018\/revisions"}],"wp:featuredmedia":[{"embeddable":true,"href":"https:\/\/www.encontramoema.com.br\/sobre\/wp-json\/wp\/v2\/media\/21017"}],"wp:attachment":[{"href":"https:\/\/www.encontramoema.com.br\/sobre\/wp-json\/wp\/v2\/media?parent=21018"}],"wp:term":[{"taxonomy":"category","embeddable":true,"href":"https:\/\/www.encontramoema.com.br\/sobre\/wp-json\/wp\/v2\/categories?post=21018"},{"taxonomy":"post_tag","embeddable":true,"href":"https:\/\/www.encontramoema.com.br\/sobre\/wp-json\/wp\/v2\/tags?post=21018"}],"curies":[{"name":"wp","href":"https:\/\/api.w.org\/{rel}","templated":true}]}}