{"id":21028,"date":"2026-02-05T12:19:24","date_gmt":"2026-02-05T15:19:24","guid":{"rendered":"https:\/\/www.encontramoema.com.br\/sobre\/pinheiros-vila-madalena-moema-faria-lima-onde-sao-previstas-desapropriacoes-para-linha-de-metro\/"},"modified":"2026-02-05T12:19:24","modified_gmt":"2026-02-05T15:19:24","slug":"pinheiros-vila-madalena-moema-faria-lima-onde-sao-previstas-desapropriacoes-para-linha-de-metro","status":"publish","type":"post","link":"https:\/\/www.encontramoema.com.br\/sobre\/pinheiros-vila-madalena-moema-faria-lima-onde-sao-previstas-desapropriacoes-para-linha-de-metro\/","title":{"rendered":"Pinheiros, Vila Madalena, Moema, Faria Lima: onde s\u00e3o previstas desapropria\u00e7\u00f5es para linha de metr\u00f4"},"content":{"rendered":"<div class=\"b7f545a958fd6350ffae2d30a84cafb8\" data-index=\"1\" style=\"float: none; margin:0px;\">\n<!-- Anuncio display - global -->\r\n<ins class=\"adsbygoogle\"\r\n     style=\"display:block\"\r\n     data-ad-client=\"ca-pub-8585364105181520\"\r\n     data-ad-slot=\"8789329856\"\r\n     data-ad-format=\"auto\"\r\n     data-full-width-responsive=\"true\"><\/ins>\r\n<script>\r\n     (adsbygoogle = window.adsbygoogle || []).push({});\r\n<\/script>\n<\/div>\n<h2>O que \u00e9 a Linha 20-Rosa?<\/h2>\n<p>A Linha 20-Rosa \u00e9 uma nova adi\u00e7\u00e3o ao sistema de metr\u00f4 da cidade de S\u00e3o Paulo, concebida para expandir a infraestrutura de transporte p\u00fablico e melhorar a mobilidade urbana. Com um tra\u00e7ado que se estende por 32,6 quil\u00f4metros, a linha pretende conectar a cidade at\u00e9 o ABC Paulista, oferecendo uma alternativa de transporte para os moradores da zona oeste e sul da capital.<\/p>\n<h2>\u00c1reas afetadas pelas desapropria\u00e7\u00f5es<\/h2>\n<p>As desapropria\u00e7\u00f5es necess\u00e1rias para a constru\u00e7\u00e3o da Linha 20-Rosa v\u00e3o impactar v\u00e1rias regi\u00f5es. Entre os bairros que est\u00e3o previstos para serem afetados est\u00e3o:<\/p>\n<ul>\n<li>Pinheiros<\/li>\n<li>Moema<\/li>\n<li>Vila Romana<\/li>\n<li>Planalto Paulista<\/li>\n<li>Sa\u00fade<\/li>\n<li>Indian\u00f3polis<\/li>\n<li>Itaim Bibi<\/li>\n<li>Avenida Brigadeiro Faria Lima<\/li>\n<\/ul>\n<p>Essas \u00e1reas t\u00eam sido notificadas formalmente pela Companhia do Metropolitano de S\u00e3o Paulo, que iniciou o processo de aviso aos propriet\u00e1rios dos im\u00f3veis que ser\u00e3o desapropriados para a execu\u00e7\u00e3o das obras, que incluem v\u00e1rias esta\u00e7\u00f5es e infraestrutura associada.<\/p>\n<p><img decoding=\"async\" src=\"https:\/\/www.encontramoema.com.br\/sobre\/wp-content\/uploads\/2026\/02\/pinheiros-vila-madalena-moema-faria-lima-onde-sao-previstas-desapropriacoes-para-linha-de-metro.webp\" alt=\"Linha 20-Rosa\" loading=\"lazy\" \/><\/p>\n<h2>Impacto das desapropria\u00e7\u00f5es nos moradores<\/h2>\n<p>As desapropria\u00e7\u00f5es na linha 20-Rosa inevitavelmente afetar\u00e3o os moradores das \u00e1reas impactadas. O estudo de impacto ambiental indica que uma quantidade significativa de resid\u00eancias e com\u00e9rcios ser\u00e1 removida, afetando a vida cotidiana e a economia local. Entre os im\u00f3veis a serem desapropriados, estima-se que haja resid\u00eancias, estabelecimentos comerciais, como lojas e restaurantes, que incluem:<\/p>\n<ul>\n<li>Quatro lojas<\/li>\n<li>Cinco im\u00f3veis variados<\/li>\n<li>Dezenas de resid\u00eancias com moradores<\/li>\n<\/ul>\n<p>Esses impactos podem gerar preocupa\u00e7\u00e3o quanto \u00e0 realoca\u00e7\u00e3o dos moradores e \u00e0 perda de com\u00e9rcio local, al\u00e9m das implica\u00e7\u00f5es sociais nas comunidades atingidas.<\/p>\n<h2>Benef\u00edcios da nova linha para S\u00e3o Paulo<\/h2>\n<p>A Linha 20-Rosa, embora imposta por desapropria\u00e7\u00f5es, promete trazer uma s\u00e9rie de vantagens para a popula\u00e7\u00e3o de S\u00e3o Paulo. Os benef\u00edcios projetados incluem:<\/p>\n<ul>\n<li><strong>Melhoria no Transporte P\u00fablico:<\/strong> A nova linha aumentar\u00e1 a capacidade do sistema metrovi\u00e1rio, permitindo maior fluidez no tr\u00e1fego.<\/li>\n<li><strong>Integra\u00e7\u00e3o com Outras Linhas:<\/strong> Com esta nova linha, espera-se uma melhor conectividade com as demais rotas do metr\u00f4 e outros meios de transporte, como o BRT.<\/li>\n<li><strong>Redu\u00e7\u00e3o de Congestionamentos:<\/strong> O aumento do uso do metr\u00f4 pode contribuir para a diminui\u00e7\u00e3o do n\u00famero de ve\u00edculos nas ruas, reduzindo congestionamentos.<\/li>\n<li><strong>Facilita\u00e7\u00e3o de Deslocamentos:<\/strong> A linha poder\u00e1 atender aproximadamente 1,4 milh\u00e3o de passageiros diariamente, facilitando o deslocamento de pessoas entre diferentes regi\u00f5es.<\/li>\n<\/ul>\n<p>Esses fatores s\u00e3o cruciais para o progresso da mobilidade urbana na megal\u00f3polis e podem impactar positivamente a qualidade de vida dos paulistanos.<\/p>\n<h2>Preparativos da Companhia de Metr\u00f4<\/h2>\n<p>A Companhia do Metropolitano de S\u00e3o Paulo tem estabelecido diversas a\u00e7\u00f5es no intuito de viabilizar a execu\u00e7\u00e3o da Linha 20-Rosa. Dentre as iniciativas est\u00e3o:<\/p>\n<ul>\n<li>Notifica\u00e7\u00e3o de propriet\u00e1rios e comunica\u00e7\u00e3o sobre desapropria\u00e7\u00f5es.<\/li>\n<li>Realiza\u00e7\u00e3o de audi\u00eancias p\u00fablicas para esclarecer \u00e0 popula\u00e7\u00e3o sobre projetos e impactos.<\/li>\n<li>Estudos de demanda e viabilidade t\u00e9cnica para garantir a implementa\u00e7\u00e3o eficaz da linha, estimada em R$ 35 bilh\u00f5es.<\/li>\n<li>Planejamento detalhadamente das esta\u00e7\u00f5es e dos impactos ambientais que podem ser causados durante a constru\u00e7\u00e3o.<\/li>\n<\/ul>\n<p>Esses preparativos s\u00e3o essenciais para que a linha entre em opera\u00e7\u00e3o conforme o esperado, fomentando um di\u00e1logo aberto com a popula\u00e7\u00e3o afetada.<\/p>\n<h2>Desafios e cr\u00edticas sobre a obra<\/h2>\n<p>Apesar das promessas de benef\u00edcios, a Linha 20-Rosa enfrenta diversos desafios e cr\u00edticas. Algumas preocupa\u00e7\u00f5es incluem:<\/p>\n<ul>\n<li><strong>Desapropria\u00e7\u00f5es Controversas:<\/strong> Moradores e comerciantes locais expressam inseguran\u00e7a sobre as desapropria\u00e7\u00f5es, podendo resultar em resist\u00eancia \u00e0 mudan\u00e7a.<\/li>\n<li><strong>Atrasos nas Obras:<\/strong> Em projetos similares j\u00e1 ocorreram extensos atrasos. Existe receio de que o projeto n\u00e3o cumpra os prazos estabelecidos.<\/li>\n<li><strong>Quest\u00f5es Ambientais:<\/strong> A constru\u00e7\u00e3o pode impactar ecossistemas locais, sugerindo uma necessidade de medidas de mitiga\u00e7\u00e3o eficazes.<\/li>\n<li><strong>Impacto Econ\u00f4mico:<\/strong> Com\u00e9rcio local pode sofrer com a interven\u00e7\u00e3o, colocando em risco a vitalidade econ\u00f4mica das \u00e1reas impactadas.<\/li>\n<\/ul>\n<p>A Companhia do Metr\u00f4 precisa estar atenta a essas quest\u00f5es e buscar solu\u00e7\u00f5es que atendam tanto \u00e0s necessidades da popula\u00e7\u00e3o quanto ao desenvolvimento da infraestrutura da cidade.<\/p>\n<h2>O que esperar das futuras esta\u00e7\u00f5es<\/h2>\n<p>As esta\u00e7\u00f5es da Linha 20-Rosa foram planejadas para atender a uma demanda significativa, e cada uma ter\u00e1 caracter\u00edsticas distintas para otimizar a experi\u00eancia do usu\u00e1rio. As futuras esta\u00e7\u00f5es incluem:<\/p>\n<ul>\n<li>Esta\u00e7\u00e3o Fradique Coutinho \u2013 Expans\u00e3o para atender maior n\u00famero de passageiros.<\/li>\n<li>Esta\u00e7\u00e3o Girassol \u2013 Localizada em \u00e1rea central, atender\u00e1 \u00e0 popula\u00e7\u00e3o de Vila Madalena.<\/li>\n<li>Esta\u00e7\u00e3o Teodoro Sampaio \u2013 Prevista para ter uma galeria comercial no n\u00edvel t\u00e9rreo, ampliando o acesso a servi\u00e7os e com\u00e9rcio.<\/li>\n<li>Esta\u00e7\u00e3o Moema \u2013 Concebida para facilitar a liga\u00e7\u00e3o entre as linhas existentes.<\/li>\n<li>Esta\u00e7\u00e3o H\u00e9lio Pellegrino \u2013 Focada em integrar a regi\u00e3o da Avenida Santo Amaro.<\/li>\n<li>Esta\u00e7\u00e3o Rubem Berta \u2013 Visando a efici\u00eancia no atendimento \u00e0s centralidades locais.<\/li>\n<li>Esta\u00e7\u00e3o Tabapu\u00e3 \u2013 Estrat\u00e9gica para a movimenta\u00e7\u00e3o nas \u00e1reas comerciais de Faria Lima.<\/li>\n<li>Esta\u00e7\u00e3o Jesu\u00edno Cardoso \u2013 Delimitada para aumentar a capacidade na alta demanda.<\/li>\n<\/ul>\n<p>A expectativa \u00e9 que cada esta\u00e7\u00e3o n\u00e3o apenas proporcione um ponto de entrada e sa\u00edda para os passageiros, mas que tamb\u00e9m promova a integra\u00e7\u00e3o social e econ\u00f4mica das \u00e1reas ao redor.<\/p>\n<h2>Estudos de impacto ambiental<\/h2>\n<p>Os estudos de impacto ambiental s\u00e3o uma parte essencial do planejamento da Linha 20-Rosa. Estes estudos consideram:<\/p>\n<ul>\n<li><strong>Demanda de Transporte:<\/strong> Avalia\u00e7\u00e3o de quantas pessoas utilizar\u00e3o a linha diariamente.<\/li>\n<li><strong>Aspectos Geogr\u00e1ficos:<\/strong> Estudo das condi\u00e7\u00f5es topogr\u00e1ficas e hidrol\u00f3gicas das \u00e1reas onde as obras estar\u00e3o.<\/li>\n<li><strong>Infraestrutura Existente:<\/strong> An\u00e1lise de como o projeto interage com a rede urbana j\u00e1 estabelecida.<\/li>\n<li><strong>Caracter\u00edsticas Social e Econ\u00f4micas:<\/strong> Identifica\u00e7\u00e3o da demografia e das necessidades das popula\u00e7\u00f5es locais.<\/li>\n<\/ul>\n<p>Esses elementos s\u00e3o levados em conta para minimizar os impactos negativos e maximizar os benef\u00edcios ambientais e sociais da linha.<\/p>\n<h2>Processo de desapropria\u00e7\u00e3o explicado<\/h2>\n<p>O processo de desapropria\u00e7\u00e3o para a Linha 20-Rosa \u00e9 rigoroso e segue um protocolo legal. As etapas incluem:<\/p>\n<ul>\n<li><strong>Notifica\u00e7\u00e3o Pr\u00e9via:<\/strong> Propriet\u00e1rios s\u00e3o informados sobre a inten\u00e7\u00e3o de desapropria\u00e7\u00f5es.<\/li>\n<li><strong>Avalia\u00e7\u00e3o dos Im\u00f3veis:<\/strong> Uma an\u00e1lise do valor dos im\u00f3veis \u00e9 realizada, considerando a valoriza\u00e7\u00e3o de mercado.<\/li>\n<li><strong>Proposta de Indeniza\u00e7\u00e3o:<\/strong> Os valores para indeniza\u00e7\u00e3o s\u00e3o apresentados, iniciando um processo de negocia\u00e7\u00e3o.<\/li>\n<li><strong>Desapropria\u00e7\u00e3o Judicial:<\/strong> Se n\u00e3o houver acordo, o caso pode ser levado \u00e0 Justi\u00e7a para a determina\u00e7\u00e3o do valor justo.<\/li>\n<\/ul>\n<p>O Metr\u00f4 se compromete a agir de forma transparente e em conformidade com as leis vigentes, buscando atrocar o maior n\u00famero de im\u00f3veis de forma amig\u00e1vel antes de recorrer ao processo judicial.<\/p>\n<h2>Como a sociedade pode opinar sobre o metr\u00f4<\/h2>\n<p>A sociedade tem canais para expressar suas opini\u00f5es sobre o projeto da Linha 20-Rosa, atrav\u00e9s de:<\/p>\n<ul>\n<li><strong>Audi\u00eancias P\u00fablicas:<\/strong> Espa\u00e7os abertos onde cidad\u00e3os podem opinar e questionar os processos de implanta\u00e7\u00e3o.<\/li>\n<li><strong>Consultas Populares:<\/strong> Iniciativas que permitem \u00e0 popula\u00e7\u00e3o dar feedback diretamente \u00e0 Companhia do Metr\u00f4 sobre suas preocupa\u00e7\u00f5es.<\/li>\n<li><strong>Peticionamentos e Mobiliza\u00e7\u00f5es:<\/strong> Cria\u00e7\u00e3o de abaixo-assinados e mobiliza\u00e7\u00f5es sociais para chamar a aten\u00e7\u00e3o dos respons\u00e1veis pelo projeto.<\/li>\n<\/ul>\n<p>Essas a\u00e7\u00f5es s\u00e3o importantes para garantir que as vozes da popula\u00e7\u00e3o sejam escutadas e que o projeto atenda \u00e0s reais necessidades dos cidad\u00e3os.<\/p>\n\n<div style=\"font-size: 0px; height: 0px; line-height: 0px; margin: 0; padding: 0; clear: both;\"><\/div>","protected":false},"excerpt":{"rendered":"<p>Descubra as futuras desapropria\u00e7\u00f5es em Pinheiros e Vila Madalena para o novo metr\u00f4 de S\u00e3o Paulo.<\/p>\n","protected":false},"author":1,"featured_media":21027,"comment_status":"closed","ping_status":"closed","sticky":false,"template":"","format":"standard","meta":{"footnotes":""},"categories":[1],"tags":[],"class_list":["post-21028","post","type-post","status-publish","format-standard","has-post-thumbnail","hentry","category-noticias-em-moema","has_thumb"],"yoast_head":"<!-- This site is optimized with the Yoast SEO plugin v26.3 - https:\/\/yoast.com\/wordpress\/plugins\/seo\/ -->\n<title>Pinheiros, Vila Madalena, Moema, Faria Lima: onde s\u00e3o previstas desapropria\u00e7\u00f5es para linha de metr\u00f4 - Encontra Moema<\/title>\n<meta name=\"robots\" content=\"index, follow, max-snippet:-1, max-image-preview:large, max-video-preview:-1\" \/>\n<link rel=\"canonical\" href=\"https:\/\/www.encontramoema.com.br\/sobre\/pinheiros-vila-madalena-moema-faria-lima-onde-sao-previstas-desapropriacoes-para-linha-de-metro\/\" \/>\n<meta property=\"og:locale\" content=\"pt_BR\" \/>\n<meta property=\"og:type\" content=\"article\" \/>\n<meta property=\"og:title\" content=\"Pinheiros, Vila Madalena, Moema, Faria Lima: onde s\u00e3o previstas desapropria\u00e7\u00f5es para linha de metr\u00f4 - Encontra Moema\" \/>\n<meta property=\"og:description\" content=\"Descubra as futuras desapropria\u00e7\u00f5es em Pinheiros e Vila Madalena para o novo metr\u00f4 de S\u00e3o Paulo.\" \/>\n<meta property=\"og:url\" content=\"https:\/\/www.encontramoema.com.br\/sobre\/pinheiros-vila-madalena-moema-faria-lima-onde-sao-previstas-desapropriacoes-para-linha-de-metro\/\" \/>\n<meta property=\"og:site_name\" content=\"Encontra Moema\" \/>\n<meta property=\"article:published_time\" content=\"2026-02-05T15:19:24+00:00\" \/>\n<meta property=\"og:image\" content=\"https:\/\/www.encontramoema.com.br\/sobre\/wp-content\/uploads\/2026\/02\/pinheiros-vila-madalena-moema-faria-lima-onde-sao-previstas-desapropriacoes-para-linha-de-metro.webp\" \/>\n<meta name=\"author\" content=\"Encontra Moema\" \/>\n<meta name=\"twitter:card\" content=\"summary_large_image\" \/>\n<meta name=\"twitter:label1\" content=\"Escrito por\" \/>\n\t<meta name=\"twitter:data1\" content=\"Encontra Moema\" \/>\n\t<meta name=\"twitter:label2\" content=\"Est. tempo de leitura\" \/>\n\t<meta name=\"twitter:data2\" content=\"6 minutos\" \/>\n<script type=\"application\/ld+json\" class=\"yoast-schema-graph\">{\"@context\":\"https:\/\/schema.org\",\"@graph\":[{\"@type\":\"WebPage\",\"@id\":\"https:\/\/www.encontramoema.com.br\/sobre\/pinheiros-vila-madalena-moema-faria-lima-onde-sao-previstas-desapropriacoes-para-linha-de-metro\/\",\"url\":\"https:\/\/www.encontramoema.com.br\/sobre\/pinheiros-vila-madalena-moema-faria-lima-onde-sao-previstas-desapropriacoes-para-linha-de-metro\/\",\"name\":\"Pinheiros, Vila Madalena, Moema, Faria Lima: onde s\u00e3o previstas desapropria\u00e7\u00f5es para linha de metr\u00f4 - Encontra Moema\",\"isPartOf\":{\"@id\":\"https:\/\/www.encontramoema.com.br\/sobre\/#website\"},\"primaryImageOfPage\":{\"@id\":\"https:\/\/www.encontramoema.com.br\/sobre\/pinheiros-vila-madalena-moema-faria-lima-onde-sao-previstas-desapropriacoes-para-linha-de-metro\/#primaryimage\"},\"image\":{\"@id\":\"https:\/\/www.encontramoema.com.br\/sobre\/pinheiros-vila-madalena-moema-faria-lima-onde-sao-previstas-desapropriacoes-para-linha-de-metro\/#primaryimage\"},\"thumbnailUrl\":\"https:\/\/www.encontramoema.com.br\/sobre\/wp-content\/uploads\/2026\/02\/pinheiros-vila-madalena-moema-faria-lima-onde-sao-previstas-desapropriacoes-para-linha-de-metro.webp\",\"datePublished\":\"2026-02-05T15:19:24+00:00\",\"author\":{\"@id\":\"https:\/\/www.encontramoema.com.br\/sobre\/#\/schema\/person\/3c3656d12b82130d77eba13c4ef23efa\"},\"breadcrumb\":{\"@id\":\"https:\/\/www.encontramoema.com.br\/sobre\/pinheiros-vila-madalena-moema-faria-lima-onde-sao-previstas-desapropriacoes-para-linha-de-metro\/#breadcrumb\"},\"inLanguage\":\"pt-BR\",\"potentialAction\":[{\"@type\":\"ReadAction\",\"target\":[\"https:\/\/www.encontramoema.com.br\/sobre\/pinheiros-vila-madalena-moema-faria-lima-onde-sao-previstas-desapropriacoes-para-linha-de-metro\/\"]}]},{\"@type\":\"ImageObject\",\"inLanguage\":\"pt-BR\",\"@id\":\"https:\/\/www.encontramoema.com.br\/sobre\/pinheiros-vila-madalena-moema-faria-lima-onde-sao-previstas-desapropriacoes-para-linha-de-metro\/#primaryimage\",\"url\":\"https:\/\/www.encontramoema.com.br\/sobre\/wp-content\/uploads\/2026\/02\/pinheiros-vila-madalena-moema-faria-lima-onde-sao-previstas-desapropriacoes-para-linha-de-metro.webp\",\"contentUrl\":\"https:\/\/www.encontramoema.com.br\/sobre\/wp-content\/uploads\/2026\/02\/pinheiros-vila-madalena-moema-faria-lima-onde-sao-previstas-desapropriacoes-para-linha-de-metro.webp\",\"width\":280,\"height\":280,\"caption\":\"Linha 20-Rosa\"},{\"@type\":\"BreadcrumbList\",\"@id\":\"https:\/\/www.encontramoema.com.br\/sobre\/pinheiros-vila-madalena-moema-faria-lima-onde-sao-previstas-desapropriacoes-para-linha-de-metro\/#breadcrumb\",\"itemListElement\":[{\"@type\":\"ListItem\",\"position\":1,\"name\":\"In\u00edcio\",\"item\":\"https:\/\/www.encontramoema.com.br\/sobre\/\"},{\"@type\":\"ListItem\",\"position\":2,\"name\":\"Pinheiros, Vila Madalena, Moema, Faria Lima: onde s\u00e3o previstas desapropria\u00e7\u00f5es para linha de metr\u00f4\"}]},{\"@type\":\"WebSite\",\"@id\":\"https:\/\/www.encontramoema.com.br\/sobre\/#website\",\"url\":\"https:\/\/www.encontramoema.com.br\/sobre\/\",\"name\":\"Encontra Moema\",\"description\":\"Not\u00edcias, eventos, informa\u00e7\u00f5es e dicas no bairro de Moema e regi\u00e3o.\",\"potentialAction\":[{\"@type\":\"SearchAction\",\"target\":{\"@type\":\"EntryPoint\",\"urlTemplate\":\"https:\/\/www.encontramoema.com.br\/sobre\/?s={search_term_string}\"},\"query-input\":{\"@type\":\"PropertyValueSpecification\",\"valueRequired\":true,\"valueName\":\"search_term_string\"}}],\"inLanguage\":\"pt-BR\"},{\"@type\":\"Person\",\"@id\":\"https:\/\/www.encontramoema.com.br\/sobre\/#\/schema\/person\/3c3656d12b82130d77eba13c4ef23efa\",\"name\":\"Encontra Moema\",\"image\":{\"@type\":\"ImageObject\",\"inLanguage\":\"pt-BR\",\"@id\":\"https:\/\/www.encontramoema.com.br\/sobre\/#\/schema\/person\/image\/\",\"url\":\"https:\/\/secure.gravatar.com\/avatar\/0fbed662e37531ae23e68f85f9517b2454e50c1dfebf80eb9b721449ac95e0b9?s=96&d=mm&r=g\",\"contentUrl\":\"https:\/\/secure.gravatar.com\/avatar\/0fbed662e37531ae23e68f85f9517b2454e50c1dfebf80eb9b721449ac95e0b9?s=96&d=mm&r=g\",\"caption\":\"Encontra Moema\"},\"url\":\"https:\/\/www.encontramoema.com.br\/sobre\/author\/emoema\/\"}]}<\/script>\n<!-- \/ Yoast SEO plugin. -->","yoast_head_json":{"title":"Pinheiros, Vila Madalena, Moema, Faria Lima: onde s\u00e3o previstas desapropria\u00e7\u00f5es para linha de metr\u00f4 - Encontra Moema","robots":{"index":"index","follow":"follow","max-snippet":"max-snippet:-1","max-image-preview":"max-image-preview:large","max-video-preview":"max-video-preview:-1"},"canonical":"https:\/\/www.encontramoema.com.br\/sobre\/pinheiros-vila-madalena-moema-faria-lima-onde-sao-previstas-desapropriacoes-para-linha-de-metro\/","og_locale":"pt_BR","og_type":"article","og_title":"Pinheiros, Vila Madalena, Moema, Faria Lima: onde s\u00e3o previstas desapropria\u00e7\u00f5es para linha de metr\u00f4 - Encontra Moema","og_description":"Descubra as futuras desapropria\u00e7\u00f5es em Pinheiros e Vila Madalena para o novo metr\u00f4 de S\u00e3o Paulo.","og_url":"https:\/\/www.encontramoema.com.br\/sobre\/pinheiros-vila-madalena-moema-faria-lima-onde-sao-previstas-desapropriacoes-para-linha-de-metro\/","og_site_name":"Encontra Moema","article_published_time":"2026-02-05T15:19:24+00:00","og_image":[{"url":"https:\/\/www.encontramoema.com.br\/sobre\/wp-content\/uploads\/2026\/02\/pinheiros-vila-madalena-moema-faria-lima-onde-sao-previstas-desapropriacoes-para-linha-de-metro.webp","type":"","width":"","height":""}],"author":"Encontra Moema","twitter_card":"summary_large_image","twitter_misc":{"Escrito por":"Encontra Moema","Est. tempo de leitura":"6 minutos"},"schema":{"@context":"https:\/\/schema.org","@graph":[{"@type":"WebPage","@id":"https:\/\/www.encontramoema.com.br\/sobre\/pinheiros-vila-madalena-moema-faria-lima-onde-sao-previstas-desapropriacoes-para-linha-de-metro\/","url":"https:\/\/www.encontramoema.com.br\/sobre\/pinheiros-vila-madalena-moema-faria-lima-onde-sao-previstas-desapropriacoes-para-linha-de-metro\/","name":"Pinheiros, Vila Madalena, Moema, Faria Lima: onde s\u00e3o previstas desapropria\u00e7\u00f5es para linha de metr\u00f4 - Encontra Moema","isPartOf":{"@id":"https:\/\/www.encontramoema.com.br\/sobre\/#website"},"primaryImageOfPage":{"@id":"https:\/\/www.encontramoema.com.br\/sobre\/pinheiros-vila-madalena-moema-faria-lima-onde-sao-previstas-desapropriacoes-para-linha-de-metro\/#primaryimage"},"image":{"@id":"https:\/\/www.encontramoema.com.br\/sobre\/pinheiros-vila-madalena-moema-faria-lima-onde-sao-previstas-desapropriacoes-para-linha-de-metro\/#primaryimage"},"thumbnailUrl":"https:\/\/www.encontramoema.com.br\/sobre\/wp-content\/uploads\/2026\/02\/pinheiros-vila-madalena-moema-faria-lima-onde-sao-previstas-desapropriacoes-para-linha-de-metro.webp","datePublished":"2026-02-05T15:19:24+00:00","author":{"@id":"https:\/\/www.encontramoema.com.br\/sobre\/#\/schema\/person\/3c3656d12b82130d77eba13c4ef23efa"},"breadcrumb":{"@id":"https:\/\/www.encontramoema.com.br\/sobre\/pinheiros-vila-madalena-moema-faria-lima-onde-sao-previstas-desapropriacoes-para-linha-de-metro\/#breadcrumb"},"inLanguage":"pt-BR","potentialAction":[{"@type":"ReadAction","target":["https:\/\/www.encontramoema.com.br\/sobre\/pinheiros-vila-madalena-moema-faria-lima-onde-sao-previstas-desapropriacoes-para-linha-de-metro\/"]}]},{"@type":"ImageObject","inLanguage":"pt-BR","@id":"https:\/\/www.encontramoema.com.br\/sobre\/pinheiros-vila-madalena-moema-faria-lima-onde-sao-previstas-desapropriacoes-para-linha-de-metro\/#primaryimage","url":"https:\/\/www.encontramoema.com.br\/sobre\/wp-content\/uploads\/2026\/02\/pinheiros-vila-madalena-moema-faria-lima-onde-sao-previstas-desapropriacoes-para-linha-de-metro.webp","contentUrl":"https:\/\/www.encontramoema.com.br\/sobre\/wp-content\/uploads\/2026\/02\/pinheiros-vila-madalena-moema-faria-lima-onde-sao-previstas-desapropriacoes-para-linha-de-metro.webp","width":280,"height":280,"caption":"Linha 20-Rosa"},{"@type":"BreadcrumbList","@id":"https:\/\/www.encontramoema.com.br\/sobre\/pinheiros-vila-madalena-moema-faria-lima-onde-sao-previstas-desapropriacoes-para-linha-de-metro\/#breadcrumb","itemListElement":[{"@type":"ListItem","position":1,"name":"In\u00edcio","item":"https:\/\/www.encontramoema.com.br\/sobre\/"},{"@type":"ListItem","position":2,"name":"Pinheiros, Vila Madalena, Moema, Faria Lima: onde s\u00e3o previstas desapropria\u00e7\u00f5es para linha de metr\u00f4"}]},{"@type":"WebSite","@id":"https:\/\/www.encontramoema.com.br\/sobre\/#website","url":"https:\/\/www.encontramoema.com.br\/sobre\/","name":"Encontra Moema","description":"Not\u00edcias, eventos, informa\u00e7\u00f5es e dicas no bairro de Moema e regi\u00e3o.","potentialAction":[{"@type":"SearchAction","target":{"@type":"EntryPoint","urlTemplate":"https:\/\/www.encontramoema.com.br\/sobre\/?s={search_term_string}"},"query-input":{"@type":"PropertyValueSpecification","valueRequired":true,"valueName":"search_term_string"}}],"inLanguage":"pt-BR"},{"@type":"Person","@id":"https:\/\/www.encontramoema.com.br\/sobre\/#\/schema\/person\/3c3656d12b82130d77eba13c4ef23efa","name":"Encontra Moema","image":{"@type":"ImageObject","inLanguage":"pt-BR","@id":"https:\/\/www.encontramoema.com.br\/sobre\/#\/schema\/person\/image\/","url":"https:\/\/secure.gravatar.com\/avatar\/0fbed662e37531ae23e68f85f9517b2454e50c1dfebf80eb9b721449ac95e0b9?s=96&d=mm&r=g","contentUrl":"https:\/\/secure.gravatar.com\/avatar\/0fbed662e37531ae23e68f85f9517b2454e50c1dfebf80eb9b721449ac95e0b9?s=96&d=mm&r=g","caption":"Encontra Moema"},"url":"https:\/\/www.encontramoema.com.br\/sobre\/author\/emoema\/"}]}},"_links":{"self":[{"href":"https:\/\/www.encontramoema.com.br\/sobre\/wp-json\/wp\/v2\/posts\/21028","targetHints":{"allow":["GET"]}}],"collection":[{"href":"https:\/\/www.encontramoema.com.br\/sobre\/wp-json\/wp\/v2\/posts"}],"about":[{"href":"https:\/\/www.encontramoema.com.br\/sobre\/wp-json\/wp\/v2\/types\/post"}],"author":[{"embeddable":true,"href":"https:\/\/www.encontramoema.com.br\/sobre\/wp-json\/wp\/v2\/users\/1"}],"replies":[{"embeddable":true,"href":"https:\/\/www.encontramoema.com.br\/sobre\/wp-json\/wp\/v2\/comments?post=21028"}],"version-history":[{"count":0,"href":"https:\/\/www.encontramoema.com.br\/sobre\/wp-json\/wp\/v2\/posts\/21028\/revisions"}],"wp:featuredmedia":[{"embeddable":true,"href":"https:\/\/www.encontramoema.com.br\/sobre\/wp-json\/wp\/v2\/media\/21027"}],"wp:attachment":[{"href":"https:\/\/www.encontramoema.com.br\/sobre\/wp-json\/wp\/v2\/media?parent=21028"}],"wp:term":[{"taxonomy":"category","embeddable":true,"href":"https:\/\/www.encontramoema.com.br\/sobre\/wp-json\/wp\/v2\/categories?post=21028"},{"taxonomy":"post_tag","embeddable":true,"href":"https:\/\/www.encontramoema.com.br\/sobre\/wp-json\/wp\/v2\/tags?post=21028"}],"curies":[{"name":"wp","href":"https:\/\/api.w.org\/{rel}","templated":true}]}}