{"id":21040,"date":"2026-02-07T12:19:41","date_gmt":"2026-02-07T15:19:41","guid":{"rendered":"https:\/\/www.encontramoema.com.br\/sobre\/madeira-clara-realca-pecas-coloridas-e-humoradas-em-apartamento-de-150-m%c2%b2-em-sp\/"},"modified":"2026-02-07T12:19:41","modified_gmt":"2026-02-07T15:19:41","slug":"madeira-clara-realca-pecas-coloridas-e-humoradas-em-apartamento-de-150-m%c2%b2-em-sp","status":"publish","type":"post","link":"https:\/\/www.encontramoema.com.br\/sobre\/madeira-clara-realca-pecas-coloridas-e-humoradas-em-apartamento-de-150-m%c2%b2-em-sp\/","title":{"rendered":"Madeira clara real\u00e7a pe\u00e7as coloridas e humoradas em apartamento de 150 m\u00b2 em SP"},"content":{"rendered":"<div class=\"b7f545a958fd6350ffae2d30a84cafb8\" data-index=\"1\" style=\"float: none; margin:0px;\">\n<!-- Anuncio display - global -->\r\n<ins class=\"adsbygoogle\"\r\n     style=\"display:block\"\r\n     data-ad-client=\"ca-pub-8585364105181520\"\r\n     data-ad-slot=\"8789329856\"\r\n     data-ad-format=\"auto\"\r\n     data-full-width-responsive=\"true\"><\/ins>\r\n<script>\r\n     (adsbygoogle = window.adsbygoogle || []).push({});\r\n<\/script>\n<\/div>\n<h2>Como a Madeira Clara Transforma Ambientes<\/h2>\n<p>A madeira clara \u00e9 um elemento fundamental na decora\u00e7\u00e3o de interiores, pois proporciona uma base neutra que ilumina o ambiente. Sua tonalidade suave combina facilmente com diversas paletas de cores, destacando outros elementos decorativos e assegurando uma atmosfera acolhedora. Em ambientes como salas de estar e quartos, o uso de madeira clara n\u00e3o apenas amplia a sensa\u00e7\u00e3o de espa\u00e7o, mas tamb\u00e9m cria um clima agrad\u00e1vel, favorecendo a conviv\u00eancia e o bem-estar.<\/p>\n<p>Al\u00e9m disso, a madeira clara \u00e9 uma escolha popular devido \u00e0 sua versatilidade. Ao ser utilizada em paredes, mob\u00edlias e pisos, pode transmitir desde um ar r\u00fastico at\u00e9 um toque sofisticado, dependendo da combina\u00e7\u00e3o com outros materiais e cores. Essa adaptabilidade permite que seja utilizada em diversos estilos, como minimalista, escandinavo ou mesmo contempor\u00e2neo.<\/p>\n<h2>A Import\u00e2ncia das Cores na Decora\u00e7\u00e3o<\/h2>\n<p>As cores desempenham um papel crucial na defini\u00e7\u00e3o do clima e na personalidade de um espa\u00e7o. No uso de madeira clara, as cores vibrantes podem ser introduzidas atrav\u00e9s de m\u00f3veis, acess\u00f3rios e equipamentos decorativos, criando um contraste interessante. Pe\u00e7as coloridas, como almofadas, obras de arte e tapetes, ganham destaque sem sobrecarregar o ambiente. <\/p>\n<p><img decoding=\"async\" src=\"https:\/\/www.encontramoema.com.br\/sobre\/wp-content\/uploads\/2026\/02\/madeira-clara-realca-pecas-coloridas-e-humoradas-em-apartamento-de-150-m-em-sp.webp\" alt=\"madeira clara\" loading=\"lazy\" \/><\/p>\n<p>Al\u00e9m de oferec\u00ea-la uma base neutra, a madeira clara combina bem com uma ampla gama de cores. Por exemplo, tons pastel criam um ambiente suave e relaxante, enquanto cores mais fortes, como azul e amarelo, adicionam energia e vivacidade. A escolha correta de cores, em harmonia com a madeira clara, pode transformar um simples espa\u00e7o em um espa\u00e7o estimulante e convidativo.<\/p>\n<h2>Pe\u00e7as de Design que Encantam<\/h2>\n<p>Os m\u00f3veis e acess\u00f3rios desenhados de forma criativa podem fazer toda a diferen\u00e7a na decora\u00e7\u00e3o de um ambiente. Em ambientes com madeira clara, \u00e9 poss\u00edvel observar como os m\u00f3veis de design diferenciado, com formas org\u00e2nicas e tra\u00e7os contempor\u00e2neos, se destacam. Por exemplo, um sof\u00e1 curvo ou uma mesa de caf\u00e9 com um design inusitado podem se tornar o foco do espa\u00e7o.<\/p>\n<p>Al\u00e9m disso, o mobili\u00e1rio n\u00e3o precisa ser apenas funcional; ele tamb\u00e9m pode ser uma pe\u00e7a de destaque no design do interior. Objetos como uma cadeira de design exclusivo ou uma estante com linhas fluidas podem agregar valor est\u00e9tico e servir como uma forma de express\u00e3o pessoal.<\/p>\n<h2>Formas Org\u00e2nicas e Seus Benef\u00edcios<\/h2>\n<p>O uso de formas org\u00e2nicas complementa a madeira clara, trazendo dinamismo e suavidade ao ambiente. Essas formas d\u00e3o uma sensa\u00e7\u00e3o de aconchego e fluidez, diferentemente das linhas retas, que podem parecer mais r\u00edgidas. M\u00f3veis e objetos com contornos suaves ajudam a criar um espa\u00e7o harmonioso e convidativo.<\/p>\n<p>As formas org\u00e2nicas podem ser incorporadas atrav\u00e9s de m\u00f3veis, como mesas e sof\u00e1s, ou em elementos decorativos, como cortinas e almofadas. Essa abordagem n\u00e3o apenas enriquece a est\u00e9tica do espa\u00e7o, mas tamb\u00e9m melhora a funcionalidade, j\u00e1 que muitos desses objetos s\u00e3o projetados para proporcionar conforto e aconchego.<\/p>\n<h2>Obras de Arte e Personalidade na Decora\u00e7\u00e3o<\/h2>\n<p>As obras de arte s\u00e3o essenciais para a personaliza\u00e7\u00e3o de um espa\u00e7o. Elas t\u00eam a capacidade de refletir a identidade do morador e adicionar car\u00e1ter aos ambientes. Em uma decora\u00e7\u00e3o que utiliza madeira clara, as obras de arte podem se destacar de forma marcante. Cores vibrantes e formas diferenciadas em quadros, esculturas e outros itens podem contrastar com a base clara, tornando-se o foco principal do espa\u00e7o.<\/p>\n<p>Al\u00e9m disso, a arte pode servir como uma conversa\u00e7\u00e3o e uma forma de compartilhamento de experi\u00eancias e sentimentos. Ao escolher obras de arte que fazem sentido para o morador, o ambiente torna-se mais aut\u00eantico e, ao mesmo tempo, inspira os visitantes.<\/p>\n<h2>A Conex\u00e3o Entre Estilos e Funcionalidade<\/h2>\n<p>Um espa\u00e7o bem projetado deve equilibrar est\u00e9tica e funcionalidade. A madeira clara oferece essa versatilidade, pois combina com diferentes estilos de decora\u00e7\u00e3o enquanto atende \u00e0s necessidades do dia a dia. Por exemplo, em um apartamento moderno, m\u00f3veis multifuncionais podem ser feitos de madeira clara, proporcionando praticidade sem sacrificar a beleza.<\/p>\n<p>Assim, \u00e9 importante considerar como os elementos decorativos interagem uns com os outros. M\u00f3veis que se integram de forma eficaz, com um design que prioriza a funcionalidade, resultam em ambientes agrad\u00e1veis e agrad\u00e1veis de se viver.<\/p>\n<h2>Dicas para Escolher a Madeira Ideal<\/h2>\n<p>Ao optar por madeira clara na decora\u00e7\u00e3o, \u00e9 importante escolher o tipo certo que se adequa ao estilo desejado. Algumas dicas incluem:<\/p>\n<ul>\n<li><strong>Verifique a Qualidade:<\/strong> Prefira madeira de alta qualidade, dur\u00e1vel e f\u00e1cil de manter.<\/li>\n<li><strong>Considere o Ambiente:<\/strong> Escolha tipos de madeira adequados para a umidade de cada ambiente.<\/li>\n<li><strong>Amostras de Cores:<\/strong> Leve amostras de madeira para verificar como ela interage com as cores j\u00e1 existentes no espa\u00e7o.<\/li>\n<li><strong>Consist\u00eancia:<\/strong> Certifique-se de que as pe\u00e7as de madeira escolhidas sejam consistentes em tonalidade e textura.<\/li>\n<\/ul>\n<h2>Ambientes Acolhedores com Madeira Natural<\/h2>\n<p>A madeira clara traz uma sensa\u00e7\u00e3o de calor e acolhimento, essencial para a cria\u00e7\u00e3o de um lar confort\u00e1vel. O uso de pe\u00e7as de madeira natural, como pain\u00e9is nas paredes ou pisos, ajuda a estabelecer um ambiente sereno e convidativo. Essa sensa\u00e7\u00e3o \u00e9 intensificada quando combinada com tecidos macios e acess\u00f3rios aconchegantes.<\/p>\n<p>Janelas amplas que trazem luz natural tamb\u00e9m s\u00e3o importantes. A luz do sol real\u00e7a as caracter\u00edsticas da madeira, fazendo com que os ambientes se tornem ainda mais vibrantes e acolhedores. Al\u00e9m disso, o uso de plantas naturais complementa esse acolhimento, trazendo vida e frescor ao espa\u00e7o.<\/p>\n<h2>Criando Espa\u00e7os para Momento de Conviv\u00eancia<\/h2>\n<p>A cria\u00e7\u00e3o de \u00e1reas de conviv\u00eancia no lar \u00e9 fundamental para promover intera\u00e7\u00f5es sociais. M\u00f3veis de madeira clara podem ser dispostos de maneira a favorecer a intera\u00e7\u00e3o, como mesas de jantar grandes ou sof\u00e1s amplos que convidam a sentar-se. Esse tipo de configura\u00e7\u00e3o incentiva os moradores e visitantes a se reunirem e compartilharem momentos.<\/p>\n<p>Um espa\u00e7o com boa ilumina\u00e7\u00e3o e elementos confort\u00e1veis para sentar-se garante que esses momentos sejam prazerosos, permitindo que todos desfrutem do ambiente. A escolha de acess\u00f3rios que complementem as cores da madeira e a atmosfera do espa\u00e7o tamb\u00e9m \u00e9 importante para engajar todos os sentidos.<\/p>\n<h2>Inspira\u00e7\u00f5es de Decora\u00e7\u00e3o para Seu Lar<\/h2>\n<p>Se voc\u00ea est\u00e1 buscando inspira\u00e7\u00f5es para decora\u00e7\u00e3o com madeira clara, considere o seguinte:<\/p>\n<ul>\n<li><strong>Estilo Escandinavo:<\/strong> Use madeira clara em pisos e m\u00f3veis, combinando com tons past\u00e9is e formas simples.<\/li>\n<li><strong>Estilo Minimalista:<\/strong> Aposte em poucos elementos, destacando a beleza da madeira clara.<\/li>\n<li><strong>Estilo R\u00fastico:<\/strong> Misture madeira clara com elementos naturais para uma atmosfera acolhedora e nost\u00e1lgica.<\/li>\n<li><strong>Estilo Moderno:<\/strong> Realce formas inovadoras e cores vibrantes que contrastam com a madeira.<\/li>\n<\/ul>\n<p>Essas diretrizes podem ajudar a criar um ambiente que reflete seu estilo pessoal enquanto aproveita os benef\u00edcios da madeira clara, resultando em uma decora\u00e7\u00e3o harm\u00f4nica e inspiradora.<\/p>\n\n<div style=\"font-size: 0px; height: 0px; line-height: 0px; margin: 0; padding: 0; clear: both;\"><\/div>","protected":false},"excerpt":{"rendered":"<p>Madeira clara transforma o apartamento com pe\u00e7as coloridas e alegria.<\/p>\n","protected":false},"author":1,"featured_media":21039,"comment_status":"closed","ping_status":"closed","sticky":false,"template":"","format":"standard","meta":{"footnotes":""},"categories":[1],"tags":[],"class_list":["post-21040","post","type-post","status-publish","format-standard","has-post-thumbnail","hentry","category-noticias-em-moema","has_thumb"],"yoast_head":"<!-- This site is optimized with the Yoast SEO plugin v26.3 - https:\/\/yoast.com\/wordpress\/plugins\/seo\/ -->\n<title>Madeira clara real\u00e7a pe\u00e7as coloridas e humoradas em apartamento de 150 m\u00b2 em SP - Encontra Moema<\/title>\n<meta name=\"robots\" content=\"index, follow, max-snippet:-1, max-image-preview:large, max-video-preview:-1\" \/>\n<link rel=\"canonical\" href=\"https:\/\/www.encontramoema.com.br\/sobre\/madeira-clara-realca-pecas-coloridas-e-humoradas-em-apartamento-de-150-m\u00b2-em-sp\/\" \/>\n<meta property=\"og:locale\" content=\"pt_BR\" \/>\n<meta property=\"og:type\" content=\"article\" \/>\n<meta property=\"og:title\" content=\"Madeira clara real\u00e7a pe\u00e7as coloridas e humoradas em apartamento de 150 m\u00b2 em SP - Encontra Moema\" \/>\n<meta property=\"og:description\" content=\"Madeira clara transforma o apartamento com pe\u00e7as coloridas e alegria.\" \/>\n<meta property=\"og:url\" content=\"https:\/\/www.encontramoema.com.br\/sobre\/madeira-clara-realca-pecas-coloridas-e-humoradas-em-apartamento-de-150-m\u00b2-em-sp\/\" \/>\n<meta property=\"og:site_name\" content=\"Encontra Moema\" \/>\n<meta property=\"article:published_time\" content=\"2026-02-07T15:19:41+00:00\" \/>\n<meta property=\"og:image\" content=\"https:\/\/www.encontramoema.com.br\/sobre\/wp-content\/uploads\/2026\/02\/madeira-clara-realca-pecas-coloridas-e-humoradas-em-apartamento-de-150-m-em-sp.webp\" \/>\n<meta name=\"author\" content=\"Encontra Moema\" \/>\n<meta name=\"twitter:card\" content=\"summary_large_image\" \/>\n<meta name=\"twitter:label1\" content=\"Escrito por\" \/>\n\t<meta name=\"twitter:data1\" content=\"Encontra Moema\" \/>\n\t<meta name=\"twitter:label2\" content=\"Est. tempo de leitura\" \/>\n\t<meta name=\"twitter:data2\" content=\"6 minutos\" \/>\n<script type=\"application\/ld+json\" class=\"yoast-schema-graph\">{\"@context\":\"https:\/\/schema.org\",\"@graph\":[{\"@type\":\"WebPage\",\"@id\":\"https:\/\/www.encontramoema.com.br\/sobre\/madeira-clara-realca-pecas-coloridas-e-humoradas-em-apartamento-de-150-m%c2%b2-em-sp\/\",\"url\":\"https:\/\/www.encontramoema.com.br\/sobre\/madeira-clara-realca-pecas-coloridas-e-humoradas-em-apartamento-de-150-m%c2%b2-em-sp\/\",\"name\":\"Madeira clara real\u00e7a pe\u00e7as coloridas e humoradas em apartamento de 150 m\u00b2 em SP - Encontra Moema\",\"isPartOf\":{\"@id\":\"https:\/\/www.encontramoema.com.br\/sobre\/#website\"},\"primaryImageOfPage\":{\"@id\":\"https:\/\/www.encontramoema.com.br\/sobre\/madeira-clara-realca-pecas-coloridas-e-humoradas-em-apartamento-de-150-m%c2%b2-em-sp\/#primaryimage\"},\"image\":{\"@id\":\"https:\/\/www.encontramoema.com.br\/sobre\/madeira-clara-realca-pecas-coloridas-e-humoradas-em-apartamento-de-150-m%c2%b2-em-sp\/#primaryimage\"},\"thumbnailUrl\":\"https:\/\/www.encontramoema.com.br\/sobre\/wp-content\/uploads\/2026\/02\/madeira-clara-realca-pecas-coloridas-e-humoradas-em-apartamento-de-150-m-em-sp.webp\",\"datePublished\":\"2026-02-07T15:19:41+00:00\",\"author\":{\"@id\":\"https:\/\/www.encontramoema.com.br\/sobre\/#\/schema\/person\/3c3656d12b82130d77eba13c4ef23efa\"},\"breadcrumb\":{\"@id\":\"https:\/\/www.encontramoema.com.br\/sobre\/madeira-clara-realca-pecas-coloridas-e-humoradas-em-apartamento-de-150-m%c2%b2-em-sp\/#breadcrumb\"},\"inLanguage\":\"pt-BR\",\"potentialAction\":[{\"@type\":\"ReadAction\",\"target\":[\"https:\/\/www.encontramoema.com.br\/sobre\/madeira-clara-realca-pecas-coloridas-e-humoradas-em-apartamento-de-150-m%c2%b2-em-sp\/\"]}]},{\"@type\":\"ImageObject\",\"inLanguage\":\"pt-BR\",\"@id\":\"https:\/\/www.encontramoema.com.br\/sobre\/madeira-clara-realca-pecas-coloridas-e-humoradas-em-apartamento-de-150-m%c2%b2-em-sp\/#primaryimage\",\"url\":\"https:\/\/www.encontramoema.com.br\/sobre\/wp-content\/uploads\/2026\/02\/madeira-clara-realca-pecas-coloridas-e-humoradas-em-apartamento-de-150-m-em-sp.webp\",\"contentUrl\":\"https:\/\/www.encontramoema.com.br\/sobre\/wp-content\/uploads\/2026\/02\/madeira-clara-realca-pecas-coloridas-e-humoradas-em-apartamento-de-150-m-em-sp.webp\",\"width\":280,\"height\":280,\"caption\":\"madeira clara\"},{\"@type\":\"BreadcrumbList\",\"@id\":\"https:\/\/www.encontramoema.com.br\/sobre\/madeira-clara-realca-pecas-coloridas-e-humoradas-em-apartamento-de-150-m%c2%b2-em-sp\/#breadcrumb\",\"itemListElement\":[{\"@type\":\"ListItem\",\"position\":1,\"name\":\"In\u00edcio\",\"item\":\"https:\/\/www.encontramoema.com.br\/sobre\/\"},{\"@type\":\"ListItem\",\"position\":2,\"name\":\"Madeira clara real\u00e7a pe\u00e7as coloridas e humoradas em apartamento de 150 m\u00b2 em SP\"}]},{\"@type\":\"WebSite\",\"@id\":\"https:\/\/www.encontramoema.com.br\/sobre\/#website\",\"url\":\"https:\/\/www.encontramoema.com.br\/sobre\/\",\"name\":\"Encontra Moema\",\"description\":\"Not\u00edcias, eventos, informa\u00e7\u00f5es e dicas no bairro de Moema e regi\u00e3o.\",\"potentialAction\":[{\"@type\":\"SearchAction\",\"target\":{\"@type\":\"EntryPoint\",\"urlTemplate\":\"https:\/\/www.encontramoema.com.br\/sobre\/?s={search_term_string}\"},\"query-input\":{\"@type\":\"PropertyValueSpecification\",\"valueRequired\":true,\"valueName\":\"search_term_string\"}}],\"inLanguage\":\"pt-BR\"},{\"@type\":\"Person\",\"@id\":\"https:\/\/www.encontramoema.com.br\/sobre\/#\/schema\/person\/3c3656d12b82130d77eba13c4ef23efa\",\"name\":\"Encontra Moema\",\"image\":{\"@type\":\"ImageObject\",\"inLanguage\":\"pt-BR\",\"@id\":\"https:\/\/www.encontramoema.com.br\/sobre\/#\/schema\/person\/image\/\",\"url\":\"https:\/\/secure.gravatar.com\/avatar\/0fbed662e37531ae23e68f85f9517b2454e50c1dfebf80eb9b721449ac95e0b9?s=96&d=mm&r=g\",\"contentUrl\":\"https:\/\/secure.gravatar.com\/avatar\/0fbed662e37531ae23e68f85f9517b2454e50c1dfebf80eb9b721449ac95e0b9?s=96&d=mm&r=g\",\"caption\":\"Encontra Moema\"},\"url\":\"https:\/\/www.encontramoema.com.br\/sobre\/author\/emoema\/\"}]}<\/script>\n<!-- \/ Yoast SEO plugin. -->","yoast_head_json":{"title":"Madeira clara real\u00e7a pe\u00e7as coloridas e humoradas em apartamento de 150 m\u00b2 em SP - Encontra Moema","robots":{"index":"index","follow":"follow","max-snippet":"max-snippet:-1","max-image-preview":"max-image-preview:large","max-video-preview":"max-video-preview:-1"},"canonical":"https:\/\/www.encontramoema.com.br\/sobre\/madeira-clara-realca-pecas-coloridas-e-humoradas-em-apartamento-de-150-m\u00b2-em-sp\/","og_locale":"pt_BR","og_type":"article","og_title":"Madeira clara real\u00e7a pe\u00e7as coloridas e humoradas em apartamento de 150 m\u00b2 em SP - Encontra Moema","og_description":"Madeira clara transforma o apartamento com pe\u00e7as coloridas e alegria.","og_url":"https:\/\/www.encontramoema.com.br\/sobre\/madeira-clara-realca-pecas-coloridas-e-humoradas-em-apartamento-de-150-m\u00b2-em-sp\/","og_site_name":"Encontra Moema","article_published_time":"2026-02-07T15:19:41+00:00","og_image":[{"url":"https:\/\/www.encontramoema.com.br\/sobre\/wp-content\/uploads\/2026\/02\/madeira-clara-realca-pecas-coloridas-e-humoradas-em-apartamento-de-150-m-em-sp.webp","type":"","width":"","height":""}],"author":"Encontra Moema","twitter_card":"summary_large_image","twitter_misc":{"Escrito por":"Encontra Moema","Est. tempo de leitura":"6 minutos"},"schema":{"@context":"https:\/\/schema.org","@graph":[{"@type":"WebPage","@id":"https:\/\/www.encontramoema.com.br\/sobre\/madeira-clara-realca-pecas-coloridas-e-humoradas-em-apartamento-de-150-m%c2%b2-em-sp\/","url":"https:\/\/www.encontramoema.com.br\/sobre\/madeira-clara-realca-pecas-coloridas-e-humoradas-em-apartamento-de-150-m%c2%b2-em-sp\/","name":"Madeira clara real\u00e7a pe\u00e7as coloridas e humoradas em apartamento de 150 m\u00b2 em SP - Encontra Moema","isPartOf":{"@id":"https:\/\/www.encontramoema.com.br\/sobre\/#website"},"primaryImageOfPage":{"@id":"https:\/\/www.encontramoema.com.br\/sobre\/madeira-clara-realca-pecas-coloridas-e-humoradas-em-apartamento-de-150-m%c2%b2-em-sp\/#primaryimage"},"image":{"@id":"https:\/\/www.encontramoema.com.br\/sobre\/madeira-clara-realca-pecas-coloridas-e-humoradas-em-apartamento-de-150-m%c2%b2-em-sp\/#primaryimage"},"thumbnailUrl":"https:\/\/www.encontramoema.com.br\/sobre\/wp-content\/uploads\/2026\/02\/madeira-clara-realca-pecas-coloridas-e-humoradas-em-apartamento-de-150-m-em-sp.webp","datePublished":"2026-02-07T15:19:41+00:00","author":{"@id":"https:\/\/www.encontramoema.com.br\/sobre\/#\/schema\/person\/3c3656d12b82130d77eba13c4ef23efa"},"breadcrumb":{"@id":"https:\/\/www.encontramoema.com.br\/sobre\/madeira-clara-realca-pecas-coloridas-e-humoradas-em-apartamento-de-150-m%c2%b2-em-sp\/#breadcrumb"},"inLanguage":"pt-BR","potentialAction":[{"@type":"ReadAction","target":["https:\/\/www.encontramoema.com.br\/sobre\/madeira-clara-realca-pecas-coloridas-e-humoradas-em-apartamento-de-150-m%c2%b2-em-sp\/"]}]},{"@type":"ImageObject","inLanguage":"pt-BR","@id":"https:\/\/www.encontramoema.com.br\/sobre\/madeira-clara-realca-pecas-coloridas-e-humoradas-em-apartamento-de-150-m%c2%b2-em-sp\/#primaryimage","url":"https:\/\/www.encontramoema.com.br\/sobre\/wp-content\/uploads\/2026\/02\/madeira-clara-realca-pecas-coloridas-e-humoradas-em-apartamento-de-150-m-em-sp.webp","contentUrl":"https:\/\/www.encontramoema.com.br\/sobre\/wp-content\/uploads\/2026\/02\/madeira-clara-realca-pecas-coloridas-e-humoradas-em-apartamento-de-150-m-em-sp.webp","width":280,"height":280,"caption":"madeira clara"},{"@type":"BreadcrumbList","@id":"https:\/\/www.encontramoema.com.br\/sobre\/madeira-clara-realca-pecas-coloridas-e-humoradas-em-apartamento-de-150-m%c2%b2-em-sp\/#breadcrumb","itemListElement":[{"@type":"ListItem","position":1,"name":"In\u00edcio","item":"https:\/\/www.encontramoema.com.br\/sobre\/"},{"@type":"ListItem","position":2,"name":"Madeira clara real\u00e7a pe\u00e7as coloridas e humoradas em apartamento de 150 m\u00b2 em SP"}]},{"@type":"WebSite","@id":"https:\/\/www.encontramoema.com.br\/sobre\/#website","url":"https:\/\/www.encontramoema.com.br\/sobre\/","name":"Encontra Moema","description":"Not\u00edcias, eventos, informa\u00e7\u00f5es e dicas no bairro de Moema e regi\u00e3o.","potentialAction":[{"@type":"SearchAction","target":{"@type":"EntryPoint","urlTemplate":"https:\/\/www.encontramoema.com.br\/sobre\/?s={search_term_string}"},"query-input":{"@type":"PropertyValueSpecification","valueRequired":true,"valueName":"search_term_string"}}],"inLanguage":"pt-BR"},{"@type":"Person","@id":"https:\/\/www.encontramoema.com.br\/sobre\/#\/schema\/person\/3c3656d12b82130d77eba13c4ef23efa","name":"Encontra Moema","image":{"@type":"ImageObject","inLanguage":"pt-BR","@id":"https:\/\/www.encontramoema.com.br\/sobre\/#\/schema\/person\/image\/","url":"https:\/\/secure.gravatar.com\/avatar\/0fbed662e37531ae23e68f85f9517b2454e50c1dfebf80eb9b721449ac95e0b9?s=96&d=mm&r=g","contentUrl":"https:\/\/secure.gravatar.com\/avatar\/0fbed662e37531ae23e68f85f9517b2454e50c1dfebf80eb9b721449ac95e0b9?s=96&d=mm&r=g","caption":"Encontra Moema"},"url":"https:\/\/www.encontramoema.com.br\/sobre\/author\/emoema\/"}]}},"_links":{"self":[{"href":"https:\/\/www.encontramoema.com.br\/sobre\/wp-json\/wp\/v2\/posts\/21040","targetHints":{"allow":["GET"]}}],"collection":[{"href":"https:\/\/www.encontramoema.com.br\/sobre\/wp-json\/wp\/v2\/posts"}],"about":[{"href":"https:\/\/www.encontramoema.com.br\/sobre\/wp-json\/wp\/v2\/types\/post"}],"author":[{"embeddable":true,"href":"https:\/\/www.encontramoema.com.br\/sobre\/wp-json\/wp\/v2\/users\/1"}],"replies":[{"embeddable":true,"href":"https:\/\/www.encontramoema.com.br\/sobre\/wp-json\/wp\/v2\/comments?post=21040"}],"version-history":[{"count":0,"href":"https:\/\/www.encontramoema.com.br\/sobre\/wp-json\/wp\/v2\/posts\/21040\/revisions"}],"wp:featuredmedia":[{"embeddable":true,"href":"https:\/\/www.encontramoema.com.br\/sobre\/wp-json\/wp\/v2\/media\/21039"}],"wp:attachment":[{"href":"https:\/\/www.encontramoema.com.br\/sobre\/wp-json\/wp\/v2\/media?parent=21040"}],"wp:term":[{"taxonomy":"category","embeddable":true,"href":"https:\/\/www.encontramoema.com.br\/sobre\/wp-json\/wp\/v2\/categories?post=21040"},{"taxonomy":"post_tag","embeddable":true,"href":"https:\/\/www.encontramoema.com.br\/sobre\/wp-json\/wp\/v2\/tags?post=21040"}],"curies":[{"name":"wp","href":"https:\/\/api.w.org\/{rel}","templated":true}]}}