{"id":21050,"date":"2026-02-09T12:19:52","date_gmt":"2026-02-09T15:19:52","guid":{"rendered":"https:\/\/www.encontramoema.com.br\/sobre\/queda-de-arvore-deixa-feridos-na-avenida-ibirapuera-em-moema\/"},"modified":"2026-02-09T12:19:52","modified_gmt":"2026-02-09T15:19:52","slug":"queda-de-arvore-deixa-feridos-na-avenida-ibirapuera-em-moema","status":"publish","type":"post","link":"https:\/\/www.encontramoema.com.br\/sobre\/queda-de-arvore-deixa-feridos-na-avenida-ibirapuera-em-moema\/","title":{"rendered":"Queda de \u00e1rvore deixa feridos na Avenida Ibirapuera em Moema"},"content":{"rendered":"<div class=\"b7f545a958fd6350ffae2d30a84cafb8\" data-index=\"1\" style=\"float: none; margin:0px;\">\n<!-- Anuncio display - global -->\r\n<ins class=\"adsbygoogle\"\r\n     style=\"display:block\"\r\n     data-ad-client=\"ca-pub-8585364105181520\"\r\n     data-ad-slot=\"8789329856\"\r\n     data-ad-format=\"auto\"\r\n     data-full-width-responsive=\"true\"><\/ins>\r\n<script>\r\n     (adsbygoogle = window.adsbygoogle || []).push({});\r\n<\/script>\n<\/div>\n<h2>Causas da queda de \u00e1rvore em Moema<\/h2>\n<p>A queda de uma \u00e1rvore na Avenida Ibirapuera, em Moema, na tarde de 3 de fevereiro de 2026, levantou quest\u00f5es sobre as causas desse incidente. Embora as condi\u00e7\u00f5es clim\u00e1ticas possam ter um papel significativo, a sa\u00fade da \u00e1rvore e a manuten\u00e7\u00e3o inadequada tamb\u00e9m s\u00e3o fatores cr\u00edticos a serem considerados.<\/p>\n<p>\u00c1rvores podem cair por diversos motivos:<\/p>\n<ul>\n<li><strong>Condi\u00e7\u00f5es clim\u00e1ticas adversas:<\/strong> Ventos fortes e chuvas intensas podem comprometer a estrutura de \u00e1rvores, especialmente aquelas com ra\u00edzes fracas.<\/li>\n<li><strong>Doen\u00e7as e pragas:<\/strong> Infesta\u00e7\u00f5es e doen\u00e7as podem debilitar a \u00e1rvore, tornando-a vulner\u00e1vel a quedas.<\/li>\n<li><strong>Falta de manuten\u00e7\u00e3o:<\/strong> A poda correta e regular das \u00e1rvores \u00e9 essencial para manter sua sa\u00fade e seguran\u00e7a.<\/li>\n<li><strong>Solo comprometido:<\/strong> Solo encharcado ou compactado pode afetar as ra\u00edzes e a estabilidade da \u00e1rvore.<\/li>\n<\/ul>\n<h2>V\u00edtimas do acidente e atendimento<\/h2>\n<p>Em consequ\u00eancia da queda da \u00e1rvore, duas pessoas ficaram feridas. O atendimento inicial foi prestado pelo Servi\u00e7o de Atendimento M\u00f3vel de Urg\u00eancia (SAMU), que foi acionado rapidamente. As v\u00edtimas foram encaminhadas a um hospital, onde receberam os cuidados necess\u00e1rios. O Corpo de Bombeiros tamb\u00e9m esteve presente para ajudar na situa\u00e7\u00e3o, garantindo a seguran\u00e7a da \u00e1rea.<\/p>\n<p><img decoding=\"async\" src=\"https:\/\/www.encontramoema.com.br\/sobre\/wp-content\/uploads\/2026\/02\/queda-de-arvore-deixa-feridos-na-avenida-ibirapuera-em-moema.webp\" alt=\"queda de \u00e1rvore em Moema\" loading=\"lazy\" \/><\/p>\n<h2>Como prevenir acidentes semelhantes<\/h2>\n<p>Prevenir a queda de \u00e1rvores e garantir a seguran\u00e7a da popula\u00e7\u00e3o \u00e9 fundamental para evitar acidentes semelhantes. Algumas medidas que podem ser tomadas incluem:<\/p>\n<ul>\n<li><strong>Inspe\u00e7\u00f5es regulares:<\/strong> Realizar vistorias peri\u00f3dicas nas \u00e1rvores das ruas e parques pode ajudar a identificar problemas antecipadamente.<\/li>\n<li><strong>Poda adequada:<\/strong> A pr\u00e1tica de podas feitas por profissionais capacitados contribui para a sa\u00fade das \u00e1rvores e previne acidentes.<\/li>\n<li><strong>Planos de emerg\u00eancia:<\/strong> Implementar planos de a\u00e7\u00e3o para situa\u00e7\u00f5es de emerg\u00eancia relacionadas a quedas de \u00e1rvores pode ser um recurso valioso.<\/li>\n<li><strong>Educac\u00e3o P\u00fablica:<\/strong> Informar os cidad\u00e3os sobre como relatar problemas em \u00e1rvores pode agilizar a resposta das autoridades competentes.<\/li>\n<\/ul>\n<h2>O papel do Corpo de Bombeiros<\/h2>\n<p>Os bombeiros desempenham um papel crucial em situa\u00e7\u00f5es de emerg\u00eancia como a queda de \u00e1rvores. Sua atua\u00e7\u00e3o envolve:<\/p>\n<ul>\n<li><strong>Avalia\u00e7\u00e3o da cena:<\/strong> Verificar a seguran\u00e7a do local e a condi\u00e7\u00e3o das v\u00edtimas.<\/li>\n<li><strong>Retirada da \u00e1rvore:<\/strong> Realizar a remo\u00e7\u00e3o da \u00e1rvore ca\u00edda de forma r\u00e1pida e segura para liberar a via e evitar mais acidentes.<\/li>\n<li><strong>Coordena\u00e7\u00e3o com outras ag\u00eancias:<\/strong> Trabalhar em conjunto com equipes do SAMU, servi\u00e7os p\u00fablicos e outros envolvidos na resposta ao incidente.<\/li>\n<\/ul>\n<h2>Impacto no tr\u00e1fego da Avenida Ibirapuera<\/h2>\n<p>A queda da \u00e1rvore causou interrup\u00e7\u00f5es significativas no tr\u00e1fego da Avenida Ibirapuera, uma das principais vias da capital. Algumas consequ\u00eancias observadas foram:<\/p>\n<ul>\n<li><strong>Congestionamentos:<\/strong> A interdi\u00e7\u00e3o da pista gerou longos engarrafamentos, afetando motoristas e passageiros de \u00f4nibus.<\/li>\n<li><strong>Ajuste na rotina de transporte:<\/strong> A necessidade de redirecionar rotas e alternativas de trajeto.<\/li>\n<li><strong>Altera\u00e7\u00f5es tempor\u00e1rias na sinaliza\u00e7\u00e3o:<\/strong> A sinaliza\u00e7\u00e3o foi ajustada para garantir a seguran\u00e7a dos motoristas e pedestres.<\/li>\n<\/ul>\n<h2>Depoimentos de testemunhas do incidente<\/h2>\n<p>Testemunhas oculares relataram momentos de p\u00e2nico quando a \u00e1rvore caiu. Muitos expressaram sua preocupa\u00e7\u00e3o com a situa\u00e7\u00e3o e a necessidade de melhores cuidados com as \u00e1rvores urbanas. Entre os depoimentos, destacam-se:<\/p>\n<ul>\n<li><strong>&#8220;Foi tudo muito r\u00e1pido. Ouvimos um barulho forte e, quando olhei, a \u00e1rvore j\u00e1 estava no ch\u00e3o.&#8221;<\/li>\n<li><strong>&#8220;Eu estava perto quando isso aconteceu. As pessoas ficaram assustadas, mas felizmente a maioria conseguiu se afastar a tempo.&#8221;<\/li>\n<\/ul>\n<h2>A\u00e7\u00f5es da prefeitura ap\u00f3s o acidente<\/h2>\n<p>Ap\u00f3s o incidente, a prefeitura se mobilizou para avaliar a situa\u00e7\u00e3o e implementar medidas corretivas. Algumas a\u00e7\u00f5es tomadas incluem:<\/p>\n<ul>\n<li><strong>Inspe\u00e7\u00e3o das \u00e1rvores ao redor:<\/strong> Uma equipe foi designada para realizar vistorias em \u00e1rvores de \u00e1reas pr\u00f3ximas \u00e0 queda.<\/li>\n<li><strong>Plano de manuten\u00e7\u00e3o:<\/strong> Estabelecer um cronograma para a poda e avalia\u00e7\u00e3o regular das \u00e1rvores urbanas.<\/li>\n<li><strong>Campanha de conscientiza\u00e7\u00e3o:<\/strong> Promover iniciativas que informem a popula\u00e7\u00e3o sobre como cuidar e relatar problemas nas \u00e1rvores.<\/li>\n<\/ul>\n<h2>Mobiliza\u00e7\u00e3o nas redes sociais<\/h2>\n<p>A queda da \u00e1rvore gerou grande repercuss\u00e3o nas redes sociais, com usu\u00e1rios discutindo a seguran\u00e7a das ruas e parques. As opini\u00f5es expressas inclu\u00edram:<\/p>\n<ul>\n<li><strong>Demandas por manuten\u00e7\u00e3o:<\/strong> Cidad\u00e3os alegaram que as autoridades devem se responsabilizar pela seguran\u00e7a das \u00e1rvores urbanas.<\/li>\n<li><strong>Hist\u00f3rias pessoais:<\/strong> Muitas pessoas compartilharam experi\u00eancias anteriores de quedas de \u00e1rvores em outras localidades, enfatizando a necessidade de melhorias.<\/li>\n<\/ul>\n<h2>Poss\u00edveis responsabilidades legais<\/h2>\n<p>A queda da \u00e1rvore pode provocar discuss\u00f5es sobre responsabilidades legais. Entre os pontos a serem analisados est\u00e3o:<\/p>\n<ul>\n<li><strong>Responsabilidade da prefeitura:<\/strong> A administra\u00e7\u00e3o municipal pode ser questionada sobre a manuten\u00e7\u00e3o adequada das \u00e1rvores.<\/li>\n<li><strong>Implica\u00e7\u00f5es para propriet\u00e1rios:<\/strong> Caso a \u00e1rvore fosse pertencente a uma propriedade privada, o propriet\u00e1rio pode ser responsabilizado pelos danos causados.<\/li>\n<\/ul>\n<h2>Reflex\u00f5es sobre seguran\u00e7a urbana<\/h2>\n<p>O incidente \u00e9 um lembrete da import\u00e2ncia da seguran\u00e7a urbana e do gerenciamento adequado das \u00e1reas verdes nas cidades. Medidas que garantam a sa\u00fade das \u00e1rvores e a seguran\u00e7a da popula\u00e7\u00e3o devem sempre ser uma prioridade.<\/p>\n<p>Esta situa\u00e7\u00e3o em Moema destaca a necessidade de um compromisso cont\u00ednuo entre a popula\u00e7\u00e3o e as autoridades para assegurar um ambiente urbano mais seguro e sustent\u00e1vel.<\/p>\n\n<div style=\"font-size: 0px; height: 0px; line-height: 0px; margin: 0; padding: 0; clear: both;\"><\/div>","protected":false},"excerpt":{"rendered":"<p>Queda de \u00e1rvore em Moema deixou feridos. Descubra os detalhes e as consequ\u00eancias deste acidente.<\/p>\n","protected":false},"author":1,"featured_media":21049,"comment_status":"closed","ping_status":"closed","sticky":false,"template":"","format":"standard","meta":{"footnotes":""},"categories":[1],"tags":[],"class_list":["post-21050","post","type-post","status-publish","format-standard","has-post-thumbnail","hentry","category-noticias-em-moema","has_thumb"],"yoast_head":"<!-- This site is optimized with the Yoast SEO plugin v26.3 - https:\/\/yoast.com\/wordpress\/plugins\/seo\/ -->\n<title>Queda de \u00e1rvore deixa feridos na Avenida Ibirapuera em Moema - Encontra Moema<\/title>\n<meta name=\"robots\" content=\"index, follow, max-snippet:-1, max-image-preview:large, max-video-preview:-1\" \/>\n<link rel=\"canonical\" href=\"https:\/\/www.encontramoema.com.br\/sobre\/queda-de-arvore-deixa-feridos-na-avenida-ibirapuera-em-moema\/\" \/>\n<meta property=\"og:locale\" content=\"pt_BR\" \/>\n<meta property=\"og:type\" content=\"article\" \/>\n<meta property=\"og:title\" content=\"Queda de \u00e1rvore deixa feridos na Avenida Ibirapuera em Moema - Encontra Moema\" \/>\n<meta property=\"og:description\" content=\"Queda de \u00e1rvore em Moema deixou feridos. Descubra os detalhes e as consequ\u00eancias deste acidente.\" \/>\n<meta property=\"og:url\" content=\"https:\/\/www.encontramoema.com.br\/sobre\/queda-de-arvore-deixa-feridos-na-avenida-ibirapuera-em-moema\/\" \/>\n<meta property=\"og:site_name\" content=\"Encontra Moema\" \/>\n<meta property=\"article:published_time\" content=\"2026-02-09T15:19:52+00:00\" \/>\n<meta property=\"og:image\" content=\"https:\/\/www.encontramoema.com.br\/sobre\/wp-content\/uploads\/2026\/02\/queda-de-arvore-deixa-feridos-na-avenida-ibirapuera-em-moema.webp\" \/>\n<meta name=\"author\" content=\"Encontra Moema\" \/>\n<meta name=\"twitter:card\" content=\"summary_large_image\" \/>\n<meta name=\"twitter:label1\" content=\"Escrito por\" \/>\n\t<meta name=\"twitter:data1\" content=\"Encontra Moema\" \/>\n\t<meta name=\"twitter:label2\" content=\"Est. tempo de leitura\" \/>\n\t<meta name=\"twitter:data2\" content=\"4 minutos\" \/>\n<script type=\"application\/ld+json\" class=\"yoast-schema-graph\">{\"@context\":\"https:\/\/schema.org\",\"@graph\":[{\"@type\":\"WebPage\",\"@id\":\"https:\/\/www.encontramoema.com.br\/sobre\/queda-de-arvore-deixa-feridos-na-avenida-ibirapuera-em-moema\/\",\"url\":\"https:\/\/www.encontramoema.com.br\/sobre\/queda-de-arvore-deixa-feridos-na-avenida-ibirapuera-em-moema\/\",\"name\":\"Queda de \u00e1rvore deixa feridos na Avenida Ibirapuera em Moema - Encontra Moema\",\"isPartOf\":{\"@id\":\"https:\/\/www.encontramoema.com.br\/sobre\/#website\"},\"primaryImageOfPage\":{\"@id\":\"https:\/\/www.encontramoema.com.br\/sobre\/queda-de-arvore-deixa-feridos-na-avenida-ibirapuera-em-moema\/#primaryimage\"},\"image\":{\"@id\":\"https:\/\/www.encontramoema.com.br\/sobre\/queda-de-arvore-deixa-feridos-na-avenida-ibirapuera-em-moema\/#primaryimage\"},\"thumbnailUrl\":\"https:\/\/www.encontramoema.com.br\/sobre\/wp-content\/uploads\/2026\/02\/queda-de-arvore-deixa-feridos-na-avenida-ibirapuera-em-moema.webp\",\"datePublished\":\"2026-02-09T15:19:52+00:00\",\"author\":{\"@id\":\"https:\/\/www.encontramoema.com.br\/sobre\/#\/schema\/person\/3c3656d12b82130d77eba13c4ef23efa\"},\"breadcrumb\":{\"@id\":\"https:\/\/www.encontramoema.com.br\/sobre\/queda-de-arvore-deixa-feridos-na-avenida-ibirapuera-em-moema\/#breadcrumb\"},\"inLanguage\":\"pt-BR\",\"potentialAction\":[{\"@type\":\"ReadAction\",\"target\":[\"https:\/\/www.encontramoema.com.br\/sobre\/queda-de-arvore-deixa-feridos-na-avenida-ibirapuera-em-moema\/\"]}]},{\"@type\":\"ImageObject\",\"inLanguage\":\"pt-BR\",\"@id\":\"https:\/\/www.encontramoema.com.br\/sobre\/queda-de-arvore-deixa-feridos-na-avenida-ibirapuera-em-moema\/#primaryimage\",\"url\":\"https:\/\/www.encontramoema.com.br\/sobre\/wp-content\/uploads\/2026\/02\/queda-de-arvore-deixa-feridos-na-avenida-ibirapuera-em-moema.webp\",\"contentUrl\":\"https:\/\/www.encontramoema.com.br\/sobre\/wp-content\/uploads\/2026\/02\/queda-de-arvore-deixa-feridos-na-avenida-ibirapuera-em-moema.webp\",\"width\":280,\"height\":280,\"caption\":\"queda de \u00e1rvore em Moema\"},{\"@type\":\"BreadcrumbList\",\"@id\":\"https:\/\/www.encontramoema.com.br\/sobre\/queda-de-arvore-deixa-feridos-na-avenida-ibirapuera-em-moema\/#breadcrumb\",\"itemListElement\":[{\"@type\":\"ListItem\",\"position\":1,\"name\":\"In\u00edcio\",\"item\":\"https:\/\/www.encontramoema.com.br\/sobre\/\"},{\"@type\":\"ListItem\",\"position\":2,\"name\":\"Queda de \u00e1rvore deixa feridos na Avenida Ibirapuera em Moema\"}]},{\"@type\":\"WebSite\",\"@id\":\"https:\/\/www.encontramoema.com.br\/sobre\/#website\",\"url\":\"https:\/\/www.encontramoema.com.br\/sobre\/\",\"name\":\"Encontra Moema\",\"description\":\"Not\u00edcias, eventos, informa\u00e7\u00f5es e dicas no bairro de Moema e regi\u00e3o.\",\"potentialAction\":[{\"@type\":\"SearchAction\",\"target\":{\"@type\":\"EntryPoint\",\"urlTemplate\":\"https:\/\/www.encontramoema.com.br\/sobre\/?s={search_term_string}\"},\"query-input\":{\"@type\":\"PropertyValueSpecification\",\"valueRequired\":true,\"valueName\":\"search_term_string\"}}],\"inLanguage\":\"pt-BR\"},{\"@type\":\"Person\",\"@id\":\"https:\/\/www.encontramoema.com.br\/sobre\/#\/schema\/person\/3c3656d12b82130d77eba13c4ef23efa\",\"name\":\"Encontra Moema\",\"image\":{\"@type\":\"ImageObject\",\"inLanguage\":\"pt-BR\",\"@id\":\"https:\/\/www.encontramoema.com.br\/sobre\/#\/schema\/person\/image\/\",\"url\":\"https:\/\/secure.gravatar.com\/avatar\/0fbed662e37531ae23e68f85f9517b2454e50c1dfebf80eb9b721449ac95e0b9?s=96&d=mm&r=g\",\"contentUrl\":\"https:\/\/secure.gravatar.com\/avatar\/0fbed662e37531ae23e68f85f9517b2454e50c1dfebf80eb9b721449ac95e0b9?s=96&d=mm&r=g\",\"caption\":\"Encontra Moema\"},\"url\":\"https:\/\/www.encontramoema.com.br\/sobre\/author\/emoema\/\"}]}<\/script>\n<!-- \/ Yoast SEO plugin. -->","yoast_head_json":{"title":"Queda de \u00e1rvore deixa feridos na Avenida Ibirapuera em Moema - Encontra Moema","robots":{"index":"index","follow":"follow","max-snippet":"max-snippet:-1","max-image-preview":"max-image-preview:large","max-video-preview":"max-video-preview:-1"},"canonical":"https:\/\/www.encontramoema.com.br\/sobre\/queda-de-arvore-deixa-feridos-na-avenida-ibirapuera-em-moema\/","og_locale":"pt_BR","og_type":"article","og_title":"Queda de \u00e1rvore deixa feridos na Avenida Ibirapuera em Moema - Encontra Moema","og_description":"Queda de \u00e1rvore em Moema deixou feridos. Descubra os detalhes e as consequ\u00eancias deste acidente.","og_url":"https:\/\/www.encontramoema.com.br\/sobre\/queda-de-arvore-deixa-feridos-na-avenida-ibirapuera-em-moema\/","og_site_name":"Encontra Moema","article_published_time":"2026-02-09T15:19:52+00:00","og_image":[{"url":"https:\/\/www.encontramoema.com.br\/sobre\/wp-content\/uploads\/2026\/02\/queda-de-arvore-deixa-feridos-na-avenida-ibirapuera-em-moema.webp","type":"","width":"","height":""}],"author":"Encontra Moema","twitter_card":"summary_large_image","twitter_misc":{"Escrito por":"Encontra Moema","Est. tempo de leitura":"4 minutos"},"schema":{"@context":"https:\/\/schema.org","@graph":[{"@type":"WebPage","@id":"https:\/\/www.encontramoema.com.br\/sobre\/queda-de-arvore-deixa-feridos-na-avenida-ibirapuera-em-moema\/","url":"https:\/\/www.encontramoema.com.br\/sobre\/queda-de-arvore-deixa-feridos-na-avenida-ibirapuera-em-moema\/","name":"Queda de \u00e1rvore deixa feridos na Avenida Ibirapuera em Moema - Encontra Moema","isPartOf":{"@id":"https:\/\/www.encontramoema.com.br\/sobre\/#website"},"primaryImageOfPage":{"@id":"https:\/\/www.encontramoema.com.br\/sobre\/queda-de-arvore-deixa-feridos-na-avenida-ibirapuera-em-moema\/#primaryimage"},"image":{"@id":"https:\/\/www.encontramoema.com.br\/sobre\/queda-de-arvore-deixa-feridos-na-avenida-ibirapuera-em-moema\/#primaryimage"},"thumbnailUrl":"https:\/\/www.encontramoema.com.br\/sobre\/wp-content\/uploads\/2026\/02\/queda-de-arvore-deixa-feridos-na-avenida-ibirapuera-em-moema.webp","datePublished":"2026-02-09T15:19:52+00:00","author":{"@id":"https:\/\/www.encontramoema.com.br\/sobre\/#\/schema\/person\/3c3656d12b82130d77eba13c4ef23efa"},"breadcrumb":{"@id":"https:\/\/www.encontramoema.com.br\/sobre\/queda-de-arvore-deixa-feridos-na-avenida-ibirapuera-em-moema\/#breadcrumb"},"inLanguage":"pt-BR","potentialAction":[{"@type":"ReadAction","target":["https:\/\/www.encontramoema.com.br\/sobre\/queda-de-arvore-deixa-feridos-na-avenida-ibirapuera-em-moema\/"]}]},{"@type":"ImageObject","inLanguage":"pt-BR","@id":"https:\/\/www.encontramoema.com.br\/sobre\/queda-de-arvore-deixa-feridos-na-avenida-ibirapuera-em-moema\/#primaryimage","url":"https:\/\/www.encontramoema.com.br\/sobre\/wp-content\/uploads\/2026\/02\/queda-de-arvore-deixa-feridos-na-avenida-ibirapuera-em-moema.webp","contentUrl":"https:\/\/www.encontramoema.com.br\/sobre\/wp-content\/uploads\/2026\/02\/queda-de-arvore-deixa-feridos-na-avenida-ibirapuera-em-moema.webp","width":280,"height":280,"caption":"queda de \u00e1rvore em Moema"},{"@type":"BreadcrumbList","@id":"https:\/\/www.encontramoema.com.br\/sobre\/queda-de-arvore-deixa-feridos-na-avenida-ibirapuera-em-moema\/#breadcrumb","itemListElement":[{"@type":"ListItem","position":1,"name":"In\u00edcio","item":"https:\/\/www.encontramoema.com.br\/sobre\/"},{"@type":"ListItem","position":2,"name":"Queda de \u00e1rvore deixa feridos na Avenida Ibirapuera em Moema"}]},{"@type":"WebSite","@id":"https:\/\/www.encontramoema.com.br\/sobre\/#website","url":"https:\/\/www.encontramoema.com.br\/sobre\/","name":"Encontra Moema","description":"Not\u00edcias, eventos, informa\u00e7\u00f5es e dicas no bairro de Moema e regi\u00e3o.","potentialAction":[{"@type":"SearchAction","target":{"@type":"EntryPoint","urlTemplate":"https:\/\/www.encontramoema.com.br\/sobre\/?s={search_term_string}"},"query-input":{"@type":"PropertyValueSpecification","valueRequired":true,"valueName":"search_term_string"}}],"inLanguage":"pt-BR"},{"@type":"Person","@id":"https:\/\/www.encontramoema.com.br\/sobre\/#\/schema\/person\/3c3656d12b82130d77eba13c4ef23efa","name":"Encontra Moema","image":{"@type":"ImageObject","inLanguage":"pt-BR","@id":"https:\/\/www.encontramoema.com.br\/sobre\/#\/schema\/person\/image\/","url":"https:\/\/secure.gravatar.com\/avatar\/0fbed662e37531ae23e68f85f9517b2454e50c1dfebf80eb9b721449ac95e0b9?s=96&d=mm&r=g","contentUrl":"https:\/\/secure.gravatar.com\/avatar\/0fbed662e37531ae23e68f85f9517b2454e50c1dfebf80eb9b721449ac95e0b9?s=96&d=mm&r=g","caption":"Encontra Moema"},"url":"https:\/\/www.encontramoema.com.br\/sobre\/author\/emoema\/"}]}},"_links":{"self":[{"href":"https:\/\/www.encontramoema.com.br\/sobre\/wp-json\/wp\/v2\/posts\/21050","targetHints":{"allow":["GET"]}}],"collection":[{"href":"https:\/\/www.encontramoema.com.br\/sobre\/wp-json\/wp\/v2\/posts"}],"about":[{"href":"https:\/\/www.encontramoema.com.br\/sobre\/wp-json\/wp\/v2\/types\/post"}],"author":[{"embeddable":true,"href":"https:\/\/www.encontramoema.com.br\/sobre\/wp-json\/wp\/v2\/users\/1"}],"replies":[{"embeddable":true,"href":"https:\/\/www.encontramoema.com.br\/sobre\/wp-json\/wp\/v2\/comments?post=21050"}],"version-history":[{"count":0,"href":"https:\/\/www.encontramoema.com.br\/sobre\/wp-json\/wp\/v2\/posts\/21050\/revisions"}],"wp:featuredmedia":[{"embeddable":true,"href":"https:\/\/www.encontramoema.com.br\/sobre\/wp-json\/wp\/v2\/media\/21049"}],"wp:attachment":[{"href":"https:\/\/www.encontramoema.com.br\/sobre\/wp-json\/wp\/v2\/media?parent=21050"}],"wp:term":[{"taxonomy":"category","embeddable":true,"href":"https:\/\/www.encontramoema.com.br\/sobre\/wp-json\/wp\/v2\/categories?post=21050"},{"taxonomy":"post_tag","embeddable":true,"href":"https:\/\/www.encontramoema.com.br\/sobre\/wp-json\/wp\/v2\/tags?post=21050"}],"curies":[{"name":"wp","href":"https:\/\/api.w.org\/{rel}","templated":true}]}}