{"id":21111,"date":"2026-03-09T12:04:13","date_gmt":"2026-03-09T15:04:13","guid":{"rendered":"https:\/\/www.encontramoema.com.br\/sobre\/tempestade-provoca-alagamentos-em-sao-paulo-capital-foi-colocada-em-estado-de-atencao\/"},"modified":"2026-03-09T12:04:13","modified_gmt":"2026-03-09T15:04:13","slug":"tempestade-provoca-alagamentos-em-sao-paulo-capital-foi-colocada-em-estado-de-atencao","status":"publish","type":"post","link":"https:\/\/www.encontramoema.com.br\/sobre\/tempestade-provoca-alagamentos-em-sao-paulo-capital-foi-colocada-em-estado-de-atencao\/","title":{"rendered":"Tempestade provoca alagamentos em S\u00e3o Paulo; capital foi colocada em estado de aten\u00e7\u00e3o"},"content":{"rendered":"<div class=\"b7f545a958fd6350ffae2d30a84cafb8\" data-index=\"1\" style=\"float: none; margin:0px;\">\n<!-- Anuncio display - global -->\r\n<ins class=\"adsbygoogle\"\r\n     style=\"display:block\"\r\n     data-ad-client=\"ca-pub-8585364105181520\"\r\n     data-ad-slot=\"8789329856\"\r\n     data-ad-format=\"auto\"\r\n     data-full-width-responsive=\"true\"><\/ins>\r\n<script>\r\n     (adsbygoogle = window.adsbygoogle || []).push({});\r\n<\/script>\n<\/div>\n<h2>Impacto dos Alagamentos na Vida Urbana<\/h2>\n<p>Os alagamentos em S\u00e3o Paulo t\u00eam gerado efeitos significativos na vida urbana da capital paulista. A infraestrutura da cidade, que j\u00e1 enfrenta desafios em rela\u00e7\u00e3o ao tr\u00e1fego e transporte p\u00fablico, \u00e9 severamente afetada durante per\u00edodos de chuva intensa. O transbordamento de c\u00f3rregos e a inunda\u00e7\u00e3o de ruas resultam em congestionamentos, dificultando o deslocamento dos cidad\u00e3os e impactando diretamente a economia.<\/p>\n<p>Os impactos sociais tamb\u00e9m s\u00e3o vis\u00edveis, uma vez que o acesso a servi\u00e7os essenciais e hospitais se torna mais complicado em \u00e1reas afetadas. As escolas podem ter suas atividades interrompidas, prejudicando o aprendizado dos alunos e, consequentemente, o futuro da juventude. Al\u00e9m disso, esses alagamentos exp\u00f5em a vulnerabilidade das comunidades em termos de infraestrutura, sa\u00fade p\u00fablica e seguran\u00e7a.<\/p>\n<h2>Previs\u00f5es Meteorol\u00f3gicas para os Pr\u00f3ximos Dias<\/h2>\n<p>A previs\u00e3o do tempo para S\u00e3o Paulo nos pr\u00f3ximos dias indica a possibilidade de novas chuvas intensas. Conforme informado pelo Centro de Gerenciamento de Emerg\u00eancias Clim\u00e1ticas (CGE), os cidad\u00e3os devem se preparar para condi\u00e7\u00f5es clim\u00e1ticas adversas.<br \/>Para se manter atualizado, recomenda-se monitorar os alertas emitidos pela Defesa Civil e acompanhar as previs\u00f5es de meteorologistas especializados. Este acompanhamento \u00e9 essencial para tomar decis\u00f5es informadas, especialmente em casos de deslocamento ou atividades externas.<\/p>\n<p><img decoding=\"async\" src=\"https:\/\/www.encontramoema.com.br\/sobre\/wp-content\/uploads\/2026\/03\/tempestade-provoca-alagamentos-em-sao-paulo-capital-foi-colocada-em-estado-de-atencao.webp\" alt=\"alagamentos em S\u00e3o Paulo\" loading=\"lazy\" \/><\/p>\n<h2>Hist\u00f3rico de Tempestades em S\u00e3o Paulo<\/h2>\n<p>S\u00e3o Paulo tem um hist\u00f3rico significativo de tempestades, especialmente durante os meses de ver\u00e3o. Esses eventos clim\u00e1ticos s\u00e3o frequentemente acompanhados por chuvas torrenciais, que podem resultar em alagamentos e outros desastres. Nos \u00faltimos anos, eventos severos deixaram marcas na cidade, com registros de fatalities e danos \u00e0 propriedade.<\/p>\n<p>As autoridades t\u00eam trabalhado para melhorar a infraestrutura de drenagem, mas o crescimento urbano descontrolado e a impermeabiliza\u00e7\u00e3o do solo representam desafios cont\u00ednuos. Medidas preventivas e de conscientiza\u00e7\u00e3o sobre os riscos associados \u00e0s chuvas s\u00e3o fundamentais para minimizar os impactos dessas tempestades.<\/p>\n<h2>Medidas de Emerg\u00eancia da Defesa Civil<\/h2>\n<p>A Defesa Civil de S\u00e3o Paulo tem implementado uma s\u00e9rie de medidas de emerg\u00eancia diante das chuvas intensas. Isso inclui a instala\u00e7\u00e3o de centros de comando para monitorar a situa\u00e7\u00e3o em tempo real e o acionamento de recursos para ajuda emergencial, como o envio de equipes para \u00e1reas afetadas.<\/p>\n<p>Al\u00e9m disso, campanhas de conscientiza\u00e7\u00e3o s\u00e3o realizadas para informar a popula\u00e7\u00e3o sobre como agir em situa\u00e7\u00f5es de emerg\u00eancia. Informar a comunidade sobre abrigos tempor\u00e1rios e linhas de apoio \u00e9 crucial para garantir a seguran\u00e7a de todos durante esses eventos clim\u00e1ticos adversos.<\/p>\n<h2>Causas das Chuvas Intensas na Regi\u00e3o<\/h2>\n<p>A intensifica\u00e7\u00e3o das chuvas em S\u00e3o Paulo pode ser attributed a uma s\u00e9rie de fatores clim\u00e1ticos e geogr\u00e1ficos. As mudan\u00e7as clim\u00e1ticas t\u00eam um papel fundamental, com a ocorr\u00eancia de fen\u00f4menos como El Ni\u00f1o, que aumenta a frequ\u00eancia de eventos extremos. Outros fatores, como a urbaniza\u00e7\u00e3o desenfreada e a degrada\u00e7\u00e3o ambiental, tamb\u00e9m contribuem para a falta de absor\u00e7\u00e3o do solo, resultando em alagamentos.<\/p>\n<p>A combina\u00e7\u00e3o desses fatores faz com que as chuvas torrenciais sejam cada vez mais recorrentes, exigindo a\u00e7\u00f5es coordenadas entre o governo e a popula\u00e7\u00e3o para mitigar os efeitos devastadores.<\/p>\n<h2>Dicas de Seguran\u00e7a Durante Temporais<\/h2>\n<p>Durante os temporais, a seguran\u00e7a pessoal deve ser uma prioridade. Algumas dicas incluem:<\/p>\n<ul>\n<li><strong>Evitar o Deslocamento:<\/strong> Se poss\u00edvel, permane\u00e7a em casa durante tempestades. Evite dirigir ou caminhar em \u00e1reas propensas a alagamentos.<\/li>\n<li><strong>Prepara\u00e7\u00e3o de Emerg\u00eancia:<\/strong> Tenha uma mochila de emerg\u00eancia pronta, com itens essenciais, como \u00e1gua, lanternas e um kit de primeiros socorros.<\/li>\n<li><strong>Atualiza\u00e7\u00f5es Meteorol\u00f3gicas:<\/strong> Fique atento \u00e0s alertas de clima e siga as orienta\u00e7\u00f5es da Defesa Civil.<\/li>\n<\/ul>\n<h2>Registro de Danos e Preju\u00edzos<\/h2>\n<p>Ap\u00f3s as tempestades, o registro de danos \u00e9 fundamental para auxiliar as autoridades na avalia\u00e7\u00e3o da situa\u00e7\u00e3o e na libera\u00e7\u00e3o de recursos de recupera\u00e7\u00e3o. Os cidad\u00e3os s\u00e3o incentivados a documentar preju\u00edzos, seja por meio de fotografias ou relat\u00f3rios a servi\u00e7os p\u00fablicos.<\/p>\n<p>Essa documenta\u00e7\u00e3o ajuda a promover a transpar\u00eancia e facilita o processo de busca por assist\u00eancia financeira ou reparos necess\u00e1rios. \u00c9 importante que as v\u00edtimas n\u00e3o hesitem em procurar ajuda, seja atrav\u00e9s de servi\u00e7os sociais ou seguros.<\/p>\n<h2>Resgate e Apoio \u00e0s V\u00edtimas<\/h2>\n<p>O trabalho de resgate e apoio \u00e0s v\u00edtimas durante alagamentos requer um esfor\u00e7o coordenado. Equipes de emerg\u00eancia, incluindo bombeiros e volunt\u00e1rios, atuam para retirar pessoas de \u00e1reas de risco, garantir a seguran\u00e7a e fornecer assist\u00eancias imediatas.<\/p>\n<p>Al\u00e9m disso, devem ser estabelecidos pontos de acolhimento para aqueles que perderam suas casas ou que est\u00e3o em condi\u00e7\u00f5es vulner\u00e1veis. A colabora\u00e7\u00e3o entre governantes, organiza\u00e7\u00f5es n\u00e3o governamentais e a comunidade local \u00e9 essencial para garantir um suporte eficiente a todos os afetados.<\/p>\n<h2>Estrat\u00e9gias de Preven\u00e7\u00e3o de Alagamentos<\/h2>\n<p>Para prevenir alagamentos futuros, diversas estrat\u00e9gias podem ser implementadas. Investir em infraestrutura de drenagem, promover a recupera\u00e7\u00e3o de \u00e1reas verdes e conscientizar a popula\u00e7\u00e3o sobre a import\u00e2ncia da preserva\u00e7\u00e3o ambiental s\u00e3o passos fundamentais. Programas de constru\u00e7\u00e3o de reservat\u00f3rios e a instala\u00e7\u00e3o de sistemas de drenagem eficiente podem diminuir o impacto das chuvas fortes.<\/p>\n<p>Al\u00e9m disso, \u00e9 vital que a popula\u00e7\u00e3o participe ativamente das a\u00e7\u00f5es de preserva\u00e7\u00e3o, evitando o descarte irregular de lixo que possa obstruir sistemas de drenagem.<\/p>\n<h2>A Import\u00e2ncia da Conscientiza\u00e7\u00e3o P\u00fablica<\/h2>\n<p>A conscientiza\u00e7\u00e3o p\u00fablica \u00e9 um elemento crucial para reduzir os impactos das chuvas e alagamentos. Aumentar o conhecimento sobre como agir durante emerg\u00eancia, incluindo o uso de meios de comunica\u00e7\u00e3o e redes sociais para disseminar informa\u00e7\u00f5es, pode salvar vidas. Al\u00e9m disso, promover a educa\u00e7\u00e3o sobre a import\u00e2ncia da preserva\u00e7\u00e3o ambiental ajuda a mitigar os efeitos das mudan\u00e7as clim\u00e1ticas e a probabilidade de desastres naturais futuros.<\/p>\n<p>Iniciativas escolares e comunit\u00e1rias devem ser incentivadas, criando um ambiente de aprendizado colaborativo que enfatiza a seguran\u00e7a e a prepara\u00e7\u00e3o diante de eventos meteorol\u00f3gicos adversos.<\/p>\n\n<div style=\"font-size: 0px; height: 0px; line-height: 0px; margin: 0; padding: 0; clear: both;\"><\/div>","protected":false},"excerpt":{"rendered":"<p>Tempestade em S\u00e3o Paulo provoca alagamentos. Saiba mais sobre o estado de aten\u00e7\u00e3o da cidade.<\/p>\n","protected":false},"author":1,"featured_media":21110,"comment_status":"closed","ping_status":"closed","sticky":false,"template":"","format":"standard","meta":{"footnotes":""},"categories":[1],"tags":[],"class_list":["post-21111","post","type-post","status-publish","format-standard","has-post-thumbnail","hentry","category-noticias-em-moema","has_thumb"],"yoast_head":"<!-- This site is optimized with the Yoast SEO plugin v26.3 - https:\/\/yoast.com\/wordpress\/plugins\/seo\/ -->\n<title>Tempestade provoca alagamentos em S\u00e3o Paulo; capital foi colocada em estado de aten\u00e7\u00e3o - Encontra Moema<\/title>\n<meta name=\"robots\" content=\"index, follow, max-snippet:-1, max-image-preview:large, max-video-preview:-1\" \/>\n<link rel=\"canonical\" href=\"https:\/\/www.encontramoema.com.br\/sobre\/tempestade-provoca-alagamentos-em-sao-paulo-capital-foi-colocada-em-estado-de-atencao\/\" \/>\n<meta property=\"og:locale\" content=\"pt_BR\" \/>\n<meta property=\"og:type\" content=\"article\" \/>\n<meta property=\"og:title\" content=\"Tempestade provoca alagamentos em S\u00e3o Paulo; capital foi colocada em estado de aten\u00e7\u00e3o - Encontra Moema\" \/>\n<meta property=\"og:description\" content=\"Tempestade em S\u00e3o Paulo provoca alagamentos. Saiba mais sobre o estado de aten\u00e7\u00e3o da cidade.\" \/>\n<meta property=\"og:url\" content=\"https:\/\/www.encontramoema.com.br\/sobre\/tempestade-provoca-alagamentos-em-sao-paulo-capital-foi-colocada-em-estado-de-atencao\/\" \/>\n<meta property=\"og:site_name\" content=\"Encontra Moema\" \/>\n<meta property=\"article:published_time\" content=\"2026-03-09T15:04:13+00:00\" \/>\n<meta property=\"og:image\" content=\"https:\/\/www.encontramoema.com.br\/sobre\/wp-content\/uploads\/2026\/03\/tempestade-provoca-alagamentos-em-sao-paulo-capital-foi-colocada-em-estado-de-atencao.webp\" \/>\n<meta name=\"author\" content=\"Encontra Moema\" \/>\n<meta name=\"twitter:card\" content=\"summary_large_image\" \/>\n<meta name=\"twitter:label1\" content=\"Escrito por\" \/>\n\t<meta name=\"twitter:data1\" content=\"Encontra Moema\" \/>\n\t<meta name=\"twitter:label2\" content=\"Est. tempo de leitura\" \/>\n\t<meta name=\"twitter:data2\" content=\"5 minutos\" \/>\n<script type=\"application\/ld+json\" class=\"yoast-schema-graph\">{\"@context\":\"https:\/\/schema.org\",\"@graph\":[{\"@type\":\"WebPage\",\"@id\":\"https:\/\/www.encontramoema.com.br\/sobre\/tempestade-provoca-alagamentos-em-sao-paulo-capital-foi-colocada-em-estado-de-atencao\/\",\"url\":\"https:\/\/www.encontramoema.com.br\/sobre\/tempestade-provoca-alagamentos-em-sao-paulo-capital-foi-colocada-em-estado-de-atencao\/\",\"name\":\"Tempestade provoca alagamentos em S\u00e3o Paulo; capital foi colocada em estado de aten\u00e7\u00e3o - Encontra Moema\",\"isPartOf\":{\"@id\":\"https:\/\/www.encontramoema.com.br\/sobre\/#website\"},\"primaryImageOfPage\":{\"@id\":\"https:\/\/www.encontramoema.com.br\/sobre\/tempestade-provoca-alagamentos-em-sao-paulo-capital-foi-colocada-em-estado-de-atencao\/#primaryimage\"},\"image\":{\"@id\":\"https:\/\/www.encontramoema.com.br\/sobre\/tempestade-provoca-alagamentos-em-sao-paulo-capital-foi-colocada-em-estado-de-atencao\/#primaryimage\"},\"thumbnailUrl\":\"https:\/\/www.encontramoema.com.br\/sobre\/wp-content\/uploads\/2026\/03\/tempestade-provoca-alagamentos-em-sao-paulo-capital-foi-colocada-em-estado-de-atencao.webp\",\"datePublished\":\"2026-03-09T15:04:13+00:00\",\"author\":{\"@id\":\"https:\/\/www.encontramoema.com.br\/sobre\/#\/schema\/person\/3c3656d12b82130d77eba13c4ef23efa\"},\"breadcrumb\":{\"@id\":\"https:\/\/www.encontramoema.com.br\/sobre\/tempestade-provoca-alagamentos-em-sao-paulo-capital-foi-colocada-em-estado-de-atencao\/#breadcrumb\"},\"inLanguage\":\"pt-BR\",\"potentialAction\":[{\"@type\":\"ReadAction\",\"target\":[\"https:\/\/www.encontramoema.com.br\/sobre\/tempestade-provoca-alagamentos-em-sao-paulo-capital-foi-colocada-em-estado-de-atencao\/\"]}]},{\"@type\":\"ImageObject\",\"inLanguage\":\"pt-BR\",\"@id\":\"https:\/\/www.encontramoema.com.br\/sobre\/tempestade-provoca-alagamentos-em-sao-paulo-capital-foi-colocada-em-estado-de-atencao\/#primaryimage\",\"url\":\"https:\/\/www.encontramoema.com.br\/sobre\/wp-content\/uploads\/2026\/03\/tempestade-provoca-alagamentos-em-sao-paulo-capital-foi-colocada-em-estado-de-atencao.webp\",\"contentUrl\":\"https:\/\/www.encontramoema.com.br\/sobre\/wp-content\/uploads\/2026\/03\/tempestade-provoca-alagamentos-em-sao-paulo-capital-foi-colocada-em-estado-de-atencao.webp\",\"width\":280,\"height\":280,\"caption\":\"alagamentos em S\u00e3o Paulo\"},{\"@type\":\"BreadcrumbList\",\"@id\":\"https:\/\/www.encontramoema.com.br\/sobre\/tempestade-provoca-alagamentos-em-sao-paulo-capital-foi-colocada-em-estado-de-atencao\/#breadcrumb\",\"itemListElement\":[{\"@type\":\"ListItem\",\"position\":1,\"name\":\"In\u00edcio\",\"item\":\"https:\/\/www.encontramoema.com.br\/sobre\/\"},{\"@type\":\"ListItem\",\"position\":2,\"name\":\"Tempestade provoca alagamentos em S\u00e3o Paulo; capital foi colocada em estado de aten\u00e7\u00e3o\"}]},{\"@type\":\"WebSite\",\"@id\":\"https:\/\/www.encontramoema.com.br\/sobre\/#website\",\"url\":\"https:\/\/www.encontramoema.com.br\/sobre\/\",\"name\":\"Encontra Moema\",\"description\":\"Not\u00edcias, eventos, informa\u00e7\u00f5es e dicas no bairro de Moema e regi\u00e3o.\",\"potentialAction\":[{\"@type\":\"SearchAction\",\"target\":{\"@type\":\"EntryPoint\",\"urlTemplate\":\"https:\/\/www.encontramoema.com.br\/sobre\/?s={search_term_string}\"},\"query-input\":{\"@type\":\"PropertyValueSpecification\",\"valueRequired\":true,\"valueName\":\"search_term_string\"}}],\"inLanguage\":\"pt-BR\"},{\"@type\":\"Person\",\"@id\":\"https:\/\/www.encontramoema.com.br\/sobre\/#\/schema\/person\/3c3656d12b82130d77eba13c4ef23efa\",\"name\":\"Encontra Moema\",\"image\":{\"@type\":\"ImageObject\",\"inLanguage\":\"pt-BR\",\"@id\":\"https:\/\/www.encontramoema.com.br\/sobre\/#\/schema\/person\/image\/\",\"url\":\"https:\/\/secure.gravatar.com\/avatar\/0fbed662e37531ae23e68f85f9517b2454e50c1dfebf80eb9b721449ac95e0b9?s=96&d=mm&r=g\",\"contentUrl\":\"https:\/\/secure.gravatar.com\/avatar\/0fbed662e37531ae23e68f85f9517b2454e50c1dfebf80eb9b721449ac95e0b9?s=96&d=mm&r=g\",\"caption\":\"Encontra Moema\"},\"url\":\"https:\/\/www.encontramoema.com.br\/sobre\/author\/emoema\/\"}]}<\/script>\n<!-- \/ Yoast SEO plugin. -->","yoast_head_json":{"title":"Tempestade provoca alagamentos em S\u00e3o Paulo; capital foi colocada em estado de aten\u00e7\u00e3o - Encontra Moema","robots":{"index":"index","follow":"follow","max-snippet":"max-snippet:-1","max-image-preview":"max-image-preview:large","max-video-preview":"max-video-preview:-1"},"canonical":"https:\/\/www.encontramoema.com.br\/sobre\/tempestade-provoca-alagamentos-em-sao-paulo-capital-foi-colocada-em-estado-de-atencao\/","og_locale":"pt_BR","og_type":"article","og_title":"Tempestade provoca alagamentos em S\u00e3o Paulo; capital foi colocada em estado de aten\u00e7\u00e3o - Encontra Moema","og_description":"Tempestade em S\u00e3o Paulo provoca alagamentos. Saiba mais sobre o estado de aten\u00e7\u00e3o da cidade.","og_url":"https:\/\/www.encontramoema.com.br\/sobre\/tempestade-provoca-alagamentos-em-sao-paulo-capital-foi-colocada-em-estado-de-atencao\/","og_site_name":"Encontra Moema","article_published_time":"2026-03-09T15:04:13+00:00","og_image":[{"url":"https:\/\/www.encontramoema.com.br\/sobre\/wp-content\/uploads\/2026\/03\/tempestade-provoca-alagamentos-em-sao-paulo-capital-foi-colocada-em-estado-de-atencao.webp","type":"","width":"","height":""}],"author":"Encontra Moema","twitter_card":"summary_large_image","twitter_misc":{"Escrito por":"Encontra Moema","Est. tempo de leitura":"5 minutos"},"schema":{"@context":"https:\/\/schema.org","@graph":[{"@type":"WebPage","@id":"https:\/\/www.encontramoema.com.br\/sobre\/tempestade-provoca-alagamentos-em-sao-paulo-capital-foi-colocada-em-estado-de-atencao\/","url":"https:\/\/www.encontramoema.com.br\/sobre\/tempestade-provoca-alagamentos-em-sao-paulo-capital-foi-colocada-em-estado-de-atencao\/","name":"Tempestade provoca alagamentos em S\u00e3o Paulo; capital foi colocada em estado de aten\u00e7\u00e3o - Encontra Moema","isPartOf":{"@id":"https:\/\/www.encontramoema.com.br\/sobre\/#website"},"primaryImageOfPage":{"@id":"https:\/\/www.encontramoema.com.br\/sobre\/tempestade-provoca-alagamentos-em-sao-paulo-capital-foi-colocada-em-estado-de-atencao\/#primaryimage"},"image":{"@id":"https:\/\/www.encontramoema.com.br\/sobre\/tempestade-provoca-alagamentos-em-sao-paulo-capital-foi-colocada-em-estado-de-atencao\/#primaryimage"},"thumbnailUrl":"https:\/\/www.encontramoema.com.br\/sobre\/wp-content\/uploads\/2026\/03\/tempestade-provoca-alagamentos-em-sao-paulo-capital-foi-colocada-em-estado-de-atencao.webp","datePublished":"2026-03-09T15:04:13+00:00","author":{"@id":"https:\/\/www.encontramoema.com.br\/sobre\/#\/schema\/person\/3c3656d12b82130d77eba13c4ef23efa"},"breadcrumb":{"@id":"https:\/\/www.encontramoema.com.br\/sobre\/tempestade-provoca-alagamentos-em-sao-paulo-capital-foi-colocada-em-estado-de-atencao\/#breadcrumb"},"inLanguage":"pt-BR","potentialAction":[{"@type":"ReadAction","target":["https:\/\/www.encontramoema.com.br\/sobre\/tempestade-provoca-alagamentos-em-sao-paulo-capital-foi-colocada-em-estado-de-atencao\/"]}]},{"@type":"ImageObject","inLanguage":"pt-BR","@id":"https:\/\/www.encontramoema.com.br\/sobre\/tempestade-provoca-alagamentos-em-sao-paulo-capital-foi-colocada-em-estado-de-atencao\/#primaryimage","url":"https:\/\/www.encontramoema.com.br\/sobre\/wp-content\/uploads\/2026\/03\/tempestade-provoca-alagamentos-em-sao-paulo-capital-foi-colocada-em-estado-de-atencao.webp","contentUrl":"https:\/\/www.encontramoema.com.br\/sobre\/wp-content\/uploads\/2026\/03\/tempestade-provoca-alagamentos-em-sao-paulo-capital-foi-colocada-em-estado-de-atencao.webp","width":280,"height":280,"caption":"alagamentos em S\u00e3o Paulo"},{"@type":"BreadcrumbList","@id":"https:\/\/www.encontramoema.com.br\/sobre\/tempestade-provoca-alagamentos-em-sao-paulo-capital-foi-colocada-em-estado-de-atencao\/#breadcrumb","itemListElement":[{"@type":"ListItem","position":1,"name":"In\u00edcio","item":"https:\/\/www.encontramoema.com.br\/sobre\/"},{"@type":"ListItem","position":2,"name":"Tempestade provoca alagamentos em S\u00e3o Paulo; capital foi colocada em estado de aten\u00e7\u00e3o"}]},{"@type":"WebSite","@id":"https:\/\/www.encontramoema.com.br\/sobre\/#website","url":"https:\/\/www.encontramoema.com.br\/sobre\/","name":"Encontra Moema","description":"Not\u00edcias, eventos, informa\u00e7\u00f5es e dicas no bairro de Moema e regi\u00e3o.","potentialAction":[{"@type":"SearchAction","target":{"@type":"EntryPoint","urlTemplate":"https:\/\/www.encontramoema.com.br\/sobre\/?s={search_term_string}"},"query-input":{"@type":"PropertyValueSpecification","valueRequired":true,"valueName":"search_term_string"}}],"inLanguage":"pt-BR"},{"@type":"Person","@id":"https:\/\/www.encontramoema.com.br\/sobre\/#\/schema\/person\/3c3656d12b82130d77eba13c4ef23efa","name":"Encontra Moema","image":{"@type":"ImageObject","inLanguage":"pt-BR","@id":"https:\/\/www.encontramoema.com.br\/sobre\/#\/schema\/person\/image\/","url":"https:\/\/secure.gravatar.com\/avatar\/0fbed662e37531ae23e68f85f9517b2454e50c1dfebf80eb9b721449ac95e0b9?s=96&d=mm&r=g","contentUrl":"https:\/\/secure.gravatar.com\/avatar\/0fbed662e37531ae23e68f85f9517b2454e50c1dfebf80eb9b721449ac95e0b9?s=96&d=mm&r=g","caption":"Encontra Moema"},"url":"https:\/\/www.encontramoema.com.br\/sobre\/author\/emoema\/"}]}},"_links":{"self":[{"href":"https:\/\/www.encontramoema.com.br\/sobre\/wp-json\/wp\/v2\/posts\/21111","targetHints":{"allow":["GET"]}}],"collection":[{"href":"https:\/\/www.encontramoema.com.br\/sobre\/wp-json\/wp\/v2\/posts"}],"about":[{"href":"https:\/\/www.encontramoema.com.br\/sobre\/wp-json\/wp\/v2\/types\/post"}],"author":[{"embeddable":true,"href":"https:\/\/www.encontramoema.com.br\/sobre\/wp-json\/wp\/v2\/users\/1"}],"replies":[{"embeddable":true,"href":"https:\/\/www.encontramoema.com.br\/sobre\/wp-json\/wp\/v2\/comments?post=21111"}],"version-history":[{"count":0,"href":"https:\/\/www.encontramoema.com.br\/sobre\/wp-json\/wp\/v2\/posts\/21111\/revisions"}],"wp:featuredmedia":[{"embeddable":true,"href":"https:\/\/www.encontramoema.com.br\/sobre\/wp-json\/wp\/v2\/media\/21110"}],"wp:attachment":[{"href":"https:\/\/www.encontramoema.com.br\/sobre\/wp-json\/wp\/v2\/media?parent=21111"}],"wp:term":[{"taxonomy":"category","embeddable":true,"href":"https:\/\/www.encontramoema.com.br\/sobre\/wp-json\/wp\/v2\/categories?post=21111"},{"taxonomy":"post_tag","embeddable":true,"href":"https:\/\/www.encontramoema.com.br\/sobre\/wp-json\/wp\/v2\/tags?post=21111"}],"curies":[{"name":"wp","href":"https:\/\/api.w.org\/{rel}","templated":true}]}}