{"id":21218,"date":"2026-04-28T11:41:28","date_gmt":"2026-04-28T14:41:28","guid":{"rendered":"https:\/\/www.encontramoema.com.br\/sobre\/latrocinios-na-zona-sul-em-quatro-dias-alcancam-o-total-de-dois-meses-em-sp\/"},"modified":"2026-04-28T11:41:28","modified_gmt":"2026-04-28T14:41:28","slug":"latrocinios-na-zona-sul-em-quatro-dias-alcancam-o-total-de-dois-meses-em-sp","status":"publish","type":"post","link":"https:\/\/www.encontramoema.com.br\/sobre\/latrocinios-na-zona-sul-em-quatro-dias-alcancam-o-total-de-dois-meses-em-sp\/","title":{"rendered":"Latroc\u00ednios na zona sul em quatro dias alcan\u00e7am o total de dois meses em SP"},"content":{"rendered":"<div class=\"b7f545a958fd6350ffae2d30a84cafb8\" data-index=\"1\" style=\"float: none; margin:0px;\">\n<!-- Anuncio display - global -->\r\n<ins class=\"adsbygoogle\"\r\n     style=\"display:block\"\r\n     data-ad-client=\"ca-pub-8585364105181520\"\r\n     data-ad-slot=\"8789329856\"\r\n     data-ad-format=\"auto\"\r\n     data-full-width-responsive=\"true\"><\/ins>\r\n<script>\r\n     (adsbygoogle = window.adsbygoogle || []).push({});\r\n<\/script>\n<\/div>\n<h2>O Que Est\u00e1 Acontecendo na Zona Sul de S\u00e3o Paulo<\/h2>\n<p>A zona sul de S\u00e3o Paulo tem enfrentado um aumento alarmante de latroc\u00ednios, resultando em uma preocupa\u00e7\u00e3o crescente entre os moradores e frequentadores da regi\u00e3o. Nos \u00faltimos dias, quatro assassinatos caracterizados como latroc\u00ednio foram registrados, elevando a tens\u00e3o e as apreens\u00f5es sobre a seguran\u00e7a p\u00fablica local.<\/p>\n<h2>Casos Recentes de Latroc\u00ednio<\/h2>\n<p>Os eventos mais recentes refletem uma escalada na criminalidade e incluem os seguintes incidentes:<\/p>\n<ul>\n<li>No domingo, um casal de advogados foi interceptado na avenida Juriti em Moema por um assaltante armado. Luciano Teixeira dos Santos, de 46 anos, perdeu a vida ao tentar ajudar a esposa durante a tentativa de roubo. O criminoso disparou contra Luciano, que faleceu ap\u00f3s ser levado ao Hospital S\u00e3o Paulo.<\/li>\n<li>Na mesma manh\u00e3, na \u00c1gua Funda, a guarda civil metropolitana Sara Andrade dos Reis, de 34 anos, foi morta a tiros. Durante o assalto, foram subtra\u00eddos sua arma e um celular.<\/li>\n<li>Tr\u00eas dias antes, em um incidente na Vila Calu, Alison Oliveira de Jesus, motorista de aplicativo de 42 anos, foi assassinado ao tentar impedir um roubo de moto. Ele atropelou os ladr\u00f5es, mas acabou sendo atingido fatalmente.<\/li>\n<li>O n\u00famero de latroc\u00ednios na zona sul, em apenas quatro dias, igualou o total registrado durante dois meses na cidade inteira, conforme dados governamentais recentes.<\/li>\n<\/ul>\n<h2>A Interven\u00e7\u00e3o dos Civis nas Ocorr\u00eancias<\/h2>\n<p>Os casos na zona sul revelam n\u00e3o apenas a brutalidade dos crimes, mas tamb\u00e9m a coragem de civis que tentaram intervir em situa\u00e7\u00f5es de perigo. A perda de vidas ao tentar ajudar outros destaca a necessidade de se discutir a efic\u00e1cia de tais interven\u00e7\u00f5es e as implica\u00e7\u00f5es emocionais e f\u00edsicas para os envolvidos.<\/p>\n<p><img decoding=\"async\" src=\"https:\/\/www.encontramoema.com.br\/sobre\/wp-content\/uploads\/2026\/04\/latrocinios-na-zona-sul-em-quatro-dias-alcancam-o-total-de-dois-meses-em-sp.webp\" alt=\"latroc\u00ednios na zona sul\" loading=\"lazy\" \/><\/p>\n<h2>A Resposta da Seguran\u00e7a P\u00fablica<\/h2>\n<p>Em resposta aos crescentes latroc\u00ednios, o secret\u00e1rio-executivo da Secretaria de Seguran\u00e7a P\u00fablica anunciou a forma\u00e7\u00e3o de uma for\u00e7a-tarefa. Esta equipe especial foi criada para agilizar a identifica\u00e7\u00e3o e pris\u00e3o dos criminosos, utilizando tecnologia de c\u00e2meras de monitoramento e intensificando a presen\u00e7a policial nas \u00e1reas mais afetadas.<\/p>\n<p>Al\u00e9m disso, est\u00e3o sendo implementadas a\u00e7\u00f5es estrat\u00e9gicas, como a cria\u00e7\u00e3o de mapas de calor para identificar os locais mais cr\u00edticos, visando uma melhor direcionamento das opera\u00e7\u00f5es policiais na regi\u00e3o.<\/p>\n<h2>Impacto na Comunidade Local<\/h2>\n<p>Moradores e comerciantes na zona sul expressam uma crescente &#8220;sensa\u00e7\u00e3o de inseguran\u00e7a&#8221; devido \u00e0 frequ\u00eancia dos roubos e latroc\u00ednios. As atividades comerciais t\u00eam sido severamente impactadas, com relatos de diminui\u00e7\u00e3o no movimento e interrup\u00e7\u00f5es nas rotinas di\u00e1rias. Empres\u00e1rios ficam apreensivos sobre como os crimes afetar\u00e3o a confian\u00e7a de seus clientes e a seguran\u00e7a dos funcion\u00e1rios.<\/p>\n<h2>Aumento da Viol\u00eancia em S\u00e3o Paulo<\/h2>\n<p>O fen\u00f4meno da viol\u00eancia na zona sul de S\u00e3o Paulo n\u00e3o \u00e9 isolado, refletindo uma tend\u00eancia alarmante em v\u00e1rias \u00e1reas da cidade. As estat\u00edsticas sobre a criminalidade t\u00eam mostrado um aumento n\u00e3o s\u00f3 em latroc\u00ednios, mas tamb\u00e9m em outros tipos de crimes violentos, levando a uma crescente demanda social por solu\u00e7\u00f5es efetivas e urgentes.<\/p>\n<h2>Medidas de Preven\u00e7\u00e3o Sugeridas<\/h2>\n<p>V\u00e1rios especialistas e residentes t\u00eam proposto solu\u00e7\u00f5es para mitigar a viol\u00eancia. Entre as sugest\u00f5es est\u00e3o:<\/p>\n<ul>\n<li>Aumento de rondas policiais em \u00e1reas consideradas cr\u00edticas.<\/li>\n<li>Implementa\u00e7\u00e3o de programas comunit\u00e1rios de seguran\u00e7a que incentivem a colabora\u00e7\u00e3o entre moradores e autoridades.<\/li>\n<li>Organiza\u00e7\u00e3o de eventos comunit\u00e1rios para discutir seguran\u00e7a e estrat\u00e9gias de preven\u00e7\u00e3o de crimes.<\/li>\n<li>Cria\u00e7\u00e3o de campanhas que informem os cidad\u00e3os sobre como agir em situa\u00e7\u00f5es de emerg\u00eancia, promovendo a seguran\u00e7a pessoal.<\/li>\n<\/ul>\n<h2>Rea\u00e7\u00e3o da Popula\u00e7\u00e3o \u00e0s Trag\u00e9dias<\/h2>\n<p>A resposta da popula\u00e7\u00e3o local aos incidentes tem sido marcada por um misto de medo e indigna\u00e7\u00e3o. Muitos moradores est\u00e3o se organizando em grupos para discutir maneiras de se protegerem e tamb\u00e9m para demandar mais a\u00e7\u00f5es do governo e da pol\u00edcia. A solidariedade entre vizinhos tem sido uma t\u00f4nica, com a forma\u00e7\u00e3o de comit\u00eas locais para promover seguran\u00e7a conjunta.<\/p>\n<h2>Import\u00e2ncia da Presen\u00e7a Policial<\/h2>\n<p>A presen\u00e7a policial nas ruas \u00e9 fundamental para desencorajar a crime. A comunidade se beneficia diretamente de uma pol\u00edcia vis\u00edvel e dispon\u00edvel, que transmite uma sensa\u00e7\u00e3o de prote\u00e7\u00e3o e ordem. Estrategicamente, as autoridades devem focar na constru\u00e7\u00e3o de um relacionamento de confian\u00e7a com os cidad\u00e3os, permitindo uma comunica\u00e7\u00e3o fluida sobre seguran\u00e7a e policiamento.<\/p>\n<h2>Como Denunciar Crimes na Regi\u00e3o<\/h2>\n<p>Os cidad\u00e3os s\u00e3o incentivados a denunciar atividades suspeitas \u00e0s autoridades competentes para ajudar a combater a criminalidade. \u00c9 vital que os moradores conhe\u00e7am os canais dispon\u00edveis para registrar suas queixas, seja atrav\u00e9s do telefone da pol\u00edcia, aplicativos de seguran\u00e7a ou diretamente em delegacias.<\/p>\n<p>Al\u00e9m de reportar crimes, a sensibiliza\u00e7\u00e3o para o cuidado com a seguran\u00e7a pessoal \u00e9 crucial, enfatizando o uso de medidas de precau\u00e7\u00e3o e evitando situa\u00e7\u00f5es que possam comprometer a seguran\u00e7a individual ou coletiva.<\/p>\n\n<div style=\"font-size: 0px; height: 0px; line-height: 0px; margin: 0; padding: 0; clear: both;\"><\/div>","protected":false},"excerpt":{"rendered":"<p>Latroc\u00ednios na zona sul de SP alarmam popula\u00e7\u00e3o em poucos dias.<\/p>\n","protected":false},"author":1,"featured_media":21217,"comment_status":"closed","ping_status":"closed","sticky":false,"template":"","format":"standard","meta":{"footnotes":""},"categories":[1],"tags":[],"class_list":["post-21218","post","type-post","status-publish","format-standard","has-post-thumbnail","hentry","category-noticias-em-moema","has_thumb"],"yoast_head":"<!-- This site is optimized with the Yoast SEO plugin v26.3 - https:\/\/yoast.com\/wordpress\/plugins\/seo\/ -->\n<title>Latroc\u00ednios na zona sul em quatro dias alcan\u00e7am o total de dois meses em SP - Encontra Moema<\/title>\n<meta name=\"robots\" content=\"index, follow, max-snippet:-1, max-image-preview:large, max-video-preview:-1\" \/>\n<link rel=\"canonical\" href=\"https:\/\/www.encontramoema.com.br\/sobre\/latrocinios-na-zona-sul-em-quatro-dias-alcancam-o-total-de-dois-meses-em-sp\/\" \/>\n<meta property=\"og:locale\" content=\"pt_BR\" \/>\n<meta property=\"og:type\" content=\"article\" \/>\n<meta property=\"og:title\" content=\"Latroc\u00ednios na zona sul em quatro dias alcan\u00e7am o total de dois meses em SP - Encontra Moema\" \/>\n<meta property=\"og:description\" content=\"Latroc\u00ednios na zona sul de SP alarmam popula\u00e7\u00e3o em poucos dias.\" \/>\n<meta property=\"og:url\" content=\"https:\/\/www.encontramoema.com.br\/sobre\/latrocinios-na-zona-sul-em-quatro-dias-alcancam-o-total-de-dois-meses-em-sp\/\" \/>\n<meta property=\"og:site_name\" content=\"Encontra Moema\" \/>\n<meta property=\"article:published_time\" content=\"2026-04-28T14:41:28+00:00\" \/>\n<meta property=\"og:image\" content=\"https:\/\/www.encontramoema.com.br\/sobre\/wp-content\/uploads\/2026\/04\/latrocinios-na-zona-sul-em-quatro-dias-alcancam-o-total-de-dois-meses-em-sp.webp\" \/>\n<meta name=\"author\" content=\"Encontra Moema\" \/>\n<meta name=\"twitter:card\" content=\"summary_large_image\" \/>\n<meta name=\"twitter:label1\" content=\"Escrito por\" \/>\n\t<meta name=\"twitter:data1\" content=\"Encontra Moema\" \/>\n\t<meta name=\"twitter:label2\" content=\"Est. tempo de leitura\" \/>\n\t<meta name=\"twitter:data2\" content=\"4 minutos\" \/>\n<script type=\"application\/ld+json\" class=\"yoast-schema-graph\">{\"@context\":\"https:\/\/schema.org\",\"@graph\":[{\"@type\":\"WebPage\",\"@id\":\"https:\/\/www.encontramoema.com.br\/sobre\/latrocinios-na-zona-sul-em-quatro-dias-alcancam-o-total-de-dois-meses-em-sp\/\",\"url\":\"https:\/\/www.encontramoema.com.br\/sobre\/latrocinios-na-zona-sul-em-quatro-dias-alcancam-o-total-de-dois-meses-em-sp\/\",\"name\":\"Latroc\u00ednios na zona sul em quatro dias alcan\u00e7am o total de dois meses em SP - Encontra Moema\",\"isPartOf\":{\"@id\":\"https:\/\/www.encontramoema.com.br\/sobre\/#website\"},\"primaryImageOfPage\":{\"@id\":\"https:\/\/www.encontramoema.com.br\/sobre\/latrocinios-na-zona-sul-em-quatro-dias-alcancam-o-total-de-dois-meses-em-sp\/#primaryimage\"},\"image\":{\"@id\":\"https:\/\/www.encontramoema.com.br\/sobre\/latrocinios-na-zona-sul-em-quatro-dias-alcancam-o-total-de-dois-meses-em-sp\/#primaryimage\"},\"thumbnailUrl\":\"https:\/\/www.encontramoema.com.br\/sobre\/wp-content\/uploads\/2026\/04\/latrocinios-na-zona-sul-em-quatro-dias-alcancam-o-total-de-dois-meses-em-sp.webp\",\"datePublished\":\"2026-04-28T14:41:28+00:00\",\"author\":{\"@id\":\"https:\/\/www.encontramoema.com.br\/sobre\/#\/schema\/person\/3c3656d12b82130d77eba13c4ef23efa\"},\"breadcrumb\":{\"@id\":\"https:\/\/www.encontramoema.com.br\/sobre\/latrocinios-na-zona-sul-em-quatro-dias-alcancam-o-total-de-dois-meses-em-sp\/#breadcrumb\"},\"inLanguage\":\"pt-BR\",\"potentialAction\":[{\"@type\":\"ReadAction\",\"target\":[\"https:\/\/www.encontramoema.com.br\/sobre\/latrocinios-na-zona-sul-em-quatro-dias-alcancam-o-total-de-dois-meses-em-sp\/\"]}]},{\"@type\":\"ImageObject\",\"inLanguage\":\"pt-BR\",\"@id\":\"https:\/\/www.encontramoema.com.br\/sobre\/latrocinios-na-zona-sul-em-quatro-dias-alcancam-o-total-de-dois-meses-em-sp\/#primaryimage\",\"url\":\"https:\/\/www.encontramoema.com.br\/sobre\/wp-content\/uploads\/2026\/04\/latrocinios-na-zona-sul-em-quatro-dias-alcancam-o-total-de-dois-meses-em-sp.webp\",\"contentUrl\":\"https:\/\/www.encontramoema.com.br\/sobre\/wp-content\/uploads\/2026\/04\/latrocinios-na-zona-sul-em-quatro-dias-alcancam-o-total-de-dois-meses-em-sp.webp\",\"width\":280,\"height\":280,\"caption\":\"latroc\u00ednios na zona sul\"},{\"@type\":\"BreadcrumbList\",\"@id\":\"https:\/\/www.encontramoema.com.br\/sobre\/latrocinios-na-zona-sul-em-quatro-dias-alcancam-o-total-de-dois-meses-em-sp\/#breadcrumb\",\"itemListElement\":[{\"@type\":\"ListItem\",\"position\":1,\"name\":\"In\u00edcio\",\"item\":\"https:\/\/www.encontramoema.com.br\/sobre\/\"},{\"@type\":\"ListItem\",\"position\":2,\"name\":\"Latroc\u00ednios na zona sul em quatro dias alcan\u00e7am o total de dois meses em SP\"}]},{\"@type\":\"WebSite\",\"@id\":\"https:\/\/www.encontramoema.com.br\/sobre\/#website\",\"url\":\"https:\/\/www.encontramoema.com.br\/sobre\/\",\"name\":\"Encontra Moema\",\"description\":\"Not\u00edcias, eventos, informa\u00e7\u00f5es e dicas no bairro de Moema e regi\u00e3o.\",\"potentialAction\":[{\"@type\":\"SearchAction\",\"target\":{\"@type\":\"EntryPoint\",\"urlTemplate\":\"https:\/\/www.encontramoema.com.br\/sobre\/?s={search_term_string}\"},\"query-input\":{\"@type\":\"PropertyValueSpecification\",\"valueRequired\":true,\"valueName\":\"search_term_string\"}}],\"inLanguage\":\"pt-BR\"},{\"@type\":\"Person\",\"@id\":\"https:\/\/www.encontramoema.com.br\/sobre\/#\/schema\/person\/3c3656d12b82130d77eba13c4ef23efa\",\"name\":\"Encontra Moema\",\"image\":{\"@type\":\"ImageObject\",\"inLanguage\":\"pt-BR\",\"@id\":\"https:\/\/www.encontramoema.com.br\/sobre\/#\/schema\/person\/image\/\",\"url\":\"https:\/\/secure.gravatar.com\/avatar\/0fbed662e37531ae23e68f85f9517b2454e50c1dfebf80eb9b721449ac95e0b9?s=96&d=mm&r=g\",\"contentUrl\":\"https:\/\/secure.gravatar.com\/avatar\/0fbed662e37531ae23e68f85f9517b2454e50c1dfebf80eb9b721449ac95e0b9?s=96&d=mm&r=g\",\"caption\":\"Encontra Moema\"},\"url\":\"https:\/\/www.encontramoema.com.br\/sobre\/author\/emoema\/\"}]}<\/script>\n<!-- \/ Yoast SEO plugin. -->","yoast_head_json":{"title":"Latroc\u00ednios na zona sul em quatro dias alcan\u00e7am o total de dois meses em SP - Encontra Moema","robots":{"index":"index","follow":"follow","max-snippet":"max-snippet:-1","max-image-preview":"max-image-preview:large","max-video-preview":"max-video-preview:-1"},"canonical":"https:\/\/www.encontramoema.com.br\/sobre\/latrocinios-na-zona-sul-em-quatro-dias-alcancam-o-total-de-dois-meses-em-sp\/","og_locale":"pt_BR","og_type":"article","og_title":"Latroc\u00ednios na zona sul em quatro dias alcan\u00e7am o total de dois meses em SP - Encontra Moema","og_description":"Latroc\u00ednios na zona sul de SP alarmam popula\u00e7\u00e3o em poucos dias.","og_url":"https:\/\/www.encontramoema.com.br\/sobre\/latrocinios-na-zona-sul-em-quatro-dias-alcancam-o-total-de-dois-meses-em-sp\/","og_site_name":"Encontra Moema","article_published_time":"2026-04-28T14:41:28+00:00","og_image":[{"url":"https:\/\/www.encontramoema.com.br\/sobre\/wp-content\/uploads\/2026\/04\/latrocinios-na-zona-sul-em-quatro-dias-alcancam-o-total-de-dois-meses-em-sp.webp","type":"","width":"","height":""}],"author":"Encontra Moema","twitter_card":"summary_large_image","twitter_misc":{"Escrito por":"Encontra Moema","Est. tempo de leitura":"4 minutos"},"schema":{"@context":"https:\/\/schema.org","@graph":[{"@type":"WebPage","@id":"https:\/\/www.encontramoema.com.br\/sobre\/latrocinios-na-zona-sul-em-quatro-dias-alcancam-o-total-de-dois-meses-em-sp\/","url":"https:\/\/www.encontramoema.com.br\/sobre\/latrocinios-na-zona-sul-em-quatro-dias-alcancam-o-total-de-dois-meses-em-sp\/","name":"Latroc\u00ednios na zona sul em quatro dias alcan\u00e7am o total de dois meses em SP - Encontra Moema","isPartOf":{"@id":"https:\/\/www.encontramoema.com.br\/sobre\/#website"},"primaryImageOfPage":{"@id":"https:\/\/www.encontramoema.com.br\/sobre\/latrocinios-na-zona-sul-em-quatro-dias-alcancam-o-total-de-dois-meses-em-sp\/#primaryimage"},"image":{"@id":"https:\/\/www.encontramoema.com.br\/sobre\/latrocinios-na-zona-sul-em-quatro-dias-alcancam-o-total-de-dois-meses-em-sp\/#primaryimage"},"thumbnailUrl":"https:\/\/www.encontramoema.com.br\/sobre\/wp-content\/uploads\/2026\/04\/latrocinios-na-zona-sul-em-quatro-dias-alcancam-o-total-de-dois-meses-em-sp.webp","datePublished":"2026-04-28T14:41:28+00:00","author":{"@id":"https:\/\/www.encontramoema.com.br\/sobre\/#\/schema\/person\/3c3656d12b82130d77eba13c4ef23efa"},"breadcrumb":{"@id":"https:\/\/www.encontramoema.com.br\/sobre\/latrocinios-na-zona-sul-em-quatro-dias-alcancam-o-total-de-dois-meses-em-sp\/#breadcrumb"},"inLanguage":"pt-BR","potentialAction":[{"@type":"ReadAction","target":["https:\/\/www.encontramoema.com.br\/sobre\/latrocinios-na-zona-sul-em-quatro-dias-alcancam-o-total-de-dois-meses-em-sp\/"]}]},{"@type":"ImageObject","inLanguage":"pt-BR","@id":"https:\/\/www.encontramoema.com.br\/sobre\/latrocinios-na-zona-sul-em-quatro-dias-alcancam-o-total-de-dois-meses-em-sp\/#primaryimage","url":"https:\/\/www.encontramoema.com.br\/sobre\/wp-content\/uploads\/2026\/04\/latrocinios-na-zona-sul-em-quatro-dias-alcancam-o-total-de-dois-meses-em-sp.webp","contentUrl":"https:\/\/www.encontramoema.com.br\/sobre\/wp-content\/uploads\/2026\/04\/latrocinios-na-zona-sul-em-quatro-dias-alcancam-o-total-de-dois-meses-em-sp.webp","width":280,"height":280,"caption":"latroc\u00ednios na zona sul"},{"@type":"BreadcrumbList","@id":"https:\/\/www.encontramoema.com.br\/sobre\/latrocinios-na-zona-sul-em-quatro-dias-alcancam-o-total-de-dois-meses-em-sp\/#breadcrumb","itemListElement":[{"@type":"ListItem","position":1,"name":"In\u00edcio","item":"https:\/\/www.encontramoema.com.br\/sobre\/"},{"@type":"ListItem","position":2,"name":"Latroc\u00ednios na zona sul em quatro dias alcan\u00e7am o total de dois meses em SP"}]},{"@type":"WebSite","@id":"https:\/\/www.encontramoema.com.br\/sobre\/#website","url":"https:\/\/www.encontramoema.com.br\/sobre\/","name":"Encontra Moema","description":"Not\u00edcias, eventos, informa\u00e7\u00f5es e dicas no bairro de Moema e regi\u00e3o.","potentialAction":[{"@type":"SearchAction","target":{"@type":"EntryPoint","urlTemplate":"https:\/\/www.encontramoema.com.br\/sobre\/?s={search_term_string}"},"query-input":{"@type":"PropertyValueSpecification","valueRequired":true,"valueName":"search_term_string"}}],"inLanguage":"pt-BR"},{"@type":"Person","@id":"https:\/\/www.encontramoema.com.br\/sobre\/#\/schema\/person\/3c3656d12b82130d77eba13c4ef23efa","name":"Encontra Moema","image":{"@type":"ImageObject","inLanguage":"pt-BR","@id":"https:\/\/www.encontramoema.com.br\/sobre\/#\/schema\/person\/image\/","url":"https:\/\/secure.gravatar.com\/avatar\/0fbed662e37531ae23e68f85f9517b2454e50c1dfebf80eb9b721449ac95e0b9?s=96&d=mm&r=g","contentUrl":"https:\/\/secure.gravatar.com\/avatar\/0fbed662e37531ae23e68f85f9517b2454e50c1dfebf80eb9b721449ac95e0b9?s=96&d=mm&r=g","caption":"Encontra Moema"},"url":"https:\/\/www.encontramoema.com.br\/sobre\/author\/emoema\/"}]}},"_links":{"self":[{"href":"https:\/\/www.encontramoema.com.br\/sobre\/wp-json\/wp\/v2\/posts\/21218","targetHints":{"allow":["GET"]}}],"collection":[{"href":"https:\/\/www.encontramoema.com.br\/sobre\/wp-json\/wp\/v2\/posts"}],"about":[{"href":"https:\/\/www.encontramoema.com.br\/sobre\/wp-json\/wp\/v2\/types\/post"}],"author":[{"embeddable":true,"href":"https:\/\/www.encontramoema.com.br\/sobre\/wp-json\/wp\/v2\/users\/1"}],"replies":[{"embeddable":true,"href":"https:\/\/www.encontramoema.com.br\/sobre\/wp-json\/wp\/v2\/comments?post=21218"}],"version-history":[{"count":0,"href":"https:\/\/www.encontramoema.com.br\/sobre\/wp-json\/wp\/v2\/posts\/21218\/revisions"}],"wp:featuredmedia":[{"embeddable":true,"href":"https:\/\/www.encontramoema.com.br\/sobre\/wp-json\/wp\/v2\/media\/21217"}],"wp:attachment":[{"href":"https:\/\/www.encontramoema.com.br\/sobre\/wp-json\/wp\/v2\/media?parent=21218"}],"wp:term":[{"taxonomy":"category","embeddable":true,"href":"https:\/\/www.encontramoema.com.br\/sobre\/wp-json\/wp\/v2\/categories?post=21218"},{"taxonomy":"post_tag","embeddable":true,"href":"https:\/\/www.encontramoema.com.br\/sobre\/wp-json\/wp\/v2\/tags?post=21218"}],"curies":[{"name":"wp","href":"https:\/\/api.w.org\/{rel}","templated":true}]}}