{"id":21742,"date":"2026-08-29T20:40:26","date_gmt":"2026-08-29T23:40:26","guid":{"rendered":"https:\/\/www.encontramoema.com.br\/sobre\/bairro-em-sp-tem-menor-indice-de-gravidez-na-adolescencia\/"},"modified":"2026-08-29T20:40:26","modified_gmt":"2026-08-29T23:40:26","slug":"bairro-em-sp-tem-menor-indice-de-gravidez-na-adolescencia","status":"publish","type":"post","link":"https:\/\/www.encontramoema.com.br\/sobre\/bairro-em-sp-tem-menor-indice-de-gravidez-na-adolescencia\/","title":{"rendered":"Bairro em SP tem menor \u00edndice de gravidez na adolesc\u00eancia"},"content":{"rendered":"<div class=\"b7f545a958fd6350ffae2d30a84cafb8\" data-index=\"1\" style=\"float: none; margin:0px;\">\n<!-- Anuncio display - global -->\r\n<ins class=\"adsbygoogle\"\r\n     style=\"display:block\"\r\n     data-ad-client=\"ca-pub-8585364105181520\"\r\n     data-ad-slot=\"8789329856\"\r\n     data-ad-format=\"auto\"\r\n     data-full-width-responsive=\"true\"><\/ins>\r\n<script>\r\n     (adsbygoogle = window.adsbygoogle || []).push({});\r\n<\/script>\n<\/div>\n<h2>Moema como Exemplo Positivo de Preven\u00e7\u00e3o<\/h2>\n<p>O bairro de Moema, localizado na zona sul de S\u00e3o Paulo, tem se destacado por apresentar o menor \u00edndice de gravidez entre adolescentes na capital paulista. Com uma taxa de apenas 0,13 em 2025, esse distrito serve como um exemplo de sucesso em medidas de preven\u00e7\u00e3o e educa\u00e7\u00e3o sexual adequadas para jovens. A abordagem positiva da comunidade, juntamente com iniciativas de sa\u00fade p\u00fablica e programas educacionais, podem ter contribu\u00eddo significativamente para esses resultados favor\u00e1veis.<\/p>\n<h2>Compara\u00e7\u00e3o com Outros Distritos de S\u00e3o Paulo<\/h2>\n<p>A compara\u00e7\u00e3o entre diferentes bairros de S\u00e3o Paulo revela um contraste marcante nas taxas de gravidez na adolesc\u00eancia. Enquanto a taxa em Moema \u00e9 de 0,13, outros distritos, especialmente aqueles localizados na periferia, apresentam n\u00fameros alarmantes. Guaianases, por exemplo, \u00e9 campe\u00e3o em taxas, com 10,51. Essa diferen\u00e7a acentuada ressalta a urg\u00eancia de interven\u00e7\u00e3o em regi\u00f5es com dificuldades sociais e de acesso \u00e0 informa\u00e7\u00e3o.<\/p>\n<h2>A Metodologia do Mapa da Desigualdade<\/h2>\n<p>O Mapa da Desigualdade da Primeira Inf\u00e2ncia, elaborado pela Rede Nossa S\u00e3o Paulo, \u00e9 uma ferramenta fundamental na an\u00e1lise de dados relacionados \u00e0 gravidez na adolesc\u00eancia e outras condi\u00e7\u00f5es de vida. Este levantamento considera o n\u00famero de nascidos vivos entre adolescentes com menos de 20 anos, fornecendo uma vis\u00e3o clara das disparidades existentes entre os diversos bairros. A metodologia permite o acompanhamento da evolu\u00e7\u00e3o dos \u00edndices e a identifica\u00e7\u00e3o de \u00e1reas que necessitam de aten\u00e7\u00e3o especial.<\/p>\n<p><img decoding=\"async\" src=\"https:\/\/www.encontramoema.com.br\/sobre\/wp-content\/uploads\/2026\/08\/bairro-em-sp-tem-menor-indice-de-gravidez-na-adolescencia.webp\" alt=\"gravidez na adolesc\u00eancia\" loading=\"lazy\" \/><\/p>\n<h2>Impacto da Educa\u00e7\u00e3o nas Taxas de Gravidez<\/h2>\n<p>A educa\u00e7\u00e3o desempenha um papel crucial na redu\u00e7\u00e3o das taxas de gravidez entre adolescentes. A informa\u00e7\u00e3o correta sobre sa\u00fade sexual e reprodutiva \u00e9 um poderoso recurso preventivo. Em distritos como Moema, onde a educa\u00e7\u00e3o de qualidade \u00e9 mais acess\u00edvel, observa-se uma correla\u00e7\u00e3o direta com os \u00edndices mais baixos de gravidez. Em contraste, \u00e1reas com menos acesso \u00e0 educa\u00e7\u00e3o e recursos informativos tendem a apresentar taxas mais elevadas, evidenciando a necessidade de programas educacionais focados para adolescentes.<\/p>\n<h2>Desigualdade Social e Seus Reflexos na Gravidez<\/h2>\n<p>A desigualdade social \u00e9 um fator determinante nas altas taxas de gravidez na adolesc\u00eancia, especialmente em \u00e1reas perif\u00e9ricas. Regi\u00f5es como Guaianases, Parelheiros e Cidade Tiradentes enfrentam desafios significativos, como falta de acesso a servi\u00e7os de sa\u00fade adequados e \u00e0 educa\u00e7\u00e3o sexual. Essa realidade demonstra que a gravidez na adolesc\u00eancia n\u00e3o \u00e9 somente uma quest\u00e3o de escolha pessoal, mas uma consequ\u00eancia das condi\u00e7\u00f5es sociais e econ\u00f4micas que envolvem esses jovens.<\/p>\n<h2>O Papel da Comunidade e Pol\u00edticas P\u00fablicas<\/h2>\n<p>A atua\u00e7\u00e3o da comunidade e a implementa\u00e7\u00e3o de pol\u00edticas p\u00fablicas eficazes s\u00e3o essenciais para enfrentar a gravidez na adolesc\u00eancia. Programas de conscientiza\u00e7\u00e3o, acesso a servi\u00e7os de sa\u00fade e investimentos em educa\u00e7\u00e3o s\u00e3o medidas que podem transformar as realidades locais. A participa\u00e7\u00e3o ativa da comunidade, somada a pol\u00edticas que priorizam a sa\u00fade e educa\u00e7\u00e3o dos adolescentes, tende a gerar impactos positivos a longo prazo.<\/p>\n<h2>A Import\u00e2ncia do Acompanhamento na Sa\u00fade da Adolescente<\/h2>\n<p>O acompanhamento cont\u00ednuo da sa\u00fade das adolescentes \u00e9 fundamental para a preven\u00e7\u00e3o da gravidez precoce. Visitas regulares a servi\u00e7os de sa\u00fade, onde podem receber orienta\u00e7\u00e3o sobre sa\u00fade reprodutiva, contracep\u00e7\u00e3o e cuidados durante a adolesc\u00eancia, t\u00eam mostrado resultados eficazes em diversas regi\u00f5es. Promover um ambiente seguro para discutir assuntos de sa\u00fade pode ajudar na diminui\u00e7\u00e3o dos \u00edndices de gravidez indesejada.<\/p>\n<h2>Estat\u00edsticas Alarmantes em Distritos da Periferia<\/h2>\n<p>As estat\u00edsticas sobre gravidez na adolesc\u00eancia em distritos perif\u00e9ricos, como Guaianases e Parelheiros, s\u00e3o alarmantes. Os dados revelam uma realidade preocupante, onde as taxas de 10,51 e 10,44, respectivamente, destacam a necessidade urgente de a\u00e7\u00f5es espec\u00edficas. Esses n\u00fameros n\u00e3o s\u00f3 refletem a situa\u00e7\u00e3o das adolescentes nessas \u00e1reas, mas tamb\u00e9m indicam uma crise de acesso a informa\u00e7\u00f5es e recursos que poderiam ajud\u00e1-las.<\/p>\n<h2>Como Outras Cidades Enfrentam o Problema<\/h2>\n<p>Outras cidades ao redor do mundo t\u00eam implementado estrat\u00e9gias inovadoras para lidar com a gravidez na adolesc\u00eancia. Abordagens que incluem educa\u00e7\u00e3o sexual abrangente, acesso facilitado a m\u00e9todos contraceptivos e campanhas de conscientiza\u00e7\u00e3o t\u00eam sido eficazes na redu\u00e7\u00e3o de taxas. O compartilhamento de boas pr\u00e1ticas pode ser a chave para ajudar regi\u00f5es com \u00edndices elevados a encontrar solu\u00e7\u00f5es adaptadas \u00e0s suas realidades.<\/p>\n<h2>Conscientiza\u00e7\u00e3o e Preven\u00e7\u00e3o: Caminhos para Mudan\u00e7a<\/h2>\n<p>Conscientizar adolescentes sobre sa\u00fade sexual e reprodutiva \u00e9 um caminho fundamental para a preven\u00e7\u00e3o da gravidez na adolesc\u00eancia. Atrav\u00e9s de campanhas educativas, workshops e parcerias com escolas, pode-se incentivar o di\u00e1logo aberto sobre os desafios enfrentados pelos jovens. \u00c9 vital que as pol\u00edticas p\u00fablicas sejam moldadas com foco na informa\u00e7\u00e3o e acesso, criando um futuro mais saud\u00e1vel e consciente para as pr\u00f3ximas gera\u00e7\u00f5es.<\/p>\n\n<div style=\"font-size: 0px; height: 0px; line-height: 0px; margin: 0; padding: 0; clear: both;\"><\/div>","protected":false},"excerpt":{"rendered":"<p>Moema \u00e9 reconhecida como o bairro de S\u00e3o Paulo com o menor \u00edndice de gravidez na adolesc\u00eancia.<\/p>\n","protected":false},"author":1,"featured_media":21741,"comment_status":"closed","ping_status":"closed","sticky":false,"template":"","format":"standard","meta":{"footnotes":""},"categories":[5031],"tags":[],"class_list":["post-21742","post","type-post","status-publish","format-standard","has-post-thumbnail","hentry","category-saude-em-moema","has_thumb"],"yoast_head":"<!-- This site is optimized with the Yoast SEO plugin v28.2 - https:\/\/yoast.com\/product\/yoast-seo-wordpress\/ -->\n<title>Bairro em SP tem menor \u00edndice de gravidez na adolesc\u00eancia - Encontra Moema<\/title>\n<meta name=\"robots\" content=\"index, follow, max-snippet:-1, max-image-preview:large, max-video-preview:-1\" \/>\n<link rel=\"canonical\" href=\"https:\/\/www.encontramoema.com.br\/sobre\/bairro-em-sp-tem-menor-indice-de-gravidez-na-adolescencia\/\" \/>\n<meta property=\"og:locale\" content=\"pt_BR\" \/>\n<meta property=\"og:type\" content=\"article\" \/>\n<meta property=\"og:title\" content=\"Bairro em SP tem menor \u00edndice de gravidez na adolesc\u00eancia - Encontra Moema\" \/>\n<meta property=\"og:description\" content=\"Moema \u00e9 reconhecida como o bairro de S\u00e3o Paulo com o menor \u00edndice de gravidez na adolesc\u00eancia.\" \/>\n<meta property=\"og:url\" content=\"https:\/\/www.encontramoema.com.br\/sobre\/bairro-em-sp-tem-menor-indice-de-gravidez-na-adolescencia\/\" \/>\n<meta property=\"og:site_name\" content=\"Encontra Moema\" \/>\n<meta property=\"article:published_time\" content=\"2026-08-29T23:40:26+00:00\" \/>\n<meta property=\"og:image\" content=\"https:\/\/www.encontramoema.com.br\/sobre\/wp-content\/uploads\/2026\/08\/bairro-em-sp-tem-menor-indice-de-gravidez-na-adolescencia.webp\" \/>\n<meta name=\"author\" content=\"Encontra Moema\" \/>\n<meta name=\"twitter:card\" content=\"summary_large_image\" \/>\n<meta name=\"twitter:label1\" content=\"Escrito por\" \/>\n\t<meta name=\"twitter:data1\" content=\"Encontra Moema\" \/>\n\t<meta name=\"twitter:label2\" content=\"Est. tempo de leitura\" \/>\n\t<meta name=\"twitter:data2\" content=\"4 minutos\" \/>\n<script type=\"application\/ld+json\" class=\"yoast-schema-graph\">{\"@context\":\"https:\\\/\\\/schema.org\",\"@graph\":[{\"@type\":\"Article\",\"@id\":\"https:\\\/\\\/www.encontramoema.com.br\\\/sobre\\\/bairro-em-sp-tem-menor-indice-de-gravidez-na-adolescencia\\\/#article\",\"isPartOf\":{\"@id\":\"https:\\\/\\\/www.encontramoema.com.br\\\/sobre\\\/bairro-em-sp-tem-menor-indice-de-gravidez-na-adolescencia\\\/\"},\"author\":{\"name\":\"Encontra Moema\",\"@id\":\"https:\\\/\\\/www.encontramoema.com.br\\\/sobre\\\/#\\\/schema\\\/person\\\/3c3656d12b82130d77eba13c4ef23efa\"},\"headline\":\"Bairro em SP tem menor \u00edndice de gravidez na adolesc\u00eancia\",\"datePublished\":\"2026-08-29T23:40:26+00:00\",\"mainEntityOfPage\":{\"@id\":\"https:\\\/\\\/www.encontramoema.com.br\\\/sobre\\\/bairro-em-sp-tem-menor-indice-de-gravidez-na-adolescencia\\\/\"},\"wordCount\":842,\"image\":{\"@id\":\"https:\\\/\\\/www.encontramoema.com.br\\\/sobre\\\/bairro-em-sp-tem-menor-indice-de-gravidez-na-adolescencia\\\/#primaryimage\"},\"thumbnailUrl\":\"https:\\\/\\\/www.encontramoema.com.br\\\/sobre\\\/wp-content\\\/uploads\\\/2026\\\/08\\\/bairro-em-sp-tem-menor-indice-de-gravidez-na-adolescencia.webp\",\"articleSection\":[\"Sa\u00fade Moema\"],\"inLanguage\":\"pt-BR\"},{\"@type\":\"WebPage\",\"@id\":\"https:\\\/\\\/www.encontramoema.com.br\\\/sobre\\\/bairro-em-sp-tem-menor-indice-de-gravidez-na-adolescencia\\\/\",\"url\":\"https:\\\/\\\/www.encontramoema.com.br\\\/sobre\\\/bairro-em-sp-tem-menor-indice-de-gravidez-na-adolescencia\\\/\",\"name\":\"Bairro em SP tem menor \u00edndice de gravidez na adolesc\u00eancia - Encontra Moema\",\"isPartOf\":{\"@id\":\"https:\\\/\\\/www.encontramoema.com.br\\\/sobre\\\/#website\"},\"primaryImageOfPage\":{\"@id\":\"https:\\\/\\\/www.encontramoema.com.br\\\/sobre\\\/bairro-em-sp-tem-menor-indice-de-gravidez-na-adolescencia\\\/#primaryimage\"},\"image\":{\"@id\":\"https:\\\/\\\/www.encontramoema.com.br\\\/sobre\\\/bairro-em-sp-tem-menor-indice-de-gravidez-na-adolescencia\\\/#primaryimage\"},\"thumbnailUrl\":\"https:\\\/\\\/www.encontramoema.com.br\\\/sobre\\\/wp-content\\\/uploads\\\/2026\\\/08\\\/bairro-em-sp-tem-menor-indice-de-gravidez-na-adolescencia.webp\",\"datePublished\":\"2026-08-29T23:40:26+00:00\",\"author\":{\"@id\":\"https:\\\/\\\/www.encontramoema.com.br\\\/sobre\\\/#\\\/schema\\\/person\\\/3c3656d12b82130d77eba13c4ef23efa\"},\"breadcrumb\":{\"@id\":\"https:\\\/\\\/www.encontramoema.com.br\\\/sobre\\\/bairro-em-sp-tem-menor-indice-de-gravidez-na-adolescencia\\\/#breadcrumb\"},\"inLanguage\":\"pt-BR\",\"potentialAction\":[{\"@type\":\"ReadAction\",\"target\":[\"https:\\\/\\\/www.encontramoema.com.br\\\/sobre\\\/bairro-em-sp-tem-menor-indice-de-gravidez-na-adolescencia\\\/\"]}]},{\"@type\":\"ImageObject\",\"inLanguage\":\"pt-BR\",\"@id\":\"https:\\\/\\\/www.encontramoema.com.br\\\/sobre\\\/bairro-em-sp-tem-menor-indice-de-gravidez-na-adolescencia\\\/#primaryimage\",\"url\":\"https:\\\/\\\/www.encontramoema.com.br\\\/sobre\\\/wp-content\\\/uploads\\\/2026\\\/08\\\/bairro-em-sp-tem-menor-indice-de-gravidez-na-adolescencia.webp\",\"contentUrl\":\"https:\\\/\\\/www.encontramoema.com.br\\\/sobre\\\/wp-content\\\/uploads\\\/2026\\\/08\\\/bairro-em-sp-tem-menor-indice-de-gravidez-na-adolescencia.webp\",\"width\":280,\"height\":280,\"caption\":\"gravidez na adolesc\u00eancia\"},{\"@type\":\"BreadcrumbList\",\"@id\":\"https:\\\/\\\/www.encontramoema.com.br\\\/sobre\\\/bairro-em-sp-tem-menor-indice-de-gravidez-na-adolescencia\\\/#breadcrumb\",\"itemListElement\":[{\"@type\":\"ListItem\",\"position\":1,\"name\":\"In\u00edcio\",\"item\":\"https:\\\/\\\/www.encontramoema.com.br\\\/sobre\\\/\"},{\"@type\":\"ListItem\",\"position\":2,\"name\":\"Bairro em SP tem menor \u00edndice de gravidez na adolesc\u00eancia\"}]},{\"@type\":\"WebSite\",\"@id\":\"https:\\\/\\\/www.encontramoema.com.br\\\/sobre\\\/#website\",\"url\":\"https:\\\/\\\/www.encontramoema.com.br\\\/sobre\\\/\",\"name\":\"Encontra Moema\",\"description\":\"Not\u00edcias, eventos, informa\u00e7\u00f5es e dicas no bairro de Moema e regi\u00e3o.\",\"potentialAction\":[{\"@type\":\"SearchAction\",\"target\":{\"@type\":\"EntryPoint\",\"urlTemplate\":\"https:\\\/\\\/www.encontramoema.com.br\\\/sobre\\\/?s={search_term_string}\"},\"query-input\":{\"@type\":\"PropertyValueSpecification\",\"valueRequired\":true,\"valueName\":\"search_term_string\"}}],\"inLanguage\":\"pt-BR\"},{\"@type\":\"Person\",\"@id\":\"https:\\\/\\\/www.encontramoema.com.br\\\/sobre\\\/#\\\/schema\\\/person\\\/3c3656d12b82130d77eba13c4ef23efa\",\"name\":\"Encontra Moema\",\"image\":{\"@type\":\"ImageObject\",\"inLanguage\":\"pt-BR\",\"@id\":\"https:\\\/\\\/secure.gravatar.com\\\/avatar\\\/0fbed662e37531ae23e68f85f9517b2454e50c1dfebf80eb9b721449ac95e0b9?s=96&d=mm&r=g\",\"url\":\"https:\\\/\\\/secure.gravatar.com\\\/avatar\\\/0fbed662e37531ae23e68f85f9517b2454e50c1dfebf80eb9b721449ac95e0b9?s=96&d=mm&r=g\",\"contentUrl\":\"https:\\\/\\\/secure.gravatar.com\\\/avatar\\\/0fbed662e37531ae23e68f85f9517b2454e50c1dfebf80eb9b721449ac95e0b9?s=96&d=mm&r=g\",\"caption\":\"Encontra Moema\"},\"url\":\"https:\\\/\\\/www.encontramoema.com.br\\\/sobre\\\/author\\\/emoema\\\/\"}]}<\/script>\n<!-- \/ Yoast SEO plugin. -->","yoast_head_json":{"title":"Bairro em SP tem menor \u00edndice de gravidez na adolesc\u00eancia - Encontra Moema","robots":{"index":"index","follow":"follow","max-snippet":"max-snippet:-1","max-image-preview":"max-image-preview:large","max-video-preview":"max-video-preview:-1"},"canonical":"https:\/\/www.encontramoema.com.br\/sobre\/bairro-em-sp-tem-menor-indice-de-gravidez-na-adolescencia\/","og_locale":"pt_BR","og_type":"article","og_title":"Bairro em SP tem menor \u00edndice de gravidez na adolesc\u00eancia - Encontra Moema","og_description":"Moema \u00e9 reconhecida como o bairro de S\u00e3o Paulo com o menor \u00edndice de gravidez na adolesc\u00eancia.","og_url":"https:\/\/www.encontramoema.com.br\/sobre\/bairro-em-sp-tem-menor-indice-de-gravidez-na-adolescencia\/","og_site_name":"Encontra Moema","article_published_time":"2026-08-29T23:40:26+00:00","og_image":[{"url":"https:\/\/www.encontramoema.com.br\/sobre\/wp-content\/uploads\/2026\/08\/bairro-em-sp-tem-menor-indice-de-gravidez-na-adolescencia.webp","type":"","width":"","height":""}],"author":"Encontra Moema","twitter_card":"summary_large_image","twitter_misc":{"Escrito por":"Encontra Moema","Est. tempo de leitura":"4 minutos"},"schema":{"@context":"https:\/\/schema.org","@graph":[{"@type":"Article","@id":"https:\/\/www.encontramoema.com.br\/sobre\/bairro-em-sp-tem-menor-indice-de-gravidez-na-adolescencia\/#article","isPartOf":{"@id":"https:\/\/www.encontramoema.com.br\/sobre\/bairro-em-sp-tem-menor-indice-de-gravidez-na-adolescencia\/"},"author":{"name":"Encontra Moema","@id":"https:\/\/www.encontramoema.com.br\/sobre\/#\/schema\/person\/3c3656d12b82130d77eba13c4ef23efa"},"headline":"Bairro em SP tem menor \u00edndice de gravidez na adolesc\u00eancia","datePublished":"2026-08-29T23:40:26+00:00","mainEntityOfPage":{"@id":"https:\/\/www.encontramoema.com.br\/sobre\/bairro-em-sp-tem-menor-indice-de-gravidez-na-adolescencia\/"},"wordCount":842,"image":{"@id":"https:\/\/www.encontramoema.com.br\/sobre\/bairro-em-sp-tem-menor-indice-de-gravidez-na-adolescencia\/#primaryimage"},"thumbnailUrl":"https:\/\/www.encontramoema.com.br\/sobre\/wp-content\/uploads\/2026\/08\/bairro-em-sp-tem-menor-indice-de-gravidez-na-adolescencia.webp","articleSection":["Sa\u00fade Moema"],"inLanguage":"pt-BR"},{"@type":"WebPage","@id":"https:\/\/www.encontramoema.com.br\/sobre\/bairro-em-sp-tem-menor-indice-de-gravidez-na-adolescencia\/","url":"https:\/\/www.encontramoema.com.br\/sobre\/bairro-em-sp-tem-menor-indice-de-gravidez-na-adolescencia\/","name":"Bairro em SP tem menor \u00edndice de gravidez na adolesc\u00eancia - Encontra Moema","isPartOf":{"@id":"https:\/\/www.encontramoema.com.br\/sobre\/#website"},"primaryImageOfPage":{"@id":"https:\/\/www.encontramoema.com.br\/sobre\/bairro-em-sp-tem-menor-indice-de-gravidez-na-adolescencia\/#primaryimage"},"image":{"@id":"https:\/\/www.encontramoema.com.br\/sobre\/bairro-em-sp-tem-menor-indice-de-gravidez-na-adolescencia\/#primaryimage"},"thumbnailUrl":"https:\/\/www.encontramoema.com.br\/sobre\/wp-content\/uploads\/2026\/08\/bairro-em-sp-tem-menor-indice-de-gravidez-na-adolescencia.webp","datePublished":"2026-08-29T23:40:26+00:00","author":{"@id":"https:\/\/www.encontramoema.com.br\/sobre\/#\/schema\/person\/3c3656d12b82130d77eba13c4ef23efa"},"breadcrumb":{"@id":"https:\/\/www.encontramoema.com.br\/sobre\/bairro-em-sp-tem-menor-indice-de-gravidez-na-adolescencia\/#breadcrumb"},"inLanguage":"pt-BR","potentialAction":[{"@type":"ReadAction","target":["https:\/\/www.encontramoema.com.br\/sobre\/bairro-em-sp-tem-menor-indice-de-gravidez-na-adolescencia\/"]}]},{"@type":"ImageObject","inLanguage":"pt-BR","@id":"https:\/\/www.encontramoema.com.br\/sobre\/bairro-em-sp-tem-menor-indice-de-gravidez-na-adolescencia\/#primaryimage","url":"https:\/\/www.encontramoema.com.br\/sobre\/wp-content\/uploads\/2026\/08\/bairro-em-sp-tem-menor-indice-de-gravidez-na-adolescencia.webp","contentUrl":"https:\/\/www.encontramoema.com.br\/sobre\/wp-content\/uploads\/2026\/08\/bairro-em-sp-tem-menor-indice-de-gravidez-na-adolescencia.webp","width":280,"height":280,"caption":"gravidez na adolesc\u00eancia"},{"@type":"BreadcrumbList","@id":"https:\/\/www.encontramoema.com.br\/sobre\/bairro-em-sp-tem-menor-indice-de-gravidez-na-adolescencia\/#breadcrumb","itemListElement":[{"@type":"ListItem","position":1,"name":"In\u00edcio","item":"https:\/\/www.encontramoema.com.br\/sobre\/"},{"@type":"ListItem","position":2,"name":"Bairro em SP tem menor \u00edndice de gravidez na adolesc\u00eancia"}]},{"@type":"WebSite","@id":"https:\/\/www.encontramoema.com.br\/sobre\/#website","url":"https:\/\/www.encontramoema.com.br\/sobre\/","name":"Encontra Moema","description":"Not\u00edcias, eventos, informa\u00e7\u00f5es e dicas no bairro de Moema e regi\u00e3o.","potentialAction":[{"@type":"SearchAction","target":{"@type":"EntryPoint","urlTemplate":"https:\/\/www.encontramoema.com.br\/sobre\/?s={search_term_string}"},"query-input":{"@type":"PropertyValueSpecification","valueRequired":true,"valueName":"search_term_string"}}],"inLanguage":"pt-BR"},{"@type":"Person","@id":"https:\/\/www.encontramoema.com.br\/sobre\/#\/schema\/person\/3c3656d12b82130d77eba13c4ef23efa","name":"Encontra Moema","image":{"@type":"ImageObject","inLanguage":"pt-BR","@id":"https:\/\/secure.gravatar.com\/avatar\/0fbed662e37531ae23e68f85f9517b2454e50c1dfebf80eb9b721449ac95e0b9?s=96&d=mm&r=g","url":"https:\/\/secure.gravatar.com\/avatar\/0fbed662e37531ae23e68f85f9517b2454e50c1dfebf80eb9b721449ac95e0b9?s=96&d=mm&r=g","contentUrl":"https:\/\/secure.gravatar.com\/avatar\/0fbed662e37531ae23e68f85f9517b2454e50c1dfebf80eb9b721449ac95e0b9?s=96&d=mm&r=g","caption":"Encontra Moema"},"url":"https:\/\/www.encontramoema.com.br\/sobre\/author\/emoema\/"}]}},"_links":{"self":[{"href":"https:\/\/www.encontramoema.com.br\/sobre\/wp-json\/wp\/v2\/posts\/21742","targetHints":{"allow":["GET"]}}],"collection":[{"href":"https:\/\/www.encontramoema.com.br\/sobre\/wp-json\/wp\/v2\/posts"}],"about":[{"href":"https:\/\/www.encontramoema.com.br\/sobre\/wp-json\/wp\/v2\/types\/post"}],"author":[{"embeddable":true,"href":"https:\/\/www.encontramoema.com.br\/sobre\/wp-json\/wp\/v2\/users\/1"}],"replies":[{"embeddable":true,"href":"https:\/\/www.encontramoema.com.br\/sobre\/wp-json\/wp\/v2\/comments?post=21742"}],"version-history":[{"count":0,"href":"https:\/\/www.encontramoema.com.br\/sobre\/wp-json\/wp\/v2\/posts\/21742\/revisions"}],"wp:featuredmedia":[{"embeddable":true,"href":"https:\/\/www.encontramoema.com.br\/sobre\/wp-json\/wp\/v2\/media\/21741"}],"wp:attachment":[{"href":"https:\/\/www.encontramoema.com.br\/sobre\/wp-json\/wp\/v2\/media?parent=21742"}],"wp:term":[{"taxonomy":"category","embeddable":true,"href":"https:\/\/www.encontramoema.com.br\/sobre\/wp-json\/wp\/v2\/categories?post=21742"},{"taxonomy":"post_tag","embeddable":true,"href":"https:\/\/www.encontramoema.com.br\/sobre\/wp-json\/wp\/v2\/tags?post=21742"}],"curies":[{"name":"wp","href":"https:\/\/api.w.org\/{rel}","templated":true}]}}