{"id":21754,"date":"2026-09-01T04:28:26","date_gmt":"2026-09-01T07:28:26","guid":{"rendered":"https:\/\/www.encontramoema.com.br\/sobre\/o-2o-encontro-da-rede-de-apoio-da-pessoa-idosa-da-regiao-da-vila-mariana-saude-e-moema-e-entidades\/"},"modified":"2026-09-01T04:28:26","modified_gmt":"2026-09-01T07:28:26","slug":"o-2o-encontro-da-rede-de-apoio-da-pessoa-idosa-da-regiao-da-vila-mariana-saude-e-moema-e-entidades","status":"publish","type":"post","link":"https:\/\/www.encontramoema.com.br\/sobre\/o-2o-encontro-da-rede-de-apoio-da-pessoa-idosa-da-regiao-da-vila-mariana-saude-e-moema-e-entidades\/","title":{"rendered":"O 2\u00ba Encontro da Rede de Apoio da Pessoa Idosa da Regi\u00e3o da Vila Mariana, Sa\u00fade e Moema e entidades"},"content":{"rendered":"<div class=\"b7f545a958fd6350ffae2d30a84cafb8\" data-index=\"1\" style=\"float: none; margin:0px;\">\n<!-- Anuncio display - global -->\r\n<ins class=\"adsbygoogle\"\r\n     style=\"display:block\"\r\n     data-ad-client=\"ca-pub-8585364105181520\"\r\n     data-ad-slot=\"8789329856\"\r\n     data-ad-format=\"auto\"\r\n     data-full-width-responsive=\"true\"><\/ins>\r\n<script>\r\n     (adsbygoogle = window.adsbygoogle || []).push({});\r\n<\/script>\n<\/div>\n<h2>Objetivos do Encontro<\/h2>\n<p>O <strong>2\u00ba Encontro da Rede de Apoio \u00e0 Pessoa Idosa<\/strong> tem como principal meta promover a troca de experi\u00eancias entre os participantes, al\u00e9m de fornecer informa\u00e7\u00f5es sobre os cuidados necess\u00e1rios para a promo\u00e7\u00e3o da longevidade. O evento tamb\u00e9m visa estabelecer uma rede comunit\u00e1ria integrada que atenda \u00e0s necessidades espec\u00edficas da popula\u00e7\u00e3o idosa nas regi\u00f5es da <strong>Vila Mariana<\/strong>, <strong>Sa\u00fade<\/strong> e <strong>Moema<\/strong>.<\/p>\n<h2>Quem S\u00e3o os Organizadores<\/h2>\n<p>Este encontro \u00e9 organizado por um grupo diversificado de entidades que se dedicam ao bem-estar da popula\u00e7\u00e3o idosa, incluindo:<\/p>\n<ul>\n<li><strong>F\u00f3rum da Cidadania da Pessoa Idosa da Vila Mariana<\/strong><\/li>\n<li><strong>Pastoral da Igreja N. Sra. da Sa\u00fade<\/strong><\/li>\n<li><strong>N\u00facleo de Conviv\u00eancia do Idoso Dom Helder<\/strong><\/li>\n<li><strong>Lareira Instituto Mons. B.M. Calazans<\/strong><\/li>\n<\/ul>\n<p>Essas organiza\u00e7\u00f5es s\u00e3o comprometidas em oferecer suporte e servi\u00e7os que melhorem a qualidade de vida dos idosos em suas comunidades.<\/p>\n<p><img decoding=\"async\" src=\"https:\/\/www.encontramoema.com.br\/sobre\/wp-content\/uploads\/2026\/09\/o-2-encontro-da-rede-de-apoio-da-pessoa-idosa-da-regiao-da-vila-mariana-saude-e-moema-e-entidades.webp\" alt=\"2\u00ba Encontro da Rede de Apoio da Pessoa Idosa\" loading=\"lazy\" \/><\/p>\n<h2>Local do Evento<\/h2>\n<p>O evento acontece na sede do <strong>Instituto Biol\u00f3gico<\/strong>, localizado na <strong>Av. Conselheiro Rodrigues Alves, 1252<\/strong>, na Vila Mariana, regi\u00e3o sul da capital paulista. Este espa\u00e7o foi escolhido por suas instala\u00e7\u00f5es adequadas para receber uma grande variedade de participantes, al\u00e9m de facilitar o acesso \u00e0 informa\u00e7\u00e3o e ao di\u00e1logo.<\/p>\n<h2>Import\u00e2ncia da Rede de Apoio<\/h2>\n<p>A <strong>Rede de Apoio \u00e0 Pessoa Idosa<\/strong> \u00e9 fundamental para criar um ambiente em que a troca de saberes e experi\u00eancias se torna poss\u00edvel. Esse tipo de intera\u00e7\u00e3o \u00e9 essencial para:<\/p>\n<ul>\n<li><strong>Fomentar a Inclus\u00e3o:<\/strong> Garantir que os idosos sejam ouvidos e suas necessidades atendidas.<\/li>\n<li><strong>Desenvolver Habilidades:<\/strong> Proporcionar acesso a oficinas e palestras que promovam o aprendizado cont\u00ednuo.<\/li>\n<li><strong>Promover a Sa\u00fade:<\/strong> Compartilhar informa\u00e7\u00f5es sobre cuidados de sa\u00fade, alimenta\u00e7\u00e3o e atividades f\u00edsicas adequadas.<\/li>\n<li><strong>Criar La\u00e7os:<\/strong> Fortalecer a conviv\u00eancia social entre os idosos, o que \u00e9 vital para o bem-estar emocional.<\/li>\n<\/ul>\n<h2>Troca de Experi\u00eancias<\/h2>\n<p>Um dos pontos altos do encontro \u00e9 a troca de experi\u00eancias entre os participantes. Os idosos s\u00e3o encorajados a compartilhar suas hist\u00f3rias de vida, desafios enfrentados e estrat\u00e9gias adotadas para melhorar seu dia a dia. Esse aspecto \u00e9 enriquecedor n\u00e3o apenas para os que falam, mas tamb\u00e9m para aqueles que escutam, criando um espa\u00e7o coletivo de aprendizado.<\/p>\n<h2>Cuidados na Longevidade<\/h2>\n<p>Durante o evento, especialistas compartilhar\u00e3o conhecimentos sobre os cuidados que podem auxiliar na manuten\u00e7\u00e3o da sa\u00fade e bem-estar na terceira idade. T\u00f3picos que devem ser abordados incluem:<\/p>\n<ul>\n<li><strong>Sa\u00fade Mental:<\/strong> A import\u00e2ncia de cuidar da mente e a pr\u00e1tica de atividades que estimulem a cogni\u00e7\u00e3o.<\/li>\n<li><strong>Atividade F\u00edsica:<\/strong> Sugest\u00f5es de exerc\u00edcios acess\u00edveis e adapt\u00e1veis para idosos.<\/li>\n<li><strong>Nutri\u00e7\u00e3o:<\/strong> Orienta\u00e7\u00f5es sobre alimenta\u00e7\u00e3o saud\u00e1vel e equilibrada.<\/li>\n<li><strong>Preven\u00e7\u00e3o de Doen\u00e7as:<\/strong> Informa\u00e7\u00f5es sobre vacinas e exames importantes para a detec\u00e7\u00e3o precoce de condi\u00e7\u00f5es de sa\u00fade.<\/li>\n<\/ul>\n<h2>Estrutura da Rede Comunit\u00e1ria<\/h2>\n<p>A estrutura da Rede de Apoio ser\u00e1 discutida no encontro, destacando como ela funciona e quais s\u00e3o os mecanismos que possibilitam sua atua\u00e7\u00e3o eficaz. A ideia \u00e9 integrar esfor\u00e7os de v\u00e1rias entidades e proporcionar um servi\u00e7o cont\u00ednuo que atenda aos idosos de forma coordenada. Essa rede dever\u00e1 incluir:<\/p>\n<ul>\n<li><strong>Servi\u00e7os de Sa\u00fade:<\/strong> Mapeamento de recursos locais de sa\u00fade dispon\u00edveis para idosos.<\/li>\n<li><strong>Atividades de Lazer:<\/strong> Promo\u00e7\u00e3o de eventos sociais e culturais que estimulem a participa\u00e7\u00e3o ativa dos idosos.<\/li>\n<li><strong>Capacita\u00e7\u00e3o:<\/strong> Treinamentos para volunt\u00e1rios e familiares que cuidam de idosos, visando melhorar os cuidados prestados.<\/li>\n<\/ul>\n<h2>Como Participar do Encontro<\/h2>\n<p>O <strong>2\u00ba Encontro da Rede de Apoio \u00e0 Pessoa Idosa<\/strong> \u00e9 aberto a todos que desejam contribuir ou aprender sobre a causa. Os interessados devem comparecer ao local indicado, trazendo consigo abertura para compartilhar e aprender. A participa\u00e7\u00e3o n\u00e3o requer inscri\u00e7\u00f5es pr\u00e9vias, mas \u00e9 recomendado chegar com anteced\u00eancia para garantir um bom lugar e ter a oportunidade de interagir com os palestrantes e outros participantes.<\/p>\n<h2>Depoimentos de Participantes<\/h2>\n<p>A import\u00e2ncia de eventos como esse \u00e9 frequentemente ressaltada por aqueles que j\u00e1 participaram. Muitos relatam aumentos significativos em suas redes de apoio pessoal e na qualidade de sua sa\u00fade mental e f\u00edsica ap\u00f3s participar desses encontros, onde podem compartilhar suas viv\u00eancias. Aqui est\u00e3o alguns testemunhos:<\/p>\n<ul>\n<li><strong>Maria, 72 anos:<\/strong> &#8220;Ap\u00f3s participar do primeiro encontro, encontrei novas amizades e me senti mais conectada \u00e0 minha comunidade.&#8221;<\/li>\n<li><strong>Jo\u00e3o, 68 anos:<\/strong> &#8220;As palestras sobre alimenta\u00e7\u00e3o me ajudaram a melhorar minha dieta, o que impactou positivamente minha sa\u00fade.&#8221;<\/li>\n<li><strong>Helena, 75 anos:<\/strong> &#8220;A troca de experi\u00eancias foi maravilhosa, percebi que n\u00e3o estou sozinha em meus desafios.&#8221;<\/li>\n<\/ul>\n<h2>Pr\u00f3ximos Passos Ap\u00f3s o Encontro<\/h2>\n<p>Ao finalizar o encontro, os organizadores pretendem estabelecer um plano de a\u00e7\u00e3o para dar continuidade \u00e0s discuss\u00f5es e iniciativas surgidas. Ser\u00e3o criados grupos de trabalho para abordar temas espec\u00edficos e ser\u00e3o agendados novos encontros para durabilidade da rede. Os participantes poder\u00e3o se inscrever para receber atualiza\u00e7\u00f5es e informa\u00e7\u00f5es sobre futuras atividades e eventos relacionados ao cuidado da popula\u00e7\u00e3o idosa.<\/p>\n<p>Al\u00e9m disso, uma pesquisa ser\u00e1 aplicada no final do evento para captar feedback dos participantes, visando sempre aprimorar as pr\u00f3ximas edi\u00e7\u00f5es e garantir que as necessidades da comunidade idosa sejam atendidas de forma eficiente.<\/p>\n\n<div style=\"font-size: 0px; height: 0px; line-height: 0px; margin: 0; padding: 0; clear: both;\"><\/div>","protected":false},"excerpt":{"rendered":"<p>Participe do 2\u00ba Encontro da Rede de Apoio da Pessoa Idosa e fa\u00e7a a diferen\u00e7a!<\/p>\n","protected":false},"author":1,"featured_media":21753,"comment_status":"closed","ping_status":"closed","sticky":false,"template":"","format":"standard","meta":{"footnotes":""},"categories":[5031],"tags":[],"class_list":["post-21754","post","type-post","status-publish","format-standard","has-post-thumbnail","hentry","category-saude-em-moema","has_thumb"],"yoast_head":"<!-- This site is optimized with the Yoast SEO plugin v28.2 - https:\/\/yoast.com\/product\/yoast-seo-wordpress\/ -->\n<title>O 2\u00ba Encontro da Rede de Apoio da Pessoa Idosa da Regi\u00e3o da Vila Mariana, Sa\u00fade e Moema e entidades - Encontra Moema<\/title>\n<meta name=\"robots\" content=\"index, follow, max-snippet:-1, max-image-preview:large, max-video-preview:-1\" \/>\n<link rel=\"canonical\" href=\"https:\/\/www.encontramoema.com.br\/sobre\/o-2o-encontro-da-rede-de-apoio-da-pessoa-idosa-da-regiao-da-vila-mariana-saude-e-moema-e-entidades\/\" \/>\n<meta property=\"og:locale\" content=\"pt_BR\" \/>\n<meta property=\"og:type\" content=\"article\" \/>\n<meta property=\"og:title\" content=\"O 2\u00ba Encontro da Rede de Apoio da Pessoa Idosa da Regi\u00e3o da Vila Mariana, Sa\u00fade e Moema e entidades - Encontra Moema\" \/>\n<meta property=\"og:description\" content=\"Participe do 2\u00ba Encontro da Rede de Apoio da Pessoa Idosa e fa\u00e7a a diferen\u00e7a!\" \/>\n<meta property=\"og:url\" content=\"https:\/\/www.encontramoema.com.br\/sobre\/o-2o-encontro-da-rede-de-apoio-da-pessoa-idosa-da-regiao-da-vila-mariana-saude-e-moema-e-entidades\/\" \/>\n<meta property=\"og:site_name\" content=\"Encontra Moema\" \/>\n<meta property=\"article:published_time\" content=\"2026-09-01T07:28:26+00:00\" \/>\n<meta property=\"og:image\" content=\"https:\/\/www.encontramoema.com.br\/sobre\/wp-content\/uploads\/2026\/09\/o-2-encontro-da-rede-de-apoio-da-pessoa-idosa-da-regiao-da-vila-mariana-saude-e-moema-e-entidades.webp\" \/>\n<meta name=\"author\" content=\"Encontra Moema\" \/>\n<meta name=\"twitter:card\" content=\"summary_large_image\" \/>\n<meta name=\"twitter:label1\" content=\"Escrito por\" \/>\n\t<meta name=\"twitter:data1\" content=\"Encontra Moema\" \/>\n\t<meta name=\"twitter:label2\" content=\"Est. tempo de leitura\" \/>\n\t<meta name=\"twitter:data2\" content=\"4 minutos\" \/>\n<script type=\"application\/ld+json\" class=\"yoast-schema-graph\">{\"@context\":\"https:\\\/\\\/schema.org\",\"@graph\":[{\"@type\":\"Article\",\"@id\":\"https:\\\/\\\/www.encontramoema.com.br\\\/sobre\\\/o-2o-encontro-da-rede-de-apoio-da-pessoa-idosa-da-regiao-da-vila-mariana-saude-e-moema-e-entidades\\\/#article\",\"isPartOf\":{\"@id\":\"https:\\\/\\\/www.encontramoema.com.br\\\/sobre\\\/o-2o-encontro-da-rede-de-apoio-da-pessoa-idosa-da-regiao-da-vila-mariana-saude-e-moema-e-entidades\\\/\"},\"author\":{\"name\":\"Encontra Moema\",\"@id\":\"https:\\\/\\\/www.encontramoema.com.br\\\/sobre\\\/#\\\/schema\\\/person\\\/3c3656d12b82130d77eba13c4ef23efa\"},\"headline\":\"O 2\u00ba Encontro da Rede de Apoio da Pessoa Idosa da Regi\u00e3o da Vila Mariana, Sa\u00fade e Moema e entidades\",\"datePublished\":\"2026-09-01T07:28:26+00:00\",\"mainEntityOfPage\":{\"@id\":\"https:\\\/\\\/www.encontramoema.com.br\\\/sobre\\\/o-2o-encontro-da-rede-de-apoio-da-pessoa-idosa-da-regiao-da-vila-mariana-saude-e-moema-e-entidades\\\/\"},\"wordCount\":903,\"image\":{\"@id\":\"https:\\\/\\\/www.encontramoema.com.br\\\/sobre\\\/o-2o-encontro-da-rede-de-apoio-da-pessoa-idosa-da-regiao-da-vila-mariana-saude-e-moema-e-entidades\\\/#primaryimage\"},\"thumbnailUrl\":\"https:\\\/\\\/www.encontramoema.com.br\\\/sobre\\\/wp-content\\\/uploads\\\/2026\\\/09\\\/o-2-encontro-da-rede-de-apoio-da-pessoa-idosa-da-regiao-da-vila-mariana-saude-e-moema-e-entidades.webp\",\"articleSection\":[\"Sa\u00fade Moema\"],\"inLanguage\":\"pt-BR\"},{\"@type\":\"WebPage\",\"@id\":\"https:\\\/\\\/www.encontramoema.com.br\\\/sobre\\\/o-2o-encontro-da-rede-de-apoio-da-pessoa-idosa-da-regiao-da-vila-mariana-saude-e-moema-e-entidades\\\/\",\"url\":\"https:\\\/\\\/www.encontramoema.com.br\\\/sobre\\\/o-2o-encontro-da-rede-de-apoio-da-pessoa-idosa-da-regiao-da-vila-mariana-saude-e-moema-e-entidades\\\/\",\"name\":\"O 2\u00ba Encontro da Rede de Apoio da Pessoa Idosa da Regi\u00e3o da Vila Mariana, Sa\u00fade e Moema e entidades - Encontra Moema\",\"isPartOf\":{\"@id\":\"https:\\\/\\\/www.encontramoema.com.br\\\/sobre\\\/#website\"},\"primaryImageOfPage\":{\"@id\":\"https:\\\/\\\/www.encontramoema.com.br\\\/sobre\\\/o-2o-encontro-da-rede-de-apoio-da-pessoa-idosa-da-regiao-da-vila-mariana-saude-e-moema-e-entidades\\\/#primaryimage\"},\"image\":{\"@id\":\"https:\\\/\\\/www.encontramoema.com.br\\\/sobre\\\/o-2o-encontro-da-rede-de-apoio-da-pessoa-idosa-da-regiao-da-vila-mariana-saude-e-moema-e-entidades\\\/#primaryimage\"},\"thumbnailUrl\":\"https:\\\/\\\/www.encontramoema.com.br\\\/sobre\\\/wp-content\\\/uploads\\\/2026\\\/09\\\/o-2-encontro-da-rede-de-apoio-da-pessoa-idosa-da-regiao-da-vila-mariana-saude-e-moema-e-entidades.webp\",\"datePublished\":\"2026-09-01T07:28:26+00:00\",\"author\":{\"@id\":\"https:\\\/\\\/www.encontramoema.com.br\\\/sobre\\\/#\\\/schema\\\/person\\\/3c3656d12b82130d77eba13c4ef23efa\"},\"breadcrumb\":{\"@id\":\"https:\\\/\\\/www.encontramoema.com.br\\\/sobre\\\/o-2o-encontro-da-rede-de-apoio-da-pessoa-idosa-da-regiao-da-vila-mariana-saude-e-moema-e-entidades\\\/#breadcrumb\"},\"inLanguage\":\"pt-BR\",\"potentialAction\":[{\"@type\":\"ReadAction\",\"target\":[\"https:\\\/\\\/www.encontramoema.com.br\\\/sobre\\\/o-2o-encontro-da-rede-de-apoio-da-pessoa-idosa-da-regiao-da-vila-mariana-saude-e-moema-e-entidades\\\/\"]}]},{\"@type\":\"ImageObject\",\"inLanguage\":\"pt-BR\",\"@id\":\"https:\\\/\\\/www.encontramoema.com.br\\\/sobre\\\/o-2o-encontro-da-rede-de-apoio-da-pessoa-idosa-da-regiao-da-vila-mariana-saude-e-moema-e-entidades\\\/#primaryimage\",\"url\":\"https:\\\/\\\/www.encontramoema.com.br\\\/sobre\\\/wp-content\\\/uploads\\\/2026\\\/09\\\/o-2-encontro-da-rede-de-apoio-da-pessoa-idosa-da-regiao-da-vila-mariana-saude-e-moema-e-entidades.webp\",\"contentUrl\":\"https:\\\/\\\/www.encontramoema.com.br\\\/sobre\\\/wp-content\\\/uploads\\\/2026\\\/09\\\/o-2-encontro-da-rede-de-apoio-da-pessoa-idosa-da-regiao-da-vila-mariana-saude-e-moema-e-entidades.webp\",\"width\":280,\"height\":280,\"caption\":\"2\u00ba Encontro da Rede de Apoio da Pessoa Idosa\"},{\"@type\":\"BreadcrumbList\",\"@id\":\"https:\\\/\\\/www.encontramoema.com.br\\\/sobre\\\/o-2o-encontro-da-rede-de-apoio-da-pessoa-idosa-da-regiao-da-vila-mariana-saude-e-moema-e-entidades\\\/#breadcrumb\",\"itemListElement\":[{\"@type\":\"ListItem\",\"position\":1,\"name\":\"In\u00edcio\",\"item\":\"https:\\\/\\\/www.encontramoema.com.br\\\/sobre\\\/\"},{\"@type\":\"ListItem\",\"position\":2,\"name\":\"O 2\u00ba Encontro da Rede de Apoio da Pessoa Idosa da Regi\u00e3o da Vila Mariana, Sa\u00fade e Moema e entidades\"}]},{\"@type\":\"WebSite\",\"@id\":\"https:\\\/\\\/www.encontramoema.com.br\\\/sobre\\\/#website\",\"url\":\"https:\\\/\\\/www.encontramoema.com.br\\\/sobre\\\/\",\"name\":\"Encontra Moema\",\"description\":\"Not\u00edcias, eventos, informa\u00e7\u00f5es e dicas no bairro de Moema e regi\u00e3o.\",\"potentialAction\":[{\"@type\":\"SearchAction\",\"target\":{\"@type\":\"EntryPoint\",\"urlTemplate\":\"https:\\\/\\\/www.encontramoema.com.br\\\/sobre\\\/?s={search_term_string}\"},\"query-input\":{\"@type\":\"PropertyValueSpecification\",\"valueRequired\":true,\"valueName\":\"search_term_string\"}}],\"inLanguage\":\"pt-BR\"},{\"@type\":\"Person\",\"@id\":\"https:\\\/\\\/www.encontramoema.com.br\\\/sobre\\\/#\\\/schema\\\/person\\\/3c3656d12b82130d77eba13c4ef23efa\",\"name\":\"Encontra Moema\",\"image\":{\"@type\":\"ImageObject\",\"inLanguage\":\"pt-BR\",\"@id\":\"https:\\\/\\\/secure.gravatar.com\\\/avatar\\\/0fbed662e37531ae23e68f85f9517b2454e50c1dfebf80eb9b721449ac95e0b9?s=96&d=mm&r=g\",\"url\":\"https:\\\/\\\/secure.gravatar.com\\\/avatar\\\/0fbed662e37531ae23e68f85f9517b2454e50c1dfebf80eb9b721449ac95e0b9?s=96&d=mm&r=g\",\"contentUrl\":\"https:\\\/\\\/secure.gravatar.com\\\/avatar\\\/0fbed662e37531ae23e68f85f9517b2454e50c1dfebf80eb9b721449ac95e0b9?s=96&d=mm&r=g\",\"caption\":\"Encontra Moema\"},\"url\":\"https:\\\/\\\/www.encontramoema.com.br\\\/sobre\\\/author\\\/emoema\\\/\"}]}<\/script>\n<!-- \/ Yoast SEO plugin. -->","yoast_head_json":{"title":"O 2\u00ba Encontro da Rede de Apoio da Pessoa Idosa da Regi\u00e3o da Vila Mariana, Sa\u00fade e Moema e entidades - Encontra Moema","robots":{"index":"index","follow":"follow","max-snippet":"max-snippet:-1","max-image-preview":"max-image-preview:large","max-video-preview":"max-video-preview:-1"},"canonical":"https:\/\/www.encontramoema.com.br\/sobre\/o-2o-encontro-da-rede-de-apoio-da-pessoa-idosa-da-regiao-da-vila-mariana-saude-e-moema-e-entidades\/","og_locale":"pt_BR","og_type":"article","og_title":"O 2\u00ba Encontro da Rede de Apoio da Pessoa Idosa da Regi\u00e3o da Vila Mariana, Sa\u00fade e Moema e entidades - Encontra Moema","og_description":"Participe do 2\u00ba Encontro da Rede de Apoio da Pessoa Idosa e fa\u00e7a a diferen\u00e7a!","og_url":"https:\/\/www.encontramoema.com.br\/sobre\/o-2o-encontro-da-rede-de-apoio-da-pessoa-idosa-da-regiao-da-vila-mariana-saude-e-moema-e-entidades\/","og_site_name":"Encontra Moema","article_published_time":"2026-09-01T07:28:26+00:00","og_image":[{"url":"https:\/\/www.encontramoema.com.br\/sobre\/wp-content\/uploads\/2026\/09\/o-2-encontro-da-rede-de-apoio-da-pessoa-idosa-da-regiao-da-vila-mariana-saude-e-moema-e-entidades.webp","type":"","width":"","height":""}],"author":"Encontra Moema","twitter_card":"summary_large_image","twitter_misc":{"Escrito por":"Encontra Moema","Est. tempo de leitura":"4 minutos"},"schema":{"@context":"https:\/\/schema.org","@graph":[{"@type":"Article","@id":"https:\/\/www.encontramoema.com.br\/sobre\/o-2o-encontro-da-rede-de-apoio-da-pessoa-idosa-da-regiao-da-vila-mariana-saude-e-moema-e-entidades\/#article","isPartOf":{"@id":"https:\/\/www.encontramoema.com.br\/sobre\/o-2o-encontro-da-rede-de-apoio-da-pessoa-idosa-da-regiao-da-vila-mariana-saude-e-moema-e-entidades\/"},"author":{"name":"Encontra Moema","@id":"https:\/\/www.encontramoema.com.br\/sobre\/#\/schema\/person\/3c3656d12b82130d77eba13c4ef23efa"},"headline":"O 2\u00ba Encontro da Rede de Apoio da Pessoa Idosa da Regi\u00e3o da Vila Mariana, Sa\u00fade e Moema e entidades","datePublished":"2026-09-01T07:28:26+00:00","mainEntityOfPage":{"@id":"https:\/\/www.encontramoema.com.br\/sobre\/o-2o-encontro-da-rede-de-apoio-da-pessoa-idosa-da-regiao-da-vila-mariana-saude-e-moema-e-entidades\/"},"wordCount":903,"image":{"@id":"https:\/\/www.encontramoema.com.br\/sobre\/o-2o-encontro-da-rede-de-apoio-da-pessoa-idosa-da-regiao-da-vila-mariana-saude-e-moema-e-entidades\/#primaryimage"},"thumbnailUrl":"https:\/\/www.encontramoema.com.br\/sobre\/wp-content\/uploads\/2026\/09\/o-2-encontro-da-rede-de-apoio-da-pessoa-idosa-da-regiao-da-vila-mariana-saude-e-moema-e-entidades.webp","articleSection":["Sa\u00fade Moema"],"inLanguage":"pt-BR"},{"@type":"WebPage","@id":"https:\/\/www.encontramoema.com.br\/sobre\/o-2o-encontro-da-rede-de-apoio-da-pessoa-idosa-da-regiao-da-vila-mariana-saude-e-moema-e-entidades\/","url":"https:\/\/www.encontramoema.com.br\/sobre\/o-2o-encontro-da-rede-de-apoio-da-pessoa-idosa-da-regiao-da-vila-mariana-saude-e-moema-e-entidades\/","name":"O 2\u00ba Encontro da Rede de Apoio da Pessoa Idosa da Regi\u00e3o da Vila Mariana, Sa\u00fade e Moema e entidades - Encontra Moema","isPartOf":{"@id":"https:\/\/www.encontramoema.com.br\/sobre\/#website"},"primaryImageOfPage":{"@id":"https:\/\/www.encontramoema.com.br\/sobre\/o-2o-encontro-da-rede-de-apoio-da-pessoa-idosa-da-regiao-da-vila-mariana-saude-e-moema-e-entidades\/#primaryimage"},"image":{"@id":"https:\/\/www.encontramoema.com.br\/sobre\/o-2o-encontro-da-rede-de-apoio-da-pessoa-idosa-da-regiao-da-vila-mariana-saude-e-moema-e-entidades\/#primaryimage"},"thumbnailUrl":"https:\/\/www.encontramoema.com.br\/sobre\/wp-content\/uploads\/2026\/09\/o-2-encontro-da-rede-de-apoio-da-pessoa-idosa-da-regiao-da-vila-mariana-saude-e-moema-e-entidades.webp","datePublished":"2026-09-01T07:28:26+00:00","author":{"@id":"https:\/\/www.encontramoema.com.br\/sobre\/#\/schema\/person\/3c3656d12b82130d77eba13c4ef23efa"},"breadcrumb":{"@id":"https:\/\/www.encontramoema.com.br\/sobre\/o-2o-encontro-da-rede-de-apoio-da-pessoa-idosa-da-regiao-da-vila-mariana-saude-e-moema-e-entidades\/#breadcrumb"},"inLanguage":"pt-BR","potentialAction":[{"@type":"ReadAction","target":["https:\/\/www.encontramoema.com.br\/sobre\/o-2o-encontro-da-rede-de-apoio-da-pessoa-idosa-da-regiao-da-vila-mariana-saude-e-moema-e-entidades\/"]}]},{"@type":"ImageObject","inLanguage":"pt-BR","@id":"https:\/\/www.encontramoema.com.br\/sobre\/o-2o-encontro-da-rede-de-apoio-da-pessoa-idosa-da-regiao-da-vila-mariana-saude-e-moema-e-entidades\/#primaryimage","url":"https:\/\/www.encontramoema.com.br\/sobre\/wp-content\/uploads\/2026\/09\/o-2-encontro-da-rede-de-apoio-da-pessoa-idosa-da-regiao-da-vila-mariana-saude-e-moema-e-entidades.webp","contentUrl":"https:\/\/www.encontramoema.com.br\/sobre\/wp-content\/uploads\/2026\/09\/o-2-encontro-da-rede-de-apoio-da-pessoa-idosa-da-regiao-da-vila-mariana-saude-e-moema-e-entidades.webp","width":280,"height":280,"caption":"2\u00ba Encontro da Rede de Apoio da Pessoa Idosa"},{"@type":"BreadcrumbList","@id":"https:\/\/www.encontramoema.com.br\/sobre\/o-2o-encontro-da-rede-de-apoio-da-pessoa-idosa-da-regiao-da-vila-mariana-saude-e-moema-e-entidades\/#breadcrumb","itemListElement":[{"@type":"ListItem","position":1,"name":"In\u00edcio","item":"https:\/\/www.encontramoema.com.br\/sobre\/"},{"@type":"ListItem","position":2,"name":"O 2\u00ba Encontro da Rede de Apoio da Pessoa Idosa da Regi\u00e3o da Vila Mariana, Sa\u00fade e Moema e entidades"}]},{"@type":"WebSite","@id":"https:\/\/www.encontramoema.com.br\/sobre\/#website","url":"https:\/\/www.encontramoema.com.br\/sobre\/","name":"Encontra Moema","description":"Not\u00edcias, eventos, informa\u00e7\u00f5es e dicas no bairro de Moema e regi\u00e3o.","potentialAction":[{"@type":"SearchAction","target":{"@type":"EntryPoint","urlTemplate":"https:\/\/www.encontramoema.com.br\/sobre\/?s={search_term_string}"},"query-input":{"@type":"PropertyValueSpecification","valueRequired":true,"valueName":"search_term_string"}}],"inLanguage":"pt-BR"},{"@type":"Person","@id":"https:\/\/www.encontramoema.com.br\/sobre\/#\/schema\/person\/3c3656d12b82130d77eba13c4ef23efa","name":"Encontra Moema","image":{"@type":"ImageObject","inLanguage":"pt-BR","@id":"https:\/\/secure.gravatar.com\/avatar\/0fbed662e37531ae23e68f85f9517b2454e50c1dfebf80eb9b721449ac95e0b9?s=96&d=mm&r=g","url":"https:\/\/secure.gravatar.com\/avatar\/0fbed662e37531ae23e68f85f9517b2454e50c1dfebf80eb9b721449ac95e0b9?s=96&d=mm&r=g","contentUrl":"https:\/\/secure.gravatar.com\/avatar\/0fbed662e37531ae23e68f85f9517b2454e50c1dfebf80eb9b721449ac95e0b9?s=96&d=mm&r=g","caption":"Encontra Moema"},"url":"https:\/\/www.encontramoema.com.br\/sobre\/author\/emoema\/"}]}},"_links":{"self":[{"href":"https:\/\/www.encontramoema.com.br\/sobre\/wp-json\/wp\/v2\/posts\/21754","targetHints":{"allow":["GET"]}}],"collection":[{"href":"https:\/\/www.encontramoema.com.br\/sobre\/wp-json\/wp\/v2\/posts"}],"about":[{"href":"https:\/\/www.encontramoema.com.br\/sobre\/wp-json\/wp\/v2\/types\/post"}],"author":[{"embeddable":true,"href":"https:\/\/www.encontramoema.com.br\/sobre\/wp-json\/wp\/v2\/users\/1"}],"replies":[{"embeddable":true,"href":"https:\/\/www.encontramoema.com.br\/sobre\/wp-json\/wp\/v2\/comments?post=21754"}],"version-history":[{"count":0,"href":"https:\/\/www.encontramoema.com.br\/sobre\/wp-json\/wp\/v2\/posts\/21754\/revisions"}],"wp:featuredmedia":[{"embeddable":true,"href":"https:\/\/www.encontramoema.com.br\/sobre\/wp-json\/wp\/v2\/media\/21753"}],"wp:attachment":[{"href":"https:\/\/www.encontramoema.com.br\/sobre\/wp-json\/wp\/v2\/media?parent=21754"}],"wp:term":[{"taxonomy":"category","embeddable":true,"href":"https:\/\/www.encontramoema.com.br\/sobre\/wp-json\/wp\/v2\/categories?post=21754"},{"taxonomy":"post_tag","embeddable":true,"href":"https:\/\/www.encontramoema.com.br\/sobre\/wp-json\/wp\/v2\/tags?post=21754"}],"curies":[{"name":"wp","href":"https:\/\/api.w.org\/{rel}","templated":true}]}}