{"id":2337,"date":"2011-12-02T17:51:14","date_gmt":"2011-12-02T19:51:14","guid":{"rendered":"http:\/\/www.encontramoema.com.br\/blog\/?p=2337"},"modified":"2019-04-12T19:04:33","modified_gmt":"2019-04-12T21:04:33","slug":"preso-com-fuzis-faz-parte-de-quadrilha-que-age-em-moema","status":"publish","type":"post","link":"https:\/\/www.encontramoema.com.br\/sobre\/preso-com-fuzis-faz-parte-de-quadrilha-que-age-em-moema\/","title":{"rendered":"Preso com fuzis faz parte de quadrilha que age em Moema"},"content":{"rendered":"<div class=\"b7f545a958fd6350ffae2d30a84cafb8\" data-index=\"1\" style=\"float: none; margin:0px;\">\n<!-- Anuncio display - global -->\r\n<ins class=\"adsbygoogle\"\r\n     style=\"display:block\"\r\n     data-ad-client=\"ca-pub-8585364105181520\"\r\n     data-ad-slot=\"8789329856\"\r\n     data-ad-format=\"auto\"\r\n     data-full-width-responsive=\"true\"><\/ins>\r\n<script>\r\n     (adsbygoogle = window.adsbygoogle || []).push({});\r\n<\/script>\n<\/div>\n<p>O homem de 31 anos que foi preso com dois fuzis em um carro de luxo na tarde de quarta-feira (30), em Cidade Ademar, na\u00a0Zona Sul de S\u00e3o Paulo, \u00e9 um dos chefes de uma das principais quadrilhas de roubo a resid\u00eancias que age principalmente em bairros nobres da capital, como\u00a0bairro Morumbi,\u00a0bairro Brooklin,\u00a0bairro Moema\u00a0e\u00a0bairro Jardins, todos tamb\u00e9m na Zona Sul de S\u00e3o Paulo, de acordo com delegado M\u00e1rcio Martins Mathias, do Grupo de Combate a Fac\u00e7\u00f5es Criminosas do Departamento de Investiga\u00e7\u00f5es sobre o Crime Organizado (Deic).<\/p>\n<p>\u201cEle \u00e9 investigado h\u00e1 um m\u00eas por participa\u00e7\u00e3o em uma fac\u00e7\u00e3o criminosa. N\u00e3o \u00e9 poss\u00edvel dizer que ele \u00e9 o chefe da quadrilha, mas \u00e9 uma pe\u00e7a importante, tanto que lhe foi confiado o transporte deste armamento\u201d, disse Mathias. Segundo o delegado, o homem tem passagens por tr\u00e1fico, porte de arma e recepta\u00e7\u00e3o.<\/p>\n<p>Al\u00e9m disso, o carro que dirigia no momento da pris\u00e3o, um utilit\u00e1rio de luxo Dodge Journey de 2008, avaliado em cerca de R$ 70 mil e com placas clonadas, segundo a pol\u00edcia, tinha sido roubado em setembro. No entanto, o suspeito negou todos os crimes, inclusive a posse das armas, segundo o delegado. O propriet\u00e1rio do ve\u00edculo roubado foi ouvido nesta quarta e n\u00e3o reconheceu o suspeito.<\/p>\n<p>Al\u00e9m dos dois fuzis calibre .556 e uma pistola .380, foram apreendidos pela pol\u00edcia no carro dois coletes, muni\u00e7\u00f5es, rel\u00f3gios, joias e um macaco hidr\u00e1ulico port\u00e1til, com capacidade levantar seis toneladas que seria utilizado para arrombar portas e cofres.<\/p>\n<p>Segundo o delegado, uma das caracter\u00edsticas da quadrilha \u00e9 a de circular pelas \u00e1reas nobres onde costumam praticar seus crimes sem chamar a aten\u00e7\u00e3o da pol\u00edcia. \u201cPara isso, eles andam bem vestidos e procuram roubar carros de luxo. Um carro desses n\u00e3o chama a aten\u00e7\u00e3o nestes bairros. Al\u00e9m disso, ele \u00e9 bem articulado, se expressa bem e n\u00e3o usa g\u00edrias. Se na abordagem policial, n\u00e3o for feito uma vistoria bem feita ele \u00e9 liberado com facilidade\u201d, disse Mathias.<\/p>\n<p>No entanto, nas a\u00e7\u00f5es criminosas costumam recorrer ao terror e a amea\u00e7as. \u201cCom armamentos deste porte, a pessoa se sente ainda mais intimidada e entrega os seus bens\u201d, afirmou. Na sequ\u00eancia da investiga\u00e7\u00f5es, com os produtos roubados e a divuga\u00e7\u00e3o da imagens do suspeito, a pol\u00edcia espera que v\u00edtimas o reconhe\u00e7am como praticante de outros crimes. Um dos fuzis, por exemplo, segundo o delegado, pode ter sido roubado de um colecionador de armas.<\/p>\n<p><em>Fonte: G1<\/em><\/p>\n\n<div style=\"font-size: 0px; height: 0px; line-height: 0px; margin: 0; padding: 0; clear: both;\"><\/div>","protected":false},"excerpt":{"rendered":"<p>O homem de 31 anos que foi preso com dois fuzis em um carro de luxo na tarde de quarta-feira (30), em Cidade Ademar, na\u00a0Zona Sul de S\u00e3o Paulo, \u00e9 um dos chefes de uma das principais quadrilhas de roubo a resid\u00eancias que age principalmente em bairros nobres da capital, como\u00a0bairro Morumbi,\u00a0bairro Brooklin,\u00a0bairro Moema\u00a0e\u00a0bairro Jardins, todos tamb\u00e9m na Zona Sul de S\u00e3o Paulo, de acordo com delegado M\u00e1rcio Martins Mathias, do Grupo de Combate a Fac\u00e7\u00f5es Criminosas do Departamento de Investiga\u00e7\u00f5es sobre o Crime Organizado (Deic). \u201cEle \u00e9 investigado h\u00e1 um m\u00eas por participa\u00e7\u00e3o em uma fac\u00e7\u00e3o criminosa. N\u00e3o \u00e9 <\/p>\n","protected":false},"author":1,"featured_media":0,"comment_status":"open","ping_status":"closed","sticky":false,"template":"","format":"standard","meta":{"footnotes":""},"categories":[1],"tags":[7],"class_list":["post-2337","post","type-post","status-publish","format-standard","hentry","category-noticias-em-moema","tag-moema"],"yoast_head":"<!-- This site is optimized with the Yoast SEO plugin v26.3 - https:\/\/yoast.com\/wordpress\/plugins\/seo\/ -->\n<title>Preso com fuzis faz parte de quadrilha que age em Moema - Encontra Moema<\/title>\n<meta name=\"robots\" content=\"index, follow, max-snippet:-1, max-image-preview:large, max-video-preview:-1\" \/>\n<link rel=\"canonical\" href=\"https:\/\/www.encontramoema.com.br\/sobre\/preso-com-fuzis-faz-parte-de-quadrilha-que-age-em-moema\/\" \/>\n<meta property=\"og:locale\" content=\"pt_BR\" \/>\n<meta property=\"og:type\" content=\"article\" \/>\n<meta property=\"og:title\" content=\"Preso com fuzis faz parte de quadrilha que age em Moema - Encontra Moema\" \/>\n<meta property=\"og:description\" content=\"O homem de 31 anos que foi preso com dois fuzis em um carro de luxo na tarde de quarta-feira (30), em Cidade Ademar, na\u00a0Zona Sul de S\u00e3o Paulo, \u00e9 um dos chefes de uma das principais quadrilhas de roubo a resid\u00eancias que age principalmente em bairros nobres da capital, como\u00a0bairro Morumbi,\u00a0bairro Brooklin,\u00a0bairro Moema\u00a0e\u00a0bairro Jardins, todos tamb\u00e9m na Zona Sul de S\u00e3o Paulo, de acordo com delegado M\u00e1rcio Martins Mathias, do Grupo de Combate a Fac\u00e7\u00f5es Criminosas do Departamento de Investiga\u00e7\u00f5es sobre o Crime Organizado (Deic). \u201cEle \u00e9 investigado h\u00e1 um m\u00eas por participa\u00e7\u00e3o em uma fac\u00e7\u00e3o criminosa. N\u00e3o \u00e9\" \/>\n<meta property=\"og:url\" content=\"https:\/\/www.encontramoema.com.br\/sobre\/preso-com-fuzis-faz-parte-de-quadrilha-que-age-em-moema\/\" \/>\n<meta property=\"og:site_name\" content=\"Encontra Moema\" \/>\n<meta property=\"article:published_time\" content=\"2011-12-02T19:51:14+00:00\" \/>\n<meta property=\"article:modified_time\" content=\"2019-04-12T21:04:33+00:00\" \/>\n<meta name=\"author\" content=\"Encontra Moema\" \/>\n<meta name=\"twitter:card\" content=\"summary_large_image\" \/>\n<meta name=\"twitter:label1\" content=\"Escrito por\" \/>\n\t<meta name=\"twitter:data1\" content=\"Encontra Moema\" \/>\n\t<meta name=\"twitter:label2\" content=\"Est. tempo de leitura\" \/>\n\t<meta name=\"twitter:data2\" content=\"2 minutos\" \/>\n<script type=\"application\/ld+json\" class=\"yoast-schema-graph\">{\"@context\":\"https:\/\/schema.org\",\"@graph\":[{\"@type\":\"WebPage\",\"@id\":\"https:\/\/www.encontramoema.com.br\/sobre\/preso-com-fuzis-faz-parte-de-quadrilha-que-age-em-moema\/\",\"url\":\"https:\/\/www.encontramoema.com.br\/sobre\/preso-com-fuzis-faz-parte-de-quadrilha-que-age-em-moema\/\",\"name\":\"Preso com fuzis faz parte de quadrilha que age em Moema - Encontra Moema\",\"isPartOf\":{\"@id\":\"https:\/\/www.encontramoema.com.br\/sobre\/#website\"},\"datePublished\":\"2011-12-02T19:51:14+00:00\",\"dateModified\":\"2019-04-12T21:04:33+00:00\",\"author\":{\"@id\":\"https:\/\/www.encontramoema.com.br\/sobre\/#\/schema\/person\/3c3656d12b82130d77eba13c4ef23efa\"},\"breadcrumb\":{\"@id\":\"https:\/\/www.encontramoema.com.br\/sobre\/preso-com-fuzis-faz-parte-de-quadrilha-que-age-em-moema\/#breadcrumb\"},\"inLanguage\":\"pt-BR\",\"potentialAction\":[{\"@type\":\"ReadAction\",\"target\":[\"https:\/\/www.encontramoema.com.br\/sobre\/preso-com-fuzis-faz-parte-de-quadrilha-que-age-em-moema\/\"]}]},{\"@type\":\"BreadcrumbList\",\"@id\":\"https:\/\/www.encontramoema.com.br\/sobre\/preso-com-fuzis-faz-parte-de-quadrilha-que-age-em-moema\/#breadcrumb\",\"itemListElement\":[{\"@type\":\"ListItem\",\"position\":1,\"name\":\"In\u00edcio\",\"item\":\"https:\/\/www.encontramoema.com.br\/sobre\/\"},{\"@type\":\"ListItem\",\"position\":2,\"name\":\"Preso com fuzis faz parte de quadrilha que age em Moema\"}]},{\"@type\":\"WebSite\",\"@id\":\"https:\/\/www.encontramoema.com.br\/sobre\/#website\",\"url\":\"https:\/\/www.encontramoema.com.br\/sobre\/\",\"name\":\"Encontra Moema\",\"description\":\"Not\u00edcias, eventos, informa\u00e7\u00f5es e dicas no bairro de Moema e regi\u00e3o.\",\"potentialAction\":[{\"@type\":\"SearchAction\",\"target\":{\"@type\":\"EntryPoint\",\"urlTemplate\":\"https:\/\/www.encontramoema.com.br\/sobre\/?s={search_term_string}\"},\"query-input\":{\"@type\":\"PropertyValueSpecification\",\"valueRequired\":true,\"valueName\":\"search_term_string\"}}],\"inLanguage\":\"pt-BR\"},{\"@type\":\"Person\",\"@id\":\"https:\/\/www.encontramoema.com.br\/sobre\/#\/schema\/person\/3c3656d12b82130d77eba13c4ef23efa\",\"name\":\"Encontra Moema\",\"image\":{\"@type\":\"ImageObject\",\"inLanguage\":\"pt-BR\",\"@id\":\"https:\/\/www.encontramoema.com.br\/sobre\/#\/schema\/person\/image\/\",\"url\":\"https:\/\/secure.gravatar.com\/avatar\/0fbed662e37531ae23e68f85f9517b2454e50c1dfebf80eb9b721449ac95e0b9?s=96&d=mm&r=g\",\"contentUrl\":\"https:\/\/secure.gravatar.com\/avatar\/0fbed662e37531ae23e68f85f9517b2454e50c1dfebf80eb9b721449ac95e0b9?s=96&d=mm&r=g\",\"caption\":\"Encontra Moema\"},\"url\":\"https:\/\/www.encontramoema.com.br\/sobre\/author\/emoema\/\"}]}<\/script>\n<!-- \/ Yoast SEO plugin. -->","yoast_head_json":{"title":"Preso com fuzis faz parte de quadrilha que age em Moema - Encontra Moema","robots":{"index":"index","follow":"follow","max-snippet":"max-snippet:-1","max-image-preview":"max-image-preview:large","max-video-preview":"max-video-preview:-1"},"canonical":"https:\/\/www.encontramoema.com.br\/sobre\/preso-com-fuzis-faz-parte-de-quadrilha-que-age-em-moema\/","og_locale":"pt_BR","og_type":"article","og_title":"Preso com fuzis faz parte de quadrilha que age em Moema - Encontra Moema","og_description":"O homem de 31 anos que foi preso com dois fuzis em um carro de luxo na tarde de quarta-feira (30), em Cidade Ademar, na\u00a0Zona Sul de S\u00e3o Paulo, \u00e9 um dos chefes de uma das principais quadrilhas de roubo a resid\u00eancias que age principalmente em bairros nobres da capital, como\u00a0bairro Morumbi,\u00a0bairro Brooklin,\u00a0bairro Moema\u00a0e\u00a0bairro Jardins, todos tamb\u00e9m na Zona Sul de S\u00e3o Paulo, de acordo com delegado M\u00e1rcio Martins Mathias, do Grupo de Combate a Fac\u00e7\u00f5es Criminosas do Departamento de Investiga\u00e7\u00f5es sobre o Crime Organizado (Deic). \u201cEle \u00e9 investigado h\u00e1 um m\u00eas por participa\u00e7\u00e3o em uma fac\u00e7\u00e3o criminosa. N\u00e3o \u00e9","og_url":"https:\/\/www.encontramoema.com.br\/sobre\/preso-com-fuzis-faz-parte-de-quadrilha-que-age-em-moema\/","og_site_name":"Encontra Moema","article_published_time":"2011-12-02T19:51:14+00:00","article_modified_time":"2019-04-12T21:04:33+00:00","author":"Encontra Moema","twitter_card":"summary_large_image","twitter_misc":{"Escrito por":"Encontra Moema","Est. tempo de leitura":"2 minutos"},"schema":{"@context":"https:\/\/schema.org","@graph":[{"@type":"WebPage","@id":"https:\/\/www.encontramoema.com.br\/sobre\/preso-com-fuzis-faz-parte-de-quadrilha-que-age-em-moema\/","url":"https:\/\/www.encontramoema.com.br\/sobre\/preso-com-fuzis-faz-parte-de-quadrilha-que-age-em-moema\/","name":"Preso com fuzis faz parte de quadrilha que age em Moema - Encontra Moema","isPartOf":{"@id":"https:\/\/www.encontramoema.com.br\/sobre\/#website"},"datePublished":"2011-12-02T19:51:14+00:00","dateModified":"2019-04-12T21:04:33+00:00","author":{"@id":"https:\/\/www.encontramoema.com.br\/sobre\/#\/schema\/person\/3c3656d12b82130d77eba13c4ef23efa"},"breadcrumb":{"@id":"https:\/\/www.encontramoema.com.br\/sobre\/preso-com-fuzis-faz-parte-de-quadrilha-que-age-em-moema\/#breadcrumb"},"inLanguage":"pt-BR","potentialAction":[{"@type":"ReadAction","target":["https:\/\/www.encontramoema.com.br\/sobre\/preso-com-fuzis-faz-parte-de-quadrilha-que-age-em-moema\/"]}]},{"@type":"BreadcrumbList","@id":"https:\/\/www.encontramoema.com.br\/sobre\/preso-com-fuzis-faz-parte-de-quadrilha-que-age-em-moema\/#breadcrumb","itemListElement":[{"@type":"ListItem","position":1,"name":"In\u00edcio","item":"https:\/\/www.encontramoema.com.br\/sobre\/"},{"@type":"ListItem","position":2,"name":"Preso com fuzis faz parte de quadrilha que age em Moema"}]},{"@type":"WebSite","@id":"https:\/\/www.encontramoema.com.br\/sobre\/#website","url":"https:\/\/www.encontramoema.com.br\/sobre\/","name":"Encontra Moema","description":"Not\u00edcias, eventos, informa\u00e7\u00f5es e dicas no bairro de Moema e regi\u00e3o.","potentialAction":[{"@type":"SearchAction","target":{"@type":"EntryPoint","urlTemplate":"https:\/\/www.encontramoema.com.br\/sobre\/?s={search_term_string}"},"query-input":{"@type":"PropertyValueSpecification","valueRequired":true,"valueName":"search_term_string"}}],"inLanguage":"pt-BR"},{"@type":"Person","@id":"https:\/\/www.encontramoema.com.br\/sobre\/#\/schema\/person\/3c3656d12b82130d77eba13c4ef23efa","name":"Encontra Moema","image":{"@type":"ImageObject","inLanguage":"pt-BR","@id":"https:\/\/www.encontramoema.com.br\/sobre\/#\/schema\/person\/image\/","url":"https:\/\/secure.gravatar.com\/avatar\/0fbed662e37531ae23e68f85f9517b2454e50c1dfebf80eb9b721449ac95e0b9?s=96&d=mm&r=g","contentUrl":"https:\/\/secure.gravatar.com\/avatar\/0fbed662e37531ae23e68f85f9517b2454e50c1dfebf80eb9b721449ac95e0b9?s=96&d=mm&r=g","caption":"Encontra Moema"},"url":"https:\/\/www.encontramoema.com.br\/sobre\/author\/emoema\/"}]}},"_links":{"self":[{"href":"https:\/\/www.encontramoema.com.br\/sobre\/wp-json\/wp\/v2\/posts\/2337","targetHints":{"allow":["GET"]}}],"collection":[{"href":"https:\/\/www.encontramoema.com.br\/sobre\/wp-json\/wp\/v2\/posts"}],"about":[{"href":"https:\/\/www.encontramoema.com.br\/sobre\/wp-json\/wp\/v2\/types\/post"}],"author":[{"embeddable":true,"href":"https:\/\/www.encontramoema.com.br\/sobre\/wp-json\/wp\/v2\/users\/1"}],"replies":[{"embeddable":true,"href":"https:\/\/www.encontramoema.com.br\/sobre\/wp-json\/wp\/v2\/comments?post=2337"}],"version-history":[{"count":0,"href":"https:\/\/www.encontramoema.com.br\/sobre\/wp-json\/wp\/v2\/posts\/2337\/revisions"}],"wp:attachment":[{"href":"https:\/\/www.encontramoema.com.br\/sobre\/wp-json\/wp\/v2\/media?parent=2337"}],"wp:term":[{"taxonomy":"category","embeddable":true,"href":"https:\/\/www.encontramoema.com.br\/sobre\/wp-json\/wp\/v2\/categories?post=2337"},{"taxonomy":"post_tag","embeddable":true,"href":"https:\/\/www.encontramoema.com.br\/sobre\/wp-json\/wp\/v2\/tags?post=2337"}],"curies":[{"name":"wp","href":"https:\/\/api.w.org\/{rel}","templated":true}]}}